{"id":9839,"date":"2024-12-28T19:47:32","date_gmt":"2024-12-28T18:47:32","guid":{"rendered":"https:\/\/powstaniewielkopolskie.pl\/nowa\/?p=9839"},"modified":"2024-12-28T19:47:34","modified_gmt":"2024-12-28T18:47:34","slug":"gorzowskie-obchody-narodowego-dnia-zwycieskiego-powstania-wielkopolskiego","status":"publish","type":"post","link":"https:\/\/powstaniewielkopolskie.pl\/nowa\/?p=9839","title":{"rendered":"Gorzowskie obchody Narodowego Dnia Zwyci\u0119skiego Powstania Wielkopolskiego"},"content":{"rendered":"\n<figure class=\"wp-block-gallery has-nested-images columns-default is-cropped wp-block-gallery-1 is-layout-flex wp-block-gallery-is-layout-flex\">\n<figure class=\"wp-block-image size-large\"><img loading=\"lazy\" decoding=\"async\" width=\"246\" height=\"328\" data-id=\"9842\" src=\"https:\/\/powstaniewielkopolskie.pl\/nowa\/wp-content\/uploads\/2024\/12\/20241227_093649-bis-rotated.jpg\" alt=\"\" class=\"wp-image-9842\" srcset=\"https:\/\/powstaniewielkopolskie.pl\/nowa\/wp-content\/uploads\/2024\/12\/20241227_093649-bis-rotated.jpg 246w, https:\/\/powstaniewielkopolskie.pl\/nowa\/wp-content\/uploads\/2024\/12\/20241227_093649-bis-225x300.jpg 225w\" sizes=\"(max-width: 246px) 100vw, 246px\" \/><\/figure>\n\n\n\n<figure class=\"wp-block-image size-large\"><img loading=\"lazy\" decoding=\"async\" width=\"246\" height=\"328\" data-id=\"9843\" src=\"https:\/\/powstaniewielkopolskie.pl\/nowa\/wp-content\/uploads\/2024\/12\/20241227_155913-bis-rotated.jpg\" alt=\"\" class=\"wp-image-9843\" srcset=\"https:\/\/powstaniewielkopolskie.pl\/nowa\/wp-content\/uploads\/2024\/12\/20241227_155913-bis-rotated.jpg 246w, https:\/\/powstaniewielkopolskie.pl\/nowa\/wp-content\/uploads\/2024\/12\/20241227_155913-bis-225x300.jpg 225w\" sizes=\"(max-width: 246px) 100vw, 246px\" \/><\/figure>\n\n\n\n<figure class=\"wp-block-image size-large\"><img loading=\"lazy\" decoding=\"async\" width=\"246\" height=\"328\" data-id=\"9844\" src=\"https:\/\/powstaniewielkopolskie.pl\/nowa\/wp-content\/uploads\/2024\/12\/20241227_163613-bis-rotated.jpg\" alt=\"\" class=\"wp-image-9844\" srcset=\"https:\/\/powstaniewielkopolskie.pl\/nowa\/wp-content\/uploads\/2024\/12\/20241227_163613-bis-rotated.jpg 246w, https:\/\/powstaniewielkopolskie.pl\/nowa\/wp-content\/uploads\/2024\/12\/20241227_163613-bis-225x300.jpg 225w\" sizes=\"(max-width: 246px) 100vw, 246px\" \/><\/figure>\n\n\n\n<figure class=\"wp-block-image size-large\"><img loading=\"lazy\" decoding=\"async\" width=\"246\" height=\"328\" data-id=\"9845\" src=\"https:\/\/powstaniewielkopolskie.pl\/nowa\/wp-content\/uploads\/2024\/12\/20241227_171629-bis-rotated.jpg\" alt=\"\" class=\"wp-image-9845\" srcset=\"https:\/\/powstaniewielkopolskie.pl\/nowa\/wp-content\/uploads\/2024\/12\/20241227_171629-bis-rotated.jpg 246w, https:\/\/powstaniewielkopolskie.pl\/nowa\/wp-content\/uploads\/2024\/12\/20241227_171629-bis-225x300.jpg 225w\" sizes=\"(max-width: 246px) 100vw, 246px\" \/><\/figure>\n\n\n\n<figure class=\"wp-block-image size-large\"><img loading=\"lazy\" decoding=\"async\" width=\"627\" height=\"353\" data-id=\"9846\" src=\"https:\/\/powstaniewielkopolskie.pl\/nowa\/wp-content\/uploads\/2024\/12\/Messenger_creation_6185A978-03A1-4076-8590-56D8CE6C8580-bis.jpg\" alt=\"\" class=\"wp-image-9846\" srcset=\"https:\/\/powstaniewielkopolskie.pl\/nowa\/wp-content\/uploads\/2024\/12\/Messenger_creation_6185A978-03A1-4076-8590-56D8CE6C8580-bis.jpg 627w, https:\/\/powstaniewielkopolskie.pl\/nowa\/wp-content\/uploads\/2024\/12\/Messenger_creation_6185A978-03A1-4076-8590-56D8CE6C8580-bis-300x169.jpg 300w\" sizes=\"(max-width: 627px) 100vw, 627px\" \/><\/figure>\n\n\n\n<figure class=\"wp-block-image size-large\"><img loading=\"lazy\" decoding=\"async\" width=\"246\" height=\"328\" data-id=\"9847\" src=\"https:\/\/powstaniewielkopolskie.pl\/nowa\/wp-content\/uploads\/2024\/12\/20241227_175746-bis-rotated.jpg\" alt=\"\" class=\"wp-image-9847\" srcset=\"https:\/\/powstaniewielkopolskie.pl\/nowa\/wp-content\/uploads\/2024\/12\/20241227_175746-bis-rotated.jpg 246w, https:\/\/powstaniewielkopolskie.pl\/nowa\/wp-content\/uploads\/2024\/12\/20241227_175746-bis-225x300.jpg 225w\" sizes=\"(max-width: 246px) 100vw, 246px\" \/><\/figure>\n<\/figure>\n\n\n\n<p><\/p>\n\n\n\n<p><strong>27 grudnia 2024 r.<\/strong> &#8211; uroczyste obchody 106. rocznicy wybuchu Powstania Wielkopolskiego w Gorzowie Wielkopolskim rozpocz\u0119\u0142y si\u0119 przed Tablic\u0105 upami\u0119tniaj\u0105c\u0105 Powsta\u0144c\u00f3w Wielkopolskich na cmentarzu komunalnym w Gorzowie Wielkopolskim. Przy Tablicy wystawiona zosta\u0142a \u017co\u0142nierska warta honorowa w otoczeniu bia\u0142o czerwonych flag narodowych oraz flag powsta\u0144czych. Po odm\u00f3wieniu modlitwy przez kapelana jednostki wojskowej w Skwierzynie zgodnie z ceremonia\u0142em z\u0142o\u017cone zosta\u0142y wi\u0105zanki kwiat\u00f3w i zapalone znicze przez przedstawicieli w\u0142adz pa\u0144stwowych i samorz\u0105dowych, s\u0142u\u017cb mundurowych, Wojska Polskiego, Gorzowskiego Ko\u0142a Towarzystwa Pami\u0119ci Powstania Wielkopolskiego oraz mieszka\u0144c\u00f3w. W uroczysto\u015bci uczestniczyli: Wojewoda Lubuski Marek Cebula, Senator RP gen. Miros\u0142aw R\u00f3\u017ca\u0144ski, Pose\u0142 RP W\u0142adys\u0142aw Dajczak, Prezydent Miasta Gorzowa Wielkopolskiego Jacek W\u00f3jcicki, Przewodnicz\u0105cy Rady Miasta Robert Surowiec, Sekretarz Miasta Bartosz Kmita, dow\u00f3dcy wojskowi, komendanci Policji i Stra\u017cy Granicznej, oraz delegacja Gorzowskiego Ko\u0142a TPPW w sk\u0142adzie: Barbara Zwoli\u0144ska, Dorota Cio\u0142ka Wi\u015bniewska, Renata Ostrzeniewska, Micha\u0142 Klisi\u0144ski, Andrzej Nawojczyk, Przemys\u0142aw \u017bak, Grzegorz Kaczmarek i Mariusz Kin. Nast\u0119pnie w okoliczno\u015bciowym wyst\u0105pieniu wojewoda zaakcentowa\u0142 znaczenie Powstania Wielkopolskiego dla kszta\u0142towania granic odrodzonej Rzeczpospolitej oraz budowania to\u017csamo\u015bci Ziemi Lubuskiej, a gen. Miros\u0142aw R\u00f3\u017ca\u0144ski przywo\u0142a\u0142 posta\u0107 gen. J\u00f3zefa Dowbora Mu\u015bnickiego, kt\u00f3ry jest patronem jednostki wojskowej w Mi\u0119dzyrzeczu. W drugiej cz\u0119\u015bci uroczysto\u015bci odm\u00f3wiona zosta\u0142a modlitwa, a nast\u0119pnie z\u0142o\u017cone wi\u0105zanki kwiat\u00f3w i zapalone znicze przed ods\u0142oni\u0119tym 2 listopada 1947 r. pomnikiem i tablic\u0105 upami\u0119tniaj\u0105c\u0105 Powsta\u0144c\u00f3w oraz na grobach przylegaj\u0105cej kwatery Powsta\u0144c\u00f3w Wielkopolskich, znajduj\u0105cych si\u0119 na zabytkowym cmentarzu \u015bwi\u0119tokrzyskim w Gorzowie Wielkopolskim przy ul. Warszawskiej. Natomiast o godz. 16.00 w Wojew\u00f3dzkiej i Miejskiej Bibliotece Publicznej im. Zbigniewa Herberta w Gorzowie Wielkopolskim uroczy\u015bcie otwarta zosta\u0142a z udzia\u0142em Dyrektora Ksi\u0105\u017cnicy S\u0142awomira Szenwalda, przedstawicieli gorzowskiego ko\u0142a TPPW, Wiceprzewodnicz\u0105cej Rady Miasta Anny Kozak i licznie zgromadzonych mieszka\u0144c\u00f3w wystawa pt.: \u201ePowsta\u0144cy Wielkopolscy Pionierzy Gorzowa\u201d, kt\u00f3ra przybli\u017ca sylwetki Powsta\u0144c\u00f3w Wielkopolskich, a jednocze\u015bnie zas\u0142u\u017conych mieszka\u0144c\u00f3w Gorzowa, ale tak\u017ce Starego Polichna w o\u015bciennej gminie Santok, prezentuj\u0105c zgromadzone pami\u0105tki o tych bohaterach. Obchody Narodowego Dnia Pami\u0119ci o Powstaniu Wielkopolskim w Bibliotece Wojew\u00f3dzkiej mia\u0142y pi\u0119kn\u0105 opraw\u0119 artystyczn\u0105. Wydarzenie u\u015bwietni\u0142 koncert skrzypcowy Darii Krzyszto\u0144-Baran, recytacja fragment\u00f3w polskiej literatury w wykonaniu aktora Teatru im. Jana Osterwy Micha\u0142a Anio\u0142a oraz koncert pie\u015bni patriotycznych Orkiestry Siedlice. <\/p>\n\n\n\n<p class=\"has-text-align-right\">Fot. Micha\u0142 Klisi\u0144ski, Agnieszka Pospieszna<\/p>\n<div data-animation=\"pulse\" data-icons-animation=\"no-animation\" data-overlay=\"on\" data-change-size=\"\" data-button-size=\"0.7\" style=\"font-size:0.7em;display:none;\" class=\"supsystic-social-sharing supsystic-social-sharing-package-flat supsystic-social-sharing-hide-on-homepage supsystic-social-sharing-content supsystic-social-sharing-content-align-center\" data-text=\"\"><a class=\"social-sharing-button sharer-flat sharer-flat-2 counter-standard digg\" target=\"_blank\" title=\"Digg\" href=\"http:\/\/digg.com\/submit?url=https%3A%2F%2Fpowstaniewielkopolskie.pl%2Fnowa%2F%3Fp%3D9839&title=Gorzowskie+obchody+Narodowego+Dnia+Zwyci%C4%99skiego+Powstania+Wielkopolskiego\" data-nid=\"8\" data-name=\"\" data-pid=\"1\" data-post-id=\"9839\" data-url=\"https:\/\/powstaniewielkopolskie.pl\/nowa\/wp-admin\/admin-ajax.php\" data-url=\"https:\/\/powstaniewielkopolskie.pl\/nowa\/wp-admin\/admin-ajax.php\" data-description=\"Gorzowskie obchody Narodowego Dnia Zwyci\u0119skiego Powstania Wielkopolskiego\" rel=\"nofollow\"><i class=\"fa fa-fw fa-digg\"><\/i><div class=\"counter-wrap standard\"><span class=\"counter\">0<\/span><\/div><\/a><a class=\"social-sharing-button sharer-flat sharer-flat-2 counter-standard mail\" target=\"_blank\" title=\"Mail\" href=\"#\" data-nid=\"16\" data-name=\"\" data-pid=\"1\" data-post-id=\"9839\" data-url=\"https:\/\/powstaniewielkopolskie.pl\/nowa\/wp-admin\/admin-ajax.php\" data-url=\"https:\/\/powstaniewielkopolskie.pl\/nowa\/wp-admin\/admin-ajax.php\" data-description=\"Gorzowskie obchody Narodowego Dnia Zwyci\u0119skiego Powstania Wielkopolskiego\" rel=\"nofollow\"><i class=\"fa fa-fw fa-envelope-o\"><\/i><div class=\"counter-wrap standard\"><span class=\"counter\">0<\/span><\/div><\/a><a class=\"social-sharing-button sharer-flat sharer-flat-2 counter-standard facebook\" target=\"_blank\" title=\"Facebook\" href=\"http:\/\/www.facebook.com\/sharer.php?u=https%3A%2F%2Fpowstaniewielkopolskie.pl%2Fnowa%2F%3Fp%3D9839\" data-nid=\"1\" data-name=\"\" data-pid=\"1\" data-post-id=\"9839\" data-url=\"https:\/\/powstaniewielkopolskie.pl\/nowa\/wp-admin\/admin-ajax.php\" data-url=\"https:\/\/powstaniewielkopolskie.pl\/nowa\/wp-admin\/admin-ajax.php\" data-description=\"Gorzowskie obchody Narodowego Dnia Zwyci\u0119skiego Powstania Wielkopolskiego\" rel=\"nofollow\"><i class=\"fa fa-fw fa-facebook\"><\/i><div class=\"counter-wrap standard\"><span class=\"counter\">2<\/span><\/div><\/a><a class=\"social-sharing-button sharer-flat sharer-flat-2 counter-standard whatsapp\" target=\"_blank\" title=\"WhatsApp\" href=\"whatsapp:\/\/send?text=https%3A%2F%2Fpowstaniewielkopolskie.pl%2Fnowa%2F%3Fp%3D9839\" data-nid=\"18\" data-name=\"\" data-pid=\"1\" data-post-id=\"9839\" data-url=\"https:\/\/powstaniewielkopolskie.pl\/nowa\/wp-admin\/admin-ajax.php\" data-url=\"https:\/\/powstaniewielkopolskie.pl\/nowa\/wp-admin\/admin-ajax.php\" data-description=\"Gorzowskie obchody Narodowego Dnia Zwyci\u0119skiego Powstania Wielkopolskiego\" rel=\"nofollow\"><i class=\"fa fa-fw fa-whatsapp\"><\/i><div class=\"counter-wrap standard\"><span class=\"counter\">1<\/span><\/div><\/a><a class=\"social-sharing-button sharer-flat sharer-flat-2 counter-standard twitter\" target=\"_blank\" title=\"Twitter\" href=\"https:\/\/twitter.com\/share?url=https%3A%2F%2Fpowstaniewielkopolskie.pl%2Fnowa%2F%3Fp%3D9839&text=Gorzowskie+obchody+Narodowego+Dnia+Zwyci%C4%99skiego+Powstania+Wielkopolskiego\" data-nid=\"2\" data-name=\"\" data-pid=\"1\" data-post-id=\"9839\" data-url=\"https:\/\/powstaniewielkopolskie.pl\/nowa\/wp-admin\/admin-ajax.php\" data-url=\"https:\/\/powstaniewielkopolskie.pl\/nowa\/wp-admin\/admin-ajax.php\" data-description=\"Gorzowskie obchody Narodowego Dnia Zwyci\u0119skiego Powstania Wielkopolskiego\" rel=\"nofollow\"><i class=\"fa fa-fw fa-twitter\"><\/i><div class=\"counter-wrap standard\"><span class=\"counter\">0<\/span><\/div><\/a><a class=\"social-sharing-button sharer-flat sharer-flat-2 counter-standard googleplus\" target=\"_blank\" title=\"Google+\" href=\"https:\/\/plus.google.com\/share?url=https%3A%2F%2Fpowstaniewielkopolskie.pl%2Fnowa%2F%3Fp%3D9839\" data-nid=\"3\" data-name=\"\" data-pid=\"1\" data-post-id=\"9839\" data-url=\"https:\/\/powstaniewielkopolskie.pl\/nowa\/wp-admin\/admin-ajax.php\" data-url=\"https:\/\/powstaniewielkopolskie.pl\/nowa\/wp-admin\/admin-ajax.php\" data-description=\"Gorzowskie obchody Narodowego Dnia Zwyci\u0119skiego Powstania Wielkopolskiego\" rel=\"nofollow\"><i class=\"fa fa-fw fa-google-plus\"><\/i><div class=\"counter-wrap standard\"><span class=\"counter\">0<\/span><\/div><\/a><\/div>","protected":false},"excerpt":{"rendered":"<p>27 grudnia 2024 r. &#8211; uroczyste obchody 106. rocznicy wybuchu Powstania Wielkopolskiego w Gorzowie Wielkopolskim rozpocz\u0119\u0142y si\u0119 przed Tablic\u0105 upami\u0119tniaj\u0105c\u0105 Powsta\u0144c\u00f3w Wielkopolskich na cmentarzu komunalnym w Gorzowie Wielkopolskim. Przy Tablicy wystawiona zosta\u0142a<a class=\"moretag\" href=\"https:\/\/powstaniewielkopolskie.pl\/nowa\/?p=9839\">Czytaj wi\u0119cej&#8230;<\/a><\/p>\n<div data-animation=\"pulse\" data-icons-animation=\"no-animation\" data-overlay=\"on\" data-change-size=\"\" data-button-size=\"0.7\" style=\"font-size:0.7em;display:none;\" class=\"supsystic-social-sharing supsystic-social-sharing-package-flat supsystic-social-sharing-hide-on-homepage supsystic-social-sharing-content supsystic-social-sharing-content-align-center\" data-text=\"\"><a class=\"social-sharing-button sharer-flat sharer-flat-2 counter-standard digg\" target=\"_blank\" title=\"Digg\" href=\"http:\/\/digg.com\/submit?url=https%3A%2F%2Fpowstaniewielkopolskie.pl%2Fnowa%2F%3Fp%3D9839&title=Gorzowskie+obchody+Narodowego+Dnia+Zwyci%C4%99skiego+Powstania+Wielkopolskiego\" data-nid=\"8\" data-name=\"\" data-pid=\"1\" data-post-id=\"9839\" data-url=\"https:\/\/powstaniewielkopolskie.pl\/nowa\/wp-admin\/admin-ajax.php\" data-url=\"https:\/\/powstaniewielkopolskie.pl\/nowa\/wp-admin\/admin-ajax.php\" data-description=\"Gorzowskie obchody Narodowego Dnia Zwyci\u0119skiego Powstania Wielkopolskiego\" rel=\"nofollow\"><i class=\"fa fa-fw fa-digg\"><\/i><div class=\"counter-wrap standard\"><span class=\"counter\">0<\/span><\/div><\/a><a class=\"social-sharing-button sharer-flat sharer-flat-2 counter-standard mail\" target=\"_blank\" title=\"Mail\" href=\"#\" data-nid=\"16\" data-name=\"\" data-pid=\"1\" data-post-id=\"9839\" data-url=\"https:\/\/powstaniewielkopolskie.pl\/nowa\/wp-admin\/admin-ajax.php\" data-url=\"https:\/\/powstaniewielkopolskie.pl\/nowa\/wp-admin\/admin-ajax.php\" data-description=\"Gorzowskie obchody Narodowego Dnia Zwyci\u0119skiego Powstania Wielkopolskiego\" rel=\"nofollow\"><i class=\"fa fa-fw fa-envelope-o\"><\/i><div class=\"counter-wrap standard\"><span class=\"counter\">0<\/span><\/div><\/a><a class=\"social-sharing-button sharer-flat sharer-flat-2 counter-standard facebook\" target=\"_blank\" title=\"Facebook\" href=\"http:\/\/www.facebook.com\/sharer.php?u=https%3A%2F%2Fpowstaniewielkopolskie.pl%2Fnowa%2F%3Fp%3D9839\" data-nid=\"1\" data-name=\"\" data-pid=\"1\" data-post-id=\"9839\" data-url=\"https:\/\/powstaniewielkopolskie.pl\/nowa\/wp-admin\/admin-ajax.php\" data-url=\"https:\/\/powstaniewielkopolskie.pl\/nowa\/wp-admin\/admin-ajax.php\" data-description=\"Gorzowskie obchody Narodowego Dnia Zwyci\u0119skiego Powstania Wielkopolskiego\" rel=\"nofollow\"><i class=\"fa fa-fw fa-facebook\"><\/i><div class=\"counter-wrap standard\"><span class=\"counter\">2<\/span><\/div><\/a><a class=\"social-sharing-button sharer-flat sharer-flat-2 counter-standard whatsapp\" target=\"_blank\" title=\"WhatsApp\" href=\"whatsapp:\/\/send?text=https%3A%2F%2Fpowstaniewielkopolskie.pl%2Fnowa%2F%3Fp%3D9839\" data-nid=\"18\" data-name=\"\" data-pid=\"1\" data-post-id=\"9839\" data-url=\"https:\/\/powstaniewielkopolskie.pl\/nowa\/wp-admin\/admin-ajax.php\" data-url=\"https:\/\/powstaniewielkopolskie.pl\/nowa\/wp-admin\/admin-ajax.php\" data-description=\"Gorzowskie obchody Narodowego Dnia Zwyci\u0119skiego Powstania Wielkopolskiego\" rel=\"nofollow\"><i class=\"fa fa-fw fa-whatsapp\"><\/i><div class=\"counter-wrap standard\"><span class=\"counter\">1<\/span><\/div><\/a><a class=\"social-sharing-button sharer-flat sharer-flat-2 counter-standard twitter\" target=\"_blank\" title=\"Twitter\" href=\"https:\/\/twitter.com\/share?url=https%3A%2F%2Fpowstaniewielkopolskie.pl%2Fnowa%2F%3Fp%3D9839&text=Gorzowskie+obchody+Narodowego+Dnia+Zwyci%C4%99skiego+Powstania+Wielkopolskiego\" data-nid=\"2\" data-name=\"\" data-pid=\"1\" data-post-id=\"9839\" data-url=\"https:\/\/powstaniewielkopolskie.pl\/nowa\/wp-admin\/admin-ajax.php\" data-url=\"https:\/\/powstaniewielkopolskie.pl\/nowa\/wp-admin\/admin-ajax.php\" data-description=\"Gorzowskie obchody Narodowego Dnia Zwyci\u0119skiego Powstania Wielkopolskiego\" rel=\"nofollow\"><i class=\"fa fa-fw fa-twitter\"><\/i><div class=\"counter-wrap standard\"><span class=\"counter\">0<\/span><\/div><\/a><a class=\"social-sharing-button sharer-flat sharer-flat-2 counter-standard googleplus\" target=\"_blank\" title=\"Google+\" href=\"https:\/\/plus.google.com\/share?url=https%3A%2F%2Fpowstaniewielkopolskie.pl%2Fnowa%2F%3Fp%3D9839\" data-nid=\"3\" data-name=\"\" data-pid=\"1\" data-post-id=\"9839\" data-url=\"https:\/\/powstaniewielkopolskie.pl\/nowa\/wp-admin\/admin-ajax.php\" data-url=\"https:\/\/powstaniewielkopolskie.pl\/nowa\/wp-admin\/admin-ajax.php\" data-description=\"Gorzowskie obchody Narodowego Dnia Zwyci\u0119skiego Powstania Wielkopolskiego\" rel=\"nofollow\"><i class=\"fa fa-fw fa-google-plus\"><\/i><div class=\"counter-wrap standard\"><span class=\"counter\">0<\/span><\/div><\/a><\/div>","protected":false},"author":4,"featured_media":9841,"comment_status":"closed","ping_status":"open","sticky":false,"template":"","format":"standard","meta":{"footnotes":""},"categories":[3],"tags":[],"_links":{"self":[{"href":"https:\/\/powstaniewielkopolskie.pl\/nowa\/index.php?rest_route=\/wp\/v2\/posts\/9839"}],"collection":[{"href":"https:\/\/powstaniewielkopolskie.pl\/nowa\/index.php?rest_route=\/wp\/v2\/posts"}],"about":[{"href":"https:\/\/powstaniewielkopolskie.pl\/nowa\/index.php?rest_route=\/wp\/v2\/types\/post"}],"author":[{"embeddable":true,"href":"https:\/\/powstaniewielkopolskie.pl\/nowa\/index.php?rest_route=\/wp\/v2\/users\/4"}],"replies":[{"embeddable":true,"href":"https:\/\/powstaniewielkopolskie.pl\/nowa\/index.php?rest_route=%2Fwp%2Fv2%2Fcomments&post=9839"}],"version-history":[{"count":2,"href":"https:\/\/powstaniewielkopolskie.pl\/nowa\/index.php?rest_route=\/wp\/v2\/posts\/9839\/revisions"}],"predecessor-version":[{"id":9848,"href":"https:\/\/powstaniewielkopolskie.pl\/nowa\/index.php?rest_route=\/wp\/v2\/posts\/9839\/revisions\/9848"}],"wp:featuredmedia":[{"embeddable":true,"href":"https:\/\/powstaniewielkopolskie.pl\/nowa\/index.php?rest_route=\/wp\/v2\/media\/9841"}],"wp:attachment":[{"href":"https:\/\/powstaniewielkopolskie.pl\/nowa\/index.php?rest_route=%2Fwp%2Fv2%2Fmedia&parent=9839"}],"wp:term":[{"taxonomy":"category","embeddable":true,"href":"https:\/\/powstaniewielkopolskie.pl\/nowa\/index.php?rest_route=%2Fwp%2Fv2%2Fcategories&post=9839"},{"taxonomy":"post_tag","embeddable":true,"href":"https:\/\/powstaniewielkopolskie.pl\/nowa\/index.php?rest_route=%2Fwp%2Fv2%2Ftags&post=9839"}],"curies":[{"name":"wp","href":"https:\/\/api.w.org\/{rel}","templated":true}]}}