{"id":9761,"date":"2024-12-05T14:52:00","date_gmt":"2024-12-05T13:52:00","guid":{"rendered":"https:\/\/powstaniewielkopolskie.pl\/nowa\/?p=9761"},"modified":"2024-12-12T23:01:42","modified_gmt":"2024-12-12T22:01:42","slug":"uroczystosc-przed-tablica-upamietniajaca-marynarzy-powstancow-wielkopolskich","status":"publish","type":"post","link":"https:\/\/powstaniewielkopolskie.pl\/nowa\/?p=9761","title":{"rendered":"Uroczysto\u015b\u0107 przed tablic\u0105 upami\u0119tniaj\u0105c\u0105 Marynarzy &#8211; Powsta\u0144c\u00f3w Wielkopolskich"},"content":{"rendered":"\n<p><strong>5 grudnia 2024 r.<\/strong> &#8211; tradycyjnie ju\u017c o godz. 12.15 na ulicy Wroc\u0142awskiej 18 w Poznaniu z\u0142o\u017cono kwiaty i zapalono znicze pod tablic\u0105 upami\u0119tniaj\u0105c\u0105 utworzenie IV Kompanii Marynarzy S\u0142u\u017cby, Stra\u017cy i Bezpiecze\u0144stwa i wyb\u00f3r na jej dow\u00f3dc\u0119 bosmana Adama Bia\u0142oszy\u0144skiego. Wyj\u0105tkowym go\u015bciem uroczysto\u015bci by\u0142a Barbara Jakubowicz \u2013 wnuczka Jadwigi i Witolda Ci\u0144skich, w\u0142a\u015bcicieli \u201eZielonek Kawiarni\u201d, w kt\u00f3rej odby\u0142o si\u0119 spotkanie marynarzy w dniu 5.12. 1918 r. W wydarzeniu uczestniczyli tak\u017ce uczniowie Szko\u0142y Podstawowej Nr 2 w Szubinie ze swoj\u0105 wychowawczyni\u0105 Mariol\u0105 Pola\u0144sk\u0105 \u2013 cz\u0142onkiem Zarz\u0105du G\u0142\u00f3wnego i wiceprezesem Oddzia\u0142u Kujawsko-Pomorskiego TPPW, a tak\u017ce potomkowie marynarzy \u2013 Powsta\u0144c\u00f3w Wielkopolskich m.in. Romuald i Jerzy Bia\u0142oszy\u0144scy, Tadeusz Musia\u0142 \u2013 prezes Zarz\u0105du G\u0142\u00f3wnego TPPW oraz Rafa\u0142 Ratajczak z Wydzia\u0142u Kultury Urz\u0119du Miasta, kt\u00f3ry przedstawi\u0142 aktualn\u0105 list\u0119 udokumentowanych 246 marynarzy walcz\u0105cych w IV Kompanii Adama Bia\u0142oszy\u0144skiego.<\/p>\n\n\n\n<p><\/p>\n<div data-animation=\"pulse\" data-icons-animation=\"no-animation\" data-overlay=\"on\" data-change-size=\"\" data-button-size=\"0.7\" style=\"font-size:0.7em;display:none;\" class=\"supsystic-social-sharing supsystic-social-sharing-package-flat supsystic-social-sharing-hide-on-homepage supsystic-social-sharing-content supsystic-social-sharing-content-align-center\" data-text=\"\"><a class=\"social-sharing-button sharer-flat sharer-flat-2 counter-standard digg\" target=\"_blank\" title=\"Digg\" href=\"http:\/\/digg.com\/submit?url=https%3A%2F%2Fpowstaniewielkopolskie.pl%2Fnowa%2F%3Fp%3D9761&title=Uroczysto%C5%9B%C4%87+przed+tablic%C4%85+upami%C4%99tniaj%C4%85c%C4%85+Marynarzy+%26%238211%3B+Powsta%C5%84c%C3%B3w+Wielkopolskich\" data-nid=\"8\" data-name=\"\" data-pid=\"1\" data-post-id=\"9761\" data-url=\"https:\/\/powstaniewielkopolskie.pl\/nowa\/wp-admin\/admin-ajax.php\" data-url=\"https:\/\/powstaniewielkopolskie.pl\/nowa\/wp-admin\/admin-ajax.php\" data-description=\"Uroczysto\u015b\u0107 przed tablic\u0105 upami\u0119tniaj\u0105c\u0105 Marynarzy - Powsta\u0144c\u00f3w Wielkopolskich\" rel=\"nofollow\"><i class=\"fa fa-fw fa-digg\"><\/i><div class=\"counter-wrap standard\"><span class=\"counter\">0<\/span><\/div><\/a><a class=\"social-sharing-button sharer-flat sharer-flat-2 counter-standard mail\" target=\"_blank\" title=\"Mail\" href=\"#\" data-nid=\"16\" data-name=\"\" data-pid=\"1\" data-post-id=\"9761\" data-url=\"https:\/\/powstaniewielkopolskie.pl\/nowa\/wp-admin\/admin-ajax.php\" data-url=\"https:\/\/powstaniewielkopolskie.pl\/nowa\/wp-admin\/admin-ajax.php\" data-description=\"Uroczysto\u015b\u0107 przed tablic\u0105 upami\u0119tniaj\u0105c\u0105 Marynarzy - Powsta\u0144c\u00f3w Wielkopolskich\" rel=\"nofollow\"><i class=\"fa fa-fw fa-envelope-o\"><\/i><div class=\"counter-wrap standard\"><span class=\"counter\">0<\/span><\/div><\/a><a class=\"social-sharing-button sharer-flat sharer-flat-2 counter-standard facebook\" target=\"_blank\" title=\"Facebook\" href=\"http:\/\/www.facebook.com\/sharer.php?u=https%3A%2F%2Fpowstaniewielkopolskie.pl%2Fnowa%2F%3Fp%3D9761\" data-nid=\"1\" data-name=\"\" data-pid=\"1\" data-post-id=\"9761\" data-url=\"https:\/\/powstaniewielkopolskie.pl\/nowa\/wp-admin\/admin-ajax.php\" data-url=\"https:\/\/powstaniewielkopolskie.pl\/nowa\/wp-admin\/admin-ajax.php\" data-description=\"Uroczysto\u015b\u0107 przed tablic\u0105 upami\u0119tniaj\u0105c\u0105 Marynarzy - Powsta\u0144c\u00f3w Wielkopolskich\" rel=\"nofollow\"><i class=\"fa fa-fw fa-facebook\"><\/i><div class=\"counter-wrap standard\"><span class=\"counter\">0<\/span><\/div><\/a><a class=\"social-sharing-button sharer-flat sharer-flat-2 counter-standard whatsapp\" target=\"_blank\" title=\"WhatsApp\" href=\"whatsapp:\/\/send?text=https%3A%2F%2Fpowstaniewielkopolskie.pl%2Fnowa%2F%3Fp%3D9761\" data-nid=\"18\" data-name=\"\" data-pid=\"1\" data-post-id=\"9761\" data-url=\"https:\/\/powstaniewielkopolskie.pl\/nowa\/wp-admin\/admin-ajax.php\" data-url=\"https:\/\/powstaniewielkopolskie.pl\/nowa\/wp-admin\/admin-ajax.php\" data-description=\"Uroczysto\u015b\u0107 przed tablic\u0105 upami\u0119tniaj\u0105c\u0105 Marynarzy - Powsta\u0144c\u00f3w Wielkopolskich\" rel=\"nofollow\"><i class=\"fa fa-fw fa-whatsapp\"><\/i><div class=\"counter-wrap standard\"><span class=\"counter\">0<\/span><\/div><\/a><a class=\"social-sharing-button sharer-flat sharer-flat-2 counter-standard twitter\" target=\"_blank\" title=\"Twitter\" href=\"https:\/\/twitter.com\/share?url=https%3A%2F%2Fpowstaniewielkopolskie.pl%2Fnowa%2F%3Fp%3D9761&text=Uroczysto%C5%9B%C4%87+przed+tablic%C4%85+upami%C4%99tniaj%C4%85c%C4%85+Marynarzy+%26%238211%3B+Powsta%C5%84c%C3%B3w+Wielkopolskich\" data-nid=\"2\" data-name=\"\" data-pid=\"1\" data-post-id=\"9761\" data-url=\"https:\/\/powstaniewielkopolskie.pl\/nowa\/wp-admin\/admin-ajax.php\" data-url=\"https:\/\/powstaniewielkopolskie.pl\/nowa\/wp-admin\/admin-ajax.php\" data-description=\"Uroczysto\u015b\u0107 przed tablic\u0105 upami\u0119tniaj\u0105c\u0105 Marynarzy - Powsta\u0144c\u00f3w Wielkopolskich\" rel=\"nofollow\"><i class=\"fa fa-fw fa-twitter\"><\/i><div class=\"counter-wrap standard\"><span class=\"counter\">0<\/span><\/div><\/a><a class=\"social-sharing-button sharer-flat sharer-flat-2 counter-standard googleplus\" target=\"_blank\" title=\"Google+\" href=\"https:\/\/plus.google.com\/share?url=https%3A%2F%2Fpowstaniewielkopolskie.pl%2Fnowa%2F%3Fp%3D9761\" data-nid=\"3\" data-name=\"\" data-pid=\"1\" data-post-id=\"9761\" data-url=\"https:\/\/powstaniewielkopolskie.pl\/nowa\/wp-admin\/admin-ajax.php\" data-url=\"https:\/\/powstaniewielkopolskie.pl\/nowa\/wp-admin\/admin-ajax.php\" data-description=\"Uroczysto\u015b\u0107 przed tablic\u0105 upami\u0119tniaj\u0105c\u0105 Marynarzy - Powsta\u0144c\u00f3w Wielkopolskich\" rel=\"nofollow\"><i class=\"fa fa-fw fa-google-plus\"><\/i><div class=\"counter-wrap standard\"><span class=\"counter\">0<\/span><\/div><\/a><\/div>","protected":false},"excerpt":{"rendered":"<p>5 grudnia 2024 r. &#8211; tradycyjnie ju\u017c o godz. 12.15 na ulicy Wroc\u0142awskiej 18 w Poznaniu z\u0142o\u017cono kwiaty i zapalono znicze pod tablic\u0105 upami\u0119tniaj\u0105c\u0105 utworzenie IV Kompanii Marynarzy S\u0142u\u017cby, Stra\u017cy i Bezpiecze\u0144stwa<a class=\"moretag\" href=\"https:\/\/powstaniewielkopolskie.pl\/nowa\/?p=9761\">Czytaj wi\u0119cej&#8230;<\/a><\/p>\n<div data-animation=\"pulse\" data-icons-animation=\"no-animation\" data-overlay=\"on\" data-change-size=\"\" data-button-size=\"0.7\" style=\"font-size:0.7em;display:none;\" class=\"supsystic-social-sharing supsystic-social-sharing-package-flat supsystic-social-sharing-hide-on-homepage supsystic-social-sharing-content supsystic-social-sharing-content-align-center\" data-text=\"\"><a class=\"social-sharing-button sharer-flat sharer-flat-2 counter-standard digg\" target=\"_blank\" title=\"Digg\" href=\"http:\/\/digg.com\/submit?url=https%3A%2F%2Fpowstaniewielkopolskie.pl%2Fnowa%2F%3Fp%3D9761&title=Uroczysto%C5%9B%C4%87+przed+tablic%C4%85+upami%C4%99tniaj%C4%85c%C4%85+Marynarzy+%26%238211%3B+Powsta%C5%84c%C3%B3w+Wielkopolskich\" data-nid=\"8\" data-name=\"\" data-pid=\"1\" data-post-id=\"9761\" data-url=\"https:\/\/powstaniewielkopolskie.pl\/nowa\/wp-admin\/admin-ajax.php\" data-url=\"https:\/\/powstaniewielkopolskie.pl\/nowa\/wp-admin\/admin-ajax.php\" data-description=\"Uroczysto\u015b\u0107 przed tablic\u0105 upami\u0119tniaj\u0105c\u0105 Marynarzy - Powsta\u0144c\u00f3w Wielkopolskich\" rel=\"nofollow\"><i class=\"fa fa-fw fa-digg\"><\/i><div class=\"counter-wrap standard\"><span class=\"counter\">0<\/span><\/div><\/a><a class=\"social-sharing-button sharer-flat sharer-flat-2 counter-standard mail\" target=\"_blank\" title=\"Mail\" href=\"#\" data-nid=\"16\" data-name=\"\" data-pid=\"1\" data-post-id=\"9761\" data-url=\"https:\/\/powstaniewielkopolskie.pl\/nowa\/wp-admin\/admin-ajax.php\" data-url=\"https:\/\/powstaniewielkopolskie.pl\/nowa\/wp-admin\/admin-ajax.php\" data-description=\"Uroczysto\u015b\u0107 przed tablic\u0105 upami\u0119tniaj\u0105c\u0105 Marynarzy - Powsta\u0144c\u00f3w Wielkopolskich\" rel=\"nofollow\"><i class=\"fa fa-fw fa-envelope-o\"><\/i><div class=\"counter-wrap standard\"><span class=\"counter\">0<\/span><\/div><\/a><a class=\"social-sharing-button sharer-flat sharer-flat-2 counter-standard facebook\" target=\"_blank\" title=\"Facebook\" href=\"http:\/\/www.facebook.com\/sharer.php?u=https%3A%2F%2Fpowstaniewielkopolskie.pl%2Fnowa%2F%3Fp%3D9761\" data-nid=\"1\" data-name=\"\" data-pid=\"1\" data-post-id=\"9761\" data-url=\"https:\/\/powstaniewielkopolskie.pl\/nowa\/wp-admin\/admin-ajax.php\" data-url=\"https:\/\/powstaniewielkopolskie.pl\/nowa\/wp-admin\/admin-ajax.php\" data-description=\"Uroczysto\u015b\u0107 przed tablic\u0105 upami\u0119tniaj\u0105c\u0105 Marynarzy - Powsta\u0144c\u00f3w Wielkopolskich\" rel=\"nofollow\"><i class=\"fa fa-fw fa-facebook\"><\/i><div class=\"counter-wrap standard\"><span class=\"counter\">0<\/span><\/div><\/a><a class=\"social-sharing-button sharer-flat sharer-flat-2 counter-standard whatsapp\" target=\"_blank\" title=\"WhatsApp\" href=\"whatsapp:\/\/send?text=https%3A%2F%2Fpowstaniewielkopolskie.pl%2Fnowa%2F%3Fp%3D9761\" data-nid=\"18\" data-name=\"\" data-pid=\"1\" data-post-id=\"9761\" data-url=\"https:\/\/powstaniewielkopolskie.pl\/nowa\/wp-admin\/admin-ajax.php\" data-url=\"https:\/\/powstaniewielkopolskie.pl\/nowa\/wp-admin\/admin-ajax.php\" data-description=\"Uroczysto\u015b\u0107 przed tablic\u0105 upami\u0119tniaj\u0105c\u0105 Marynarzy - Powsta\u0144c\u00f3w Wielkopolskich\" rel=\"nofollow\"><i class=\"fa fa-fw fa-whatsapp\"><\/i><div class=\"counter-wrap standard\"><span class=\"counter\">0<\/span><\/div><\/a><a class=\"social-sharing-button sharer-flat sharer-flat-2 counter-standard twitter\" target=\"_blank\" title=\"Twitter\" href=\"https:\/\/twitter.com\/share?url=https%3A%2F%2Fpowstaniewielkopolskie.pl%2Fnowa%2F%3Fp%3D9761&text=Uroczysto%C5%9B%C4%87+przed+tablic%C4%85+upami%C4%99tniaj%C4%85c%C4%85+Marynarzy+%26%238211%3B+Powsta%C5%84c%C3%B3w+Wielkopolskich\" data-nid=\"2\" data-name=\"\" data-pid=\"1\" data-post-id=\"9761\" data-url=\"https:\/\/powstaniewielkopolskie.pl\/nowa\/wp-admin\/admin-ajax.php\" data-url=\"https:\/\/powstaniewielkopolskie.pl\/nowa\/wp-admin\/admin-ajax.php\" data-description=\"Uroczysto\u015b\u0107 przed tablic\u0105 upami\u0119tniaj\u0105c\u0105 Marynarzy - Powsta\u0144c\u00f3w Wielkopolskich\" rel=\"nofollow\"><i class=\"fa fa-fw fa-twitter\"><\/i><div class=\"counter-wrap standard\"><span class=\"counter\">0<\/span><\/div><\/a><a class=\"social-sharing-button sharer-flat sharer-flat-2 counter-standard googleplus\" target=\"_blank\" title=\"Google+\" href=\"https:\/\/plus.google.com\/share?url=https%3A%2F%2Fpowstaniewielkopolskie.pl%2Fnowa%2F%3Fp%3D9761\" data-nid=\"3\" data-name=\"\" data-pid=\"1\" data-post-id=\"9761\" data-url=\"https:\/\/powstaniewielkopolskie.pl\/nowa\/wp-admin\/admin-ajax.php\" data-url=\"https:\/\/powstaniewielkopolskie.pl\/nowa\/wp-admin\/admin-ajax.php\" data-description=\"Uroczysto\u015b\u0107 przed tablic\u0105 upami\u0119tniaj\u0105c\u0105 Marynarzy - Powsta\u0144c\u00f3w Wielkopolskich\" rel=\"nofollow\"><i class=\"fa fa-fw fa-google-plus\"><\/i><div class=\"counter-wrap standard\"><span class=\"counter\">0<\/span><\/div><\/a><\/div>","protected":false},"author":4,"featured_media":0,"comment_status":"closed","ping_status":"open","sticky":false,"template":"","format":"standard","meta":{"footnotes":""},"categories":[3],"tags":[],"_links":{"self":[{"href":"https:\/\/powstaniewielkopolskie.pl\/nowa\/index.php?rest_route=\/wp\/v2\/posts\/9761"}],"collection":[{"href":"https:\/\/powstaniewielkopolskie.pl\/nowa\/index.php?rest_route=\/wp\/v2\/posts"}],"about":[{"href":"https:\/\/powstaniewielkopolskie.pl\/nowa\/index.php?rest_route=\/wp\/v2\/types\/post"}],"author":[{"embeddable":true,"href":"https:\/\/powstaniewielkopolskie.pl\/nowa\/index.php?rest_route=\/wp\/v2\/users\/4"}],"replies":[{"embeddable":true,"href":"https:\/\/powstaniewielkopolskie.pl\/nowa\/index.php?rest_route=%2Fwp%2Fv2%2Fcomments&post=9761"}],"version-history":[{"count":2,"href":"https:\/\/powstaniewielkopolskie.pl\/nowa\/index.php?rest_route=\/wp\/v2\/posts\/9761\/revisions"}],"predecessor-version":[{"id":9764,"href":"https:\/\/powstaniewielkopolskie.pl\/nowa\/index.php?rest_route=\/wp\/v2\/posts\/9761\/revisions\/9764"}],"wp:attachment":[{"href":"https:\/\/powstaniewielkopolskie.pl\/nowa\/index.php?rest_route=%2Fwp%2Fv2%2Fmedia&parent=9761"}],"wp:term":[{"taxonomy":"category","embeddable":true,"href":"https:\/\/powstaniewielkopolskie.pl\/nowa\/index.php?rest_route=%2Fwp%2Fv2%2Fcategories&post=9761"},{"taxonomy":"post_tag","embeddable":true,"href":"https:\/\/powstaniewielkopolskie.pl\/nowa\/index.php?rest_route=%2Fwp%2Fv2%2Ftags&post=9761"}],"curies":[{"name":"wp","href":"https:\/\/api.w.org\/{rel}","templated":true}]}}