{"id":9717,"date":"2024-12-10T16:14:51","date_gmt":"2024-12-10T15:14:51","guid":{"rendered":"https:\/\/powstaniewielkopolskie.pl\/nowa\/?p=9717"},"modified":"2024-12-10T16:17:00","modified_gmt":"2024-12-10T15:17:00","slug":"poznalismy-tegorocznych-laureatow-statuetek-dobosz-powstania-wielkopolskiego","status":"publish","type":"post","link":"https:\/\/powstaniewielkopolskie.pl\/nowa\/?p=9717","title":{"rendered":"Poznali\u015bmy tegorocznych laureat\u00f3w statuetek &#8222;Dobosz Powstania Wielkopolskiego&#8221;"},"content":{"rendered":"\n<figure class=\"wp-block-gallery has-nested-images columns-default is-cropped wp-block-gallery-1 is-layout-flex wp-block-gallery-is-layout-flex\">\n<figure class=\"wp-block-image size-large\"><img loading=\"lazy\" decoding=\"async\" width=\"448\" height=\"336\" data-id=\"9726\" src=\"https:\/\/powstaniewielkopolskie.pl\/nowa\/wp-content\/uploads\/2024\/12\/DSC04257_wm-bis.jpg\" alt=\"\" class=\"wp-image-9726\" srcset=\"https:\/\/powstaniewielkopolskie.pl\/nowa\/wp-content\/uploads\/2024\/12\/DSC04257_wm-bis.jpg 448w, https:\/\/powstaniewielkopolskie.pl\/nowa\/wp-content\/uploads\/2024\/12\/DSC04257_wm-bis-300x225.jpg 300w\" sizes=\"(max-width: 448px) 100vw, 448px\" \/><\/figure>\n\n\n\n<figure class=\"wp-block-image size-large\"><img loading=\"lazy\" decoding=\"async\" width=\"261\" height=\"348\" data-id=\"9727\" src=\"https:\/\/powstaniewielkopolskie.pl\/nowa\/wp-content\/uploads\/2024\/12\/DSC04220_wm-bis-rotated.jpg\" alt=\"\" class=\"wp-image-9727\" srcset=\"https:\/\/powstaniewielkopolskie.pl\/nowa\/wp-content\/uploads\/2024\/12\/DSC04220_wm-bis-rotated.jpg 261w, https:\/\/powstaniewielkopolskie.pl\/nowa\/wp-content\/uploads\/2024\/12\/DSC04220_wm-bis-225x300.jpg 225w\" sizes=\"(max-width: 261px) 100vw, 261px\" \/><\/figure>\n\n\n\n<figure class=\"wp-block-image size-large\"><img loading=\"lazy\" decoding=\"async\" width=\"261\" height=\"348\" data-id=\"9728\" src=\"https:\/\/powstaniewielkopolskie.pl\/nowa\/wp-content\/uploads\/2024\/12\/DSC04254_wm-bis.jpg\" alt=\"\" class=\"wp-image-9728\" srcset=\"https:\/\/powstaniewielkopolskie.pl\/nowa\/wp-content\/uploads\/2024\/12\/DSC04254_wm-bis.jpg 261w, https:\/\/powstaniewielkopolskie.pl\/nowa\/wp-content\/uploads\/2024\/12\/DSC04254_wm-bis-225x300.jpg 225w\" sizes=\"(max-width: 261px) 100vw, 261px\" \/><\/figure>\n\n\n\n<figure class=\"wp-block-image size-large\"><img loading=\"lazy\" decoding=\"async\" width=\"448\" height=\"336\" data-id=\"9738\" src=\"https:\/\/powstaniewielkopolskie.pl\/nowa\/wp-content\/uploads\/2024\/12\/DSC04267_wm-bis.jpg\" alt=\"\" class=\"wp-image-9738\" srcset=\"https:\/\/powstaniewielkopolskie.pl\/nowa\/wp-content\/uploads\/2024\/12\/DSC04267_wm-bis.jpg 448w, https:\/\/powstaniewielkopolskie.pl\/nowa\/wp-content\/uploads\/2024\/12\/DSC04267_wm-bis-300x225.jpg 300w\" sizes=\"(max-width: 448px) 100vw, 448px\" \/><\/figure>\n\n\n\n<figure class=\"wp-block-image size-large\"><img loading=\"lazy\" decoding=\"async\" width=\"448\" height=\"336\" data-id=\"9729\" src=\"https:\/\/powstaniewielkopolskie.pl\/nowa\/wp-content\/uploads\/2024\/12\/DSC04314_wm-bis.jpg\" alt=\"\" class=\"wp-image-9729\" srcset=\"https:\/\/powstaniewielkopolskie.pl\/nowa\/wp-content\/uploads\/2024\/12\/DSC04314_wm-bis.jpg 448w, https:\/\/powstaniewielkopolskie.pl\/nowa\/wp-content\/uploads\/2024\/12\/DSC04314_wm-bis-300x225.jpg 300w\" sizes=\"(max-width: 448px) 100vw, 448px\" \/><\/figure>\n\n\n\n<figure class=\"wp-block-image size-large\"><img loading=\"lazy\" decoding=\"async\" width=\"448\" height=\"336\" data-id=\"9730\" src=\"https:\/\/powstaniewielkopolskie.pl\/nowa\/wp-content\/uploads\/2024\/12\/DSC04319_wm-bis.jpg\" alt=\"\" class=\"wp-image-9730\" srcset=\"https:\/\/powstaniewielkopolskie.pl\/nowa\/wp-content\/uploads\/2024\/12\/DSC04319_wm-bis.jpg 448w, https:\/\/powstaniewielkopolskie.pl\/nowa\/wp-content\/uploads\/2024\/12\/DSC04319_wm-bis-300x225.jpg 300w\" sizes=\"(max-width: 448px) 100vw, 448px\" \/><\/figure>\n\n\n\n<figure class=\"wp-block-image size-large\"><img loading=\"lazy\" decoding=\"async\" width=\"448\" height=\"336\" data-id=\"9731\" src=\"https:\/\/powstaniewielkopolskie.pl\/nowa\/wp-content\/uploads\/2024\/12\/DSC04334_wm-bis.jpg\" alt=\"\" class=\"wp-image-9731\" srcset=\"https:\/\/powstaniewielkopolskie.pl\/nowa\/wp-content\/uploads\/2024\/12\/DSC04334_wm-bis.jpg 448w, https:\/\/powstaniewielkopolskie.pl\/nowa\/wp-content\/uploads\/2024\/12\/DSC04334_wm-bis-300x225.jpg 300w\" sizes=\"(max-width: 448px) 100vw, 448px\" \/><\/figure>\n\n\n\n<figure class=\"wp-block-image size-large\"><img loading=\"lazy\" decoding=\"async\" width=\"570\" height=\"380\" data-id=\"9737\" src=\"https:\/\/powstaniewielkopolskie.pl\/nowa\/wp-content\/uploads\/2024\/12\/IMG_5021-bis-RK.jpg\" alt=\"\" class=\"wp-image-9737\" srcset=\"https:\/\/powstaniewielkopolskie.pl\/nowa\/wp-content\/uploads\/2024\/12\/IMG_5021-bis-RK.jpg 570w, https:\/\/powstaniewielkopolskie.pl\/nowa\/wp-content\/uploads\/2024\/12\/IMG_5021-bis-RK-300x200.jpg 300w\" sizes=\"(max-width: 570px) 100vw, 570px\" \/><\/figure>\n\n\n\n<figure class=\"wp-block-image size-large\"><img loading=\"lazy\" decoding=\"async\" width=\"570\" height=\"380\" data-id=\"9733\" src=\"https:\/\/powstaniewielkopolskie.pl\/nowa\/wp-content\/uploads\/2024\/12\/IMG_5052-bis-RK.jpg\" alt=\"\" class=\"wp-image-9733\" srcset=\"https:\/\/powstaniewielkopolskie.pl\/nowa\/wp-content\/uploads\/2024\/12\/IMG_5052-bis-RK.jpg 570w, https:\/\/powstaniewielkopolskie.pl\/nowa\/wp-content\/uploads\/2024\/12\/IMG_5052-bis-RK-300x200.jpg 300w\" sizes=\"(max-width: 570px) 100vw, 570px\" \/><\/figure>\n\n\n\n<figure class=\"wp-block-image size-large\"><img loading=\"lazy\" decoding=\"async\" width=\"570\" height=\"380\" data-id=\"9734\" src=\"https:\/\/powstaniewielkopolskie.pl\/nowa\/wp-content\/uploads\/2024\/12\/IMG_5095-bis-RK.jpg\" alt=\"\" class=\"wp-image-9734\" srcset=\"https:\/\/powstaniewielkopolskie.pl\/nowa\/wp-content\/uploads\/2024\/12\/IMG_5095-bis-RK.jpg 570w, https:\/\/powstaniewielkopolskie.pl\/nowa\/wp-content\/uploads\/2024\/12\/IMG_5095-bis-RK-300x200.jpg 300w\" sizes=\"(max-width: 570px) 100vw, 570px\" \/><\/figure>\n\n\n\n<figure class=\"wp-block-image size-large\"><img loading=\"lazy\" decoding=\"async\" width=\"570\" height=\"380\" data-id=\"9735\" src=\"https:\/\/powstaniewielkopolskie.pl\/nowa\/wp-content\/uploads\/2024\/12\/IMG_5158-bis-RK.jpg\" alt=\"\" class=\"wp-image-9735\" srcset=\"https:\/\/powstaniewielkopolskie.pl\/nowa\/wp-content\/uploads\/2024\/12\/IMG_5158-bis-RK.jpg 570w, https:\/\/powstaniewielkopolskie.pl\/nowa\/wp-content\/uploads\/2024\/12\/IMG_5158-bis-RK-300x200.jpg 300w\" sizes=\"(max-width: 570px) 100vw, 570px\" \/><\/figure>\n\n\n\n<figure class=\"wp-block-image size-large\"><img loading=\"lazy\" decoding=\"async\" width=\"570\" height=\"380\" data-id=\"9736\" src=\"https:\/\/powstaniewielkopolskie.pl\/nowa\/wp-content\/uploads\/2024\/12\/IMG_5178-bis-RK.jpg\" alt=\"\" class=\"wp-image-9736\" srcset=\"https:\/\/powstaniewielkopolskie.pl\/nowa\/wp-content\/uploads\/2024\/12\/IMG_5178-bis-RK.jpg 570w, https:\/\/powstaniewielkopolskie.pl\/nowa\/wp-content\/uploads\/2024\/12\/IMG_5178-bis-RK-300x200.jpg 300w\" sizes=\"(max-width: 570px) 100vw, 570px\" \/><\/figure>\n<\/figure>\n\n\n\n<p><\/p>\n\n\n\n<p><strong>9 grudnia 2024 r.<\/strong> \u2013 w sali Czerwonej Pa\u0142acu Dzia\u0142y\u0144skich w Poznaniu odby\u0142a XXIX edycja wr\u0119czenia nagr\u00f3d honorowych Towarzystwa Pami\u0119ci Powstania Wielkopolskiego 1918\/19 \u2013 \u201eDobosz Powstania Wielkopolskiego\u201d. W\u015br\u00f3d go\u015bci obecni byli m.in.: Marsza\u0142ek Wojew\u00f3dztwa Wielkopolskiego Marek Wo\u017aniak, sprawuj\u0105cy jednocze\u015bnie Patronat nad uroczysto\u015bci\u0105, Go\u015b\u0107 Honorowy tego wydarzenia Jerzy Gogo\u0142kiewicz &#8211; Wnuk Gen. Stanis\u0142awa Taczaka, reprezentuj\u0105ca Wojewod\u0119 Wielkopolsk\u0105 Teresa Mas\u0142owska, Przewodnicz\u0105cy Rady Miasta Poznania Grzegorz Ganowicz, Izabela Liebert \u2013 J\u0119droszkowiak \u2013 Wielkopolski Wicekurator O\u015bwiaty, Wicedyrektor Gabinetu Marsza\u0142ka Wojew\u00f3dztwa Wielkopolskiego &#8211; Karolina Wojciechowska, Dyrektor Gabinetu Prezydenta Patryk Pawelczak, przedstawiciel Biura Poselskiego Bart\u0142omieja Wr\u00f3blewskiego Pos\u0142a na Sejm RP \u2013 Tomasz Gintrowicz i Pawe\u0142 Jazy Cz\u0142onek &#8211; Zarz\u0105du Rady Powiatu w Poznaniu oraz przedstawiciele Wojska Polskiego, instytucji, stowarzysze\u0144 i organizacji, historycy, regionali\u015bci, laureaci Dobosza, cz\u0142onkowie i sympatycy Towarzystwa. Uroczysto\u015b\u0107 otworzy\u0142 Zdzis\u0142aw Ko\u015bcia\u0144ski &#8211; wiceprezes ZG TPPW. Rozpocz\u0105\u0142 j\u0105 koncert w wykonaniu uczni\u00f3w z Pozna\u0144skiej Og\u00f3lnokszta\u0142c\u0105cej Szko\u0142y Muzycznej I st. im. Henryka Wieniawskiego. Okoliczno\u015bciowe przem\u00f3wienie wyg\u0142osi\u0142 Prezes Zarz\u0105du G\u0142\u00f3wnego TPPW Tadeusz Musia\u0142. Nast\u0119pnie Sekretarz Generalny TPPW Piotr Wojtczak odczyta\u0142 laudacje dla tegorocznych laureat\u00f3w nagr\u00f3d honorowych \u201eDobosz Powstania Wielkopolskiego\u201d .<br>W tym roku decyzj\u0105 Kapitu\u0142y statuetki otrzymali:<br><strong>Jacek Pietraszko<\/strong> \u2013 nauczyciel i zas\u0142u\u017cony dzia\u0142acz Towarzystwa Pami\u0119ci Powstania Wielkopolskiego 1918\/1919, wieloletni prezes i wiceprezes Zarz\u0105du Oddzia\u0142u Kujawsko-Pomorskiego oraz cz\u0142onek Zarz\u0105du G\u0142\u00f3wnego TPPW, organizator obchod\u00f3w rocznicowych w \u017bninie, inicjator wielu przedsi\u0119wzi\u0119\u0107 dla upami\u0119tnienia Powstania Wielkopolskiego i jego bohater\u00f3w,<br><strong>Jerzy Przybecki <\/strong>&#8211; zas\u0142u\u017cony i ceniony dzia\u0142acz spo\u0142eczny, redaktor, instruktor ZHP, w latach 2003-2015 prezes Oddzia\u0142u Lubuskiego TPPW, a od 2003 roku cz\u0142onek Zarz\u0105du G\u0142\u00f3wnego Towarzystwa Pami\u0119ci Powstania Wielkopolskiego, inicjator budowy Pomnika Dobosza w Zielonej G\u00f3rze oraz upami\u0119tnienia obeliskami i tablicami miejsc pami\u0119ci zwi\u0105zanych z Powstaniem w wojew\u00f3dztwie lubuskim, <br><strong>Towarzystwo Pami\u0119ci Genera\u0142a J\u00f3zefa Dowbora Mu\u015bnickiego w Lusowie<\/strong>, kultywuj\u0105ce pami\u0119\u0107 o gen. J\u00f3zefie Dowborze Mu\u015bnickim, tw\u00f3rcy Armii Wielkopolskiej, naczelnym dow\u00f3dcy Powstania, dbaj\u0105ce o zachowanie w pami\u0119ci spo\u0142ecze\u0144stwa historii i znaczenia Powstania Wielkopolskiego 1918\/1919 poprzez organizowanie obchod\u00f3w rocznicowych, sesji naukowych i konkurs\u00f3w, inicjator i organizator budowy pierwszego pomnika Genera\u0142a J\u00f3zefa Dowbora Mu\u015bnickiego<br>oraz po\u015bmiertnie<br><strong>Tadeusz Wiktor Fenrych<\/strong> &#8211; kapitan artylerii, dzia\u0142acz spo\u0142eczny, uczestnik i badacz historii Powstania Wielkopolskiego, kierownik Referatu Historycznego przy Dow\u00f3dztwie Okr\u0119gu Korpusu VII w Poznaniu, kt\u00f3rego zadaniem by\u0142o gromadzenie dokument\u00f3w, wspomnie\u0144, relacji dotycz\u0105cych Powstania oraz publikacja opracowanych bada\u0144. <br>Aktu wr\u0119czenia statuetek dokonali: Marsza\u0142ek Wojew\u00f3dztwa Wielkopolskiego Marek Wo\u017aniak oraz Prezes Zarz\u0105du G\u0142\u00f3wnego TPPW Tadeusz Musia\u0142 i Prezes Honorowy Stefan Bar\u0142\u00f3g. Tradycyjnie podczas uroczysto\u015bci wr\u0119czono odznaczenia i medale osobom szczeg\u00f3lnie zas\u0142u\u017conym dla utrwalania wiedzy oraz pami\u0119ci o Powstaniu Wielkopolskim i jego bohaterach: Medale Komisji Edukacji Narodowej, odznaki honorowe \u201eZa zas\u0142ugi dla wojew\u00f3dztwa wielkopolskiego\u201d, odznaki honorowe TPPW \u201eWierni Tradycji\u201d, Medale \u201eZa zas\u0142ugi dla Zwi\u0105zku Oficer\u00f3w Rezerwy WP im. Marsza\u0142ka J\u00f3zefa Pi\u0142sudskiego\u201d i Medal \u201eLabor Omnia Vincit\u201d. W czasie uroczysto\u015bci g\u0142os zabra\u0142 Marsza\u0142ek Marek Wo\u017aniak. W swoim wyst\u0105pieniu z\u0142o\u017cy\u0142 gratulacje dla os\u00f3b i instytucji wyr\u00f3\u017cnionych za podejmowane dzia\u0142ania w zakresie krzewienia wiedzy o Powstaniu Wielkopolskim 1918-1919 oraz podzi\u0119kowania dla cz\u0142onk\u00f3w Towarzystwa. G\u0142os zabrali r\u00f3wnie\u017c : w imieniu odznaczonych Zofia Smolarz \u2013 prezes Towarzystwa Pami\u0119ci Gen. J\u00f3zefa Dowbora Mu\u015bnickiego, Przemys\u0142aw Fenrych \u2013 wnuk wyr\u00f3\u017cnionego po\u015bmiertnie statuetk\u0105 Tadeusza Wiktora Fenrycha i Jerzy Gogo\u0142kiewicz \u2013 wnuk Genera\u0142a Stanis\u0142awa Taczaka, a tak\u017ce dr Marek Rezler, kt\u00f3ry m\u00f3wi\u0142 o nowych kierunkach bada\u0144 nad Powstaniem Wielkopolskim. Uroczysto\u015b\u0107 zako\u0144czy\u0142o od\u015bpiewanie Roty.<\/p>\n\n\n\n<p class=\"has-text-align-right\">Fot. Alina Kucharska i Rozalia Kaczmarek<br><\/p>\n\n\n\n<figure class=\"wp-block-image size-full\"><img loading=\"lazy\" decoding=\"async\" width=\"775\" height=\"122\" src=\"https:\/\/powstaniewielkopolskie.pl\/nowa\/wp-content\/uploads\/2024\/12\/image-1.png\" alt=\"\" class=\"wp-image-9723\" srcset=\"https:\/\/powstaniewielkopolskie.pl\/nowa\/wp-content\/uploads\/2024\/12\/image-1.png 775w, https:\/\/powstaniewielkopolskie.pl\/nowa\/wp-content\/uploads\/2024\/12\/image-1-300x47.png 300w, https:\/\/powstaniewielkopolskie.pl\/nowa\/wp-content\/uploads\/2024\/12\/image-1-768x121.png 768w\" sizes=\"(max-width: 775px) 100vw, 775px\" \/><\/figure>\n\n\n\n<figure class=\"wp-block-image\"><img decoding=\"async\" src=\"blob:https:\/\/powstaniewielkopolskie.pl\/5238879f-216b-46e8-8d12-ed2dc9716fc4\" alt=\"\"\/><\/figure>\n<div data-animation=\"pulse\" data-icons-animation=\"no-animation\" data-overlay=\"on\" data-change-size=\"\" data-button-size=\"0.7\" style=\"font-size:0.7em;display:none;\" class=\"supsystic-social-sharing supsystic-social-sharing-package-flat supsystic-social-sharing-hide-on-homepage supsystic-social-sharing-content supsystic-social-sharing-content-align-center\" data-text=\"\"><a class=\"social-sharing-button sharer-flat sharer-flat-2 counter-standard digg\" target=\"_blank\" title=\"Digg\" href=\"http:\/\/digg.com\/submit?url=https%3A%2F%2Fpowstaniewielkopolskie.pl%2Fnowa%2F%3Fp%3D9717&title=Poznali%C5%9Bmy+tegorocznych+laureat%C3%B3w+statuetek+%26%238222%3BDobosz+Powstania+Wielkopolskiego%26%238221%3B\" data-nid=\"8\" data-name=\"\" data-pid=\"1\" data-post-id=\"9717\" data-url=\"https:\/\/powstaniewielkopolskie.pl\/nowa\/wp-admin\/admin-ajax.php\" data-url=\"https:\/\/powstaniewielkopolskie.pl\/nowa\/wp-admin\/admin-ajax.php\" data-description=\"Poznali\u015bmy tegorocznych laureat\u00f3w statuetek \\\"Dobosz Powstania Wielkopolskiego\\\"\" rel=\"nofollow\"><i class=\"fa fa-fw fa-digg\"><\/i><div class=\"counter-wrap standard\"><span class=\"counter\">0<\/span><\/div><\/a><a class=\"social-sharing-button sharer-flat sharer-flat-2 counter-standard mail\" target=\"_blank\" title=\"Mail\" href=\"#\" data-nid=\"16\" data-name=\"\" data-pid=\"1\" data-post-id=\"9717\" data-url=\"https:\/\/powstaniewielkopolskie.pl\/nowa\/wp-admin\/admin-ajax.php\" data-url=\"https:\/\/powstaniewielkopolskie.pl\/nowa\/wp-admin\/admin-ajax.php\" data-description=\"Poznali\u015bmy tegorocznych laureat\u00f3w statuetek \\\"Dobosz Powstania Wielkopolskiego\\\"\" rel=\"nofollow\"><i class=\"fa fa-fw fa-envelope-o\"><\/i><div class=\"counter-wrap standard\"><span class=\"counter\">0<\/span><\/div><\/a><a class=\"social-sharing-button sharer-flat sharer-flat-2 counter-standard facebook\" target=\"_blank\" title=\"Facebook\" href=\"http:\/\/www.facebook.com\/sharer.php?u=https%3A%2F%2Fpowstaniewielkopolskie.pl%2Fnowa%2F%3Fp%3D9717\" data-nid=\"1\" data-name=\"\" data-pid=\"1\" data-post-id=\"9717\" data-url=\"https:\/\/powstaniewielkopolskie.pl\/nowa\/wp-admin\/admin-ajax.php\" data-url=\"https:\/\/powstaniewielkopolskie.pl\/nowa\/wp-admin\/admin-ajax.php\" data-description=\"Poznali\u015bmy tegorocznych laureat\u00f3w statuetek \\\"Dobosz Powstania Wielkopolskiego\\\"\" rel=\"nofollow\"><i class=\"fa fa-fw fa-facebook\"><\/i><div class=\"counter-wrap standard\"><span class=\"counter\">1<\/span><\/div><\/a><a class=\"social-sharing-button sharer-flat sharer-flat-2 counter-standard whatsapp\" target=\"_blank\" title=\"WhatsApp\" href=\"whatsapp:\/\/send?text=https%3A%2F%2Fpowstaniewielkopolskie.pl%2Fnowa%2F%3Fp%3D9717\" data-nid=\"18\" data-name=\"\" data-pid=\"1\" data-post-id=\"9717\" data-url=\"https:\/\/powstaniewielkopolskie.pl\/nowa\/wp-admin\/admin-ajax.php\" data-url=\"https:\/\/powstaniewielkopolskie.pl\/nowa\/wp-admin\/admin-ajax.php\" data-description=\"Poznali\u015bmy tegorocznych laureat\u00f3w statuetek \\\"Dobosz Powstania Wielkopolskiego\\\"\" rel=\"nofollow\"><i class=\"fa fa-fw fa-whatsapp\"><\/i><div class=\"counter-wrap standard\"><span class=\"counter\">0<\/span><\/div><\/a><a class=\"social-sharing-button sharer-flat sharer-flat-2 counter-standard twitter\" target=\"_blank\" title=\"Twitter\" href=\"https:\/\/twitter.com\/share?url=https%3A%2F%2Fpowstaniewielkopolskie.pl%2Fnowa%2F%3Fp%3D9717&text=Poznali%C5%9Bmy+tegorocznych+laureat%C3%B3w+statuetek+%26%238222%3BDobosz+Powstania+Wielkopolskiego%26%238221%3B\" data-nid=\"2\" data-name=\"\" data-pid=\"1\" data-post-id=\"9717\" data-url=\"https:\/\/powstaniewielkopolskie.pl\/nowa\/wp-admin\/admin-ajax.php\" data-url=\"https:\/\/powstaniewielkopolskie.pl\/nowa\/wp-admin\/admin-ajax.php\" data-description=\"Poznali\u015bmy tegorocznych laureat\u00f3w statuetek \\\"Dobosz Powstania Wielkopolskiego\\\"\" rel=\"nofollow\"><i class=\"fa fa-fw fa-twitter\"><\/i><div class=\"counter-wrap standard\"><span class=\"counter\">0<\/span><\/div><\/a><a class=\"social-sharing-button sharer-flat sharer-flat-2 counter-standard googleplus\" target=\"_blank\" title=\"Google+\" href=\"https:\/\/plus.google.com\/share?url=https%3A%2F%2Fpowstaniewielkopolskie.pl%2Fnowa%2F%3Fp%3D9717\" data-nid=\"3\" data-name=\"\" data-pid=\"1\" data-post-id=\"9717\" data-url=\"https:\/\/powstaniewielkopolskie.pl\/nowa\/wp-admin\/admin-ajax.php\" data-url=\"https:\/\/powstaniewielkopolskie.pl\/nowa\/wp-admin\/admin-ajax.php\" data-description=\"Poznali\u015bmy tegorocznych laureat\u00f3w statuetek \\\"Dobosz Powstania Wielkopolskiego\\\"\" rel=\"nofollow\"><i class=\"fa fa-fw fa-google-plus\"><\/i><div class=\"counter-wrap standard\"><span class=\"counter\">0<\/span><\/div><\/a><\/div>","protected":false},"excerpt":{"rendered":"<p>9 grudnia 2024 r. \u2013 w sali Czerwonej Pa\u0142acu Dzia\u0142y\u0144skich w Poznaniu odby\u0142a XXIX edycja wr\u0119czenia nagr\u00f3d honorowych Towarzystwa Pami\u0119ci Powstania Wielkopolskiego 1918\/19 \u2013 \u201eDobosz Powstania Wielkopolskiego\u201d. W\u015br\u00f3d go\u015bci obecni byli m.in.:<a class=\"moretag\" href=\"https:\/\/powstaniewielkopolskie.pl\/nowa\/?p=9717\">Czytaj wi\u0119cej&#8230;<\/a><\/p>\n<div data-animation=\"pulse\" data-icons-animation=\"no-animation\" data-overlay=\"on\" data-change-size=\"\" data-button-size=\"0.7\" style=\"font-size:0.7em;display:none;\" class=\"supsystic-social-sharing supsystic-social-sharing-package-flat supsystic-social-sharing-hide-on-homepage supsystic-social-sharing-content supsystic-social-sharing-content-align-center\" data-text=\"\"><a class=\"social-sharing-button sharer-flat sharer-flat-2 counter-standard digg\" target=\"_blank\" title=\"Digg\" href=\"http:\/\/digg.com\/submit?url=https%3A%2F%2Fpowstaniewielkopolskie.pl%2Fnowa%2F%3Fp%3D9717&title=Poznali%C5%9Bmy+tegorocznych+laureat%C3%B3w+statuetek+%26%238222%3BDobosz+Powstania+Wielkopolskiego%26%238221%3B\" data-nid=\"8\" data-name=\"\" data-pid=\"1\" data-post-id=\"9717\" data-url=\"https:\/\/powstaniewielkopolskie.pl\/nowa\/wp-admin\/admin-ajax.php\" data-url=\"https:\/\/powstaniewielkopolskie.pl\/nowa\/wp-admin\/admin-ajax.php\" data-description=\"Poznali\u015bmy tegorocznych laureat\u00f3w statuetek \\\"Dobosz Powstania Wielkopolskiego\\\"\" rel=\"nofollow\"><i class=\"fa fa-fw fa-digg\"><\/i><div class=\"counter-wrap standard\"><span class=\"counter\">0<\/span><\/div><\/a><a class=\"social-sharing-button sharer-flat sharer-flat-2 counter-standard mail\" target=\"_blank\" title=\"Mail\" href=\"#\" data-nid=\"16\" data-name=\"\" data-pid=\"1\" data-post-id=\"9717\" data-url=\"https:\/\/powstaniewielkopolskie.pl\/nowa\/wp-admin\/admin-ajax.php\" data-url=\"https:\/\/powstaniewielkopolskie.pl\/nowa\/wp-admin\/admin-ajax.php\" data-description=\"Poznali\u015bmy tegorocznych laureat\u00f3w statuetek \\\"Dobosz Powstania Wielkopolskiego\\\"\" rel=\"nofollow\"><i class=\"fa fa-fw fa-envelope-o\"><\/i><div class=\"counter-wrap standard\"><span class=\"counter\">0<\/span><\/div><\/a><a class=\"social-sharing-button sharer-flat sharer-flat-2 counter-standard facebook\" target=\"_blank\" title=\"Facebook\" href=\"http:\/\/www.facebook.com\/sharer.php?u=https%3A%2F%2Fpowstaniewielkopolskie.pl%2Fnowa%2F%3Fp%3D9717\" data-nid=\"1\" data-name=\"\" data-pid=\"1\" data-post-id=\"9717\" data-url=\"https:\/\/powstaniewielkopolskie.pl\/nowa\/wp-admin\/admin-ajax.php\" data-url=\"https:\/\/powstaniewielkopolskie.pl\/nowa\/wp-admin\/admin-ajax.php\" data-description=\"Poznali\u015bmy tegorocznych laureat\u00f3w statuetek \\\"Dobosz Powstania Wielkopolskiego\\\"\" rel=\"nofollow\"><i class=\"fa fa-fw fa-facebook\"><\/i><div class=\"counter-wrap standard\"><span class=\"counter\">1<\/span><\/div><\/a><a class=\"social-sharing-button sharer-flat sharer-flat-2 counter-standard whatsapp\" target=\"_blank\" title=\"WhatsApp\" href=\"whatsapp:\/\/send?text=https%3A%2F%2Fpowstaniewielkopolskie.pl%2Fnowa%2F%3Fp%3D9717\" data-nid=\"18\" data-name=\"\" data-pid=\"1\" data-post-id=\"9717\" data-url=\"https:\/\/powstaniewielkopolskie.pl\/nowa\/wp-admin\/admin-ajax.php\" data-url=\"https:\/\/powstaniewielkopolskie.pl\/nowa\/wp-admin\/admin-ajax.php\" data-description=\"Poznali\u015bmy tegorocznych laureat\u00f3w statuetek \\\"Dobosz Powstania Wielkopolskiego\\\"\" rel=\"nofollow\"><i class=\"fa fa-fw fa-whatsapp\"><\/i><div class=\"counter-wrap standard\"><span class=\"counter\">0<\/span><\/div><\/a><a class=\"social-sharing-button sharer-flat sharer-flat-2 counter-standard twitter\" target=\"_blank\" title=\"Twitter\" href=\"https:\/\/twitter.com\/share?url=https%3A%2F%2Fpowstaniewielkopolskie.pl%2Fnowa%2F%3Fp%3D9717&text=Poznali%C5%9Bmy+tegorocznych+laureat%C3%B3w+statuetek+%26%238222%3BDobosz+Powstania+Wielkopolskiego%26%238221%3B\" data-nid=\"2\" data-name=\"\" data-pid=\"1\" data-post-id=\"9717\" data-url=\"https:\/\/powstaniewielkopolskie.pl\/nowa\/wp-admin\/admin-ajax.php\" data-url=\"https:\/\/powstaniewielkopolskie.pl\/nowa\/wp-admin\/admin-ajax.php\" data-description=\"Poznali\u015bmy tegorocznych laureat\u00f3w statuetek \\\"Dobosz Powstania Wielkopolskiego\\\"\" rel=\"nofollow\"><i class=\"fa fa-fw fa-twitter\"><\/i><div class=\"counter-wrap standard\"><span class=\"counter\">0<\/span><\/div><\/a><a class=\"social-sharing-button sharer-flat sharer-flat-2 counter-standard googleplus\" target=\"_blank\" title=\"Google+\" href=\"https:\/\/plus.google.com\/share?url=https%3A%2F%2Fpowstaniewielkopolskie.pl%2Fnowa%2F%3Fp%3D9717\" data-nid=\"3\" data-name=\"\" data-pid=\"1\" data-post-id=\"9717\" data-url=\"https:\/\/powstaniewielkopolskie.pl\/nowa\/wp-admin\/admin-ajax.php\" data-url=\"https:\/\/powstaniewielkopolskie.pl\/nowa\/wp-admin\/admin-ajax.php\" data-description=\"Poznali\u015bmy tegorocznych laureat\u00f3w statuetek \\\"Dobosz Powstania Wielkopolskiego\\\"\" rel=\"nofollow\"><i class=\"fa fa-fw fa-google-plus\"><\/i><div class=\"counter-wrap standard\"><span class=\"counter\">0<\/span><\/div><\/a><\/div>","protected":false},"author":4,"featured_media":9725,"comment_status":"closed","ping_status":"open","sticky":false,"template":"","format":"standard","meta":{"footnotes":""},"categories":[3],"tags":[],"_links":{"self":[{"href":"https:\/\/powstaniewielkopolskie.pl\/nowa\/index.php?rest_route=\/wp\/v2\/posts\/9717"}],"collection":[{"href":"https:\/\/powstaniewielkopolskie.pl\/nowa\/index.php?rest_route=\/wp\/v2\/posts"}],"about":[{"href":"https:\/\/powstaniewielkopolskie.pl\/nowa\/index.php?rest_route=\/wp\/v2\/types\/post"}],"author":[{"embeddable":true,"href":"https:\/\/powstaniewielkopolskie.pl\/nowa\/index.php?rest_route=\/wp\/v2\/users\/4"}],"replies":[{"embeddable":true,"href":"https:\/\/powstaniewielkopolskie.pl\/nowa\/index.php?rest_route=%2Fwp%2Fv2%2Fcomments&post=9717"}],"version-history":[{"count":7,"href":"https:\/\/powstaniewielkopolskie.pl\/nowa\/index.php?rest_route=\/wp\/v2\/posts\/9717\/revisions"}],"predecessor-version":[{"id":9740,"href":"https:\/\/powstaniewielkopolskie.pl\/nowa\/index.php?rest_route=\/wp\/v2\/posts\/9717\/revisions\/9740"}],"wp:featuredmedia":[{"embeddable":true,"href":"https:\/\/powstaniewielkopolskie.pl\/nowa\/index.php?rest_route=\/wp\/v2\/media\/9725"}],"wp:attachment":[{"href":"https:\/\/powstaniewielkopolskie.pl\/nowa\/index.php?rest_route=%2Fwp%2Fv2%2Fmedia&parent=9717"}],"wp:term":[{"taxonomy":"category","embeddable":true,"href":"https:\/\/powstaniewielkopolskie.pl\/nowa\/index.php?rest_route=%2Fwp%2Fv2%2Fcategories&post=9717"},{"taxonomy":"post_tag","embeddable":true,"href":"https:\/\/powstaniewielkopolskie.pl\/nowa\/index.php?rest_route=%2Fwp%2Fv2%2Ftags&post=9717"}],"curies":[{"name":"wp","href":"https:\/\/api.w.org\/{rel}","templated":true}]}}