{"id":9709,"date":"2024-11-22T13:00:00","date_gmt":"2024-11-22T12:00:00","guid":{"rendered":"https:\/\/powstaniewielkopolskie.pl\/nowa\/?p=9709"},"modified":"2024-12-06T00:38:55","modified_gmt":"2024-12-05T23:38:55","slug":"koncert-muzyki-polskiej-i-wspolne-spiewanie","status":"publish","type":"post","link":"https:\/\/powstaniewielkopolskie.pl\/nowa\/?p=9709","title":{"rendered":"Koncert Muzyki Polskiej i Wsp\u00f3lne \u015apiewanie"},"content":{"rendered":"\n<figure class=\"wp-block-gallery has-nested-images columns-default is-cropped wp-block-gallery-1 is-layout-flex wp-block-gallery-is-layout-flex\">\n<figure class=\"wp-block-image size-large\"><img loading=\"lazy\" decoding=\"async\" width=\"533\" height=\"300\" data-id=\"9710\" src=\"https:\/\/powstaniewielkopolskie.pl\/nowa\/wp-content\/uploads\/2024\/12\/IMG-20241119-WA0000-bis.jpg\" alt=\"\" class=\"wp-image-9710\" srcset=\"https:\/\/powstaniewielkopolskie.pl\/nowa\/wp-content\/uploads\/2024\/12\/IMG-20241119-WA0000-bis.jpg 533w, https:\/\/powstaniewielkopolskie.pl\/nowa\/wp-content\/uploads\/2024\/12\/IMG-20241119-WA0000-bis-300x169.jpg 300w\" sizes=\"(max-width: 533px) 100vw, 533px\" \/><\/figure>\n\n\n\n<figure class=\"wp-block-image size-large\"><img loading=\"lazy\" decoding=\"async\" width=\"533\" height=\"300\" data-id=\"9711\" src=\"https:\/\/powstaniewielkopolskie.pl\/nowa\/wp-content\/uploads\/2024\/12\/IMG-20241119-WA0010-bis.jpg\" alt=\"\" class=\"wp-image-9711\" srcset=\"https:\/\/powstaniewielkopolskie.pl\/nowa\/wp-content\/uploads\/2024\/12\/IMG-20241119-WA0010-bis.jpg 533w, https:\/\/powstaniewielkopolskie.pl\/nowa\/wp-content\/uploads\/2024\/12\/IMG-20241119-WA0010-bis-300x169.jpg 300w\" sizes=\"(max-width: 533px) 100vw, 533px\" \/><\/figure>\n<\/figure>\n\n\n\n<p><\/p>\n\n\n\n<p><strong>17 listopada 2024 r.<\/strong> &#8211; w sali koncertowej POSM I i II stopnia w Poznaniu przy ul. Solnej 12 odby\u0142 si\u0119, ju\u017c po raz sz\u00f3sty, Koncert Muzyki Polskiej i Wsp\u00f3lne \u015apiewanie. Organizatorami byli: Oddzia\u0142 Wielkopolski TPPW, Komisja Historyczna Chor\u0105gwi Wielkopolskiej ZHP oraz Pozna\u0144ska Og\u00f3lnokszta\u0142c\u0105ca Szko\u0142a Muzyczna I stopnia nr 1 im. Henryka Wieniawskiego i Pozna\u0144ska Og\u00f3lnokszta\u0142c\u0105ca Szko\u0142a Muzyczna II stopnia im. Mieczys\u0142awa Kar\u0142owicza. Koncert w wykonaniu uczni\u00f3w i pedagog\u00f3w z udzia\u0142em publiczno\u015bci obejmowa\u0142 m.in. prezentacj\u0119 ta\u0144c\u00f3w i pie\u015bni polskich, recytacj\u0119 wierszy patriotycznych i wsp\u00f3lne \u015bpiewanie piosenek harcerskich. Tak soli\u015bci jak i zespo\u0142y zaprezentowali wysoki profesjonalizm i kunszt, kt\u00f3ry dope\u0142nia\u0142 \u015bwietny akompaniament. Pedagogom i nauczycielom, dzi\u0119ki kt\u00f3rym koncerty mog\u0142y by\u0107 zrealizowane, organizatorzy wr\u0119czyli okoliczno\u015bciowe dyplomy z podzi\u0119kowaniem za krzewienie kultury muzycznej i kultywowanie pami\u0119ci o Powstaniu Wielkopolskim. W\u015br\u00f3d licznie zgromadzonej publiczno\u015bci znajdowali si\u0119 cz\u0142onkowie TPPW m.in. z wiceprezesem Zarz\u0105du G\u0142\u00f3wnego, prezesem Oddzia\u0142u Wielkopolskiego Wawrzy\u0144cem Wierzejewskim i Piotrem Stacheckim, wiceprezesem Oddzia\u0142u Wielkopolskiego, harcerze z m.in. z prof. Markiem Miko\u0142ajczykiem, przewodnicz\u0105cym Komisji Historycznej Chor\u0105gwi Wielkopolskiej ZHP, a tak\u017ce uczniowie i rodzice dzieci bior\u0105cych udzia\u0142 w koncercie. W\u015br\u00f3d znamienitych go\u015bci znajdowa\u0142 si\u0119 Pawe\u0142 Kuszczy\u0144ski, prezes Pozna\u0144skiego Oddzia\u0142u Zwi\u0105zku Literat\u00f3w Polskich. Wyst\u0119py zwie\u0144czy\u0142 harcerski kr\u0105g przyja\u017ani. Kreatorem koncert\u00f3w jest nauczycielka Joanna Majewska wraz ze wspieraj\u0105c\u0105 j\u0105 grup\u0105 nauczycieli obu szk\u00f3\u0142. Tegorocznemu koncertowi towarzyszy\u0142a prezentacja i warsztat wyszywania rozety powsta\u0144czej dla uczczenia 106. rocznicy wybuchu Powstania Wielkopolskiego. Pomys\u0142odawc\u0105 jest szamotulski oddzia\u0142 PTTK z rodze\u0144stwem Micha\u0142em i Ma\u0142gorzat\u0105 Lipieckimi.<\/p>\n\n\n\n<p class=\"has-text-align-right\">Fot. Piotr Pers<\/p>\n<div data-animation=\"pulse\" data-icons-animation=\"no-animation\" data-overlay=\"on\" data-change-size=\"\" data-button-size=\"0.7\" style=\"font-size:0.7em;display:none;\" class=\"supsystic-social-sharing supsystic-social-sharing-package-flat supsystic-social-sharing-hide-on-homepage supsystic-social-sharing-content supsystic-social-sharing-content-align-center\" data-text=\"\"><a class=\"social-sharing-button sharer-flat sharer-flat-2 counter-standard digg\" target=\"_blank\" title=\"Digg\" href=\"http:\/\/digg.com\/submit?url=https%3A%2F%2Fpowstaniewielkopolskie.pl%2Fnowa%2F%3Fp%3D9709&title=Koncert+Muzyki+Polskiej+i+Wsp%C3%B3lne+%C5%9Apiewanie\" data-nid=\"8\" data-name=\"\" data-pid=\"1\" data-post-id=\"9709\" data-url=\"https:\/\/powstaniewielkopolskie.pl\/nowa\/wp-admin\/admin-ajax.php\" data-url=\"https:\/\/powstaniewielkopolskie.pl\/nowa\/wp-admin\/admin-ajax.php\" data-description=\"Koncert Muzyki Polskiej i Wsp\u00f3lne \u015apiewanie\" rel=\"nofollow\"><i class=\"fa fa-fw fa-digg\"><\/i><div class=\"counter-wrap standard\"><span class=\"counter\">0<\/span><\/div><\/a><a class=\"social-sharing-button sharer-flat sharer-flat-2 counter-standard mail\" target=\"_blank\" title=\"Mail\" href=\"#\" data-nid=\"16\" data-name=\"\" data-pid=\"1\" data-post-id=\"9709\" data-url=\"https:\/\/powstaniewielkopolskie.pl\/nowa\/wp-admin\/admin-ajax.php\" data-url=\"https:\/\/powstaniewielkopolskie.pl\/nowa\/wp-admin\/admin-ajax.php\" data-description=\"Koncert Muzyki Polskiej i Wsp\u00f3lne \u015apiewanie\" rel=\"nofollow\"><i class=\"fa fa-fw fa-envelope-o\"><\/i><div class=\"counter-wrap standard\"><span class=\"counter\">0<\/span><\/div><\/a><a class=\"social-sharing-button sharer-flat sharer-flat-2 counter-standard facebook\" target=\"_blank\" title=\"Facebook\" href=\"http:\/\/www.facebook.com\/sharer.php?u=https%3A%2F%2Fpowstaniewielkopolskie.pl%2Fnowa%2F%3Fp%3D9709\" data-nid=\"1\" data-name=\"\" data-pid=\"1\" data-post-id=\"9709\" data-url=\"https:\/\/powstaniewielkopolskie.pl\/nowa\/wp-admin\/admin-ajax.php\" data-url=\"https:\/\/powstaniewielkopolskie.pl\/nowa\/wp-admin\/admin-ajax.php\" data-description=\"Koncert Muzyki Polskiej i Wsp\u00f3lne \u015apiewanie\" rel=\"nofollow\"><i class=\"fa fa-fw fa-facebook\"><\/i><div class=\"counter-wrap standard\"><span class=\"counter\">0<\/span><\/div><\/a><a class=\"social-sharing-button sharer-flat sharer-flat-2 counter-standard whatsapp\" target=\"_blank\" title=\"WhatsApp\" href=\"whatsapp:\/\/send?text=https%3A%2F%2Fpowstaniewielkopolskie.pl%2Fnowa%2F%3Fp%3D9709\" data-nid=\"18\" data-name=\"\" data-pid=\"1\" data-post-id=\"9709\" data-url=\"https:\/\/powstaniewielkopolskie.pl\/nowa\/wp-admin\/admin-ajax.php\" data-url=\"https:\/\/powstaniewielkopolskie.pl\/nowa\/wp-admin\/admin-ajax.php\" data-description=\"Koncert Muzyki Polskiej i Wsp\u00f3lne \u015apiewanie\" rel=\"nofollow\"><i class=\"fa fa-fw fa-whatsapp\"><\/i><div class=\"counter-wrap standard\"><span class=\"counter\">0<\/span><\/div><\/a><a class=\"social-sharing-button sharer-flat sharer-flat-2 counter-standard twitter\" target=\"_blank\" title=\"Twitter\" href=\"https:\/\/twitter.com\/share?url=https%3A%2F%2Fpowstaniewielkopolskie.pl%2Fnowa%2F%3Fp%3D9709&text=Koncert+Muzyki+Polskiej+i+Wsp%C3%B3lne+%C5%9Apiewanie\" data-nid=\"2\" data-name=\"\" data-pid=\"1\" data-post-id=\"9709\" data-url=\"https:\/\/powstaniewielkopolskie.pl\/nowa\/wp-admin\/admin-ajax.php\" data-url=\"https:\/\/powstaniewielkopolskie.pl\/nowa\/wp-admin\/admin-ajax.php\" data-description=\"Koncert Muzyki Polskiej i Wsp\u00f3lne \u015apiewanie\" rel=\"nofollow\"><i class=\"fa fa-fw fa-twitter\"><\/i><div class=\"counter-wrap standard\"><span class=\"counter\">0<\/span><\/div><\/a><a class=\"social-sharing-button sharer-flat sharer-flat-2 counter-standard googleplus\" target=\"_blank\" title=\"Google+\" href=\"https:\/\/plus.google.com\/share?url=https%3A%2F%2Fpowstaniewielkopolskie.pl%2Fnowa%2F%3Fp%3D9709\" data-nid=\"3\" data-name=\"\" data-pid=\"1\" data-post-id=\"9709\" data-url=\"https:\/\/powstaniewielkopolskie.pl\/nowa\/wp-admin\/admin-ajax.php\" data-url=\"https:\/\/powstaniewielkopolskie.pl\/nowa\/wp-admin\/admin-ajax.php\" data-description=\"Koncert Muzyki Polskiej i Wsp\u00f3lne \u015apiewanie\" rel=\"nofollow\"><i class=\"fa fa-fw fa-google-plus\"><\/i><div class=\"counter-wrap standard\"><span class=\"counter\">0<\/span><\/div><\/a><\/div>","protected":false},"excerpt":{"rendered":"<p>17 listopada 2024 r. &#8211; w sali koncertowej POSM I i II stopnia w Poznaniu przy ul. Solnej 12 odby\u0142 si\u0119, ju\u017c po raz sz\u00f3sty, Koncert Muzyki Polskiej i Wsp\u00f3lne \u015apiewanie. Organizatorami<a class=\"moretag\" href=\"https:\/\/powstaniewielkopolskie.pl\/nowa\/?p=9709\">Czytaj wi\u0119cej&#8230;<\/a><\/p>\n<div data-animation=\"pulse\" data-icons-animation=\"no-animation\" data-overlay=\"on\" data-change-size=\"\" data-button-size=\"0.7\" style=\"font-size:0.7em;display:none;\" class=\"supsystic-social-sharing supsystic-social-sharing-package-flat supsystic-social-sharing-hide-on-homepage supsystic-social-sharing-content supsystic-social-sharing-content-align-center\" data-text=\"\"><a class=\"social-sharing-button sharer-flat sharer-flat-2 counter-standard digg\" target=\"_blank\" title=\"Digg\" href=\"http:\/\/digg.com\/submit?url=https%3A%2F%2Fpowstaniewielkopolskie.pl%2Fnowa%2F%3Fp%3D9709&title=Koncert+Muzyki+Polskiej+i+Wsp%C3%B3lne+%C5%9Apiewanie\" data-nid=\"8\" data-name=\"\" data-pid=\"1\" data-post-id=\"9709\" data-url=\"https:\/\/powstaniewielkopolskie.pl\/nowa\/wp-admin\/admin-ajax.php\" data-url=\"https:\/\/powstaniewielkopolskie.pl\/nowa\/wp-admin\/admin-ajax.php\" data-description=\"Koncert Muzyki Polskiej i Wsp\u00f3lne \u015apiewanie\" rel=\"nofollow\"><i class=\"fa fa-fw fa-digg\"><\/i><div class=\"counter-wrap standard\"><span class=\"counter\">0<\/span><\/div><\/a><a class=\"social-sharing-button sharer-flat sharer-flat-2 counter-standard mail\" target=\"_blank\" title=\"Mail\" href=\"#\" data-nid=\"16\" data-name=\"\" data-pid=\"1\" data-post-id=\"9709\" data-url=\"https:\/\/powstaniewielkopolskie.pl\/nowa\/wp-admin\/admin-ajax.php\" data-url=\"https:\/\/powstaniewielkopolskie.pl\/nowa\/wp-admin\/admin-ajax.php\" data-description=\"Koncert Muzyki Polskiej i Wsp\u00f3lne \u015apiewanie\" rel=\"nofollow\"><i class=\"fa fa-fw fa-envelope-o\"><\/i><div class=\"counter-wrap standard\"><span class=\"counter\">0<\/span><\/div><\/a><a class=\"social-sharing-button sharer-flat sharer-flat-2 counter-standard facebook\" target=\"_blank\" title=\"Facebook\" href=\"http:\/\/www.facebook.com\/sharer.php?u=https%3A%2F%2Fpowstaniewielkopolskie.pl%2Fnowa%2F%3Fp%3D9709\" data-nid=\"1\" data-name=\"\" data-pid=\"1\" data-post-id=\"9709\" data-url=\"https:\/\/powstaniewielkopolskie.pl\/nowa\/wp-admin\/admin-ajax.php\" data-url=\"https:\/\/powstaniewielkopolskie.pl\/nowa\/wp-admin\/admin-ajax.php\" data-description=\"Koncert Muzyki Polskiej i Wsp\u00f3lne \u015apiewanie\" rel=\"nofollow\"><i class=\"fa fa-fw fa-facebook\"><\/i><div class=\"counter-wrap standard\"><span class=\"counter\">0<\/span><\/div><\/a><a class=\"social-sharing-button sharer-flat sharer-flat-2 counter-standard whatsapp\" target=\"_blank\" title=\"WhatsApp\" href=\"whatsapp:\/\/send?text=https%3A%2F%2Fpowstaniewielkopolskie.pl%2Fnowa%2F%3Fp%3D9709\" data-nid=\"18\" data-name=\"\" data-pid=\"1\" data-post-id=\"9709\" data-url=\"https:\/\/powstaniewielkopolskie.pl\/nowa\/wp-admin\/admin-ajax.php\" data-url=\"https:\/\/powstaniewielkopolskie.pl\/nowa\/wp-admin\/admin-ajax.php\" data-description=\"Koncert Muzyki Polskiej i Wsp\u00f3lne \u015apiewanie\" rel=\"nofollow\"><i class=\"fa fa-fw fa-whatsapp\"><\/i><div class=\"counter-wrap standard\"><span class=\"counter\">0<\/span><\/div><\/a><a class=\"social-sharing-button sharer-flat sharer-flat-2 counter-standard twitter\" target=\"_blank\" title=\"Twitter\" href=\"https:\/\/twitter.com\/share?url=https%3A%2F%2Fpowstaniewielkopolskie.pl%2Fnowa%2F%3Fp%3D9709&text=Koncert+Muzyki+Polskiej+i+Wsp%C3%B3lne+%C5%9Apiewanie\" data-nid=\"2\" data-name=\"\" data-pid=\"1\" data-post-id=\"9709\" data-url=\"https:\/\/powstaniewielkopolskie.pl\/nowa\/wp-admin\/admin-ajax.php\" data-url=\"https:\/\/powstaniewielkopolskie.pl\/nowa\/wp-admin\/admin-ajax.php\" data-description=\"Koncert Muzyki Polskiej i Wsp\u00f3lne \u015apiewanie\" rel=\"nofollow\"><i class=\"fa fa-fw fa-twitter\"><\/i><div class=\"counter-wrap standard\"><span class=\"counter\">0<\/span><\/div><\/a><a class=\"social-sharing-button sharer-flat sharer-flat-2 counter-standard googleplus\" target=\"_blank\" title=\"Google+\" href=\"https:\/\/plus.google.com\/share?url=https%3A%2F%2Fpowstaniewielkopolskie.pl%2Fnowa%2F%3Fp%3D9709\" data-nid=\"3\" data-name=\"\" data-pid=\"1\" data-post-id=\"9709\" data-url=\"https:\/\/powstaniewielkopolskie.pl\/nowa\/wp-admin\/admin-ajax.php\" data-url=\"https:\/\/powstaniewielkopolskie.pl\/nowa\/wp-admin\/admin-ajax.php\" data-description=\"Koncert Muzyki Polskiej i Wsp\u00f3lne \u015apiewanie\" rel=\"nofollow\"><i class=\"fa fa-fw fa-google-plus\"><\/i><div class=\"counter-wrap standard\"><span class=\"counter\">0<\/span><\/div><\/a><\/div>","protected":false},"author":4,"featured_media":9712,"comment_status":"closed","ping_status":"open","sticky":false,"template":"","format":"standard","meta":{"footnotes":""},"categories":[3],"tags":[],"_links":{"self":[{"href":"https:\/\/powstaniewielkopolskie.pl\/nowa\/index.php?rest_route=\/wp\/v2\/posts\/9709"}],"collection":[{"href":"https:\/\/powstaniewielkopolskie.pl\/nowa\/index.php?rest_route=\/wp\/v2\/posts"}],"about":[{"href":"https:\/\/powstaniewielkopolskie.pl\/nowa\/index.php?rest_route=\/wp\/v2\/types\/post"}],"author":[{"embeddable":true,"href":"https:\/\/powstaniewielkopolskie.pl\/nowa\/index.php?rest_route=\/wp\/v2\/users\/4"}],"replies":[{"embeddable":true,"href":"https:\/\/powstaniewielkopolskie.pl\/nowa\/index.php?rest_route=%2Fwp%2Fv2%2Fcomments&post=9709"}],"version-history":[{"count":1,"href":"https:\/\/powstaniewielkopolskie.pl\/nowa\/index.php?rest_route=\/wp\/v2\/posts\/9709\/revisions"}],"predecessor-version":[{"id":9713,"href":"https:\/\/powstaniewielkopolskie.pl\/nowa\/index.php?rest_route=\/wp\/v2\/posts\/9709\/revisions\/9713"}],"wp:featuredmedia":[{"embeddable":true,"href":"https:\/\/powstaniewielkopolskie.pl\/nowa\/index.php?rest_route=\/wp\/v2\/media\/9712"}],"wp:attachment":[{"href":"https:\/\/powstaniewielkopolskie.pl\/nowa\/index.php?rest_route=%2Fwp%2Fv2%2Fmedia&parent=9709"}],"wp:term":[{"taxonomy":"category","embeddable":true,"href":"https:\/\/powstaniewielkopolskie.pl\/nowa\/index.php?rest_route=%2Fwp%2Fv2%2Fcategories&post=9709"},{"taxonomy":"post_tag","embeddable":true,"href":"https:\/\/powstaniewielkopolskie.pl\/nowa\/index.php?rest_route=%2Fwp%2Fv2%2Ftags&post=9709"}],"curies":[{"name":"wp","href":"https:\/\/api.w.org\/{rel}","templated":true}]}}