{"id":9427,"date":"2024-10-07T14:49:51","date_gmt":"2024-10-07T12:49:51","guid":{"rendered":"https:\/\/powstaniewielkopolskie.pl\/nowa\/?p=9427"},"modified":"2024-10-09T15:28:26","modified_gmt":"2024-10-09T13:28:26","slug":"sesja-naukowa-wielkopolanie-w-walkach-o-niepodleglosc-1918-1920","status":"publish","type":"post","link":"https:\/\/powstaniewielkopolskie.pl\/nowa\/?p=9427","title":{"rendered":"Sesja naukowa \u201eWielkopolanie w walkach o Niepodleg\u0142o\u015b\u0107 (1918-1920)\u201d"},"content":{"rendered":"\n<p><\/p>\n\n\n\n<figure class=\"wp-block-gallery has-nested-images columns-default is-cropped wp-block-gallery-1 is-layout-flex wp-block-gallery-is-layout-flex\">\n<figure class=\"wp-block-image size-large\"><img loading=\"lazy\" decoding=\"async\" width=\"685\" height=\"514\" data-id=\"9429\" src=\"https:\/\/powstaniewielkopolskie.pl\/nowa\/wp-content\/uploads\/2024\/10\/IMG_8642-bis.jpg\" alt=\"\" class=\"wp-image-9429\" srcset=\"https:\/\/powstaniewielkopolskie.pl\/nowa\/wp-content\/uploads\/2024\/10\/IMG_8642-bis.jpg 685w, https:\/\/powstaniewielkopolskie.pl\/nowa\/wp-content\/uploads\/2024\/10\/IMG_8642-bis-300x225.jpg 300w\" sizes=\"(max-width: 685px) 100vw, 685px\" \/><\/figure>\n\n\n\n<figure class=\"wp-block-image size-large\"><img loading=\"lazy\" decoding=\"async\" width=\"680\" height=\"510\" data-id=\"9430\" src=\"https:\/\/powstaniewielkopolskie.pl\/nowa\/wp-content\/uploads\/2024\/10\/IMG_8683-bis.jpg\" alt=\"\" class=\"wp-image-9430\" srcset=\"https:\/\/powstaniewielkopolskie.pl\/nowa\/wp-content\/uploads\/2024\/10\/IMG_8683-bis.jpg 680w, https:\/\/powstaniewielkopolskie.pl\/nowa\/wp-content\/uploads\/2024\/10\/IMG_8683-bis-300x225.jpg 300w\" sizes=\"(max-width: 680px) 100vw, 680px\" \/><\/figure>\n\n\n\n<figure class=\"wp-block-image size-large\"><img loading=\"lazy\" decoding=\"async\" width=\"680\" height=\"510\" data-id=\"9431\" src=\"https:\/\/powstaniewielkopolskie.pl\/nowa\/wp-content\/uploads\/2024\/10\/IMG_8895-bis.jpg\" alt=\"\" class=\"wp-image-9431\" srcset=\"https:\/\/powstaniewielkopolskie.pl\/nowa\/wp-content\/uploads\/2024\/10\/IMG_8895-bis.jpg 680w, https:\/\/powstaniewielkopolskie.pl\/nowa\/wp-content\/uploads\/2024\/10\/IMG_8895-bis-300x225.jpg 300w\" sizes=\"(max-width: 680px) 100vw, 680px\" \/><\/figure>\n<\/figure>\n\n\n\n<p><\/p>\n\n\n\n<p><\/p>\n\n\n\n<p><strong>4 pa\u017adziernika 2024 r.<\/strong> &#8211; w Miejsko-Gminnym O\u015brodku Kultury w Lw\u00f3wku odby\u0142a si\u0119 sesja naukowa \u201eWielkopolska w walkach o Niepodleg\u0142o\u015b\u0107 (1918-1920)&#8221;. Wyst\u0105pili na niej: dr Zdzis\u0142aw Ko\u015bcia\u0144ski, dr Micha\u0142 Krzy\u017caniak, ks. Robert Kulczy\u0144ski, Piotr Jerzykowski oraz Maciej Elantkowski. Przedstawione zosta\u0142y ciekawe referaty na nast\u0119puj\u0105ce tematy: \u201eStraty niemieckie w walkach przeciwko Wielkopolanom 1918-1920. Stan bada\u0144 i dalsze perspektywy\u201d, \u201eDzia\u0142ania bojowe 16 Pu\u0142ku U\u0142an\u00f3w Wlkp w wojnie polsko-bolszewickiej\u201d, \u201eGotha z Lewic. Historia zdobycznego samolotu w powstaniu wielkopolskim 1918\/19\u201d, \u201e2. Pu\u0142k Strzelc\u00f3w Wielkopolskich w walkach pod Po\u0142ockiem &#8211; 19-27 wrze\u015bnia 1919 r.\u201d oraz \u201eO generale Michale Milewskim, dow\u00f3dcy frontu zachodniego powstania wielkopolskiego 1918\/19\u201d. Pomi\u0119dzy wyst\u0105pieniami nie zabrak\u0142o pyta\u0144 ze strony zgromadzonej publiczno\u015bci oraz dyskusji pomi\u0119dzy badaczami. Swoj\u0105 obecno\u015bci\u0105 na sesji zaszczycili Wicestarosta Powiatu Nowotomyskiego Jakub Skrzypczak, cz\u0142onek Zarz\u0105du Powiatu Nowotomyskiego Krzysztof Pacholak oraz Burmistrz Miasta i Gminy Lw\u00f3wek Piotr D\u0142ugosz. Na sali widowiskowej MGOK Lw\u00f3wek zasiad\u0142a m\u0142odzie\u017c ze szk\u00f3\u0142 z Lw\u00f3wka, Z\u0119bowa i Posadowa. Wydarzenie to zosta\u0142o sfinansowane ze \u015brodk\u00f3w Starostwa Powiatu Nowotomyskiego. Organizatorem sesji by\u0142 O\u015brodek Wiedzy o Regionie w Lw\u00f3wku wraz ze lw\u00f3weckim ko\u0142em Towarzystwa Pami\u0119ci Powstania Wielkopolskiego 1918\/1919.<\/p>\n\n\n\n<p class=\"has-text-align-right\">Fot. Szymon Konieczny<\/p>\n<div data-animation=\"pulse\" data-icons-animation=\"no-animation\" data-overlay=\"on\" data-change-size=\"\" data-button-size=\"0.7\" style=\"font-size:0.7em;display:none;\" class=\"supsystic-social-sharing supsystic-social-sharing-package-flat supsystic-social-sharing-hide-on-homepage supsystic-social-sharing-content supsystic-social-sharing-content-align-center\" data-text=\"\"><a class=\"social-sharing-button sharer-flat sharer-flat-2 counter-standard digg\" target=\"_blank\" title=\"Digg\" href=\"http:\/\/digg.com\/submit?url=https%3A%2F%2Fpowstaniewielkopolskie.pl%2Fnowa%2F%3Fp%3D9427&title=Sesja+naukowa+%E2%80%9EWielkopolanie+w+walkach+o+Niepodleg%C5%82o%C5%9B%C4%87+%281918-1920%29%E2%80%9D\" data-nid=\"8\" data-name=\"\" data-pid=\"1\" data-post-id=\"9427\" data-url=\"https:\/\/powstaniewielkopolskie.pl\/nowa\/wp-admin\/admin-ajax.php\" data-url=\"https:\/\/powstaniewielkopolskie.pl\/nowa\/wp-admin\/admin-ajax.php\" data-description=\"Sesja naukowa \u201eWielkopolanie w walkach o Niepodleg\u0142o\u015b\u0107 (1918-1920)\u201d\" rel=\"nofollow\"><i class=\"fa fa-fw fa-digg\"><\/i><div class=\"counter-wrap standard\"><span class=\"counter\">0<\/span><\/div><\/a><a class=\"social-sharing-button sharer-flat sharer-flat-2 counter-standard mail\" target=\"_blank\" title=\"Mail\" href=\"#\" data-nid=\"16\" data-name=\"\" data-pid=\"1\" data-post-id=\"9427\" data-url=\"https:\/\/powstaniewielkopolskie.pl\/nowa\/wp-admin\/admin-ajax.php\" data-url=\"https:\/\/powstaniewielkopolskie.pl\/nowa\/wp-admin\/admin-ajax.php\" data-description=\"Sesja naukowa \u201eWielkopolanie w walkach o Niepodleg\u0142o\u015b\u0107 (1918-1920)\u201d\" rel=\"nofollow\"><i class=\"fa fa-fw fa-envelope-o\"><\/i><div class=\"counter-wrap standard\"><span class=\"counter\">0<\/span><\/div><\/a><a class=\"social-sharing-button sharer-flat sharer-flat-2 counter-standard facebook\" target=\"_blank\" title=\"Facebook\" href=\"http:\/\/www.facebook.com\/sharer.php?u=https%3A%2F%2Fpowstaniewielkopolskie.pl%2Fnowa%2F%3Fp%3D9427\" data-nid=\"1\" data-name=\"\" data-pid=\"1\" data-post-id=\"9427\" data-url=\"https:\/\/powstaniewielkopolskie.pl\/nowa\/wp-admin\/admin-ajax.php\" data-url=\"https:\/\/powstaniewielkopolskie.pl\/nowa\/wp-admin\/admin-ajax.php\" data-description=\"Sesja naukowa \u201eWielkopolanie w walkach o Niepodleg\u0142o\u015b\u0107 (1918-1920)\u201d\" rel=\"nofollow\"><i class=\"fa fa-fw fa-facebook\"><\/i><div class=\"counter-wrap standard\"><span class=\"counter\">0<\/span><\/div><\/a><a class=\"social-sharing-button sharer-flat sharer-flat-2 counter-standard whatsapp\" target=\"_blank\" title=\"WhatsApp\" href=\"whatsapp:\/\/send?text=https%3A%2F%2Fpowstaniewielkopolskie.pl%2Fnowa%2F%3Fp%3D9427\" data-nid=\"18\" data-name=\"\" data-pid=\"1\" data-post-id=\"9427\" data-url=\"https:\/\/powstaniewielkopolskie.pl\/nowa\/wp-admin\/admin-ajax.php\" data-url=\"https:\/\/powstaniewielkopolskie.pl\/nowa\/wp-admin\/admin-ajax.php\" data-description=\"Sesja naukowa \u201eWielkopolanie w walkach o Niepodleg\u0142o\u015b\u0107 (1918-1920)\u201d\" rel=\"nofollow\"><i class=\"fa fa-fw fa-whatsapp\"><\/i><div class=\"counter-wrap standard\"><span class=\"counter\">0<\/span><\/div><\/a><a class=\"social-sharing-button sharer-flat sharer-flat-2 counter-standard twitter\" target=\"_blank\" title=\"Twitter\" href=\"https:\/\/twitter.com\/share?url=https%3A%2F%2Fpowstaniewielkopolskie.pl%2Fnowa%2F%3Fp%3D9427&text=Sesja+naukowa+%E2%80%9EWielkopolanie+w+walkach+o+Niepodleg%C5%82o%C5%9B%C4%87+%281918-1920%29%E2%80%9D\" data-nid=\"2\" data-name=\"\" data-pid=\"1\" data-post-id=\"9427\" data-url=\"https:\/\/powstaniewielkopolskie.pl\/nowa\/wp-admin\/admin-ajax.php\" data-url=\"https:\/\/powstaniewielkopolskie.pl\/nowa\/wp-admin\/admin-ajax.php\" data-description=\"Sesja naukowa \u201eWielkopolanie w walkach o Niepodleg\u0142o\u015b\u0107 (1918-1920)\u201d\" rel=\"nofollow\"><i class=\"fa fa-fw fa-twitter\"><\/i><div class=\"counter-wrap standard\"><span class=\"counter\">0<\/span><\/div><\/a><a class=\"social-sharing-button sharer-flat sharer-flat-2 counter-standard googleplus\" target=\"_blank\" title=\"Google+\" href=\"https:\/\/plus.google.com\/share?url=https%3A%2F%2Fpowstaniewielkopolskie.pl%2Fnowa%2F%3Fp%3D9427\" data-nid=\"3\" data-name=\"\" data-pid=\"1\" data-post-id=\"9427\" data-url=\"https:\/\/powstaniewielkopolskie.pl\/nowa\/wp-admin\/admin-ajax.php\" data-url=\"https:\/\/powstaniewielkopolskie.pl\/nowa\/wp-admin\/admin-ajax.php\" data-description=\"Sesja naukowa \u201eWielkopolanie w walkach o Niepodleg\u0142o\u015b\u0107 (1918-1920)\u201d\" rel=\"nofollow\"><i class=\"fa fa-fw fa-google-plus\"><\/i><div class=\"counter-wrap standard\"><span class=\"counter\">0<\/span><\/div><\/a><\/div>","protected":false},"excerpt":{"rendered":"<p>4 pa\u017adziernika 2024 r. &#8211; w Miejsko-Gminnym O\u015brodku Kultury w Lw\u00f3wku odby\u0142a si\u0119 sesja naukowa \u201eWielkopolska w walkach o Niepodleg\u0142o\u015b\u0107 (1918-1920)&#8221;. Wyst\u0105pili na niej: dr Zdzis\u0142aw Ko\u015bcia\u0144ski, dr Micha\u0142 Krzy\u017caniak, ks. Robert<a class=\"moretag\" href=\"https:\/\/powstaniewielkopolskie.pl\/nowa\/?p=9427\">Czytaj wi\u0119cej&#8230;<\/a><\/p>\n<div data-animation=\"pulse\" data-icons-animation=\"no-animation\" data-overlay=\"on\" data-change-size=\"\" data-button-size=\"0.7\" style=\"font-size:0.7em;display:none;\" class=\"supsystic-social-sharing supsystic-social-sharing-package-flat supsystic-social-sharing-hide-on-homepage supsystic-social-sharing-content supsystic-social-sharing-content-align-center\" data-text=\"\"><a class=\"social-sharing-button sharer-flat sharer-flat-2 counter-standard digg\" target=\"_blank\" title=\"Digg\" href=\"http:\/\/digg.com\/submit?url=https%3A%2F%2Fpowstaniewielkopolskie.pl%2Fnowa%2F%3Fp%3D9427&title=Sesja+naukowa+%E2%80%9EWielkopolanie+w+walkach+o+Niepodleg%C5%82o%C5%9B%C4%87+%281918-1920%29%E2%80%9D\" data-nid=\"8\" data-name=\"\" data-pid=\"1\" data-post-id=\"9427\" data-url=\"https:\/\/powstaniewielkopolskie.pl\/nowa\/wp-admin\/admin-ajax.php\" data-url=\"https:\/\/powstaniewielkopolskie.pl\/nowa\/wp-admin\/admin-ajax.php\" data-description=\"Sesja naukowa \u201eWielkopolanie w walkach o Niepodleg\u0142o\u015b\u0107 (1918-1920)\u201d\" rel=\"nofollow\"><i class=\"fa fa-fw fa-digg\"><\/i><div class=\"counter-wrap standard\"><span class=\"counter\">0<\/span><\/div><\/a><a class=\"social-sharing-button sharer-flat sharer-flat-2 counter-standard mail\" target=\"_blank\" title=\"Mail\" href=\"#\" data-nid=\"16\" data-name=\"\" data-pid=\"1\" data-post-id=\"9427\" data-url=\"https:\/\/powstaniewielkopolskie.pl\/nowa\/wp-admin\/admin-ajax.php\" data-url=\"https:\/\/powstaniewielkopolskie.pl\/nowa\/wp-admin\/admin-ajax.php\" data-description=\"Sesja naukowa \u201eWielkopolanie w walkach o Niepodleg\u0142o\u015b\u0107 (1918-1920)\u201d\" rel=\"nofollow\"><i class=\"fa fa-fw fa-envelope-o\"><\/i><div class=\"counter-wrap standard\"><span class=\"counter\">0<\/span><\/div><\/a><a class=\"social-sharing-button sharer-flat sharer-flat-2 counter-standard facebook\" target=\"_blank\" title=\"Facebook\" href=\"http:\/\/www.facebook.com\/sharer.php?u=https%3A%2F%2Fpowstaniewielkopolskie.pl%2Fnowa%2F%3Fp%3D9427\" data-nid=\"1\" data-name=\"\" data-pid=\"1\" data-post-id=\"9427\" data-url=\"https:\/\/powstaniewielkopolskie.pl\/nowa\/wp-admin\/admin-ajax.php\" data-url=\"https:\/\/powstaniewielkopolskie.pl\/nowa\/wp-admin\/admin-ajax.php\" data-description=\"Sesja naukowa \u201eWielkopolanie w walkach o Niepodleg\u0142o\u015b\u0107 (1918-1920)\u201d\" rel=\"nofollow\"><i class=\"fa fa-fw fa-facebook\"><\/i><div class=\"counter-wrap standard\"><span class=\"counter\">0<\/span><\/div><\/a><a class=\"social-sharing-button sharer-flat sharer-flat-2 counter-standard whatsapp\" target=\"_blank\" title=\"WhatsApp\" href=\"whatsapp:\/\/send?text=https%3A%2F%2Fpowstaniewielkopolskie.pl%2Fnowa%2F%3Fp%3D9427\" data-nid=\"18\" data-name=\"\" data-pid=\"1\" data-post-id=\"9427\" data-url=\"https:\/\/powstaniewielkopolskie.pl\/nowa\/wp-admin\/admin-ajax.php\" data-url=\"https:\/\/powstaniewielkopolskie.pl\/nowa\/wp-admin\/admin-ajax.php\" data-description=\"Sesja naukowa \u201eWielkopolanie w walkach o Niepodleg\u0142o\u015b\u0107 (1918-1920)\u201d\" rel=\"nofollow\"><i class=\"fa fa-fw fa-whatsapp\"><\/i><div class=\"counter-wrap standard\"><span class=\"counter\">0<\/span><\/div><\/a><a class=\"social-sharing-button sharer-flat sharer-flat-2 counter-standard twitter\" target=\"_blank\" title=\"Twitter\" href=\"https:\/\/twitter.com\/share?url=https%3A%2F%2Fpowstaniewielkopolskie.pl%2Fnowa%2F%3Fp%3D9427&text=Sesja+naukowa+%E2%80%9EWielkopolanie+w+walkach+o+Niepodleg%C5%82o%C5%9B%C4%87+%281918-1920%29%E2%80%9D\" data-nid=\"2\" data-name=\"\" data-pid=\"1\" data-post-id=\"9427\" data-url=\"https:\/\/powstaniewielkopolskie.pl\/nowa\/wp-admin\/admin-ajax.php\" data-url=\"https:\/\/powstaniewielkopolskie.pl\/nowa\/wp-admin\/admin-ajax.php\" data-description=\"Sesja naukowa \u201eWielkopolanie w walkach o Niepodleg\u0142o\u015b\u0107 (1918-1920)\u201d\" rel=\"nofollow\"><i class=\"fa fa-fw fa-twitter\"><\/i><div class=\"counter-wrap standard\"><span class=\"counter\">0<\/span><\/div><\/a><a class=\"social-sharing-button sharer-flat sharer-flat-2 counter-standard googleplus\" target=\"_blank\" title=\"Google+\" href=\"https:\/\/plus.google.com\/share?url=https%3A%2F%2Fpowstaniewielkopolskie.pl%2Fnowa%2F%3Fp%3D9427\" data-nid=\"3\" data-name=\"\" data-pid=\"1\" data-post-id=\"9427\" data-url=\"https:\/\/powstaniewielkopolskie.pl\/nowa\/wp-admin\/admin-ajax.php\" data-url=\"https:\/\/powstaniewielkopolskie.pl\/nowa\/wp-admin\/admin-ajax.php\" data-description=\"Sesja naukowa \u201eWielkopolanie w walkach o Niepodleg\u0142o\u015b\u0107 (1918-1920)\u201d\" rel=\"nofollow\"><i class=\"fa fa-fw fa-google-plus\"><\/i><div class=\"counter-wrap standard\"><span class=\"counter\">0<\/span><\/div><\/a><\/div>","protected":false},"author":4,"featured_media":9428,"comment_status":"closed","ping_status":"open","sticky":false,"template":"","format":"standard","meta":{"footnotes":""},"categories":[3],"tags":[],"_links":{"self":[{"href":"https:\/\/powstaniewielkopolskie.pl\/nowa\/index.php?rest_route=\/wp\/v2\/posts\/9427"}],"collection":[{"href":"https:\/\/powstaniewielkopolskie.pl\/nowa\/index.php?rest_route=\/wp\/v2\/posts"}],"about":[{"href":"https:\/\/powstaniewielkopolskie.pl\/nowa\/index.php?rest_route=\/wp\/v2\/types\/post"}],"author":[{"embeddable":true,"href":"https:\/\/powstaniewielkopolskie.pl\/nowa\/index.php?rest_route=\/wp\/v2\/users\/4"}],"replies":[{"embeddable":true,"href":"https:\/\/powstaniewielkopolskie.pl\/nowa\/index.php?rest_route=%2Fwp%2Fv2%2Fcomments&post=9427"}],"version-history":[{"count":2,"href":"https:\/\/powstaniewielkopolskie.pl\/nowa\/index.php?rest_route=\/wp\/v2\/posts\/9427\/revisions"}],"predecessor-version":[{"id":9451,"href":"https:\/\/powstaniewielkopolskie.pl\/nowa\/index.php?rest_route=\/wp\/v2\/posts\/9427\/revisions\/9451"}],"wp:featuredmedia":[{"embeddable":true,"href":"https:\/\/powstaniewielkopolskie.pl\/nowa\/index.php?rest_route=\/wp\/v2\/media\/9428"}],"wp:attachment":[{"href":"https:\/\/powstaniewielkopolskie.pl\/nowa\/index.php?rest_route=%2Fwp%2Fv2%2Fmedia&parent=9427"}],"wp:term":[{"taxonomy":"category","embeddable":true,"href":"https:\/\/powstaniewielkopolskie.pl\/nowa\/index.php?rest_route=%2Fwp%2Fv2%2Fcategories&post=9427"},{"taxonomy":"post_tag","embeddable":true,"href":"https:\/\/powstaniewielkopolskie.pl\/nowa\/index.php?rest_route=%2Fwp%2Fv2%2Ftags&post=9427"}],"curies":[{"name":"wp","href":"https:\/\/api.w.org\/{rel}","templated":true}]}}