{"id":9291,"date":"2024-06-25T00:52:29","date_gmt":"2024-06-24T22:52:29","guid":{"rendered":"https:\/\/powstaniewielkopolskie.pl\/nowa\/?p=9291"},"modified":"2024-06-25T00:52:30","modified_gmt":"2024-06-24T22:52:30","slug":"uroczystosc-patriotyczna-w-biedrusku","status":"publish","type":"post","link":"https:\/\/powstaniewielkopolskie.pl\/nowa\/?p=9291","title":{"rendered":"Uroczysto\u015b\u0107 patriotyczna w Biedrusku"},"content":{"rendered":"\n<p><strong>23 czerwca 2024 r.<\/strong> &#8211; w Biedrusku odby\u0142a si\u0119 uroczysto\u015b\u0107 patriotyczna zwi\u0105zana z 105. rocznic\u0105 podpisania traktatu wersalskiego. Traktat ostatecznie przywraca\u0142 Polsce niepodleg\u0142o\u015b\u0107, na mocy jego ustalono m.in. granic\u0119 zachodni\u0105 Rzeczypospolitej po zwyci\u0119skim Powstaniu Wielkopolskim. Uroczysto\u015b\u0107 poprzedzi\u0142a msza \u015bw. w intencji Ojczyzny i poleg\u0142ych \u017co\u0142nierzy polskich. Nast\u0119pnie odby\u0142 si\u0119 przemarsz z pododdzia\u0142em Wojska Polskiego do \u201eNarodowego Panteonu Powsta\u0144c\u00f3w Wielkopolskich\u201d usytuowanego w pa\u0142acowym parku. W\u0142a\u015bnie w tym roku mija 5. rocznica jego ods\u0142oni\u0119cia. Z tej okazji inicjator powstania tego pomnika Jan Kucharski przypomnia\u0142 histori\u0119 tego miejsca, g\u0142os zabrali r\u00f3wnie\u017c zaproszeni go\u015bcie. Nast\u0119pnie odczytano apel poleg\u0142ych po kt\u00f3rym oddano salw\u0105 honorow\u0105 wykonan\u0105 przez \u017co\u0142nierzy z CSWL. Na zako\u0144czenie odby\u0142o si\u0119 przej\u015bcie \u015bcie\u017ck\u0105 \u201eOjc\u00f3w Polskiej Niepodleg\u0142o\u015bci\u201d \u2013 od niewoli do wolno\u015bci. Przy obelisku dow\u00f3dc\u00f3w Powstania Wielkopolskiego cz\u0142onek Zarz\u0105du G\u0142\u00f3wnego Towarzystwa Pami\u0119ci Powstania Wielkopolskiego, wiceprezes Oddzia\u0142u Wielkopolskiego Piotr Stachecki zapali\u0142 znicz pami\u0119ci, zabieraj\u0105c g\u0142os podkre\u015bli\u0142 znaczenie garnizonu Biedrusko w tworzeniu Armii Wielkopolskiej, kt\u00f3ra po Powstaniu Wielkopolskim walczy\u0142a z bolszewick\u0105 nawa\u0142\u0105.<\/p>\n\n\n\n<p class=\"has-text-align-right\"> Fot. Piotr Stachecki<\/p>\n<div data-animation=\"pulse\" data-icons-animation=\"no-animation\" data-overlay=\"on\" data-change-size=\"\" data-button-size=\"0.7\" style=\"font-size:0.7em;display:none;\" class=\"supsystic-social-sharing supsystic-social-sharing-package-flat supsystic-social-sharing-hide-on-homepage supsystic-social-sharing-content supsystic-social-sharing-content-align-center\" data-text=\"\"><a class=\"social-sharing-button sharer-flat sharer-flat-2 counter-standard digg\" target=\"_blank\" title=\"Digg\" href=\"http:\/\/digg.com\/submit?url=https%3A%2F%2Fpowstaniewielkopolskie.pl%2Fnowa%2F%3Fp%3D9291&title=Uroczysto%C5%9B%C4%87+patriotyczna+w+Biedrusku\" data-nid=\"8\" data-name=\"\" data-pid=\"1\" data-post-id=\"9291\" data-url=\"https:\/\/powstaniewielkopolskie.pl\/nowa\/wp-admin\/admin-ajax.php\" data-url=\"https:\/\/powstaniewielkopolskie.pl\/nowa\/wp-admin\/admin-ajax.php\" data-description=\"Uroczysto\u015b\u0107 patriotyczna w Biedrusku\" rel=\"nofollow\"><i class=\"fa fa-fw fa-digg\"><\/i><div class=\"counter-wrap standard\"><span class=\"counter\">0<\/span><\/div><\/a><a class=\"social-sharing-button sharer-flat sharer-flat-2 counter-standard mail\" target=\"_blank\" title=\"Mail\" href=\"#\" data-nid=\"16\" data-name=\"\" data-pid=\"1\" data-post-id=\"9291\" data-url=\"https:\/\/powstaniewielkopolskie.pl\/nowa\/wp-admin\/admin-ajax.php\" data-url=\"https:\/\/powstaniewielkopolskie.pl\/nowa\/wp-admin\/admin-ajax.php\" data-description=\"Uroczysto\u015b\u0107 patriotyczna w Biedrusku\" rel=\"nofollow\"><i class=\"fa fa-fw fa-envelope-o\"><\/i><div class=\"counter-wrap standard\"><span class=\"counter\">0<\/span><\/div><\/a><a class=\"social-sharing-button sharer-flat sharer-flat-2 counter-standard facebook\" target=\"_blank\" title=\"Facebook\" href=\"http:\/\/www.facebook.com\/sharer.php?u=https%3A%2F%2Fpowstaniewielkopolskie.pl%2Fnowa%2F%3Fp%3D9291\" data-nid=\"1\" data-name=\"\" data-pid=\"1\" data-post-id=\"9291\" data-url=\"https:\/\/powstaniewielkopolskie.pl\/nowa\/wp-admin\/admin-ajax.php\" data-url=\"https:\/\/powstaniewielkopolskie.pl\/nowa\/wp-admin\/admin-ajax.php\" data-description=\"Uroczysto\u015b\u0107 patriotyczna w Biedrusku\" rel=\"nofollow\"><i class=\"fa fa-fw fa-facebook\"><\/i><div class=\"counter-wrap standard\"><span class=\"counter\">0<\/span><\/div><\/a><a class=\"social-sharing-button sharer-flat sharer-flat-2 counter-standard whatsapp\" target=\"_blank\" title=\"WhatsApp\" href=\"whatsapp:\/\/send?text=https%3A%2F%2Fpowstaniewielkopolskie.pl%2Fnowa%2F%3Fp%3D9291\" data-nid=\"18\" data-name=\"\" data-pid=\"1\" data-post-id=\"9291\" data-url=\"https:\/\/powstaniewielkopolskie.pl\/nowa\/wp-admin\/admin-ajax.php\" data-url=\"https:\/\/powstaniewielkopolskie.pl\/nowa\/wp-admin\/admin-ajax.php\" data-description=\"Uroczysto\u015b\u0107 patriotyczna w Biedrusku\" rel=\"nofollow\"><i class=\"fa fa-fw fa-whatsapp\"><\/i><div class=\"counter-wrap standard\"><span class=\"counter\">0<\/span><\/div><\/a><a class=\"social-sharing-button sharer-flat sharer-flat-2 counter-standard twitter\" target=\"_blank\" title=\"Twitter\" href=\"https:\/\/twitter.com\/share?url=https%3A%2F%2Fpowstaniewielkopolskie.pl%2Fnowa%2F%3Fp%3D9291&text=Uroczysto%C5%9B%C4%87+patriotyczna+w+Biedrusku\" data-nid=\"2\" data-name=\"\" data-pid=\"1\" data-post-id=\"9291\" data-url=\"https:\/\/powstaniewielkopolskie.pl\/nowa\/wp-admin\/admin-ajax.php\" data-url=\"https:\/\/powstaniewielkopolskie.pl\/nowa\/wp-admin\/admin-ajax.php\" data-description=\"Uroczysto\u015b\u0107 patriotyczna w Biedrusku\" rel=\"nofollow\"><i class=\"fa fa-fw fa-twitter\"><\/i><div class=\"counter-wrap standard\"><span class=\"counter\">0<\/span><\/div><\/a><a class=\"social-sharing-button sharer-flat sharer-flat-2 counter-standard googleplus\" target=\"_blank\" title=\"Google+\" href=\"https:\/\/plus.google.com\/share?url=https%3A%2F%2Fpowstaniewielkopolskie.pl%2Fnowa%2F%3Fp%3D9291\" data-nid=\"3\" data-name=\"\" data-pid=\"1\" data-post-id=\"9291\" data-url=\"https:\/\/powstaniewielkopolskie.pl\/nowa\/wp-admin\/admin-ajax.php\" data-url=\"https:\/\/powstaniewielkopolskie.pl\/nowa\/wp-admin\/admin-ajax.php\" data-description=\"Uroczysto\u015b\u0107 patriotyczna w Biedrusku\" rel=\"nofollow\"><i class=\"fa fa-fw fa-google-plus\"><\/i><div class=\"counter-wrap standard\"><span class=\"counter\">0<\/span><\/div><\/a><\/div>","protected":false},"excerpt":{"rendered":"<p>23 czerwca 2024 r. &#8211; w Biedrusku odby\u0142a si\u0119 uroczysto\u015b\u0107 patriotyczna zwi\u0105zana z 105. rocznic\u0105 podpisania traktatu wersalskiego. Traktat ostatecznie przywraca\u0142 Polsce niepodleg\u0142o\u015b\u0107, na mocy jego ustalono m.in. granic\u0119 zachodni\u0105 Rzeczypospolitej po<a class=\"moretag\" href=\"https:\/\/powstaniewielkopolskie.pl\/nowa\/?p=9291\">Czytaj wi\u0119cej&#8230;<\/a><\/p>\n<div data-animation=\"pulse\" data-icons-animation=\"no-animation\" data-overlay=\"on\" data-change-size=\"\" data-button-size=\"0.7\" style=\"font-size:0.7em;display:none;\" class=\"supsystic-social-sharing supsystic-social-sharing-package-flat supsystic-social-sharing-hide-on-homepage supsystic-social-sharing-content supsystic-social-sharing-content-align-center\" data-text=\"\"><a class=\"social-sharing-button sharer-flat sharer-flat-2 counter-standard digg\" target=\"_blank\" title=\"Digg\" href=\"http:\/\/digg.com\/submit?url=https%3A%2F%2Fpowstaniewielkopolskie.pl%2Fnowa%2F%3Fp%3D9291&title=Uroczysto%C5%9B%C4%87+patriotyczna+w+Biedrusku\" data-nid=\"8\" data-name=\"\" data-pid=\"1\" data-post-id=\"9291\" data-url=\"https:\/\/powstaniewielkopolskie.pl\/nowa\/wp-admin\/admin-ajax.php\" data-url=\"https:\/\/powstaniewielkopolskie.pl\/nowa\/wp-admin\/admin-ajax.php\" data-description=\"Uroczysto\u015b\u0107 patriotyczna w Biedrusku\" rel=\"nofollow\"><i class=\"fa fa-fw fa-digg\"><\/i><div class=\"counter-wrap standard\"><span class=\"counter\">0<\/span><\/div><\/a><a class=\"social-sharing-button sharer-flat sharer-flat-2 counter-standard mail\" target=\"_blank\" title=\"Mail\" href=\"#\" data-nid=\"16\" data-name=\"\" data-pid=\"1\" data-post-id=\"9291\" data-url=\"https:\/\/powstaniewielkopolskie.pl\/nowa\/wp-admin\/admin-ajax.php\" data-url=\"https:\/\/powstaniewielkopolskie.pl\/nowa\/wp-admin\/admin-ajax.php\" data-description=\"Uroczysto\u015b\u0107 patriotyczna w Biedrusku\" rel=\"nofollow\"><i class=\"fa fa-fw fa-envelope-o\"><\/i><div class=\"counter-wrap standard\"><span class=\"counter\">0<\/span><\/div><\/a><a class=\"social-sharing-button sharer-flat sharer-flat-2 counter-standard facebook\" target=\"_blank\" title=\"Facebook\" href=\"http:\/\/www.facebook.com\/sharer.php?u=https%3A%2F%2Fpowstaniewielkopolskie.pl%2Fnowa%2F%3Fp%3D9291\" data-nid=\"1\" data-name=\"\" data-pid=\"1\" data-post-id=\"9291\" data-url=\"https:\/\/powstaniewielkopolskie.pl\/nowa\/wp-admin\/admin-ajax.php\" data-url=\"https:\/\/powstaniewielkopolskie.pl\/nowa\/wp-admin\/admin-ajax.php\" data-description=\"Uroczysto\u015b\u0107 patriotyczna w Biedrusku\" rel=\"nofollow\"><i class=\"fa fa-fw fa-facebook\"><\/i><div class=\"counter-wrap standard\"><span class=\"counter\">0<\/span><\/div><\/a><a class=\"social-sharing-button sharer-flat sharer-flat-2 counter-standard whatsapp\" target=\"_blank\" title=\"WhatsApp\" href=\"whatsapp:\/\/send?text=https%3A%2F%2Fpowstaniewielkopolskie.pl%2Fnowa%2F%3Fp%3D9291\" data-nid=\"18\" data-name=\"\" data-pid=\"1\" data-post-id=\"9291\" data-url=\"https:\/\/powstaniewielkopolskie.pl\/nowa\/wp-admin\/admin-ajax.php\" data-url=\"https:\/\/powstaniewielkopolskie.pl\/nowa\/wp-admin\/admin-ajax.php\" data-description=\"Uroczysto\u015b\u0107 patriotyczna w Biedrusku\" rel=\"nofollow\"><i class=\"fa fa-fw fa-whatsapp\"><\/i><div class=\"counter-wrap standard\"><span class=\"counter\">0<\/span><\/div><\/a><a class=\"social-sharing-button sharer-flat sharer-flat-2 counter-standard twitter\" target=\"_blank\" title=\"Twitter\" href=\"https:\/\/twitter.com\/share?url=https%3A%2F%2Fpowstaniewielkopolskie.pl%2Fnowa%2F%3Fp%3D9291&text=Uroczysto%C5%9B%C4%87+patriotyczna+w+Biedrusku\" data-nid=\"2\" data-name=\"\" data-pid=\"1\" data-post-id=\"9291\" data-url=\"https:\/\/powstaniewielkopolskie.pl\/nowa\/wp-admin\/admin-ajax.php\" data-url=\"https:\/\/powstaniewielkopolskie.pl\/nowa\/wp-admin\/admin-ajax.php\" data-description=\"Uroczysto\u015b\u0107 patriotyczna w Biedrusku\" rel=\"nofollow\"><i class=\"fa fa-fw fa-twitter\"><\/i><div class=\"counter-wrap standard\"><span class=\"counter\">0<\/span><\/div><\/a><a class=\"social-sharing-button sharer-flat sharer-flat-2 counter-standard googleplus\" target=\"_blank\" title=\"Google+\" href=\"https:\/\/plus.google.com\/share?url=https%3A%2F%2Fpowstaniewielkopolskie.pl%2Fnowa%2F%3Fp%3D9291\" data-nid=\"3\" data-name=\"\" data-pid=\"1\" data-post-id=\"9291\" data-url=\"https:\/\/powstaniewielkopolskie.pl\/nowa\/wp-admin\/admin-ajax.php\" data-url=\"https:\/\/powstaniewielkopolskie.pl\/nowa\/wp-admin\/admin-ajax.php\" data-description=\"Uroczysto\u015b\u0107 patriotyczna w Biedrusku\" rel=\"nofollow\"><i class=\"fa fa-fw fa-google-plus\"><\/i><div class=\"counter-wrap standard\"><span class=\"counter\">0<\/span><\/div><\/a><\/div>","protected":false},"author":4,"featured_media":9292,"comment_status":"closed","ping_status":"open","sticky":false,"template":"","format":"standard","meta":{"footnotes":""},"categories":[3],"tags":[],"_links":{"self":[{"href":"https:\/\/powstaniewielkopolskie.pl\/nowa\/index.php?rest_route=\/wp\/v2\/posts\/9291"}],"collection":[{"href":"https:\/\/powstaniewielkopolskie.pl\/nowa\/index.php?rest_route=\/wp\/v2\/posts"}],"about":[{"href":"https:\/\/powstaniewielkopolskie.pl\/nowa\/index.php?rest_route=\/wp\/v2\/types\/post"}],"author":[{"embeddable":true,"href":"https:\/\/powstaniewielkopolskie.pl\/nowa\/index.php?rest_route=\/wp\/v2\/users\/4"}],"replies":[{"embeddable":true,"href":"https:\/\/powstaniewielkopolskie.pl\/nowa\/index.php?rest_route=%2Fwp%2Fv2%2Fcomments&post=9291"}],"version-history":[{"count":2,"href":"https:\/\/powstaniewielkopolskie.pl\/nowa\/index.php?rest_route=\/wp\/v2\/posts\/9291\/revisions"}],"predecessor-version":[{"id":9294,"href":"https:\/\/powstaniewielkopolskie.pl\/nowa\/index.php?rest_route=\/wp\/v2\/posts\/9291\/revisions\/9294"}],"wp:featuredmedia":[{"embeddable":true,"href":"https:\/\/powstaniewielkopolskie.pl\/nowa\/index.php?rest_route=\/wp\/v2\/media\/9292"}],"wp:attachment":[{"href":"https:\/\/powstaniewielkopolskie.pl\/nowa\/index.php?rest_route=%2Fwp%2Fv2%2Fmedia&parent=9291"}],"wp:term":[{"taxonomy":"category","embeddable":true,"href":"https:\/\/powstaniewielkopolskie.pl\/nowa\/index.php?rest_route=%2Fwp%2Fv2%2Fcategories&post=9291"},{"taxonomy":"post_tag","embeddable":true,"href":"https:\/\/powstaniewielkopolskie.pl\/nowa\/index.php?rest_route=%2Fwp%2Fv2%2Ftags&post=9291"}],"curies":[{"name":"wp","href":"https:\/\/api.w.org\/{rel}","templated":true}]}}