{"id":9271,"date":"2024-06-16T16:14:29","date_gmt":"2024-06-16T14:14:29","guid":{"rendered":"https:\/\/powstaniewielkopolskie.pl\/nowa\/?p=9271"},"modified":"2024-06-16T16:14:31","modified_gmt":"2024-06-16T14:14:31","slug":"uroczystosci-rocznicowe-w-lgowie-5","status":"publish","type":"post","link":"https:\/\/powstaniewielkopolskie.pl\/nowa\/?p=9271","title":{"rendered":"Uroczysto\u015bci rocznicowe w Lgowie"},"content":{"rendered":"\n<p><\/p>\n\n\n\n<figure class=\"wp-block-gallery has-nested-images columns-default is-cropped wp-block-gallery-1 is-layout-flex wp-block-gallery-is-layout-flex\">\n<figure class=\"wp-block-image size-large\"><img loading=\"lazy\" decoding=\"async\" width=\"874\" height=\"582\" data-id=\"9274\" src=\"https:\/\/powstaniewielkopolskie.pl\/nowa\/wp-content\/uploads\/2024\/06\/DSC_1684-bis.jpg\" alt=\"\" class=\"wp-image-9274\" srcset=\"https:\/\/powstaniewielkopolskie.pl\/nowa\/wp-content\/uploads\/2024\/06\/DSC_1684-bis.jpg 874w, https:\/\/powstaniewielkopolskie.pl\/nowa\/wp-content\/uploads\/2024\/06\/DSC_1684-bis-300x200.jpg 300w, https:\/\/powstaniewielkopolskie.pl\/nowa\/wp-content\/uploads\/2024\/06\/DSC_1684-bis-768x511.jpg 768w\" sizes=\"(max-width: 874px) 100vw, 874px\" \/><\/figure>\n\n\n\n<figure class=\"wp-block-image size-large\"><img loading=\"lazy\" decoding=\"async\" width=\"874\" height=\"582\" data-id=\"9276\" src=\"https:\/\/powstaniewielkopolskie.pl\/nowa\/wp-content\/uploads\/2024\/06\/DSC_1729-bis.jpg\" alt=\"\" class=\"wp-image-9276\" srcset=\"https:\/\/powstaniewielkopolskie.pl\/nowa\/wp-content\/uploads\/2024\/06\/DSC_1729-bis.jpg 874w, https:\/\/powstaniewielkopolskie.pl\/nowa\/wp-content\/uploads\/2024\/06\/DSC_1729-bis-300x200.jpg 300w, https:\/\/powstaniewielkopolskie.pl\/nowa\/wp-content\/uploads\/2024\/06\/DSC_1729-bis-768x511.jpg 768w\" sizes=\"(max-width: 874px) 100vw, 874px\" \/><\/figure>\n\n\n\n<figure class=\"wp-block-image size-large\"><img loading=\"lazy\" decoding=\"async\" width=\"874\" height=\"582\" data-id=\"9277\" src=\"https:\/\/powstaniewielkopolskie.pl\/nowa\/wp-content\/uploads\/2024\/06\/DSC_1817-4-bis.jpg\" alt=\"\" class=\"wp-image-9277\" srcset=\"https:\/\/powstaniewielkopolskie.pl\/nowa\/wp-content\/uploads\/2024\/06\/DSC_1817-4-bis.jpg 874w, https:\/\/powstaniewielkopolskie.pl\/nowa\/wp-content\/uploads\/2024\/06\/DSC_1817-4-bis-300x200.jpg 300w, https:\/\/powstaniewielkopolskie.pl\/nowa\/wp-content\/uploads\/2024\/06\/DSC_1817-4-bis-768x511.jpg 768w\" sizes=\"(max-width: 874px) 100vw, 874px\" \/><\/figure>\n<\/figure>\n\n\n\n<p><\/p>\n\n\n\n<p><strong>9 czerwca 2024 r.<\/strong> &#8211; w ko\u015bciele Narodzenia Naj\u015bwi\u0119tszej Marii Panny w Lgowie odprawiona zosta\u0142a msza \u015bw. z ceremonia\u0142em wojskowym w 98. rocznic\u0119 \u015bmierci mjr Zbigniewa Gorze\u0144skiego-Ostroroga i jego podkomendnych oraz potomk\u00f3w Gorze\u0144skich i zmar\u0142ych z rodziny Skar\u017cy\u0144skich. Nabo\u017ce\u0144stwo odprawi\u0142 i homili\u0119 wyg\u0142osi\u0142 ksi\u0105dz proboszcz Przemys\u0142aw Kubiak. W uroczysto\u015bci wzi\u0119\u0142y udzia\u0142 delegacje: w\u0142adz samorz\u0105dowych Miasta i Gminy \u017berk\u00f3w, So\u0142ectwa Lg\u00f3w , Powiatu Jaroci\u0144skiego, Szko\u0142y Podstawowej im. ks. J. Twardowskiego w Dobieszczy\u017anie, 33. Wielopoziomowej Dru\u017cyny Harcerskiej im. M. Kopernika w \u017berkowie oraz Ko\u0142a \u017berk\u00f3w TPPW. Obecne by\u0142y r\u00f3wnie\u017c poczty sztandarowe: 16. Jaroci\u0144skiego Batalionu Remontu Lotnisk im. gen. bryg. S. Taczaka, Zespo\u0142u Szk\u00f3\u0142 Przyrodniczo-Biznesowych im. J. Dziubi\u0144skiej w Tarcach, Szko\u0142y Podstawowej im. A. Mickiewicza w \u017berkowie, Szko\u0142y Podstawowej im. Powsta\u0144c\u00f3w Wielkopolskich w Komorzu Przybys\u0142awskim i Kurkowego Bractwa Strzeleckiego w \u017berkowie. Msz\u0119 zako\u0144czy\u0142o od\u015bpiewanie \u201eRoty\u201d, po czym na przyko\u015bcielnym cmentarzu odby\u0142a si\u0119 uroczysto\u015b\u0107 w kwaterze Gorze\u0144skich i Skar\u017cy\u0144skich. Po wci\u0105gni\u0119ciu przy d\u017awi\u0119kach hymnu narodowego flagi pa\u0144stwowej na maszt, ksi\u0105dz Przemys\u0142aw Kubiak przewodniczy\u0142 modlitwie w intencji mjr Gorze\u0144skiego-Ostroroga i jego podkomendnych. Nast\u0119pnie po\u015bwi\u0119ci\u0142 odnowione mogi\u0142y kwatery, a zgromadzone delegacje, w wojskowej asy\u015bcie honorowej, z\u0142o\u017cy\u0142y kwiaty i znicze. Kurkowe Bractwo Strzeleckie odda\u0142o salw\u0119 honorow\u0105. Na zako\u0144czenie uroczysto\u015bci delegacje gminy \u017berk\u00f3w z\u0142o\u017cy\u0142y kwiaty na mogile mieszka\u0144c\u00f3w Lgowa poleg\u0142ych w latach 1914-1920. Ca\u0142o\u015b\u0107 u\u015bwietni\u0142a Orkiestra Mickiewiczowskiego Centrum Turystycznego w \u017berkowie, pod batut\u0105 kapelmistrza Krzysztofa Stodolnego. Organizatorami uroczysto\u015bci byli: Robert Rogacki \u2013 prezes Ko\u0142a \u017berk\u00f3w Towarzystwa Pami\u0119ci Powstania Wielkopolskiego i starszy chor\u0105\u017cy sztabowy Maciej Piekarski \u2013 Dow\u00f3dztwo 3. Skrzyd\u0142a Lotnictwa Transportowego w Powidzu przy wsp\u00f3\u0142pracy z Urz\u0119dem Miasta i Gminy \u017berk\u00f3w oraz so\u0142ectwem Lg\u00f3w.<\/p>\n\n\n\n<p class=\"has-text-align-right\">Fot. Ewa Graczyk<\/p>\n<div data-animation=\"pulse\" data-icons-animation=\"no-animation\" data-overlay=\"on\" data-change-size=\"\" data-button-size=\"0.7\" style=\"font-size:0.7em;display:none;\" class=\"supsystic-social-sharing supsystic-social-sharing-package-flat supsystic-social-sharing-hide-on-homepage supsystic-social-sharing-content supsystic-social-sharing-content-align-center\" data-text=\"\"><a class=\"social-sharing-button sharer-flat sharer-flat-2 counter-standard digg\" target=\"_blank\" title=\"Digg\" href=\"http:\/\/digg.com\/submit?url=https%3A%2F%2Fpowstaniewielkopolskie.pl%2Fnowa%2F%3Fp%3D9271&title=Uroczysto%C5%9Bci+rocznicowe+w+Lgowie\" data-nid=\"8\" data-name=\"\" data-pid=\"1\" data-post-id=\"9271\" data-url=\"https:\/\/powstaniewielkopolskie.pl\/nowa\/wp-admin\/admin-ajax.php\" data-url=\"https:\/\/powstaniewielkopolskie.pl\/nowa\/wp-admin\/admin-ajax.php\" data-description=\"Uroczysto\u015bci rocznicowe w Lgowie\" rel=\"nofollow\"><i class=\"fa fa-fw fa-digg\"><\/i><div class=\"counter-wrap standard\"><span class=\"counter\">0<\/span><\/div><\/a><a class=\"social-sharing-button sharer-flat sharer-flat-2 counter-standard mail\" target=\"_blank\" title=\"Mail\" href=\"#\" data-nid=\"16\" data-name=\"\" data-pid=\"1\" data-post-id=\"9271\" data-url=\"https:\/\/powstaniewielkopolskie.pl\/nowa\/wp-admin\/admin-ajax.php\" data-url=\"https:\/\/powstaniewielkopolskie.pl\/nowa\/wp-admin\/admin-ajax.php\" data-description=\"Uroczysto\u015bci rocznicowe w Lgowie\" rel=\"nofollow\"><i class=\"fa fa-fw fa-envelope-o\"><\/i><div class=\"counter-wrap standard\"><span class=\"counter\">0<\/span><\/div><\/a><a class=\"social-sharing-button sharer-flat sharer-flat-2 counter-standard facebook\" target=\"_blank\" title=\"Facebook\" href=\"http:\/\/www.facebook.com\/sharer.php?u=https%3A%2F%2Fpowstaniewielkopolskie.pl%2Fnowa%2F%3Fp%3D9271\" data-nid=\"1\" data-name=\"\" data-pid=\"1\" data-post-id=\"9271\" data-url=\"https:\/\/powstaniewielkopolskie.pl\/nowa\/wp-admin\/admin-ajax.php\" data-url=\"https:\/\/powstaniewielkopolskie.pl\/nowa\/wp-admin\/admin-ajax.php\" data-description=\"Uroczysto\u015bci rocznicowe w Lgowie\" rel=\"nofollow\"><i class=\"fa fa-fw fa-facebook\"><\/i><div class=\"counter-wrap standard\"><span class=\"counter\">0<\/span><\/div><\/a><a class=\"social-sharing-button sharer-flat sharer-flat-2 counter-standard whatsapp\" target=\"_blank\" title=\"WhatsApp\" href=\"whatsapp:\/\/send?text=https%3A%2F%2Fpowstaniewielkopolskie.pl%2Fnowa%2F%3Fp%3D9271\" data-nid=\"18\" data-name=\"\" data-pid=\"1\" data-post-id=\"9271\" data-url=\"https:\/\/powstaniewielkopolskie.pl\/nowa\/wp-admin\/admin-ajax.php\" data-url=\"https:\/\/powstaniewielkopolskie.pl\/nowa\/wp-admin\/admin-ajax.php\" data-description=\"Uroczysto\u015bci rocznicowe w Lgowie\" rel=\"nofollow\"><i class=\"fa fa-fw fa-whatsapp\"><\/i><div class=\"counter-wrap standard\"><span class=\"counter\">0<\/span><\/div><\/a><a class=\"social-sharing-button sharer-flat sharer-flat-2 counter-standard twitter\" target=\"_blank\" title=\"Twitter\" href=\"https:\/\/twitter.com\/share?url=https%3A%2F%2Fpowstaniewielkopolskie.pl%2Fnowa%2F%3Fp%3D9271&text=Uroczysto%C5%9Bci+rocznicowe+w+Lgowie\" data-nid=\"2\" data-name=\"\" data-pid=\"1\" data-post-id=\"9271\" data-url=\"https:\/\/powstaniewielkopolskie.pl\/nowa\/wp-admin\/admin-ajax.php\" data-url=\"https:\/\/powstaniewielkopolskie.pl\/nowa\/wp-admin\/admin-ajax.php\" data-description=\"Uroczysto\u015bci rocznicowe w Lgowie\" rel=\"nofollow\"><i class=\"fa fa-fw fa-twitter\"><\/i><div class=\"counter-wrap standard\"><span class=\"counter\">0<\/span><\/div><\/a><a class=\"social-sharing-button sharer-flat sharer-flat-2 counter-standard googleplus\" target=\"_blank\" title=\"Google+\" href=\"https:\/\/plus.google.com\/share?url=https%3A%2F%2Fpowstaniewielkopolskie.pl%2Fnowa%2F%3Fp%3D9271\" data-nid=\"3\" data-name=\"\" data-pid=\"1\" data-post-id=\"9271\" data-url=\"https:\/\/powstaniewielkopolskie.pl\/nowa\/wp-admin\/admin-ajax.php\" data-url=\"https:\/\/powstaniewielkopolskie.pl\/nowa\/wp-admin\/admin-ajax.php\" data-description=\"Uroczysto\u015bci rocznicowe w Lgowie\" rel=\"nofollow\"><i class=\"fa fa-fw fa-google-plus\"><\/i><div class=\"counter-wrap standard\"><span class=\"counter\">0<\/span><\/div><\/a><\/div>","protected":false},"excerpt":{"rendered":"<p>9 czerwca 2024 r. &#8211; w ko\u015bciele Narodzenia Naj\u015bwi\u0119tszej Marii Panny w Lgowie odprawiona zosta\u0142a msza \u015bw. z ceremonia\u0142em wojskowym w 98. rocznic\u0119 \u015bmierci mjr Zbigniewa Gorze\u0144skiego-Ostroroga i jego podkomendnych oraz potomk\u00f3w<a class=\"moretag\" href=\"https:\/\/powstaniewielkopolskie.pl\/nowa\/?p=9271\">Czytaj wi\u0119cej&#8230;<\/a><\/p>\n<div data-animation=\"pulse\" data-icons-animation=\"no-animation\" data-overlay=\"on\" data-change-size=\"\" data-button-size=\"0.7\" style=\"font-size:0.7em;display:none;\" class=\"supsystic-social-sharing supsystic-social-sharing-package-flat supsystic-social-sharing-hide-on-homepage supsystic-social-sharing-content supsystic-social-sharing-content-align-center\" data-text=\"\"><a class=\"social-sharing-button sharer-flat sharer-flat-2 counter-standard digg\" target=\"_blank\" title=\"Digg\" href=\"http:\/\/digg.com\/submit?url=https%3A%2F%2Fpowstaniewielkopolskie.pl%2Fnowa%2F%3Fp%3D9271&title=Uroczysto%C5%9Bci+rocznicowe+w+Lgowie\" data-nid=\"8\" data-name=\"\" data-pid=\"1\" data-post-id=\"9271\" data-url=\"https:\/\/powstaniewielkopolskie.pl\/nowa\/wp-admin\/admin-ajax.php\" data-url=\"https:\/\/powstaniewielkopolskie.pl\/nowa\/wp-admin\/admin-ajax.php\" data-description=\"Uroczysto\u015bci rocznicowe w Lgowie\" rel=\"nofollow\"><i class=\"fa fa-fw fa-digg\"><\/i><div class=\"counter-wrap standard\"><span class=\"counter\">0<\/span><\/div><\/a><a class=\"social-sharing-button sharer-flat sharer-flat-2 counter-standard mail\" target=\"_blank\" title=\"Mail\" href=\"#\" data-nid=\"16\" data-name=\"\" data-pid=\"1\" data-post-id=\"9271\" data-url=\"https:\/\/powstaniewielkopolskie.pl\/nowa\/wp-admin\/admin-ajax.php\" data-url=\"https:\/\/powstaniewielkopolskie.pl\/nowa\/wp-admin\/admin-ajax.php\" data-description=\"Uroczysto\u015bci rocznicowe w Lgowie\" rel=\"nofollow\"><i class=\"fa fa-fw fa-envelope-o\"><\/i><div class=\"counter-wrap standard\"><span class=\"counter\">0<\/span><\/div><\/a><a class=\"social-sharing-button sharer-flat sharer-flat-2 counter-standard facebook\" target=\"_blank\" title=\"Facebook\" href=\"http:\/\/www.facebook.com\/sharer.php?u=https%3A%2F%2Fpowstaniewielkopolskie.pl%2Fnowa%2F%3Fp%3D9271\" data-nid=\"1\" data-name=\"\" data-pid=\"1\" data-post-id=\"9271\" data-url=\"https:\/\/powstaniewielkopolskie.pl\/nowa\/wp-admin\/admin-ajax.php\" data-url=\"https:\/\/powstaniewielkopolskie.pl\/nowa\/wp-admin\/admin-ajax.php\" data-description=\"Uroczysto\u015bci rocznicowe w Lgowie\" rel=\"nofollow\"><i class=\"fa fa-fw fa-facebook\"><\/i><div class=\"counter-wrap standard\"><span class=\"counter\">0<\/span><\/div><\/a><a class=\"social-sharing-button sharer-flat sharer-flat-2 counter-standard whatsapp\" target=\"_blank\" title=\"WhatsApp\" href=\"whatsapp:\/\/send?text=https%3A%2F%2Fpowstaniewielkopolskie.pl%2Fnowa%2F%3Fp%3D9271\" data-nid=\"18\" data-name=\"\" data-pid=\"1\" data-post-id=\"9271\" data-url=\"https:\/\/powstaniewielkopolskie.pl\/nowa\/wp-admin\/admin-ajax.php\" data-url=\"https:\/\/powstaniewielkopolskie.pl\/nowa\/wp-admin\/admin-ajax.php\" data-description=\"Uroczysto\u015bci rocznicowe w Lgowie\" rel=\"nofollow\"><i class=\"fa fa-fw fa-whatsapp\"><\/i><div class=\"counter-wrap standard\"><span class=\"counter\">0<\/span><\/div><\/a><a class=\"social-sharing-button sharer-flat sharer-flat-2 counter-standard twitter\" target=\"_blank\" title=\"Twitter\" href=\"https:\/\/twitter.com\/share?url=https%3A%2F%2Fpowstaniewielkopolskie.pl%2Fnowa%2F%3Fp%3D9271&text=Uroczysto%C5%9Bci+rocznicowe+w+Lgowie\" data-nid=\"2\" data-name=\"\" data-pid=\"1\" data-post-id=\"9271\" data-url=\"https:\/\/powstaniewielkopolskie.pl\/nowa\/wp-admin\/admin-ajax.php\" data-url=\"https:\/\/powstaniewielkopolskie.pl\/nowa\/wp-admin\/admin-ajax.php\" data-description=\"Uroczysto\u015bci rocznicowe w Lgowie\" rel=\"nofollow\"><i class=\"fa fa-fw fa-twitter\"><\/i><div class=\"counter-wrap standard\"><span class=\"counter\">0<\/span><\/div><\/a><a class=\"social-sharing-button sharer-flat sharer-flat-2 counter-standard googleplus\" target=\"_blank\" title=\"Google+\" href=\"https:\/\/plus.google.com\/share?url=https%3A%2F%2Fpowstaniewielkopolskie.pl%2Fnowa%2F%3Fp%3D9271\" data-nid=\"3\" data-name=\"\" data-pid=\"1\" data-post-id=\"9271\" data-url=\"https:\/\/powstaniewielkopolskie.pl\/nowa\/wp-admin\/admin-ajax.php\" data-url=\"https:\/\/powstaniewielkopolskie.pl\/nowa\/wp-admin\/admin-ajax.php\" data-description=\"Uroczysto\u015bci rocznicowe w Lgowie\" rel=\"nofollow\"><i class=\"fa fa-fw fa-google-plus\"><\/i><div class=\"counter-wrap standard\"><span class=\"counter\">0<\/span><\/div><\/a><\/div>","protected":false},"author":4,"featured_media":9273,"comment_status":"closed","ping_status":"open","sticky":false,"template":"","format":"standard","meta":{"footnotes":""},"categories":[3],"tags":[],"_links":{"self":[{"href":"https:\/\/powstaniewielkopolskie.pl\/nowa\/index.php?rest_route=\/wp\/v2\/posts\/9271"}],"collection":[{"href":"https:\/\/powstaniewielkopolskie.pl\/nowa\/index.php?rest_route=\/wp\/v2\/posts"}],"about":[{"href":"https:\/\/powstaniewielkopolskie.pl\/nowa\/index.php?rest_route=\/wp\/v2\/types\/post"}],"author":[{"embeddable":true,"href":"https:\/\/powstaniewielkopolskie.pl\/nowa\/index.php?rest_route=\/wp\/v2\/users\/4"}],"replies":[{"embeddable":true,"href":"https:\/\/powstaniewielkopolskie.pl\/nowa\/index.php?rest_route=%2Fwp%2Fv2%2Fcomments&post=9271"}],"version-history":[{"count":3,"href":"https:\/\/powstaniewielkopolskie.pl\/nowa\/index.php?rest_route=\/wp\/v2\/posts\/9271\/revisions"}],"predecessor-version":[{"id":9279,"href":"https:\/\/powstaniewielkopolskie.pl\/nowa\/index.php?rest_route=\/wp\/v2\/posts\/9271\/revisions\/9279"}],"wp:featuredmedia":[{"embeddable":true,"href":"https:\/\/powstaniewielkopolskie.pl\/nowa\/index.php?rest_route=\/wp\/v2\/media\/9273"}],"wp:attachment":[{"href":"https:\/\/powstaniewielkopolskie.pl\/nowa\/index.php?rest_route=%2Fwp%2Fv2%2Fmedia&parent=9271"}],"wp:term":[{"taxonomy":"category","embeddable":true,"href":"https:\/\/powstaniewielkopolskie.pl\/nowa\/index.php?rest_route=%2Fwp%2Fv2%2Fcategories&post=9271"},{"taxonomy":"post_tag","embeddable":true,"href":"https:\/\/powstaniewielkopolskie.pl\/nowa\/index.php?rest_route=%2Fwp%2Fv2%2Ftags&post=9271"}],"curies":[{"name":"wp","href":"https:\/\/api.w.org\/{rel}","templated":true}]}}