{"id":9148,"date":"2024-04-20T22:19:12","date_gmt":"2024-04-20T20:19:12","guid":{"rendered":"https:\/\/powstaniewielkopolskie.pl\/nowa\/?p=9148"},"modified":"2024-04-26T22:21:33","modified_gmt":"2024-04-26T20:21:33","slug":"imie-powstancow-wielkopolskich-przyjela-szkola-w-bydgoszczy","status":"publish","type":"post","link":"https:\/\/powstaniewielkopolskie.pl\/nowa\/?p=9148","title":{"rendered":"Imi\u0119 Powsta\u0144c\u00f3w Wielkopolskich przyj\u0119\u0142a szko\u0142a w Bydgoszczy"},"content":{"rendered":"\n<figure class=\"wp-block-image size-full\"><img loading=\"lazy\" decoding=\"async\" width=\"747\" height=\"560\" src=\"https:\/\/powstaniewielkopolskie.pl\/nowa\/wp-content\/uploads\/2024\/04\/20240418_105540-bis.jpg\" alt=\"\" class=\"wp-image-9152\" srcset=\"https:\/\/powstaniewielkopolskie.pl\/nowa\/wp-content\/uploads\/2024\/04\/20240418_105540-bis.jpg 747w, https:\/\/powstaniewielkopolskie.pl\/nowa\/wp-content\/uploads\/2024\/04\/20240418_105540-bis-300x225.jpg 300w\" sizes=\"(max-width: 747px) 100vw, 747px\" \/><\/figure>\n\n\n\n<p><\/p>\n\n\n\n<p><strong>18 kwietnia 2024 r. <\/strong>&#8211; w Bydgoszczy mia\u0142a miejsce uroczysto\u015b\u0107 nadania imienia \u201ePowsta\u0144c\u00f3w Wielkopolskich &#8221; Szkole Bran\u017cowej Nr 6. Akt nadania imienia na r\u0119ce Dyrektora Szko\u0142y Justyny Pokorskiej-Kawy przekaza\u0142a Zast\u0119pca Prezydenta Bydgoszczy Iwona Waszkiewicz. Podczas uroczysto\u015bci syn Powsta\u0144ca Eugeniusz Grubczy\u0144ski ods\u0142oni\u0142 pami\u0105tkow\u0105 tablic\u0119 po\u015bwi\u0119con\u0105 bohaterskiej walce Powsta\u0144c\u00f3w Wielkopolskich. W tym roku szko\u0142a obchodzi r\u00f3wnie\u017c swoje 70 \u2013 lecie.<\/p>\n\n\n\n<p class=\"has-text-align-right\">Fot. Anna Wodzi\u0144ska<\/p>\n<div data-animation=\"pulse\" data-icons-animation=\"no-animation\" data-overlay=\"on\" data-change-size=\"\" data-button-size=\"0.7\" style=\"font-size:0.7em;display:none;\" class=\"supsystic-social-sharing supsystic-social-sharing-package-flat supsystic-social-sharing-hide-on-homepage supsystic-social-sharing-content supsystic-social-sharing-content-align-center\" data-text=\"\"><a class=\"social-sharing-button sharer-flat sharer-flat-2 counter-standard digg\" target=\"_blank\" title=\"Digg\" href=\"http:\/\/digg.com\/submit?url=https%3A%2F%2Fpowstaniewielkopolskie.pl%2Fnowa%2F%3Fp%3D9148&title=Imi%C4%99+Powsta%C5%84c%C3%B3w+Wielkopolskich+przyj%C4%99%C5%82a+szko%C5%82a+w+Bydgoszczy\" data-nid=\"8\" data-name=\"\" data-pid=\"1\" data-post-id=\"9148\" data-url=\"https:\/\/powstaniewielkopolskie.pl\/nowa\/wp-admin\/admin-ajax.php\" data-url=\"https:\/\/powstaniewielkopolskie.pl\/nowa\/wp-admin\/admin-ajax.php\" data-description=\"Imi\u0119 Powsta\u0144c\u00f3w Wielkopolskich przyj\u0119\u0142a szko\u0142a w Bydgoszczy\" rel=\"nofollow\"><i class=\"fa fa-fw fa-digg\"><\/i><div class=\"counter-wrap standard\"><span class=\"counter\">0<\/span><\/div><\/a><a class=\"social-sharing-button sharer-flat sharer-flat-2 counter-standard mail\" target=\"_blank\" title=\"Mail\" href=\"#\" data-nid=\"16\" data-name=\"\" data-pid=\"1\" data-post-id=\"9148\" data-url=\"https:\/\/powstaniewielkopolskie.pl\/nowa\/wp-admin\/admin-ajax.php\" data-url=\"https:\/\/powstaniewielkopolskie.pl\/nowa\/wp-admin\/admin-ajax.php\" data-description=\"Imi\u0119 Powsta\u0144c\u00f3w Wielkopolskich przyj\u0119\u0142a szko\u0142a w Bydgoszczy\" rel=\"nofollow\"><i class=\"fa fa-fw fa-envelope-o\"><\/i><div class=\"counter-wrap standard\"><span class=\"counter\">0<\/span><\/div><\/a><a class=\"social-sharing-button sharer-flat sharer-flat-2 counter-standard facebook\" target=\"_blank\" title=\"Facebook\" href=\"http:\/\/www.facebook.com\/sharer.php?u=https%3A%2F%2Fpowstaniewielkopolskie.pl%2Fnowa%2F%3Fp%3D9148\" data-nid=\"1\" data-name=\"\" data-pid=\"1\" data-post-id=\"9148\" data-url=\"https:\/\/powstaniewielkopolskie.pl\/nowa\/wp-admin\/admin-ajax.php\" data-url=\"https:\/\/powstaniewielkopolskie.pl\/nowa\/wp-admin\/admin-ajax.php\" data-description=\"Imi\u0119 Powsta\u0144c\u00f3w Wielkopolskich przyj\u0119\u0142a szko\u0142a w Bydgoszczy\" rel=\"nofollow\"><i class=\"fa fa-fw fa-facebook\"><\/i><div class=\"counter-wrap standard\"><span class=\"counter\">0<\/span><\/div><\/a><a class=\"social-sharing-button sharer-flat sharer-flat-2 counter-standard whatsapp\" target=\"_blank\" title=\"WhatsApp\" href=\"whatsapp:\/\/send?text=https%3A%2F%2Fpowstaniewielkopolskie.pl%2Fnowa%2F%3Fp%3D9148\" data-nid=\"18\" data-name=\"\" data-pid=\"1\" data-post-id=\"9148\" data-url=\"https:\/\/powstaniewielkopolskie.pl\/nowa\/wp-admin\/admin-ajax.php\" data-url=\"https:\/\/powstaniewielkopolskie.pl\/nowa\/wp-admin\/admin-ajax.php\" data-description=\"Imi\u0119 Powsta\u0144c\u00f3w Wielkopolskich przyj\u0119\u0142a szko\u0142a w Bydgoszczy\" rel=\"nofollow\"><i class=\"fa fa-fw fa-whatsapp\"><\/i><div class=\"counter-wrap standard\"><span class=\"counter\">0<\/span><\/div><\/a><a class=\"social-sharing-button sharer-flat sharer-flat-2 counter-standard twitter\" target=\"_blank\" title=\"Twitter\" href=\"https:\/\/twitter.com\/share?url=https%3A%2F%2Fpowstaniewielkopolskie.pl%2Fnowa%2F%3Fp%3D9148&text=Imi%C4%99+Powsta%C5%84c%C3%B3w+Wielkopolskich+przyj%C4%99%C5%82a+szko%C5%82a+w+Bydgoszczy\" data-nid=\"2\" data-name=\"\" data-pid=\"1\" data-post-id=\"9148\" data-url=\"https:\/\/powstaniewielkopolskie.pl\/nowa\/wp-admin\/admin-ajax.php\" data-url=\"https:\/\/powstaniewielkopolskie.pl\/nowa\/wp-admin\/admin-ajax.php\" data-description=\"Imi\u0119 Powsta\u0144c\u00f3w Wielkopolskich przyj\u0119\u0142a szko\u0142a w Bydgoszczy\" rel=\"nofollow\"><i class=\"fa fa-fw fa-twitter\"><\/i><div class=\"counter-wrap standard\"><span class=\"counter\">0<\/span><\/div><\/a><a class=\"social-sharing-button sharer-flat sharer-flat-2 counter-standard googleplus\" target=\"_blank\" title=\"Google+\" href=\"https:\/\/plus.google.com\/share?url=https%3A%2F%2Fpowstaniewielkopolskie.pl%2Fnowa%2F%3Fp%3D9148\" data-nid=\"3\" data-name=\"\" data-pid=\"1\" data-post-id=\"9148\" data-url=\"https:\/\/powstaniewielkopolskie.pl\/nowa\/wp-admin\/admin-ajax.php\" data-url=\"https:\/\/powstaniewielkopolskie.pl\/nowa\/wp-admin\/admin-ajax.php\" data-description=\"Imi\u0119 Powsta\u0144c\u00f3w Wielkopolskich przyj\u0119\u0142a szko\u0142a w Bydgoszczy\" rel=\"nofollow\"><i class=\"fa fa-fw fa-google-plus\"><\/i><div class=\"counter-wrap standard\"><span class=\"counter\">0<\/span><\/div><\/a><\/div>","protected":false},"excerpt":{"rendered":"<p>18 kwietnia 2024 r. &#8211; w Bydgoszczy mia\u0142a miejsce uroczysto\u015b\u0107 nadania imienia \u201ePowsta\u0144c\u00f3w Wielkopolskich &#8221; Szkole Bran\u017cowej Nr 6. Akt nadania imienia na r\u0119ce Dyrektora Szko\u0142y Justyny Pokorskiej-Kawy przekaza\u0142a Zast\u0119pca Prezydenta Bydgoszczy<a class=\"moretag\" href=\"https:\/\/powstaniewielkopolskie.pl\/nowa\/?p=9148\">Czytaj wi\u0119cej&#8230;<\/a><\/p>\n<div data-animation=\"pulse\" data-icons-animation=\"no-animation\" data-overlay=\"on\" data-change-size=\"\" data-button-size=\"0.7\" style=\"font-size:0.7em;display:none;\" class=\"supsystic-social-sharing supsystic-social-sharing-package-flat supsystic-social-sharing-hide-on-homepage supsystic-social-sharing-content supsystic-social-sharing-content-align-center\" data-text=\"\"><a class=\"social-sharing-button sharer-flat sharer-flat-2 counter-standard digg\" target=\"_blank\" title=\"Digg\" href=\"http:\/\/digg.com\/submit?url=https%3A%2F%2Fpowstaniewielkopolskie.pl%2Fnowa%2F%3Fp%3D9148&title=Imi%C4%99+Powsta%C5%84c%C3%B3w+Wielkopolskich+przyj%C4%99%C5%82a+szko%C5%82a+w+Bydgoszczy\" data-nid=\"8\" data-name=\"\" data-pid=\"1\" data-post-id=\"9148\" data-url=\"https:\/\/powstaniewielkopolskie.pl\/nowa\/wp-admin\/admin-ajax.php\" data-url=\"https:\/\/powstaniewielkopolskie.pl\/nowa\/wp-admin\/admin-ajax.php\" data-description=\"Imi\u0119 Powsta\u0144c\u00f3w Wielkopolskich przyj\u0119\u0142a szko\u0142a w Bydgoszczy\" rel=\"nofollow\"><i class=\"fa fa-fw fa-digg\"><\/i><div class=\"counter-wrap standard\"><span class=\"counter\">0<\/span><\/div><\/a><a class=\"social-sharing-button sharer-flat sharer-flat-2 counter-standard mail\" target=\"_blank\" title=\"Mail\" href=\"#\" data-nid=\"16\" data-name=\"\" data-pid=\"1\" data-post-id=\"9148\" data-url=\"https:\/\/powstaniewielkopolskie.pl\/nowa\/wp-admin\/admin-ajax.php\" data-url=\"https:\/\/powstaniewielkopolskie.pl\/nowa\/wp-admin\/admin-ajax.php\" data-description=\"Imi\u0119 Powsta\u0144c\u00f3w Wielkopolskich przyj\u0119\u0142a szko\u0142a w Bydgoszczy\" rel=\"nofollow\"><i class=\"fa fa-fw fa-envelope-o\"><\/i><div class=\"counter-wrap standard\"><span class=\"counter\">0<\/span><\/div><\/a><a class=\"social-sharing-button sharer-flat sharer-flat-2 counter-standard facebook\" target=\"_blank\" title=\"Facebook\" href=\"http:\/\/www.facebook.com\/sharer.php?u=https%3A%2F%2Fpowstaniewielkopolskie.pl%2Fnowa%2F%3Fp%3D9148\" data-nid=\"1\" data-name=\"\" data-pid=\"1\" data-post-id=\"9148\" data-url=\"https:\/\/powstaniewielkopolskie.pl\/nowa\/wp-admin\/admin-ajax.php\" data-url=\"https:\/\/powstaniewielkopolskie.pl\/nowa\/wp-admin\/admin-ajax.php\" data-description=\"Imi\u0119 Powsta\u0144c\u00f3w Wielkopolskich przyj\u0119\u0142a szko\u0142a w Bydgoszczy\" rel=\"nofollow\"><i class=\"fa fa-fw fa-facebook\"><\/i><div class=\"counter-wrap standard\"><span class=\"counter\">0<\/span><\/div><\/a><a class=\"social-sharing-button sharer-flat sharer-flat-2 counter-standard whatsapp\" target=\"_blank\" title=\"WhatsApp\" href=\"whatsapp:\/\/send?text=https%3A%2F%2Fpowstaniewielkopolskie.pl%2Fnowa%2F%3Fp%3D9148\" data-nid=\"18\" data-name=\"\" data-pid=\"1\" data-post-id=\"9148\" data-url=\"https:\/\/powstaniewielkopolskie.pl\/nowa\/wp-admin\/admin-ajax.php\" data-url=\"https:\/\/powstaniewielkopolskie.pl\/nowa\/wp-admin\/admin-ajax.php\" data-description=\"Imi\u0119 Powsta\u0144c\u00f3w Wielkopolskich przyj\u0119\u0142a szko\u0142a w Bydgoszczy\" rel=\"nofollow\"><i class=\"fa fa-fw fa-whatsapp\"><\/i><div class=\"counter-wrap standard\"><span class=\"counter\">0<\/span><\/div><\/a><a class=\"social-sharing-button sharer-flat sharer-flat-2 counter-standard twitter\" target=\"_blank\" title=\"Twitter\" href=\"https:\/\/twitter.com\/share?url=https%3A%2F%2Fpowstaniewielkopolskie.pl%2Fnowa%2F%3Fp%3D9148&text=Imi%C4%99+Powsta%C5%84c%C3%B3w+Wielkopolskich+przyj%C4%99%C5%82a+szko%C5%82a+w+Bydgoszczy\" data-nid=\"2\" data-name=\"\" data-pid=\"1\" data-post-id=\"9148\" data-url=\"https:\/\/powstaniewielkopolskie.pl\/nowa\/wp-admin\/admin-ajax.php\" data-url=\"https:\/\/powstaniewielkopolskie.pl\/nowa\/wp-admin\/admin-ajax.php\" data-description=\"Imi\u0119 Powsta\u0144c\u00f3w Wielkopolskich przyj\u0119\u0142a szko\u0142a w Bydgoszczy\" rel=\"nofollow\"><i class=\"fa fa-fw fa-twitter\"><\/i><div class=\"counter-wrap standard\"><span class=\"counter\">0<\/span><\/div><\/a><a class=\"social-sharing-button sharer-flat sharer-flat-2 counter-standard googleplus\" target=\"_blank\" title=\"Google+\" href=\"https:\/\/plus.google.com\/share?url=https%3A%2F%2Fpowstaniewielkopolskie.pl%2Fnowa%2F%3Fp%3D9148\" data-nid=\"3\" data-name=\"\" data-pid=\"1\" data-post-id=\"9148\" data-url=\"https:\/\/powstaniewielkopolskie.pl\/nowa\/wp-admin\/admin-ajax.php\" data-url=\"https:\/\/powstaniewielkopolskie.pl\/nowa\/wp-admin\/admin-ajax.php\" data-description=\"Imi\u0119 Powsta\u0144c\u00f3w Wielkopolskich przyj\u0119\u0142a szko\u0142a w Bydgoszczy\" rel=\"nofollow\"><i class=\"fa fa-fw fa-google-plus\"><\/i><div class=\"counter-wrap standard\"><span class=\"counter\">0<\/span><\/div><\/a><\/div>","protected":false},"author":4,"featured_media":9149,"comment_status":"closed","ping_status":"open","sticky":false,"template":"","format":"standard","meta":{"footnotes":""},"categories":[3],"tags":[],"_links":{"self":[{"href":"https:\/\/powstaniewielkopolskie.pl\/nowa\/index.php?rest_route=\/wp\/v2\/posts\/9148"}],"collection":[{"href":"https:\/\/powstaniewielkopolskie.pl\/nowa\/index.php?rest_route=\/wp\/v2\/posts"}],"about":[{"href":"https:\/\/powstaniewielkopolskie.pl\/nowa\/index.php?rest_route=\/wp\/v2\/types\/post"}],"author":[{"embeddable":true,"href":"https:\/\/powstaniewielkopolskie.pl\/nowa\/index.php?rest_route=\/wp\/v2\/users\/4"}],"replies":[{"embeddable":true,"href":"https:\/\/powstaniewielkopolskie.pl\/nowa\/index.php?rest_route=%2Fwp%2Fv2%2Fcomments&post=9148"}],"version-history":[{"count":3,"href":"https:\/\/powstaniewielkopolskie.pl\/nowa\/index.php?rest_route=\/wp\/v2\/posts\/9148\/revisions"}],"predecessor-version":[{"id":9154,"href":"https:\/\/powstaniewielkopolskie.pl\/nowa\/index.php?rest_route=\/wp\/v2\/posts\/9148\/revisions\/9154"}],"wp:featuredmedia":[{"embeddable":true,"href":"https:\/\/powstaniewielkopolskie.pl\/nowa\/index.php?rest_route=\/wp\/v2\/media\/9149"}],"wp:attachment":[{"href":"https:\/\/powstaniewielkopolskie.pl\/nowa\/index.php?rest_route=%2Fwp%2Fv2%2Fmedia&parent=9148"}],"wp:term":[{"taxonomy":"category","embeddable":true,"href":"https:\/\/powstaniewielkopolskie.pl\/nowa\/index.php?rest_route=%2Fwp%2Fv2%2Fcategories&post=9148"},{"taxonomy":"post_tag","embeddable":true,"href":"https:\/\/powstaniewielkopolskie.pl\/nowa\/index.php?rest_route=%2Fwp%2Fv2%2Ftags&post=9148"}],"curies":[{"name":"wp","href":"https:\/\/api.w.org\/{rel}","templated":true}]}}