{"id":8737,"date":"2024-01-13T12:10:53","date_gmt":"2024-01-13T11:10:53","guid":{"rendered":"http:\/\/powstaniewielkopolskie.pl\/nowa\/?p=8737"},"modified":"2024-01-13T22:34:26","modified_gmt":"2024-01-13T21:34:26","slug":"uroczystosci-rocznicowe-w-zninie-2","status":"publish","type":"post","link":"https:\/\/powstaniewielkopolskie.pl\/nowa\/?p=8737","title":{"rendered":"Uroczysto\u015bci rocznicowe w \u017bninie"},"content":{"rendered":"<p><span style=\"font-size: large;\"><b>11 stycznia 2024 r.<\/b> &#8211; w \u017bninie obchody 105. rocznicy Powstania Wielkopolskiego rozpocz\u0119\u0142y si\u0119 ods\u0142oni\u0119ciem pami\u0105tkowych kamieni w alei Bohater\u00f3w Powstania Wielkopolskiego z nazwiskami powsta\u0144czych dow\u00f3dc\u00f3w &#8211; Marcela Cie\u015blickiego i Konrada Golniewicza. Przyby\u0142ych na t\u0105 cz\u0119\u015b\u0107 uroczysto\u015bci powita\u0142 Jacek Pietraszko wiceprezes Oddzia\u0142u Kujawsko-Pomorskiego i prezes Ko\u0142a TPPW w \u017bninie. Oficjalnego ods\u0142oni\u0119cia tablic dokonali Wicemarsza\u0142ek Wojew\u00f3dztwa Kujawsko- Pomorskiego Dariusz Kurzawa i Starosta \u017bninski Zbigniew Jaszczuk. Okoliczno\u015bciow\u0105 modlitw\u0119 poprowadzi\u0142 ks. dr Tadeusz Nowak proboszcz \u017cni\u0144skiej fary, w kt\u00f3rej nast\u0119pnie zosta\u0142a odprawiona msza \u015bw. za Ojczyzn\u0119 oraz w intencji powsta\u0144c\u00f3w ich rodzin. Po jej zako\u0144czeniu, w asy\u015bcie wojskowej orkiestry i kompani \u017co\u0142nierzy 2 Batalionu Logistycznego Ziemi \u017bni\u0144skiej, zgromadzone licznie poczty sztandarowe, delegacje i mieszka\u0144cy \u017bnina udali si\u0119 na teren Szko\u0142y Podstawowej nr 1 im. Powsta\u0144c\u00f3w Wielkopolskich. Tam przyby\u0142ych uczestnik\u00f3w powita\u0142 Dyrektor Szko\u0142y Marek Orzechowski. Sygna\u0142em do rozpocz\u0119cia dalszej cz\u0119\u015bci obchod\u00f3w by\u0142a salwa honorowa z armaty Bractwa Kurkowego z Piechcina. Nast\u0119pnie od\u015bpiewano Hymn Pa\u0144stwowy i wci\u0105gni\u0119to na maszt pa\u0144stwow\u0105 flag\u0119. Do licznie zebranych mieszka\u0144c\u00f3w i m\u0142odzie\u017cy przem\u00f3wili Starosta \u017bninski Zbigniew Jaszczuk, Wojewoda Kujawsko-Pomorski Micha\u0142 Sztybel oraz dow\u00f3dca 2 Batalionu Logistycznego pp\u0142k Maciej Marsza\u0142. Odczytano Apel Poleg\u0142ych, a \u017co\u0142nierze oddali honorowe salwy. Delegacje z\u0142o\u017cy\u0142y wi\u0105zanki kwiat\u00f3w pod pami\u0105tkowym obeliskiem. Na zako\u0144czenie od\u015bpiewano Rot\u0119. W auli uczniowie zaprezentowali monta\u017c s\u0142owno-muzyczny. Podczas uroczysto\u015bci przedstawiciele Zarz\u0105du G\u0142\u00f3wnego TPPW w osobach wiceprezesa Janusza Sa\u0142aty, sekretarza generalnego Piotra Wojtczaka oraz Jacka Pietraszki odznaczyli medalami \u201eWierni Tradycji\u201d: Starost\u0119 \u017bni\u0144skiego Zbigniewa Jaszczuka, Burmistrza \u017bnina Roberta Luchowskiego, ks. dr. Tadeusza Nowaka oraz Dyrektora Pa\u0142acu Lubostro\u0144 Aleksandr\u0119 Nowakowsk\u0105. Swoje wyr\u00f3\u017cnienia wr\u0119czy\u0142 r\u00f3wnie\u017c Starosta \u017bni\u0144ski. W\u015br\u00f3d nich znalaz\u0142 si\u0119 m.in. Jacek Pietraszko, kt\u00f3ry w uznaniu zas\u0142ug w piel\u0119gnowaniu pami\u0119ci i tradycji powsta\u0144czych otrzyma\u0142 ponadto z r\u0105k Dyrektora Szko\u0142y Marka Orzechowskiego statuetk\u0119 powsta\u0144ca.<\/span><\/p>\n<div data-animation=\"pulse\" data-icons-animation=\"no-animation\" data-overlay=\"on\" data-change-size=\"\" data-button-size=\"0.7\" style=\"font-size:0.7em;display:none;\" class=\"supsystic-social-sharing supsystic-social-sharing-package-flat supsystic-social-sharing-hide-on-homepage supsystic-social-sharing-content supsystic-social-sharing-content-align-center\" data-text=\"\"><a class=\"social-sharing-button sharer-flat sharer-flat-2 counter-standard digg\" target=\"_blank\" title=\"Digg\" href=\"http:\/\/digg.com\/submit?url=https%3A%2F%2Fpowstaniewielkopolskie.pl%2Fnowa%2F%3Fp%3D8737&title=Uroczysto%C5%9Bci+rocznicowe+w+%C5%BBninie\" data-nid=\"8\" data-name=\"\" data-pid=\"1\" data-post-id=\"8737\" data-url=\"https:\/\/powstaniewielkopolskie.pl\/nowa\/wp-admin\/admin-ajax.php\" data-url=\"https:\/\/powstaniewielkopolskie.pl\/nowa\/wp-admin\/admin-ajax.php\" data-description=\"Uroczysto\u015bci rocznicowe w \u017bninie\" rel=\"nofollow\"><i class=\"fa fa-fw fa-digg\"><\/i><div class=\"counter-wrap standard\"><span class=\"counter\">0<\/span><\/div><\/a><a class=\"social-sharing-button sharer-flat sharer-flat-2 counter-standard mail\" target=\"_blank\" title=\"Mail\" href=\"#\" data-nid=\"16\" data-name=\"\" data-pid=\"1\" data-post-id=\"8737\" data-url=\"https:\/\/powstaniewielkopolskie.pl\/nowa\/wp-admin\/admin-ajax.php\" data-url=\"https:\/\/powstaniewielkopolskie.pl\/nowa\/wp-admin\/admin-ajax.php\" data-description=\"Uroczysto\u015bci rocznicowe w \u017bninie\" rel=\"nofollow\"><i class=\"fa fa-fw fa-envelope-o\"><\/i><div class=\"counter-wrap standard\"><span class=\"counter\">0<\/span><\/div><\/a><a class=\"social-sharing-button sharer-flat sharer-flat-2 counter-standard facebook\" target=\"_blank\" title=\"Facebook\" href=\"http:\/\/www.facebook.com\/sharer.php?u=https%3A%2F%2Fpowstaniewielkopolskie.pl%2Fnowa%2F%3Fp%3D8737\" data-nid=\"1\" data-name=\"\" data-pid=\"1\" data-post-id=\"8737\" data-url=\"https:\/\/powstaniewielkopolskie.pl\/nowa\/wp-admin\/admin-ajax.php\" data-url=\"https:\/\/powstaniewielkopolskie.pl\/nowa\/wp-admin\/admin-ajax.php\" data-description=\"Uroczysto\u015bci rocznicowe w \u017bninie\" rel=\"nofollow\"><i class=\"fa fa-fw fa-facebook\"><\/i><div class=\"counter-wrap standard\"><span class=\"counter\">0<\/span><\/div><\/a><a class=\"social-sharing-button sharer-flat sharer-flat-2 counter-standard whatsapp\" target=\"_blank\" title=\"WhatsApp\" href=\"whatsapp:\/\/send?text=https%3A%2F%2Fpowstaniewielkopolskie.pl%2Fnowa%2F%3Fp%3D8737\" data-nid=\"18\" data-name=\"\" data-pid=\"1\" data-post-id=\"8737\" data-url=\"https:\/\/powstaniewielkopolskie.pl\/nowa\/wp-admin\/admin-ajax.php\" data-url=\"https:\/\/powstaniewielkopolskie.pl\/nowa\/wp-admin\/admin-ajax.php\" data-description=\"Uroczysto\u015bci rocznicowe w \u017bninie\" rel=\"nofollow\"><i class=\"fa fa-fw fa-whatsapp\"><\/i><div class=\"counter-wrap standard\"><span class=\"counter\">0<\/span><\/div><\/a><a class=\"social-sharing-button sharer-flat sharer-flat-2 counter-standard twitter\" target=\"_blank\" title=\"Twitter\" href=\"https:\/\/twitter.com\/share?url=https%3A%2F%2Fpowstaniewielkopolskie.pl%2Fnowa%2F%3Fp%3D8737&text=Uroczysto%C5%9Bci+rocznicowe+w+%C5%BBninie\" data-nid=\"2\" data-name=\"\" data-pid=\"1\" data-post-id=\"8737\" data-url=\"https:\/\/powstaniewielkopolskie.pl\/nowa\/wp-admin\/admin-ajax.php\" data-url=\"https:\/\/powstaniewielkopolskie.pl\/nowa\/wp-admin\/admin-ajax.php\" data-description=\"Uroczysto\u015bci rocznicowe w \u017bninie\" rel=\"nofollow\"><i class=\"fa fa-fw fa-twitter\"><\/i><div class=\"counter-wrap standard\"><span class=\"counter\">0<\/span><\/div><\/a><a class=\"social-sharing-button sharer-flat sharer-flat-2 counter-standard googleplus\" target=\"_blank\" title=\"Google+\" href=\"https:\/\/plus.google.com\/share?url=https%3A%2F%2Fpowstaniewielkopolskie.pl%2Fnowa%2F%3Fp%3D8737\" data-nid=\"3\" data-name=\"\" data-pid=\"1\" data-post-id=\"8737\" data-url=\"https:\/\/powstaniewielkopolskie.pl\/nowa\/wp-admin\/admin-ajax.php\" data-url=\"https:\/\/powstaniewielkopolskie.pl\/nowa\/wp-admin\/admin-ajax.php\" data-description=\"Uroczysto\u015bci rocznicowe w \u017bninie\" rel=\"nofollow\"><i class=\"fa fa-fw fa-google-plus\"><\/i><div class=\"counter-wrap standard\"><span class=\"counter\">0<\/span><\/div><\/a><\/div>","protected":false},"excerpt":{"rendered":"<p>11 stycznia 2024 r. &#8211; w \u017bninie obchody 105. rocznicy Powstania Wielkopolskiego rozpocz\u0119\u0142y si\u0119 ods\u0142oni\u0119ciem pami\u0105tkowych kamieni w alei Bohater\u00f3w Powstania Wielkopolskiego z nazwiskami powsta\u0144czych dow\u00f3dc\u00f3w &#8211; Marcela Cie\u015blickiego i Konrada Golniewicza.<a class=\"moretag\" href=\"https:\/\/powstaniewielkopolskie.pl\/nowa\/?p=8737\">Czytaj wi\u0119cej&#8230;<\/a><\/p>\n<div data-animation=\"pulse\" data-icons-animation=\"no-animation\" data-overlay=\"on\" data-change-size=\"\" data-button-size=\"0.7\" style=\"font-size:0.7em;display:none;\" class=\"supsystic-social-sharing supsystic-social-sharing-package-flat supsystic-social-sharing-hide-on-homepage supsystic-social-sharing-content supsystic-social-sharing-content-align-center\" data-text=\"\"><a class=\"social-sharing-button sharer-flat sharer-flat-2 counter-standard digg\" target=\"_blank\" title=\"Digg\" href=\"http:\/\/digg.com\/submit?url=https%3A%2F%2Fpowstaniewielkopolskie.pl%2Fnowa%2F%3Fp%3D8737&title=Uroczysto%C5%9Bci+rocznicowe+w+%C5%BBninie\" data-nid=\"8\" data-name=\"\" data-pid=\"1\" data-post-id=\"8737\" data-url=\"https:\/\/powstaniewielkopolskie.pl\/nowa\/wp-admin\/admin-ajax.php\" data-url=\"https:\/\/powstaniewielkopolskie.pl\/nowa\/wp-admin\/admin-ajax.php\" data-description=\"Uroczysto\u015bci rocznicowe w \u017bninie\" rel=\"nofollow\"><i class=\"fa fa-fw fa-digg\"><\/i><div class=\"counter-wrap standard\"><span class=\"counter\">0<\/span><\/div><\/a><a class=\"social-sharing-button sharer-flat sharer-flat-2 counter-standard mail\" target=\"_blank\" title=\"Mail\" href=\"#\" data-nid=\"16\" data-name=\"\" data-pid=\"1\" data-post-id=\"8737\" data-url=\"https:\/\/powstaniewielkopolskie.pl\/nowa\/wp-admin\/admin-ajax.php\" data-url=\"https:\/\/powstaniewielkopolskie.pl\/nowa\/wp-admin\/admin-ajax.php\" data-description=\"Uroczysto\u015bci rocznicowe w \u017bninie\" rel=\"nofollow\"><i class=\"fa fa-fw fa-envelope-o\"><\/i><div class=\"counter-wrap standard\"><span class=\"counter\">0<\/span><\/div><\/a><a class=\"social-sharing-button sharer-flat sharer-flat-2 counter-standard facebook\" target=\"_blank\" title=\"Facebook\" href=\"http:\/\/www.facebook.com\/sharer.php?u=https%3A%2F%2Fpowstaniewielkopolskie.pl%2Fnowa%2F%3Fp%3D8737\" data-nid=\"1\" data-name=\"\" data-pid=\"1\" data-post-id=\"8737\" data-url=\"https:\/\/powstaniewielkopolskie.pl\/nowa\/wp-admin\/admin-ajax.php\" data-url=\"https:\/\/powstaniewielkopolskie.pl\/nowa\/wp-admin\/admin-ajax.php\" data-description=\"Uroczysto\u015bci rocznicowe w \u017bninie\" rel=\"nofollow\"><i class=\"fa fa-fw fa-facebook\"><\/i><div class=\"counter-wrap standard\"><span class=\"counter\">0<\/span><\/div><\/a><a class=\"social-sharing-button sharer-flat sharer-flat-2 counter-standard whatsapp\" target=\"_blank\" title=\"WhatsApp\" href=\"whatsapp:\/\/send?text=https%3A%2F%2Fpowstaniewielkopolskie.pl%2Fnowa%2F%3Fp%3D8737\" data-nid=\"18\" data-name=\"\" data-pid=\"1\" data-post-id=\"8737\" data-url=\"https:\/\/powstaniewielkopolskie.pl\/nowa\/wp-admin\/admin-ajax.php\" data-url=\"https:\/\/powstaniewielkopolskie.pl\/nowa\/wp-admin\/admin-ajax.php\" data-description=\"Uroczysto\u015bci rocznicowe w \u017bninie\" rel=\"nofollow\"><i class=\"fa fa-fw fa-whatsapp\"><\/i><div class=\"counter-wrap standard\"><span class=\"counter\">0<\/span><\/div><\/a><a class=\"social-sharing-button sharer-flat sharer-flat-2 counter-standard twitter\" target=\"_blank\" title=\"Twitter\" href=\"https:\/\/twitter.com\/share?url=https%3A%2F%2Fpowstaniewielkopolskie.pl%2Fnowa%2F%3Fp%3D8737&text=Uroczysto%C5%9Bci+rocznicowe+w+%C5%BBninie\" data-nid=\"2\" data-name=\"\" data-pid=\"1\" data-post-id=\"8737\" data-url=\"https:\/\/powstaniewielkopolskie.pl\/nowa\/wp-admin\/admin-ajax.php\" data-url=\"https:\/\/powstaniewielkopolskie.pl\/nowa\/wp-admin\/admin-ajax.php\" data-description=\"Uroczysto\u015bci rocznicowe w \u017bninie\" rel=\"nofollow\"><i class=\"fa fa-fw fa-twitter\"><\/i><div class=\"counter-wrap standard\"><span class=\"counter\">0<\/span><\/div><\/a><a class=\"social-sharing-button sharer-flat sharer-flat-2 counter-standard googleplus\" target=\"_blank\" title=\"Google+\" href=\"https:\/\/plus.google.com\/share?url=https%3A%2F%2Fpowstaniewielkopolskie.pl%2Fnowa%2F%3Fp%3D8737\" data-nid=\"3\" data-name=\"\" data-pid=\"1\" data-post-id=\"8737\" data-url=\"https:\/\/powstaniewielkopolskie.pl\/nowa\/wp-admin\/admin-ajax.php\" data-url=\"https:\/\/powstaniewielkopolskie.pl\/nowa\/wp-admin\/admin-ajax.php\" data-description=\"Uroczysto\u015bci rocznicowe w \u017bninie\" rel=\"nofollow\"><i class=\"fa fa-fw fa-google-plus\"><\/i><div class=\"counter-wrap standard\"><span class=\"counter\">0<\/span><\/div><\/a><\/div>","protected":false},"author":4,"featured_media":0,"comment_status":"closed","ping_status":"open","sticky":false,"template":"","format":"standard","meta":{"footnotes":""},"categories":[3],"tags":[],"_links":{"self":[{"href":"https:\/\/powstaniewielkopolskie.pl\/nowa\/index.php?rest_route=\/wp\/v2\/posts\/8737"}],"collection":[{"href":"https:\/\/powstaniewielkopolskie.pl\/nowa\/index.php?rest_route=\/wp\/v2\/posts"}],"about":[{"href":"https:\/\/powstaniewielkopolskie.pl\/nowa\/index.php?rest_route=\/wp\/v2\/types\/post"}],"author":[{"embeddable":true,"href":"https:\/\/powstaniewielkopolskie.pl\/nowa\/index.php?rest_route=\/wp\/v2\/users\/4"}],"replies":[{"embeddable":true,"href":"https:\/\/powstaniewielkopolskie.pl\/nowa\/index.php?rest_route=%2Fwp%2Fv2%2Fcomments&post=8737"}],"version-history":[{"count":3,"href":"https:\/\/powstaniewielkopolskie.pl\/nowa\/index.php?rest_route=\/wp\/v2\/posts\/8737\/revisions"}],"predecessor-version":[{"id":8745,"href":"https:\/\/powstaniewielkopolskie.pl\/nowa\/index.php?rest_route=\/wp\/v2\/posts\/8737\/revisions\/8745"}],"wp:attachment":[{"href":"https:\/\/powstaniewielkopolskie.pl\/nowa\/index.php?rest_route=%2Fwp%2Fv2%2Fmedia&parent=8737"}],"wp:term":[{"taxonomy":"category","embeddable":true,"href":"https:\/\/powstaniewielkopolskie.pl\/nowa\/index.php?rest_route=%2Fwp%2Fv2%2Fcategories&post=8737"},{"taxonomy":"post_tag","embeddable":true,"href":"https:\/\/powstaniewielkopolskie.pl\/nowa\/index.php?rest_route=%2Fwp%2Fv2%2Ftags&post=8737"}],"curies":[{"name":"wp","href":"https:\/\/api.w.org\/{rel}","templated":true}]}}