{"id":8178,"date":"2023-10-12T11:20:54","date_gmt":"2023-10-12T09:20:54","guid":{"rendered":"http:\/\/powstaniewielkopolskie.pl\/nowa\/?p=8178"},"modified":"2023-10-24T00:14:49","modified_gmt":"2023-10-23T22:14:49","slug":"bedzie-wystawa-o-poczatkach-skautingu-i-udziale-w-powstaniu-wielkopolskim","status":"publish","type":"post","link":"https:\/\/powstaniewielkopolskie.pl\/nowa\/?p=8178","title":{"rendered":"B\u0119dzie wystawa o pocz\u0105tkach skautingu i udziale w Powstaniu Wielkopolskim"},"content":{"rendered":"<p align=\"JUSTIFY\"><span style=\"font-size: large;\"><b>11 do 13 pa\u017adziernika 2023 r.<\/b> &#8211; delegacja Komisji Historycznej Chor\u0105gwi Wielkopolskiej Zwi\u0105zku Harcerstwa Polskiego im. Powsta\u0144c\u00f3w Wielkopolskich w sk\u0142adzie: hm. Wawrzyniec Wierzejewski, z-ca przewodnicz\u0105cego Komisji i prezes Oddzia\u0142u Wielkopolskiego TPPW, hm. Zbys\u0142aw Je\u017cewski \u2013 przewodnicz\u0105cy Komisji Historycznej w Ostrowie Wielkopolskim i phm. Piotr Pers bra\u0142a udzia\u0142 w wyje\u017adzie studyjnym do nowo powsta\u0142ego Muzeum i Centrum Ruchu Harcerskiego w Krakowie. Celem wyjazdu by\u0142o m.in. zapoznanie si\u0119 z prezentowan\u0105 w Muzeum wystaw\u0105 i w tym kontek\u015bcie ze sposobem i zakresem prezentacji dotycz\u0105cej pocz\u0105tk\u00f3w harcerstwa w Wielkopolsce i na terenie by\u0142ego zaboru pruskiego. W trakcie spotka\u0144 z kierownictwem Muzeum, z jego kierownikiem dh. Bartoszem Rzo\u0144c\u0105 oraz z kierownictwem krakowskiej Komisji Historycznej ZHP m.in. z jej przewodnicz\u0105cym hm. prof. Jackiem Nawrockim i z-c\u0105 przewodnicz\u0105cego hm. prof. Januszem Wojtycz\u0105 uznano za celowe zorganizowanie w przysz\u0142ym roku w Muzeum wystawy czasowej po\u015bwi\u0119conej pocz\u0105tkom skautingu i harcerstwa w Wielkopolsce w czasie odzyskiwania przez Polsk\u0119 niepodleg\u0142o\u015bci po okresie zabor\u00f3w, jego roli w przygotowaniach i w przebiegu Powstania Wielkopolskiego oraz w walkach na wschodnich kresach. Delegacja wzbogaci\u0142a zbiory Muzeum przez przekazanie gospodarzom szeregu publikacji i materia\u0142\u00f3w dotycz\u0105cych genezy, przebiegu i znaczenia Powstania Wielkopolskiego.<\/span><\/p>\n<p style=\"text-align: center;\" align=\"JUSTIFY\"><img loading=\"lazy\" decoding=\"async\" class=\"alignnone  wp-image-8180\" src=\"http:\/\/powstaniewielkopolskie.pl\/nowa\/wp-content\/uploads\/2023\/10\/IMG-20231014-WA0068-bis-300x226.jpg\" alt=\"IMG-20231014-WA0068 bis\" width=\"555\" height=\"418\" srcset=\"https:\/\/powstaniewielkopolskie.pl\/nowa\/wp-content\/uploads\/2023\/10\/IMG-20231014-WA0068-bis-300x226.jpg 300w, https:\/\/powstaniewielkopolskie.pl\/nowa\/wp-content\/uploads\/2023\/10\/IMG-20231014-WA0068-bis-768x578.jpg 768w, https:\/\/powstaniewielkopolskie.pl\/nowa\/wp-content\/uploads\/2023\/10\/IMG-20231014-WA0068-bis.jpg 1231w\" sizes=\"(max-width: 555px) 100vw, 555px\" \/><\/p>\n<p style=\"text-align: right;\" align=\"JUSTIFY\"><em><span style=\"font-size: large;\">Fot. Piotr Pers<\/span><\/em><\/p>\n<p>&nbsp;<\/p>\n<div data-animation=\"pulse\" data-icons-animation=\"no-animation\" data-overlay=\"on\" data-change-size=\"\" data-button-size=\"0.7\" style=\"font-size:0.7em;display:none;\" class=\"supsystic-social-sharing supsystic-social-sharing-package-flat supsystic-social-sharing-hide-on-homepage supsystic-social-sharing-content supsystic-social-sharing-content-align-center\" data-text=\"\"><a class=\"social-sharing-button sharer-flat sharer-flat-2 counter-standard digg\" target=\"_blank\" title=\"Digg\" href=\"http:\/\/digg.com\/submit?url=https%3A%2F%2Fpowstaniewielkopolskie.pl%2Fnowa%2F%3Fp%3D8178&title=B%C4%99dzie+wystawa+o+pocz%C4%85tkach+skautingu+i+udziale+w+Powstaniu+Wielkopolskim\" data-nid=\"8\" data-name=\"\" data-pid=\"1\" data-post-id=\"8178\" data-url=\"https:\/\/powstaniewielkopolskie.pl\/nowa\/wp-admin\/admin-ajax.php\" data-url=\"https:\/\/powstaniewielkopolskie.pl\/nowa\/wp-admin\/admin-ajax.php\" data-description=\"B\u0119dzie wystawa o pocz\u0105tkach skautingu i udziale w Powstaniu Wielkopolskim\" rel=\"nofollow\"><i class=\"fa fa-fw fa-digg\"><\/i><div class=\"counter-wrap standard\"><span class=\"counter\">0<\/span><\/div><\/a><a class=\"social-sharing-button sharer-flat sharer-flat-2 counter-standard mail\" target=\"_blank\" title=\"Mail\" href=\"#\" data-nid=\"16\" data-name=\"\" data-pid=\"1\" data-post-id=\"8178\" data-url=\"https:\/\/powstaniewielkopolskie.pl\/nowa\/wp-admin\/admin-ajax.php\" data-url=\"https:\/\/powstaniewielkopolskie.pl\/nowa\/wp-admin\/admin-ajax.php\" data-description=\"B\u0119dzie wystawa o pocz\u0105tkach skautingu i udziale w Powstaniu Wielkopolskim\" rel=\"nofollow\"><i class=\"fa fa-fw fa-envelope-o\"><\/i><div class=\"counter-wrap standard\"><span class=\"counter\">0<\/span><\/div><\/a><a class=\"social-sharing-button sharer-flat sharer-flat-2 counter-standard facebook\" target=\"_blank\" title=\"Facebook\" href=\"http:\/\/www.facebook.com\/sharer.php?u=https%3A%2F%2Fpowstaniewielkopolskie.pl%2Fnowa%2F%3Fp%3D8178\" data-nid=\"1\" data-name=\"\" data-pid=\"1\" data-post-id=\"8178\" data-url=\"https:\/\/powstaniewielkopolskie.pl\/nowa\/wp-admin\/admin-ajax.php\" data-url=\"https:\/\/powstaniewielkopolskie.pl\/nowa\/wp-admin\/admin-ajax.php\" data-description=\"B\u0119dzie wystawa o pocz\u0105tkach skautingu i udziale w Powstaniu Wielkopolskim\" rel=\"nofollow\"><i class=\"fa fa-fw fa-facebook\"><\/i><div class=\"counter-wrap standard\"><span class=\"counter\">0<\/span><\/div><\/a><a class=\"social-sharing-button sharer-flat sharer-flat-2 counter-standard whatsapp\" target=\"_blank\" title=\"WhatsApp\" href=\"whatsapp:\/\/send?text=https%3A%2F%2Fpowstaniewielkopolskie.pl%2Fnowa%2F%3Fp%3D8178\" data-nid=\"18\" data-name=\"\" data-pid=\"1\" data-post-id=\"8178\" data-url=\"https:\/\/powstaniewielkopolskie.pl\/nowa\/wp-admin\/admin-ajax.php\" data-url=\"https:\/\/powstaniewielkopolskie.pl\/nowa\/wp-admin\/admin-ajax.php\" data-description=\"B\u0119dzie wystawa o pocz\u0105tkach skautingu i udziale w Powstaniu Wielkopolskim\" rel=\"nofollow\"><i class=\"fa fa-fw fa-whatsapp\"><\/i><div class=\"counter-wrap standard\"><span class=\"counter\">0<\/span><\/div><\/a><a class=\"social-sharing-button sharer-flat sharer-flat-2 counter-standard twitter\" target=\"_blank\" title=\"Twitter\" href=\"https:\/\/twitter.com\/share?url=https%3A%2F%2Fpowstaniewielkopolskie.pl%2Fnowa%2F%3Fp%3D8178&text=B%C4%99dzie+wystawa+o+pocz%C4%85tkach+skautingu+i+udziale+w+Powstaniu+Wielkopolskim\" data-nid=\"2\" data-name=\"\" data-pid=\"1\" data-post-id=\"8178\" data-url=\"https:\/\/powstaniewielkopolskie.pl\/nowa\/wp-admin\/admin-ajax.php\" data-url=\"https:\/\/powstaniewielkopolskie.pl\/nowa\/wp-admin\/admin-ajax.php\" data-description=\"B\u0119dzie wystawa o pocz\u0105tkach skautingu i udziale w Powstaniu Wielkopolskim\" rel=\"nofollow\"><i class=\"fa fa-fw fa-twitter\"><\/i><div class=\"counter-wrap standard\"><span class=\"counter\">0<\/span><\/div><\/a><a class=\"social-sharing-button sharer-flat sharer-flat-2 counter-standard googleplus\" target=\"_blank\" title=\"Google+\" href=\"https:\/\/plus.google.com\/share?url=https%3A%2F%2Fpowstaniewielkopolskie.pl%2Fnowa%2F%3Fp%3D8178\" data-nid=\"3\" data-name=\"\" data-pid=\"1\" data-post-id=\"8178\" data-url=\"https:\/\/powstaniewielkopolskie.pl\/nowa\/wp-admin\/admin-ajax.php\" data-url=\"https:\/\/powstaniewielkopolskie.pl\/nowa\/wp-admin\/admin-ajax.php\" data-description=\"B\u0119dzie wystawa o pocz\u0105tkach skautingu i udziale w Powstaniu Wielkopolskim\" rel=\"nofollow\"><i class=\"fa fa-fw fa-google-plus\"><\/i><div class=\"counter-wrap standard\"><span class=\"counter\">0<\/span><\/div><\/a><\/div>","protected":false},"excerpt":{"rendered":"<p>11 do 13 pa\u017adziernika 2023 r. &#8211; delegacja Komisji Historycznej Chor\u0105gwi Wielkopolskiej Zwi\u0105zku Harcerstwa Polskiego im. Powsta\u0144c\u00f3w Wielkopolskich w sk\u0142adzie: hm. Wawrzyniec Wierzejewski, z-ca przewodnicz\u0105cego Komisji i prezes Oddzia\u0142u Wielkopolskiego TPPW, hm.<a class=\"moretag\" href=\"https:\/\/powstaniewielkopolskie.pl\/nowa\/?p=8178\">Czytaj wi\u0119cej&#8230;<\/a><\/p>\n<div data-animation=\"pulse\" data-icons-animation=\"no-animation\" data-overlay=\"on\" data-change-size=\"\" data-button-size=\"0.7\" style=\"font-size:0.7em;display:none;\" class=\"supsystic-social-sharing supsystic-social-sharing-package-flat supsystic-social-sharing-hide-on-homepage supsystic-social-sharing-content supsystic-social-sharing-content-align-center\" data-text=\"\"><a class=\"social-sharing-button sharer-flat sharer-flat-2 counter-standard digg\" target=\"_blank\" title=\"Digg\" href=\"http:\/\/digg.com\/submit?url=https%3A%2F%2Fpowstaniewielkopolskie.pl%2Fnowa%2F%3Fp%3D8178&title=B%C4%99dzie+wystawa+o+pocz%C4%85tkach+skautingu+i+udziale+w+Powstaniu+Wielkopolskim\" data-nid=\"8\" data-name=\"\" data-pid=\"1\" data-post-id=\"8178\" data-url=\"https:\/\/powstaniewielkopolskie.pl\/nowa\/wp-admin\/admin-ajax.php\" data-url=\"https:\/\/powstaniewielkopolskie.pl\/nowa\/wp-admin\/admin-ajax.php\" data-description=\"B\u0119dzie wystawa o pocz\u0105tkach skautingu i udziale w Powstaniu Wielkopolskim\" rel=\"nofollow\"><i class=\"fa fa-fw fa-digg\"><\/i><div class=\"counter-wrap standard\"><span class=\"counter\">0<\/span><\/div><\/a><a class=\"social-sharing-button sharer-flat sharer-flat-2 counter-standard mail\" target=\"_blank\" title=\"Mail\" href=\"#\" data-nid=\"16\" data-name=\"\" data-pid=\"1\" data-post-id=\"8178\" data-url=\"https:\/\/powstaniewielkopolskie.pl\/nowa\/wp-admin\/admin-ajax.php\" data-url=\"https:\/\/powstaniewielkopolskie.pl\/nowa\/wp-admin\/admin-ajax.php\" data-description=\"B\u0119dzie wystawa o pocz\u0105tkach skautingu i udziale w Powstaniu Wielkopolskim\" rel=\"nofollow\"><i class=\"fa fa-fw fa-envelope-o\"><\/i><div class=\"counter-wrap standard\"><span class=\"counter\">0<\/span><\/div><\/a><a class=\"social-sharing-button sharer-flat sharer-flat-2 counter-standard facebook\" target=\"_blank\" title=\"Facebook\" href=\"http:\/\/www.facebook.com\/sharer.php?u=https%3A%2F%2Fpowstaniewielkopolskie.pl%2Fnowa%2F%3Fp%3D8178\" data-nid=\"1\" data-name=\"\" data-pid=\"1\" data-post-id=\"8178\" data-url=\"https:\/\/powstaniewielkopolskie.pl\/nowa\/wp-admin\/admin-ajax.php\" data-url=\"https:\/\/powstaniewielkopolskie.pl\/nowa\/wp-admin\/admin-ajax.php\" data-description=\"B\u0119dzie wystawa o pocz\u0105tkach skautingu i udziale w Powstaniu Wielkopolskim\" rel=\"nofollow\"><i class=\"fa fa-fw fa-facebook\"><\/i><div class=\"counter-wrap standard\"><span class=\"counter\">0<\/span><\/div><\/a><a class=\"social-sharing-button sharer-flat sharer-flat-2 counter-standard whatsapp\" target=\"_blank\" title=\"WhatsApp\" href=\"whatsapp:\/\/send?text=https%3A%2F%2Fpowstaniewielkopolskie.pl%2Fnowa%2F%3Fp%3D8178\" data-nid=\"18\" data-name=\"\" data-pid=\"1\" data-post-id=\"8178\" data-url=\"https:\/\/powstaniewielkopolskie.pl\/nowa\/wp-admin\/admin-ajax.php\" data-url=\"https:\/\/powstaniewielkopolskie.pl\/nowa\/wp-admin\/admin-ajax.php\" data-description=\"B\u0119dzie wystawa o pocz\u0105tkach skautingu i udziale w Powstaniu Wielkopolskim\" rel=\"nofollow\"><i class=\"fa fa-fw fa-whatsapp\"><\/i><div class=\"counter-wrap standard\"><span class=\"counter\">0<\/span><\/div><\/a><a class=\"social-sharing-button sharer-flat sharer-flat-2 counter-standard twitter\" target=\"_blank\" title=\"Twitter\" href=\"https:\/\/twitter.com\/share?url=https%3A%2F%2Fpowstaniewielkopolskie.pl%2Fnowa%2F%3Fp%3D8178&text=B%C4%99dzie+wystawa+o+pocz%C4%85tkach+skautingu+i+udziale+w+Powstaniu+Wielkopolskim\" data-nid=\"2\" data-name=\"\" data-pid=\"1\" data-post-id=\"8178\" data-url=\"https:\/\/powstaniewielkopolskie.pl\/nowa\/wp-admin\/admin-ajax.php\" data-url=\"https:\/\/powstaniewielkopolskie.pl\/nowa\/wp-admin\/admin-ajax.php\" data-description=\"B\u0119dzie wystawa o pocz\u0105tkach skautingu i udziale w Powstaniu Wielkopolskim\" rel=\"nofollow\"><i class=\"fa fa-fw fa-twitter\"><\/i><div class=\"counter-wrap standard\"><span class=\"counter\">0<\/span><\/div><\/a><a class=\"social-sharing-button sharer-flat sharer-flat-2 counter-standard googleplus\" target=\"_blank\" title=\"Google+\" href=\"https:\/\/plus.google.com\/share?url=https%3A%2F%2Fpowstaniewielkopolskie.pl%2Fnowa%2F%3Fp%3D8178\" data-nid=\"3\" data-name=\"\" data-pid=\"1\" data-post-id=\"8178\" data-url=\"https:\/\/powstaniewielkopolskie.pl\/nowa\/wp-admin\/admin-ajax.php\" data-url=\"https:\/\/powstaniewielkopolskie.pl\/nowa\/wp-admin\/admin-ajax.php\" data-description=\"B\u0119dzie wystawa o pocz\u0105tkach skautingu i udziale w Powstaniu Wielkopolskim\" rel=\"nofollow\"><i class=\"fa fa-fw fa-google-plus\"><\/i><div class=\"counter-wrap standard\"><span class=\"counter\">0<\/span><\/div><\/a><\/div>","protected":false},"author":4,"featured_media":8179,"comment_status":"closed","ping_status":"open","sticky":false,"template":"","format":"standard","meta":{"footnotes":""},"categories":[3],"tags":[],"_links":{"self":[{"href":"https:\/\/powstaniewielkopolskie.pl\/nowa\/index.php?rest_route=\/wp\/v2\/posts\/8178"}],"collection":[{"href":"https:\/\/powstaniewielkopolskie.pl\/nowa\/index.php?rest_route=\/wp\/v2\/posts"}],"about":[{"href":"https:\/\/powstaniewielkopolskie.pl\/nowa\/index.php?rest_route=\/wp\/v2\/types\/post"}],"author":[{"embeddable":true,"href":"https:\/\/powstaniewielkopolskie.pl\/nowa\/index.php?rest_route=\/wp\/v2\/users\/4"}],"replies":[{"embeddable":true,"href":"https:\/\/powstaniewielkopolskie.pl\/nowa\/index.php?rest_route=%2Fwp%2Fv2%2Fcomments&post=8178"}],"version-history":[{"count":6,"href":"https:\/\/powstaniewielkopolskie.pl\/nowa\/index.php?rest_route=\/wp\/v2\/posts\/8178\/revisions"}],"predecessor-version":[{"id":8186,"href":"https:\/\/powstaniewielkopolskie.pl\/nowa\/index.php?rest_route=\/wp\/v2\/posts\/8178\/revisions\/8186"}],"wp:featuredmedia":[{"embeddable":true,"href":"https:\/\/powstaniewielkopolskie.pl\/nowa\/index.php?rest_route=\/wp\/v2\/media\/8179"}],"wp:attachment":[{"href":"https:\/\/powstaniewielkopolskie.pl\/nowa\/index.php?rest_route=%2Fwp%2Fv2%2Fmedia&parent=8178"}],"wp:term":[{"taxonomy":"category","embeddable":true,"href":"https:\/\/powstaniewielkopolskie.pl\/nowa\/index.php?rest_route=%2Fwp%2Fv2%2Fcategories&post=8178"},{"taxonomy":"post_tag","embeddable":true,"href":"https:\/\/powstaniewielkopolskie.pl\/nowa\/index.php?rest_route=%2Fwp%2Fv2%2Ftags&post=8178"}],"curies":[{"name":"wp","href":"https:\/\/api.w.org\/{rel}","templated":true}]}}