{"id":8035,"date":"2023-08-28T17:55:30","date_gmt":"2023-08-28T15:55:30","guid":{"rendered":"http:\/\/powstaniewielkopolskie.pl\/nowa\/?p=8035"},"modified":"2023-08-28T17:55:30","modified_gmt":"2023-08-28T15:55:30","slug":"tppw-wyroznione-podczas-obchodow-100-lecia-automobilklubu-wielkopolski","status":"publish","type":"post","link":"https:\/\/powstaniewielkopolskie.pl\/nowa\/?p=8035","title":{"rendered":"TPPW wyr\u00f3\u017cnione podczas obchod\u00f3w 100-lecia Automobilklubu Wielkopolski"},"content":{"rendered":"<p align=\"JUSTIFY\"><span style=\"font-size: large;\"><b>25 sierpnia 2023 r.<\/b> &#8211; w Sali Bia\u0142ej Bazaru Pozna\u0144skiego odby\u0142a si\u0119 uroczysto\u015b\u0107 jubileuszowa z okazji 100-lecia powstania Automobilklubu Wielkopolski. Przes\u0142aniem Jubileuszu by\u0142o has\u0142o: \u201eOd 100 lat poruszamy Pozna\u0144\u201d. W tym samym miejscu przed stu laty powo\u0142ano Automobilklub, w\u00f3wczas pod nazw\u0105 Wielkopolskiego Klubu Automobilist\u00f3w i Motocyklist\u00f3w.\u00a0Pierwszym prezesem Automobilklubu by\u0142 gen. Kazimierz Raszewski \u2013 Powstaniec Wielkopolski. W uroczysto\u015bci udzia\u0142 wzi\u0119li m. in. przedstawiciele: w\u0142adz pa\u0144stwowych: Szymon Szynkowski vel. S\u0119k \u2013 Minister ds. Unii Europejskiej, Katarzyna Kretkowska, Tadeusz Tomaszewski i Bart\u0142omiej Wr\u00f3blewski \u2013 Pos\u0142owie na Sejm RP, w\u0142adz samorz\u0105dowych z \u00a0Wojciechem Jankowiakiem \u2013 Wicemarsza\u0142kiem Wojew\u00f3dztwa Wielkopolskiego, Grzegorzem Ganowiczem \u2013 Przewodnicz\u0105cym Rady Miasta Poznania, Mariuszem Wi\u015bniewskim \u2013 Zast\u0119pc\u0105 Prezydenta Miasta Poznania, Tomaszem \u0141ubi\u0144skim \u2013 Wicestarost\u0105 Pozna\u0144skim, instytucji wsp\u00f3\u0142pracuj\u0105cych z Klubem, s\u0142u\u017cb mundurowych, dyrektorzy Wojew\u00f3dzkich O\u015brodk\u00f3w Ruchu Drogowego oraz cz\u0142onkowie i sympatycy Automobilklubu. Towarzystwo Pami\u0119ci Powstania Wielkopolskiego 1918\/19 reprezentowa\u0142 Wawrzyniec Wierzejewski \u2013 Prezes Oddzia\u0142u Wielkopolskiego.\u00a0<\/span><span style=\"font-size: large;\">Obchody mia\u0142y uroczysty charakter. Aktorzy pozna\u0144skiego Teatru Nowego &#8211; Andrzej Lajborek, Zbigniew Grochal i \u0141ukasz Chrzuszcz wcielili si\u0119 w role cz\u0142onk\u00f3w-za\u0142o\u017cycieli stowarzyszenia i zaprezentowali uczestnikom spektakl obrazuj\u0105cy okoliczno\u015bci powo\u0142ania do \u017cycia Wielkopolskiego Klubu Automobilist\u00f3w i Motocyklist\u00f3w. Uczestnicy obejrzeli te\u017c filmow\u0105 prezentacj\u0119 osi\u0105gni\u0119\u0107 Klubu. Uroczysto\u015b\u0107 by\u0142a okazj\u0105 do nagrodzenia okoliczno\u015bciowymi ryngrafami os\u00f3b i instytucji zas\u0142u\u017conych dla Klubu. W\u015br\u00f3d wyr\u00f3\u017cnionych znalaz\u0142o si\u0119 Towarzystwo Pami\u0119ci Powstania Wielkopolskiego 1918\/19. <\/span><\/p>\n<p style=\"text-align: right;\" align=\"JUSTIFY\"><span style=\"font-size: large;\">Fot. Hieronim Dymalski<\/span><\/p>\n<p align=\"JUSTIFY\">\n<div data-animation=\"pulse\" data-icons-animation=\"no-animation\" data-overlay=\"on\" data-change-size=\"\" data-button-size=\"0.7\" style=\"font-size:0.7em;display:none;\" class=\"supsystic-social-sharing supsystic-social-sharing-package-flat supsystic-social-sharing-hide-on-homepage supsystic-social-sharing-content supsystic-social-sharing-content-align-center\" data-text=\"\"><a class=\"social-sharing-button sharer-flat sharer-flat-2 counter-standard digg\" target=\"_blank\" title=\"Digg\" href=\"http:\/\/digg.com\/submit?url=https%3A%2F%2Fpowstaniewielkopolskie.pl%2Fnowa%2F%3Fp%3D8035&title=TPPW+wyr%C3%B3%C5%BCnione+podczas+obchod%C3%B3w+100-lecia+Automobilklubu+Wielkopolski\" data-nid=\"8\" data-name=\"\" data-pid=\"1\" data-post-id=\"8035\" data-url=\"https:\/\/powstaniewielkopolskie.pl\/nowa\/wp-admin\/admin-ajax.php\" data-url=\"https:\/\/powstaniewielkopolskie.pl\/nowa\/wp-admin\/admin-ajax.php\" data-description=\"TPPW wyr\u00f3\u017cnione podczas obchod\u00f3w 100-lecia Automobilklubu Wielkopolski\" rel=\"nofollow\"><i class=\"fa fa-fw fa-digg\"><\/i><div class=\"counter-wrap standard\"><span class=\"counter\">0<\/span><\/div><\/a><a class=\"social-sharing-button sharer-flat sharer-flat-2 counter-standard mail\" target=\"_blank\" title=\"Mail\" href=\"#\" data-nid=\"16\" data-name=\"\" data-pid=\"1\" data-post-id=\"8035\" data-url=\"https:\/\/powstaniewielkopolskie.pl\/nowa\/wp-admin\/admin-ajax.php\" data-url=\"https:\/\/powstaniewielkopolskie.pl\/nowa\/wp-admin\/admin-ajax.php\" data-description=\"TPPW wyr\u00f3\u017cnione podczas obchod\u00f3w 100-lecia Automobilklubu Wielkopolski\" rel=\"nofollow\"><i class=\"fa fa-fw fa-envelope-o\"><\/i><div class=\"counter-wrap standard\"><span class=\"counter\">0<\/span><\/div><\/a><a class=\"social-sharing-button sharer-flat sharer-flat-2 counter-standard facebook\" target=\"_blank\" title=\"Facebook\" href=\"http:\/\/www.facebook.com\/sharer.php?u=https%3A%2F%2Fpowstaniewielkopolskie.pl%2Fnowa%2F%3Fp%3D8035\" data-nid=\"1\" data-name=\"\" data-pid=\"1\" data-post-id=\"8035\" data-url=\"https:\/\/powstaniewielkopolskie.pl\/nowa\/wp-admin\/admin-ajax.php\" data-url=\"https:\/\/powstaniewielkopolskie.pl\/nowa\/wp-admin\/admin-ajax.php\" data-description=\"TPPW wyr\u00f3\u017cnione podczas obchod\u00f3w 100-lecia Automobilklubu Wielkopolski\" rel=\"nofollow\"><i class=\"fa fa-fw fa-facebook\"><\/i><div class=\"counter-wrap standard\"><span class=\"counter\">0<\/span><\/div><\/a><a class=\"social-sharing-button sharer-flat sharer-flat-2 counter-standard whatsapp\" target=\"_blank\" title=\"WhatsApp\" href=\"whatsapp:\/\/send?text=https%3A%2F%2Fpowstaniewielkopolskie.pl%2Fnowa%2F%3Fp%3D8035\" data-nid=\"18\" data-name=\"\" data-pid=\"1\" data-post-id=\"8035\" data-url=\"https:\/\/powstaniewielkopolskie.pl\/nowa\/wp-admin\/admin-ajax.php\" data-url=\"https:\/\/powstaniewielkopolskie.pl\/nowa\/wp-admin\/admin-ajax.php\" data-description=\"TPPW wyr\u00f3\u017cnione podczas obchod\u00f3w 100-lecia Automobilklubu Wielkopolski\" rel=\"nofollow\"><i class=\"fa fa-fw fa-whatsapp\"><\/i><div class=\"counter-wrap standard\"><span class=\"counter\">0<\/span><\/div><\/a><a class=\"social-sharing-button sharer-flat sharer-flat-2 counter-standard twitter\" target=\"_blank\" title=\"Twitter\" href=\"https:\/\/twitter.com\/share?url=https%3A%2F%2Fpowstaniewielkopolskie.pl%2Fnowa%2F%3Fp%3D8035&text=TPPW+wyr%C3%B3%C5%BCnione+podczas+obchod%C3%B3w+100-lecia+Automobilklubu+Wielkopolski\" data-nid=\"2\" data-name=\"\" data-pid=\"1\" data-post-id=\"8035\" data-url=\"https:\/\/powstaniewielkopolskie.pl\/nowa\/wp-admin\/admin-ajax.php\" data-url=\"https:\/\/powstaniewielkopolskie.pl\/nowa\/wp-admin\/admin-ajax.php\" data-description=\"TPPW wyr\u00f3\u017cnione podczas obchod\u00f3w 100-lecia Automobilklubu Wielkopolski\" rel=\"nofollow\"><i class=\"fa fa-fw fa-twitter\"><\/i><div class=\"counter-wrap standard\"><span class=\"counter\">0<\/span><\/div><\/a><a class=\"social-sharing-button sharer-flat sharer-flat-2 counter-standard googleplus\" target=\"_blank\" title=\"Google+\" href=\"https:\/\/plus.google.com\/share?url=https%3A%2F%2Fpowstaniewielkopolskie.pl%2Fnowa%2F%3Fp%3D8035\" data-nid=\"3\" data-name=\"\" data-pid=\"1\" data-post-id=\"8035\" data-url=\"https:\/\/powstaniewielkopolskie.pl\/nowa\/wp-admin\/admin-ajax.php\" data-url=\"https:\/\/powstaniewielkopolskie.pl\/nowa\/wp-admin\/admin-ajax.php\" data-description=\"TPPW wyr\u00f3\u017cnione podczas obchod\u00f3w 100-lecia Automobilklubu Wielkopolski\" rel=\"nofollow\"><i class=\"fa fa-fw fa-google-plus\"><\/i><div class=\"counter-wrap standard\"><span class=\"counter\">0<\/span><\/div><\/a><\/div>","protected":false},"excerpt":{"rendered":"<p>25 sierpnia 2023 r. &#8211; w Sali Bia\u0142ej Bazaru Pozna\u0144skiego odby\u0142a si\u0119 uroczysto\u015b\u0107 jubileuszowa z okazji 100-lecia powstania Automobilklubu Wielkopolski. Przes\u0142aniem Jubileuszu by\u0142o has\u0142o: \u201eOd 100 lat poruszamy Pozna\u0144\u201d. W tym samym<a class=\"moretag\" href=\"https:\/\/powstaniewielkopolskie.pl\/nowa\/?p=8035\">Czytaj wi\u0119cej&#8230;<\/a><\/p>\n<div data-animation=\"pulse\" data-icons-animation=\"no-animation\" data-overlay=\"on\" data-change-size=\"\" data-button-size=\"0.7\" style=\"font-size:0.7em;display:none;\" class=\"supsystic-social-sharing supsystic-social-sharing-package-flat supsystic-social-sharing-hide-on-homepage supsystic-social-sharing-content supsystic-social-sharing-content-align-center\" data-text=\"\"><a class=\"social-sharing-button sharer-flat sharer-flat-2 counter-standard digg\" target=\"_blank\" title=\"Digg\" href=\"http:\/\/digg.com\/submit?url=https%3A%2F%2Fpowstaniewielkopolskie.pl%2Fnowa%2F%3Fp%3D8035&title=TPPW+wyr%C3%B3%C5%BCnione+podczas+obchod%C3%B3w+100-lecia+Automobilklubu+Wielkopolski\" data-nid=\"8\" data-name=\"\" data-pid=\"1\" data-post-id=\"8035\" data-url=\"https:\/\/powstaniewielkopolskie.pl\/nowa\/wp-admin\/admin-ajax.php\" data-url=\"https:\/\/powstaniewielkopolskie.pl\/nowa\/wp-admin\/admin-ajax.php\" data-description=\"TPPW wyr\u00f3\u017cnione podczas obchod\u00f3w 100-lecia Automobilklubu Wielkopolski\" rel=\"nofollow\"><i class=\"fa fa-fw fa-digg\"><\/i><div class=\"counter-wrap standard\"><span class=\"counter\">0<\/span><\/div><\/a><a class=\"social-sharing-button sharer-flat sharer-flat-2 counter-standard mail\" target=\"_blank\" title=\"Mail\" href=\"#\" data-nid=\"16\" data-name=\"\" data-pid=\"1\" data-post-id=\"8035\" data-url=\"https:\/\/powstaniewielkopolskie.pl\/nowa\/wp-admin\/admin-ajax.php\" data-url=\"https:\/\/powstaniewielkopolskie.pl\/nowa\/wp-admin\/admin-ajax.php\" data-description=\"TPPW wyr\u00f3\u017cnione podczas obchod\u00f3w 100-lecia Automobilklubu Wielkopolski\" rel=\"nofollow\"><i class=\"fa fa-fw fa-envelope-o\"><\/i><div class=\"counter-wrap standard\"><span class=\"counter\">0<\/span><\/div><\/a><a class=\"social-sharing-button sharer-flat sharer-flat-2 counter-standard facebook\" target=\"_blank\" title=\"Facebook\" href=\"http:\/\/www.facebook.com\/sharer.php?u=https%3A%2F%2Fpowstaniewielkopolskie.pl%2Fnowa%2F%3Fp%3D8035\" data-nid=\"1\" data-name=\"\" data-pid=\"1\" data-post-id=\"8035\" data-url=\"https:\/\/powstaniewielkopolskie.pl\/nowa\/wp-admin\/admin-ajax.php\" data-url=\"https:\/\/powstaniewielkopolskie.pl\/nowa\/wp-admin\/admin-ajax.php\" data-description=\"TPPW wyr\u00f3\u017cnione podczas obchod\u00f3w 100-lecia Automobilklubu Wielkopolski\" rel=\"nofollow\"><i class=\"fa fa-fw fa-facebook\"><\/i><div class=\"counter-wrap standard\"><span class=\"counter\">0<\/span><\/div><\/a><a class=\"social-sharing-button sharer-flat sharer-flat-2 counter-standard whatsapp\" target=\"_blank\" title=\"WhatsApp\" href=\"whatsapp:\/\/send?text=https%3A%2F%2Fpowstaniewielkopolskie.pl%2Fnowa%2F%3Fp%3D8035\" data-nid=\"18\" data-name=\"\" data-pid=\"1\" data-post-id=\"8035\" data-url=\"https:\/\/powstaniewielkopolskie.pl\/nowa\/wp-admin\/admin-ajax.php\" data-url=\"https:\/\/powstaniewielkopolskie.pl\/nowa\/wp-admin\/admin-ajax.php\" data-description=\"TPPW wyr\u00f3\u017cnione podczas obchod\u00f3w 100-lecia Automobilklubu Wielkopolski\" rel=\"nofollow\"><i class=\"fa fa-fw fa-whatsapp\"><\/i><div class=\"counter-wrap standard\"><span class=\"counter\">0<\/span><\/div><\/a><a class=\"social-sharing-button sharer-flat sharer-flat-2 counter-standard twitter\" target=\"_blank\" title=\"Twitter\" href=\"https:\/\/twitter.com\/share?url=https%3A%2F%2Fpowstaniewielkopolskie.pl%2Fnowa%2F%3Fp%3D8035&text=TPPW+wyr%C3%B3%C5%BCnione+podczas+obchod%C3%B3w+100-lecia+Automobilklubu+Wielkopolski\" data-nid=\"2\" data-name=\"\" data-pid=\"1\" data-post-id=\"8035\" data-url=\"https:\/\/powstaniewielkopolskie.pl\/nowa\/wp-admin\/admin-ajax.php\" data-url=\"https:\/\/powstaniewielkopolskie.pl\/nowa\/wp-admin\/admin-ajax.php\" data-description=\"TPPW wyr\u00f3\u017cnione podczas obchod\u00f3w 100-lecia Automobilklubu Wielkopolski\" rel=\"nofollow\"><i class=\"fa fa-fw fa-twitter\"><\/i><div class=\"counter-wrap standard\"><span class=\"counter\">0<\/span><\/div><\/a><a class=\"social-sharing-button sharer-flat sharer-flat-2 counter-standard googleplus\" target=\"_blank\" title=\"Google+\" href=\"https:\/\/plus.google.com\/share?url=https%3A%2F%2Fpowstaniewielkopolskie.pl%2Fnowa%2F%3Fp%3D8035\" data-nid=\"3\" data-name=\"\" data-pid=\"1\" data-post-id=\"8035\" data-url=\"https:\/\/powstaniewielkopolskie.pl\/nowa\/wp-admin\/admin-ajax.php\" data-url=\"https:\/\/powstaniewielkopolskie.pl\/nowa\/wp-admin\/admin-ajax.php\" data-description=\"TPPW wyr\u00f3\u017cnione podczas obchod\u00f3w 100-lecia Automobilklubu Wielkopolski\" rel=\"nofollow\"><i class=\"fa fa-fw fa-google-plus\"><\/i><div class=\"counter-wrap standard\"><span class=\"counter\">0<\/span><\/div><\/a><\/div>","protected":false},"author":4,"featured_media":8041,"comment_status":"closed","ping_status":"open","sticky":false,"template":"","format":"standard","meta":{"footnotes":""},"categories":[3],"tags":[],"_links":{"self":[{"href":"https:\/\/powstaniewielkopolskie.pl\/nowa\/index.php?rest_route=\/wp\/v2\/posts\/8035"}],"collection":[{"href":"https:\/\/powstaniewielkopolskie.pl\/nowa\/index.php?rest_route=\/wp\/v2\/posts"}],"about":[{"href":"https:\/\/powstaniewielkopolskie.pl\/nowa\/index.php?rest_route=\/wp\/v2\/types\/post"}],"author":[{"embeddable":true,"href":"https:\/\/powstaniewielkopolskie.pl\/nowa\/index.php?rest_route=\/wp\/v2\/users\/4"}],"replies":[{"embeddable":true,"href":"https:\/\/powstaniewielkopolskie.pl\/nowa\/index.php?rest_route=%2Fwp%2Fv2%2Fcomments&post=8035"}],"version-history":[{"count":3,"href":"https:\/\/powstaniewielkopolskie.pl\/nowa\/index.php?rest_route=\/wp\/v2\/posts\/8035\/revisions"}],"predecessor-version":[{"id":8042,"href":"https:\/\/powstaniewielkopolskie.pl\/nowa\/index.php?rest_route=\/wp\/v2\/posts\/8035\/revisions\/8042"}],"wp:featuredmedia":[{"embeddable":true,"href":"https:\/\/powstaniewielkopolskie.pl\/nowa\/index.php?rest_route=\/wp\/v2\/media\/8041"}],"wp:attachment":[{"href":"https:\/\/powstaniewielkopolskie.pl\/nowa\/index.php?rest_route=%2Fwp%2Fv2%2Fmedia&parent=8035"}],"wp:term":[{"taxonomy":"category","embeddable":true,"href":"https:\/\/powstaniewielkopolskie.pl\/nowa\/index.php?rest_route=%2Fwp%2Fv2%2Fcategories&post=8035"},{"taxonomy":"post_tag","embeddable":true,"href":"https:\/\/powstaniewielkopolskie.pl\/nowa\/index.php?rest_route=%2Fwp%2Fv2%2Ftags&post=8035"}],"curies":[{"name":"wp","href":"https:\/\/api.w.org\/{rel}","templated":true}]}}