{"id":8032,"date":"2023-08-19T21:50:35","date_gmt":"2023-08-19T19:50:35","guid":{"rendered":"http:\/\/powstaniewielkopolskie.pl\/nowa\/?p=8032"},"modified":"2023-08-19T21:52:38","modified_gmt":"2023-08-19T19:52:38","slug":"odsloniecie-pamiatkowej-tablicy-w-jaraczu","status":"publish","type":"post","link":"https:\/\/powstaniewielkopolskie.pl\/nowa\/?p=8032","title":{"rendered":"Ods\u0142oni\u0119cie pami\u0105tkowej tablicy w Jaraczu"},"content":{"rendered":"<p style=\"text-align: justify;\"><span style=\"font-size: large;\"><b>12 sierpnia 2023 r.<\/b> &#8211; w Jaraczu ods\u0142oni\u0119to tablic\u0119 i popiersie upami\u0119tniaj\u0105ce pobyt w latach 1926 \u2013 1932 gen. broni J\u00f3zefa Hallera. W uroczysto\u015bci wzi\u0119li udzia\u0142 przedstawiciele lokalnych w\u0142adz samorz\u0105dowych, stowarzysze\u0144 oraz mieszka\u0144cy. Sylwetk\u0119 genera\u0142a przedstawi\u0142 Marian Winiecki, inicjator przedsi\u0119wzi\u0119cia, prezes Ko\u0142a Rodzin Marynarzy \u2013 Powsta\u0144c\u00f3w Wielkopolskich, laureat Nagrody honorowej TPPW &#8211; Dobosz Powstania Wielkopolskiego. Uroczystego przeci\u0119cia wst\u0119gi honorowej i ods\u0142oni\u0119cia dokonali burmistrz Rogo\u017ana Bogdan Szuberski, so\u0142tys Jaracza Krystian Szymczak, Marian Winiecki oraz wiceprezes Wielkopolskiej Organizacji Wojew\u00f3dzkiej LOK p\u0142k rez. Bogdan Mrowiec. Towarzystwo Pami\u0119ci Powstania Wielkopolskiego 1918\/19 reprezentowa\u0142 podczas uroczysto\u015bci prezes Oddzia\u0142u Wielkopolskiego Wawrzyniec Wierzejewski.<\/span><\/p>\n<div data-animation=\"pulse\" data-icons-animation=\"no-animation\" data-overlay=\"on\" data-change-size=\"\" data-button-size=\"0.7\" style=\"font-size:0.7em;display:none;\" class=\"supsystic-social-sharing supsystic-social-sharing-package-flat supsystic-social-sharing-hide-on-homepage supsystic-social-sharing-content supsystic-social-sharing-content-align-center\" data-text=\"\"><a class=\"social-sharing-button sharer-flat sharer-flat-2 counter-standard digg\" target=\"_blank\" title=\"Digg\" href=\"http:\/\/digg.com\/submit?url=https%3A%2F%2Fpowstaniewielkopolskie.pl%2Fnowa%2F%3Fp%3D8032&title=Ods%C5%82oni%C4%99cie+pami%C4%85tkowej+tablicy+w+Jaraczu\" data-nid=\"8\" data-name=\"\" data-pid=\"1\" data-post-id=\"8032\" data-url=\"https:\/\/powstaniewielkopolskie.pl\/nowa\/wp-admin\/admin-ajax.php\" data-url=\"https:\/\/powstaniewielkopolskie.pl\/nowa\/wp-admin\/admin-ajax.php\" data-description=\"Ods\u0142oni\u0119cie pami\u0105tkowej tablicy w Jaraczu\" rel=\"nofollow\"><i class=\"fa fa-fw fa-digg\"><\/i><div class=\"counter-wrap standard\"><span class=\"counter\">0<\/span><\/div><\/a><a class=\"social-sharing-button sharer-flat sharer-flat-2 counter-standard mail\" target=\"_blank\" title=\"Mail\" href=\"#\" data-nid=\"16\" data-name=\"\" data-pid=\"1\" data-post-id=\"8032\" data-url=\"https:\/\/powstaniewielkopolskie.pl\/nowa\/wp-admin\/admin-ajax.php\" data-url=\"https:\/\/powstaniewielkopolskie.pl\/nowa\/wp-admin\/admin-ajax.php\" data-description=\"Ods\u0142oni\u0119cie pami\u0105tkowej tablicy w Jaraczu\" rel=\"nofollow\"><i class=\"fa fa-fw fa-envelope-o\"><\/i><div class=\"counter-wrap standard\"><span class=\"counter\">0<\/span><\/div><\/a><a class=\"social-sharing-button sharer-flat sharer-flat-2 counter-standard facebook\" target=\"_blank\" title=\"Facebook\" href=\"http:\/\/www.facebook.com\/sharer.php?u=https%3A%2F%2Fpowstaniewielkopolskie.pl%2Fnowa%2F%3Fp%3D8032\" data-nid=\"1\" data-name=\"\" data-pid=\"1\" data-post-id=\"8032\" data-url=\"https:\/\/powstaniewielkopolskie.pl\/nowa\/wp-admin\/admin-ajax.php\" data-url=\"https:\/\/powstaniewielkopolskie.pl\/nowa\/wp-admin\/admin-ajax.php\" data-description=\"Ods\u0142oni\u0119cie pami\u0105tkowej tablicy w Jaraczu\" rel=\"nofollow\"><i class=\"fa fa-fw fa-facebook\"><\/i><div class=\"counter-wrap standard\"><span class=\"counter\">0<\/span><\/div><\/a><a class=\"social-sharing-button sharer-flat sharer-flat-2 counter-standard whatsapp\" target=\"_blank\" title=\"WhatsApp\" href=\"whatsapp:\/\/send?text=https%3A%2F%2Fpowstaniewielkopolskie.pl%2Fnowa%2F%3Fp%3D8032\" data-nid=\"18\" data-name=\"\" data-pid=\"1\" data-post-id=\"8032\" data-url=\"https:\/\/powstaniewielkopolskie.pl\/nowa\/wp-admin\/admin-ajax.php\" data-url=\"https:\/\/powstaniewielkopolskie.pl\/nowa\/wp-admin\/admin-ajax.php\" data-description=\"Ods\u0142oni\u0119cie pami\u0105tkowej tablicy w Jaraczu\" rel=\"nofollow\"><i class=\"fa fa-fw fa-whatsapp\"><\/i><div class=\"counter-wrap standard\"><span class=\"counter\">0<\/span><\/div><\/a><a class=\"social-sharing-button sharer-flat sharer-flat-2 counter-standard twitter\" target=\"_blank\" title=\"Twitter\" href=\"https:\/\/twitter.com\/share?url=https%3A%2F%2Fpowstaniewielkopolskie.pl%2Fnowa%2F%3Fp%3D8032&text=Ods%C5%82oni%C4%99cie+pami%C4%85tkowej+tablicy+w+Jaraczu\" data-nid=\"2\" data-name=\"\" data-pid=\"1\" data-post-id=\"8032\" data-url=\"https:\/\/powstaniewielkopolskie.pl\/nowa\/wp-admin\/admin-ajax.php\" data-url=\"https:\/\/powstaniewielkopolskie.pl\/nowa\/wp-admin\/admin-ajax.php\" data-description=\"Ods\u0142oni\u0119cie pami\u0105tkowej tablicy w Jaraczu\" rel=\"nofollow\"><i class=\"fa fa-fw fa-twitter\"><\/i><div class=\"counter-wrap standard\"><span class=\"counter\">0<\/span><\/div><\/a><a class=\"social-sharing-button sharer-flat sharer-flat-2 counter-standard googleplus\" target=\"_blank\" title=\"Google+\" href=\"https:\/\/plus.google.com\/share?url=https%3A%2F%2Fpowstaniewielkopolskie.pl%2Fnowa%2F%3Fp%3D8032\" data-nid=\"3\" data-name=\"\" data-pid=\"1\" data-post-id=\"8032\" data-url=\"https:\/\/powstaniewielkopolskie.pl\/nowa\/wp-admin\/admin-ajax.php\" data-url=\"https:\/\/powstaniewielkopolskie.pl\/nowa\/wp-admin\/admin-ajax.php\" data-description=\"Ods\u0142oni\u0119cie pami\u0105tkowej tablicy w Jaraczu\" rel=\"nofollow\"><i class=\"fa fa-fw fa-google-plus\"><\/i><div class=\"counter-wrap standard\"><span class=\"counter\">0<\/span><\/div><\/a><\/div>","protected":false},"excerpt":{"rendered":"<p>12 sierpnia 2023 r. &#8211; w Jaraczu ods\u0142oni\u0119to tablic\u0119 i popiersie upami\u0119tniaj\u0105ce pobyt w latach 1926 \u2013 1932 gen. broni J\u00f3zefa Hallera. W uroczysto\u015bci wzi\u0119li udzia\u0142 przedstawiciele lokalnych w\u0142adz samorz\u0105dowych, stowarzysze\u0144 oraz<a class=\"moretag\" href=\"https:\/\/powstaniewielkopolskie.pl\/nowa\/?p=8032\">Czytaj wi\u0119cej&#8230;<\/a><\/p>\n<div data-animation=\"pulse\" data-icons-animation=\"no-animation\" data-overlay=\"on\" data-change-size=\"\" data-button-size=\"0.7\" style=\"font-size:0.7em;display:none;\" class=\"supsystic-social-sharing supsystic-social-sharing-package-flat supsystic-social-sharing-hide-on-homepage supsystic-social-sharing-content supsystic-social-sharing-content-align-center\" data-text=\"\"><a class=\"social-sharing-button sharer-flat sharer-flat-2 counter-standard digg\" target=\"_blank\" title=\"Digg\" href=\"http:\/\/digg.com\/submit?url=https%3A%2F%2Fpowstaniewielkopolskie.pl%2Fnowa%2F%3Fp%3D8032&title=Ods%C5%82oni%C4%99cie+pami%C4%85tkowej+tablicy+w+Jaraczu\" data-nid=\"8\" data-name=\"\" data-pid=\"1\" data-post-id=\"8032\" data-url=\"https:\/\/powstaniewielkopolskie.pl\/nowa\/wp-admin\/admin-ajax.php\" data-url=\"https:\/\/powstaniewielkopolskie.pl\/nowa\/wp-admin\/admin-ajax.php\" data-description=\"Ods\u0142oni\u0119cie pami\u0105tkowej tablicy w Jaraczu\" rel=\"nofollow\"><i class=\"fa fa-fw fa-digg\"><\/i><div class=\"counter-wrap standard\"><span class=\"counter\">0<\/span><\/div><\/a><a class=\"social-sharing-button sharer-flat sharer-flat-2 counter-standard mail\" target=\"_blank\" title=\"Mail\" href=\"#\" data-nid=\"16\" data-name=\"\" data-pid=\"1\" data-post-id=\"8032\" data-url=\"https:\/\/powstaniewielkopolskie.pl\/nowa\/wp-admin\/admin-ajax.php\" data-url=\"https:\/\/powstaniewielkopolskie.pl\/nowa\/wp-admin\/admin-ajax.php\" data-description=\"Ods\u0142oni\u0119cie pami\u0105tkowej tablicy w Jaraczu\" rel=\"nofollow\"><i class=\"fa fa-fw fa-envelope-o\"><\/i><div class=\"counter-wrap standard\"><span class=\"counter\">0<\/span><\/div><\/a><a class=\"social-sharing-button sharer-flat sharer-flat-2 counter-standard facebook\" target=\"_blank\" title=\"Facebook\" href=\"http:\/\/www.facebook.com\/sharer.php?u=https%3A%2F%2Fpowstaniewielkopolskie.pl%2Fnowa%2F%3Fp%3D8032\" data-nid=\"1\" data-name=\"\" data-pid=\"1\" data-post-id=\"8032\" data-url=\"https:\/\/powstaniewielkopolskie.pl\/nowa\/wp-admin\/admin-ajax.php\" data-url=\"https:\/\/powstaniewielkopolskie.pl\/nowa\/wp-admin\/admin-ajax.php\" data-description=\"Ods\u0142oni\u0119cie pami\u0105tkowej tablicy w Jaraczu\" rel=\"nofollow\"><i class=\"fa fa-fw fa-facebook\"><\/i><div class=\"counter-wrap standard\"><span class=\"counter\">0<\/span><\/div><\/a><a class=\"social-sharing-button sharer-flat sharer-flat-2 counter-standard whatsapp\" target=\"_blank\" title=\"WhatsApp\" href=\"whatsapp:\/\/send?text=https%3A%2F%2Fpowstaniewielkopolskie.pl%2Fnowa%2F%3Fp%3D8032\" data-nid=\"18\" data-name=\"\" data-pid=\"1\" data-post-id=\"8032\" data-url=\"https:\/\/powstaniewielkopolskie.pl\/nowa\/wp-admin\/admin-ajax.php\" data-url=\"https:\/\/powstaniewielkopolskie.pl\/nowa\/wp-admin\/admin-ajax.php\" data-description=\"Ods\u0142oni\u0119cie pami\u0105tkowej tablicy w Jaraczu\" rel=\"nofollow\"><i class=\"fa fa-fw fa-whatsapp\"><\/i><div class=\"counter-wrap standard\"><span class=\"counter\">0<\/span><\/div><\/a><a class=\"social-sharing-button sharer-flat sharer-flat-2 counter-standard twitter\" target=\"_blank\" title=\"Twitter\" href=\"https:\/\/twitter.com\/share?url=https%3A%2F%2Fpowstaniewielkopolskie.pl%2Fnowa%2F%3Fp%3D8032&text=Ods%C5%82oni%C4%99cie+pami%C4%85tkowej+tablicy+w+Jaraczu\" data-nid=\"2\" data-name=\"\" data-pid=\"1\" data-post-id=\"8032\" data-url=\"https:\/\/powstaniewielkopolskie.pl\/nowa\/wp-admin\/admin-ajax.php\" data-url=\"https:\/\/powstaniewielkopolskie.pl\/nowa\/wp-admin\/admin-ajax.php\" data-description=\"Ods\u0142oni\u0119cie pami\u0105tkowej tablicy w Jaraczu\" rel=\"nofollow\"><i class=\"fa fa-fw fa-twitter\"><\/i><div class=\"counter-wrap standard\"><span class=\"counter\">0<\/span><\/div><\/a><a class=\"social-sharing-button sharer-flat sharer-flat-2 counter-standard googleplus\" target=\"_blank\" title=\"Google+\" href=\"https:\/\/plus.google.com\/share?url=https%3A%2F%2Fpowstaniewielkopolskie.pl%2Fnowa%2F%3Fp%3D8032\" data-nid=\"3\" data-name=\"\" data-pid=\"1\" data-post-id=\"8032\" data-url=\"https:\/\/powstaniewielkopolskie.pl\/nowa\/wp-admin\/admin-ajax.php\" data-url=\"https:\/\/powstaniewielkopolskie.pl\/nowa\/wp-admin\/admin-ajax.php\" data-description=\"Ods\u0142oni\u0119cie pami\u0105tkowej tablicy w Jaraczu\" rel=\"nofollow\"><i class=\"fa fa-fw fa-google-plus\"><\/i><div class=\"counter-wrap standard\"><span class=\"counter\">0<\/span><\/div><\/a><\/div>","protected":false},"author":4,"featured_media":0,"comment_status":"closed","ping_status":"open","sticky":false,"template":"","format":"standard","meta":{"footnotes":""},"categories":[3],"tags":[],"_links":{"self":[{"href":"https:\/\/powstaniewielkopolskie.pl\/nowa\/index.php?rest_route=\/wp\/v2\/posts\/8032"}],"collection":[{"href":"https:\/\/powstaniewielkopolskie.pl\/nowa\/index.php?rest_route=\/wp\/v2\/posts"}],"about":[{"href":"https:\/\/powstaniewielkopolskie.pl\/nowa\/index.php?rest_route=\/wp\/v2\/types\/post"}],"author":[{"embeddable":true,"href":"https:\/\/powstaniewielkopolskie.pl\/nowa\/index.php?rest_route=\/wp\/v2\/users\/4"}],"replies":[{"embeddable":true,"href":"https:\/\/powstaniewielkopolskie.pl\/nowa\/index.php?rest_route=%2Fwp%2Fv2%2Fcomments&post=8032"}],"version-history":[{"count":1,"href":"https:\/\/powstaniewielkopolskie.pl\/nowa\/index.php?rest_route=\/wp\/v2\/posts\/8032\/revisions"}],"predecessor-version":[{"id":8033,"href":"https:\/\/powstaniewielkopolskie.pl\/nowa\/index.php?rest_route=\/wp\/v2\/posts\/8032\/revisions\/8033"}],"wp:attachment":[{"href":"https:\/\/powstaniewielkopolskie.pl\/nowa\/index.php?rest_route=%2Fwp%2Fv2%2Fmedia&parent=8032"}],"wp:term":[{"taxonomy":"category","embeddable":true,"href":"https:\/\/powstaniewielkopolskie.pl\/nowa\/index.php?rest_route=%2Fwp%2Fv2%2Fcategories&post=8032"},{"taxonomy":"post_tag","embeddable":true,"href":"https:\/\/powstaniewielkopolskie.pl\/nowa\/index.php?rest_route=%2Fwp%2Fv2%2Ftags&post=8032"}],"curies":[{"name":"wp","href":"https:\/\/api.w.org\/{rel}","templated":true}]}}