{"id":5911,"date":"2021-12-06T22:35:38","date_gmt":"2021-12-06T21:35:38","guid":{"rendered":"http:\/\/powstaniewielkopolskie.pl\/nowa\/?p=5911"},"modified":"2021-12-15T09:27:19","modified_gmt":"2021-12-15T08:27:19","slug":"uroczystosc-w-poznanskim-odwachu","status":"publish","type":"post","link":"https:\/\/powstaniewielkopolskie.pl\/nowa\/?p=5911","title":{"rendered":"Uroczysto\u015b\u0107 w pozna\u0144skim Odwachu"},"content":{"rendered":"<p><img loading=\"lazy\" decoding=\"async\" class=\" wp-image-5915 aligncenter\" src=\"http:\/\/powstaniewielkopolskie.pl\/nowa\/wp-content\/uploads\/2021\/12\/IMG-20211204-WA0001-1-225x300.jpg\" alt=\"IMG-20211204-WA0001 (1)\" width=\"318\" height=\"424\" srcset=\"https:\/\/powstaniewielkopolskie.pl\/nowa\/wp-content\/uploads\/2021\/12\/IMG-20211204-WA0001-1-225x300.jpg 225w, https:\/\/powstaniewielkopolskie.pl\/nowa\/wp-content\/uploads\/2021\/12\/IMG-20211204-WA0001-1-768x1024.jpg 768w, https:\/\/powstaniewielkopolskie.pl\/nowa\/wp-content\/uploads\/2021\/12\/IMG-20211204-WA0001-1-1050x1400.jpg 1050w, https:\/\/powstaniewielkopolskie.pl\/nowa\/wp-content\/uploads\/2021\/12\/IMG-20211204-WA0001-1.jpg 1200w\" sizes=\"(max-width: 318px) 100vw, 318px\" \/><\/p>\n<p><span style=\"font-size: large;\"><b>3 grudnia 2021 r.<\/b> &#8211; w pozna\u0144skim Odwachu \u2013 siedzibie Muzeum Powstania Wielkopolskiego 1918-1919 wr\u0119czono osobom szczeg\u00f3lnie zas\u0142u\u017conym w kultywowaniu pami\u0119ci o Powstaniu i jego bohaterach medale honorowe \u201eWierni Tradycji\u201d, nadawane przez Prezydium Zarz\u0105du G\u0142\u00f3wnego TPPW. Uroczysto\u015b\u0107 prowadzi\u0142 Wawrzyniec Wierzejewski &#8211; prezes Oddzia\u0142u Wielkopolskiego TPPW, cz\u0142onek Prezydium Zarz\u0105du G\u0142\u00f3wnego wsp\u00f3lnie z hm. Markiem Urbanowiczem, cz\u0142onkiem Prezydium Oddzia\u0142u Wielkopolskiego. W wydarzeniu uczestniczy\u0142 komendant Chor\u0105gwi Wielkopolskiej ZHP hm. Tomasz Kujaczy\u0144ski z grup\u0105 harcerzy oraz poczet sztandarowy Zarz\u0105du G\u0142\u00f3wnego TPPW, kt\u00f3ry wystawili uczniowie Zespo\u0142u Szk\u00f3\u0142 Zawodowych nr 2 im. Joachima Lelewela w Poznaniu. Medalami \u201eWierni Tradycji\u201d udekorowano m.in. instruktor\u00f3w ZHP i rekonstruktor\u00f3w historycznych. Prezes Stowarzyszenia Pami\u0119\u0107 Jana Paw\u0142a II &#8211; hm. Ryszard Zawadowski wr\u0119czy\u0142 Medale \u015bw. Jana Paw\u0142a II. W ramach p<\/span><span style=\"font-size: large;\">odsumowania uroczysto\u015bci zwiedzono Muzeum. Go\u015bci oprowadza\u0142 i udziela\u0142 informacji na temat przebiegu i znaczenia powstania kierownik &#8211; kustosz Marcin Wi\u015bniewski. <\/span><\/p>\n<p style=\"text-align: right;\"><em><span style=\"font-size: large;\">Fot. Ma\u0142gorzata Suchanecka\u00a0<\/span><\/em><\/p>\n<p style=\"text-align: right;\">\n<p style=\"text-align: center;\"><img loading=\"lazy\" decoding=\"async\" class=\"alignnone  wp-image-5937\" src=\"http:\/\/powstaniewielkopolskie.pl\/nowa\/wp-content\/uploads\/2021\/12\/IMG_1776-1Fot.-S\u0142awomir-Tomk\u00f3w-bis-205x300.jpg\" alt=\"IMG_1776 (1)Fot. S\u0142awomir Tomk\u00f3w bis\" width=\"293\" height=\"428\" srcset=\"https:\/\/powstaniewielkopolskie.pl\/nowa\/wp-content\/uploads\/2021\/12\/IMG_1776-1Fot.-S\u0142awomir-Tomk\u00f3w-bis-205x300.jpg 205w, https:\/\/powstaniewielkopolskie.pl\/nowa\/wp-content\/uploads\/2021\/12\/IMG_1776-1Fot.-S\u0142awomir-Tomk\u00f3w-bis.jpg 423w\" sizes=\"(max-width: 293px) 100vw, 293px\" \/><\/p>\n<p style=\"text-align: center;\"><em><span style=\"font-size: large;\">Fot. S\u0142awomir Tomk\u00f3w<\/span><\/em><\/p>\n<p style=\"text-align: center;\"><img loading=\"lazy\" decoding=\"async\" class=\"alignnone  wp-image-5938\" src=\"http:\/\/powstaniewielkopolskie.pl\/nowa\/wp-content\/uploads\/2021\/12\/AKT-do-Poznania-Fot.-S\u0142awomir-Tomk\u00f3w-bis-199x300.jpg\" alt=\"AKT do Poznania Fot. S\u0142awomir Tomk\u00f3w bis\" width=\"293\" height=\"441\" srcset=\"https:\/\/powstaniewielkopolskie.pl\/nowa\/wp-content\/uploads\/2021\/12\/AKT-do-Poznania-Fot.-S\u0142awomir-Tomk\u00f3w-bis-199x300.jpg 199w, https:\/\/powstaniewielkopolskie.pl\/nowa\/wp-content\/uploads\/2021\/12\/AKT-do-Poznania-Fot.-S\u0142awomir-Tomk\u00f3w-bis.jpg 417w\" sizes=\"(max-width: 293px) 100vw, 293px\" \/><\/p>\n<p style=\"text-align: center;\"><em><span style=\"font-size: large;\">Fot. S\u0142awomir Tomk\u00f3w<\/span><\/em><\/p>\n<div data-animation=\"pulse\" data-icons-animation=\"no-animation\" data-overlay=\"on\" data-change-size=\"\" data-button-size=\"0.7\" style=\"font-size:0.7em;display:none;\" class=\"supsystic-social-sharing supsystic-social-sharing-package-flat supsystic-social-sharing-hide-on-homepage supsystic-social-sharing-content supsystic-social-sharing-content-align-center\" data-text=\"\"><a class=\"social-sharing-button sharer-flat sharer-flat-2 counter-standard digg\" target=\"_blank\" title=\"Digg\" href=\"http:\/\/digg.com\/submit?url=https%3A%2F%2Fpowstaniewielkopolskie.pl%2Fnowa%2F%3Fp%3D5911&title=Uroczysto%C5%9B%C4%87+w+pozna%C5%84skim+Odwachu\" data-nid=\"8\" data-name=\"\" data-pid=\"1\" data-post-id=\"5911\" data-url=\"https:\/\/powstaniewielkopolskie.pl\/nowa\/wp-admin\/admin-ajax.php\" data-url=\"https:\/\/powstaniewielkopolskie.pl\/nowa\/wp-admin\/admin-ajax.php\" data-description=\"Uroczysto\u015b\u0107 w pozna\u0144skim Odwachu\" rel=\"nofollow\"><i class=\"fa fa-fw fa-digg\"><\/i><div class=\"counter-wrap standard\"><span class=\"counter\">0<\/span><\/div><\/a><a class=\"social-sharing-button sharer-flat sharer-flat-2 counter-standard mail\" target=\"_blank\" title=\"Mail\" href=\"#\" data-nid=\"16\" data-name=\"\" data-pid=\"1\" data-post-id=\"5911\" data-url=\"https:\/\/powstaniewielkopolskie.pl\/nowa\/wp-admin\/admin-ajax.php\" data-url=\"https:\/\/powstaniewielkopolskie.pl\/nowa\/wp-admin\/admin-ajax.php\" data-description=\"Uroczysto\u015b\u0107 w pozna\u0144skim Odwachu\" rel=\"nofollow\"><i class=\"fa fa-fw fa-envelope-o\"><\/i><div class=\"counter-wrap standard\"><span class=\"counter\">0<\/span><\/div><\/a><a class=\"social-sharing-button sharer-flat sharer-flat-2 counter-standard facebook\" target=\"_blank\" title=\"Facebook\" href=\"http:\/\/www.facebook.com\/sharer.php?u=https%3A%2F%2Fpowstaniewielkopolskie.pl%2Fnowa%2F%3Fp%3D5911\" data-nid=\"1\" data-name=\"\" data-pid=\"1\" data-post-id=\"5911\" data-url=\"https:\/\/powstaniewielkopolskie.pl\/nowa\/wp-admin\/admin-ajax.php\" data-url=\"https:\/\/powstaniewielkopolskie.pl\/nowa\/wp-admin\/admin-ajax.php\" data-description=\"Uroczysto\u015b\u0107 w pozna\u0144skim Odwachu\" rel=\"nofollow\"><i class=\"fa fa-fw fa-facebook\"><\/i><div class=\"counter-wrap standard\"><span class=\"counter\">0<\/span><\/div><\/a><a class=\"social-sharing-button sharer-flat sharer-flat-2 counter-standard whatsapp\" target=\"_blank\" title=\"WhatsApp\" href=\"whatsapp:\/\/send?text=https%3A%2F%2Fpowstaniewielkopolskie.pl%2Fnowa%2F%3Fp%3D5911\" data-nid=\"18\" data-name=\"\" data-pid=\"1\" data-post-id=\"5911\" data-url=\"https:\/\/powstaniewielkopolskie.pl\/nowa\/wp-admin\/admin-ajax.php\" data-url=\"https:\/\/powstaniewielkopolskie.pl\/nowa\/wp-admin\/admin-ajax.php\" data-description=\"Uroczysto\u015b\u0107 w pozna\u0144skim Odwachu\" rel=\"nofollow\"><i class=\"fa fa-fw fa-whatsapp\"><\/i><div class=\"counter-wrap standard\"><span class=\"counter\">0<\/span><\/div><\/a><a class=\"social-sharing-button sharer-flat sharer-flat-2 counter-standard twitter\" target=\"_blank\" title=\"Twitter\" href=\"https:\/\/twitter.com\/share?url=https%3A%2F%2Fpowstaniewielkopolskie.pl%2Fnowa%2F%3Fp%3D5911&text=Uroczysto%C5%9B%C4%87+w+pozna%C5%84skim+Odwachu\" data-nid=\"2\" data-name=\"\" data-pid=\"1\" data-post-id=\"5911\" data-url=\"https:\/\/powstaniewielkopolskie.pl\/nowa\/wp-admin\/admin-ajax.php\" data-url=\"https:\/\/powstaniewielkopolskie.pl\/nowa\/wp-admin\/admin-ajax.php\" data-description=\"Uroczysto\u015b\u0107 w pozna\u0144skim Odwachu\" rel=\"nofollow\"><i class=\"fa fa-fw fa-twitter\"><\/i><div class=\"counter-wrap standard\"><span class=\"counter\">0<\/span><\/div><\/a><a class=\"social-sharing-button sharer-flat sharer-flat-2 counter-standard googleplus\" target=\"_blank\" title=\"Google+\" href=\"https:\/\/plus.google.com\/share?url=https%3A%2F%2Fpowstaniewielkopolskie.pl%2Fnowa%2F%3Fp%3D5911\" data-nid=\"3\" data-name=\"\" data-pid=\"1\" data-post-id=\"5911\" data-url=\"https:\/\/powstaniewielkopolskie.pl\/nowa\/wp-admin\/admin-ajax.php\" data-url=\"https:\/\/powstaniewielkopolskie.pl\/nowa\/wp-admin\/admin-ajax.php\" data-description=\"Uroczysto\u015b\u0107 w pozna\u0144skim Odwachu\" rel=\"nofollow\"><i class=\"fa fa-fw fa-google-plus\"><\/i><div class=\"counter-wrap standard\"><span class=\"counter\">0<\/span><\/div><\/a><\/div>","protected":false},"excerpt":{"rendered":"<p>3 grudnia 2021 r. &#8211; w pozna\u0144skim Odwachu \u2013 siedzibie Muzeum Powstania Wielkopolskiego 1918-1919 wr\u0119czono osobom szczeg\u00f3lnie zas\u0142u\u017conym w kultywowaniu pami\u0119ci o Powstaniu i jego bohaterach medale honorowe \u201eWierni Tradycji\u201d, nadawane przez<a class=\"moretag\" href=\"https:\/\/powstaniewielkopolskie.pl\/nowa\/?p=5911\">Czytaj wi\u0119cej&#8230;<\/a><\/p>\n<div data-animation=\"pulse\" data-icons-animation=\"no-animation\" data-overlay=\"on\" data-change-size=\"\" data-button-size=\"0.7\" style=\"font-size:0.7em;display:none;\" class=\"supsystic-social-sharing supsystic-social-sharing-package-flat supsystic-social-sharing-hide-on-homepage supsystic-social-sharing-content supsystic-social-sharing-content-align-center\" data-text=\"\"><a class=\"social-sharing-button sharer-flat sharer-flat-2 counter-standard digg\" target=\"_blank\" title=\"Digg\" href=\"http:\/\/digg.com\/submit?url=https%3A%2F%2Fpowstaniewielkopolskie.pl%2Fnowa%2F%3Fp%3D5911&title=Uroczysto%C5%9B%C4%87+w+pozna%C5%84skim+Odwachu\" data-nid=\"8\" data-name=\"\" data-pid=\"1\" data-post-id=\"5911\" data-url=\"https:\/\/powstaniewielkopolskie.pl\/nowa\/wp-admin\/admin-ajax.php\" data-url=\"https:\/\/powstaniewielkopolskie.pl\/nowa\/wp-admin\/admin-ajax.php\" data-description=\"Uroczysto\u015b\u0107 w pozna\u0144skim Odwachu\" rel=\"nofollow\"><i class=\"fa fa-fw fa-digg\"><\/i><div class=\"counter-wrap standard\"><span class=\"counter\">0<\/span><\/div><\/a><a class=\"social-sharing-button sharer-flat sharer-flat-2 counter-standard mail\" target=\"_blank\" title=\"Mail\" href=\"#\" data-nid=\"16\" data-name=\"\" data-pid=\"1\" data-post-id=\"5911\" data-url=\"https:\/\/powstaniewielkopolskie.pl\/nowa\/wp-admin\/admin-ajax.php\" data-url=\"https:\/\/powstaniewielkopolskie.pl\/nowa\/wp-admin\/admin-ajax.php\" data-description=\"Uroczysto\u015b\u0107 w pozna\u0144skim Odwachu\" rel=\"nofollow\"><i class=\"fa fa-fw fa-envelope-o\"><\/i><div class=\"counter-wrap standard\"><span class=\"counter\">0<\/span><\/div><\/a><a class=\"social-sharing-button sharer-flat sharer-flat-2 counter-standard facebook\" target=\"_blank\" title=\"Facebook\" href=\"http:\/\/www.facebook.com\/sharer.php?u=https%3A%2F%2Fpowstaniewielkopolskie.pl%2Fnowa%2F%3Fp%3D5911\" data-nid=\"1\" data-name=\"\" data-pid=\"1\" data-post-id=\"5911\" data-url=\"https:\/\/powstaniewielkopolskie.pl\/nowa\/wp-admin\/admin-ajax.php\" data-url=\"https:\/\/powstaniewielkopolskie.pl\/nowa\/wp-admin\/admin-ajax.php\" data-description=\"Uroczysto\u015b\u0107 w pozna\u0144skim Odwachu\" rel=\"nofollow\"><i class=\"fa fa-fw fa-facebook\"><\/i><div class=\"counter-wrap standard\"><span class=\"counter\">0<\/span><\/div><\/a><a class=\"social-sharing-button sharer-flat sharer-flat-2 counter-standard whatsapp\" target=\"_blank\" title=\"WhatsApp\" href=\"whatsapp:\/\/send?text=https%3A%2F%2Fpowstaniewielkopolskie.pl%2Fnowa%2F%3Fp%3D5911\" data-nid=\"18\" data-name=\"\" data-pid=\"1\" data-post-id=\"5911\" data-url=\"https:\/\/powstaniewielkopolskie.pl\/nowa\/wp-admin\/admin-ajax.php\" data-url=\"https:\/\/powstaniewielkopolskie.pl\/nowa\/wp-admin\/admin-ajax.php\" data-description=\"Uroczysto\u015b\u0107 w pozna\u0144skim Odwachu\" rel=\"nofollow\"><i class=\"fa fa-fw fa-whatsapp\"><\/i><div class=\"counter-wrap standard\"><span class=\"counter\">0<\/span><\/div><\/a><a class=\"social-sharing-button sharer-flat sharer-flat-2 counter-standard twitter\" target=\"_blank\" title=\"Twitter\" href=\"https:\/\/twitter.com\/share?url=https%3A%2F%2Fpowstaniewielkopolskie.pl%2Fnowa%2F%3Fp%3D5911&text=Uroczysto%C5%9B%C4%87+w+pozna%C5%84skim+Odwachu\" data-nid=\"2\" data-name=\"\" data-pid=\"1\" data-post-id=\"5911\" data-url=\"https:\/\/powstaniewielkopolskie.pl\/nowa\/wp-admin\/admin-ajax.php\" data-url=\"https:\/\/powstaniewielkopolskie.pl\/nowa\/wp-admin\/admin-ajax.php\" data-description=\"Uroczysto\u015b\u0107 w pozna\u0144skim Odwachu\" rel=\"nofollow\"><i class=\"fa fa-fw fa-twitter\"><\/i><div class=\"counter-wrap standard\"><span class=\"counter\">0<\/span><\/div><\/a><a class=\"social-sharing-button sharer-flat sharer-flat-2 counter-standard googleplus\" target=\"_blank\" title=\"Google+\" href=\"https:\/\/plus.google.com\/share?url=https%3A%2F%2Fpowstaniewielkopolskie.pl%2Fnowa%2F%3Fp%3D5911\" data-nid=\"3\" data-name=\"\" data-pid=\"1\" data-post-id=\"5911\" data-url=\"https:\/\/powstaniewielkopolskie.pl\/nowa\/wp-admin\/admin-ajax.php\" data-url=\"https:\/\/powstaniewielkopolskie.pl\/nowa\/wp-admin\/admin-ajax.php\" data-description=\"Uroczysto\u015b\u0107 w pozna\u0144skim Odwachu\" rel=\"nofollow\"><i class=\"fa fa-fw fa-google-plus\"><\/i><div class=\"counter-wrap standard\"><span class=\"counter\">0<\/span><\/div><\/a><\/div>","protected":false},"author":4,"featured_media":5914,"comment_status":"closed","ping_status":"open","sticky":false,"template":"","format":"standard","meta":{"footnotes":""},"categories":[3],"tags":[],"_links":{"self":[{"href":"https:\/\/powstaniewielkopolskie.pl\/nowa\/index.php?rest_route=\/wp\/v2\/posts\/5911"}],"collection":[{"href":"https:\/\/powstaniewielkopolskie.pl\/nowa\/index.php?rest_route=\/wp\/v2\/posts"}],"about":[{"href":"https:\/\/powstaniewielkopolskie.pl\/nowa\/index.php?rest_route=\/wp\/v2\/types\/post"}],"author":[{"embeddable":true,"href":"https:\/\/powstaniewielkopolskie.pl\/nowa\/index.php?rest_route=\/wp\/v2\/users\/4"}],"replies":[{"embeddable":true,"href":"https:\/\/powstaniewielkopolskie.pl\/nowa\/index.php?rest_route=%2Fwp%2Fv2%2Fcomments&post=5911"}],"version-history":[{"count":6,"href":"https:\/\/powstaniewielkopolskie.pl\/nowa\/index.php?rest_route=\/wp\/v2\/posts\/5911\/revisions"}],"predecessor-version":[{"id":5939,"href":"https:\/\/powstaniewielkopolskie.pl\/nowa\/index.php?rest_route=\/wp\/v2\/posts\/5911\/revisions\/5939"}],"wp:featuredmedia":[{"embeddable":true,"href":"https:\/\/powstaniewielkopolskie.pl\/nowa\/index.php?rest_route=\/wp\/v2\/media\/5914"}],"wp:attachment":[{"href":"https:\/\/powstaniewielkopolskie.pl\/nowa\/index.php?rest_route=%2Fwp%2Fv2%2Fmedia&parent=5911"}],"wp:term":[{"taxonomy":"category","embeddable":true,"href":"https:\/\/powstaniewielkopolskie.pl\/nowa\/index.php?rest_route=%2Fwp%2Fv2%2Fcategories&post=5911"},{"taxonomy":"post_tag","embeddable":true,"href":"https:\/\/powstaniewielkopolskie.pl\/nowa\/index.php?rest_route=%2Fwp%2Fv2%2Ftags&post=5911"}],"curies":[{"name":"wp","href":"https:\/\/api.w.org\/{rel}","templated":true}]}}