{"id":5557,"date":"2021-09-03T12:58:54","date_gmt":"2021-09-03T10:58:54","guid":{"rendered":"http:\/\/powstaniewielkopolskie.pl\/nowa\/?p=5557"},"modified":"2021-09-13T00:26:41","modified_gmt":"2021-09-12T22:26:41","slug":"poznanskie-obchody-82-rocznicy-wybuchu-ii-wojny-swiatowej","status":"publish","type":"post","link":"https:\/\/powstaniewielkopolskie.pl\/nowa\/?p=5557","title":{"rendered":"Pozna\u0144skie obchody 82. rocznicy wybuchu II wojny \u015bwiatowej"},"content":{"rendered":"<p><span style=\"font-size: large;\"><b>1 wrze\u015bnia 2021 r.<\/b> &#8211; w 82. rocznic\u0119 wybuchu II wojny \u015bwiatowej odby\u0142y si\u0119 w Poznaniu uroczysto\u015bci rocznicowe organizowane przez wojewod\u0119 wielkopolskiego Micha\u0142a Zieli\u0144skiego. Obchody rozpocz\u0119\u0142y si\u0119 msz\u0105 \u015bwi\u0119t\u0105 w Bazylice pw. \u015awi\u0119tego J\u00f3zefa Oblubie\u0144ca Naj\u015bwi\u0119tszej Maryi Panny w intencji poleg\u0142ych i pomordowanych w czasie II wojny \u015bwiatowej. Nast\u0119pnie pod Pomnikiem Armii Pozna\u0144 odby\u0142a si\u0119 g\u0142\u00f3wna uroczysto\u015b\u0107, w kt\u00f3rej udzia\u0142 wzi\u0119li m.in. wojewoda wielkopolski, parlamentarzy\u015bci, przedstawiciele w\u0142adz samorz\u0105dowych, instytucji kultury, s\u0142u\u017cb i inspekcji, kombatanci, harcerze, \u017co\u0142nierze oraz uczniowie z wielkopolskich szk\u00f3\u0142. W obchodach uczestniczy\u0142a tak\u017ce delegacja Zarz\u0105du G\u0142\u00f3wnego TPPW. Przed pomnikiem z\u0142o\u017cono wie\u0144ce i kwiaty. w ho\u0142dzie ofiarom II wojny \u015bwiatowej.<\/span><\/p>\n<p style=\"text-align: right;\"><span style=\"font-size: large;\"><em>Fot. Hieronim Dymalski<\/em><\/span><\/p>\n<p style=\"text-align: left;\"><span style=\"font-size: large;\"><img loading=\"lazy\" decoding=\"async\" class=\"alignnone wp-image-5594 aligncenter\" src=\"http:\/\/powstaniewielkopolskie.pl\/nowa\/wp-content\/uploads\/2021\/09\/DSC_1290-bis-300x200.jpg\" alt=\"DSC_1290 bis\" width=\"710\" height=\"473\" srcset=\"https:\/\/powstaniewielkopolskie.pl\/nowa\/wp-content\/uploads\/2021\/09\/DSC_1290-bis-300x200.jpg 300w, https:\/\/powstaniewielkopolskie.pl\/nowa\/wp-content\/uploads\/2021\/09\/DSC_1290-bis.jpg 626w\" sizes=\"(max-width: 710px) 100vw, 710px\" \/><br \/>\n<\/span><span style=\"font-size: large;\">W tym samym dniu w Muzeum Sztuk U\u017cytkowych w Poznaniu odby\u0142a si\u0119 uroczysto\u015b\u0107, podczas kt\u00f3rej wojewoda wr\u0119czy\u0142 zas\u0142u\u017conym mieszka\u0144com Wielkopolski medale \u201eOpiekuna Miejsc Pami\u0119ci Narodowej\u201d, Medale \u201ePro Patria\u201d i \u201ePro Bono Poloniae\u201d. M.in. Z\u0142ote Medale Opiekuna Miejsc Pami\u0119ci Narodowej otrzymali: Maksymilian Michalczak, Piotr Pers, Marek Urbanowicz, Wawrzyniec Wierzejewski, Bogumi\u0142 Wojcieszak \u2013 zas\u0142u\u017ceni cz\u0142onkowie Towarzystwa Pami\u0119ci Powstania Wielkopolskiego 1918\/19.<\/span><\/p>\n<p style=\"text-align: right;\"><em><span style=\"font-size: large;\">Fot.\u00a0<\/span><\/em><span style=\"font-size: large;\">Hubert Matuszak\/WUW <\/span><\/p>\n<p style=\"text-align: right;\"><em><span style=\"font-size: large;\">\u00a0<\/span><\/em><\/p>\n<p style=\"text-align: right;\">\n<div data-animation=\"pulse\" data-icons-animation=\"no-animation\" data-overlay=\"on\" data-change-size=\"\" data-button-size=\"0.7\" style=\"font-size:0.7em;display:none;\" class=\"supsystic-social-sharing supsystic-social-sharing-package-flat supsystic-social-sharing-hide-on-homepage supsystic-social-sharing-content supsystic-social-sharing-content-align-center\" data-text=\"\"><a class=\"social-sharing-button sharer-flat sharer-flat-2 counter-standard digg\" target=\"_blank\" title=\"Digg\" href=\"http:\/\/digg.com\/submit?url=https%3A%2F%2Fpowstaniewielkopolskie.pl%2Fnowa%2F%3Fp%3D5557&title=Pozna%C5%84skie+obchody+82.+rocznicy+wybuchu+II+wojny+%C5%9Bwiatowej\" data-nid=\"8\" data-name=\"\" data-pid=\"1\" data-post-id=\"5557\" data-url=\"https:\/\/powstaniewielkopolskie.pl\/nowa\/wp-admin\/admin-ajax.php\" data-url=\"https:\/\/powstaniewielkopolskie.pl\/nowa\/wp-admin\/admin-ajax.php\" data-description=\"Pozna\u0144skie obchody 82. rocznicy wybuchu II wojny \u015bwiatowej\" rel=\"nofollow\"><i class=\"fa fa-fw fa-digg\"><\/i><div class=\"counter-wrap standard\"><span class=\"counter\">0<\/span><\/div><\/a><a class=\"social-sharing-button sharer-flat sharer-flat-2 counter-standard mail\" target=\"_blank\" title=\"Mail\" href=\"#\" data-nid=\"16\" data-name=\"\" data-pid=\"1\" data-post-id=\"5557\" data-url=\"https:\/\/powstaniewielkopolskie.pl\/nowa\/wp-admin\/admin-ajax.php\" data-url=\"https:\/\/powstaniewielkopolskie.pl\/nowa\/wp-admin\/admin-ajax.php\" data-description=\"Pozna\u0144skie obchody 82. rocznicy wybuchu II wojny \u015bwiatowej\" rel=\"nofollow\"><i class=\"fa fa-fw fa-envelope-o\"><\/i><div class=\"counter-wrap standard\"><span class=\"counter\">0<\/span><\/div><\/a><a class=\"social-sharing-button sharer-flat sharer-flat-2 counter-standard facebook\" target=\"_blank\" title=\"Facebook\" href=\"http:\/\/www.facebook.com\/sharer.php?u=https%3A%2F%2Fpowstaniewielkopolskie.pl%2Fnowa%2F%3Fp%3D5557\" data-nid=\"1\" data-name=\"\" data-pid=\"1\" data-post-id=\"5557\" data-url=\"https:\/\/powstaniewielkopolskie.pl\/nowa\/wp-admin\/admin-ajax.php\" data-url=\"https:\/\/powstaniewielkopolskie.pl\/nowa\/wp-admin\/admin-ajax.php\" data-description=\"Pozna\u0144skie obchody 82. rocznicy wybuchu II wojny \u015bwiatowej\" rel=\"nofollow\"><i class=\"fa fa-fw fa-facebook\"><\/i><div class=\"counter-wrap standard\"><span class=\"counter\">0<\/span><\/div><\/a><a class=\"social-sharing-button sharer-flat sharer-flat-2 counter-standard whatsapp\" target=\"_blank\" title=\"WhatsApp\" href=\"whatsapp:\/\/send?text=https%3A%2F%2Fpowstaniewielkopolskie.pl%2Fnowa%2F%3Fp%3D5557\" data-nid=\"18\" data-name=\"\" data-pid=\"1\" data-post-id=\"5557\" data-url=\"https:\/\/powstaniewielkopolskie.pl\/nowa\/wp-admin\/admin-ajax.php\" data-url=\"https:\/\/powstaniewielkopolskie.pl\/nowa\/wp-admin\/admin-ajax.php\" data-description=\"Pozna\u0144skie obchody 82. rocznicy wybuchu II wojny \u015bwiatowej\" rel=\"nofollow\"><i class=\"fa fa-fw fa-whatsapp\"><\/i><div class=\"counter-wrap standard\"><span class=\"counter\">0<\/span><\/div><\/a><a class=\"social-sharing-button sharer-flat sharer-flat-2 counter-standard twitter\" target=\"_blank\" title=\"Twitter\" href=\"https:\/\/twitter.com\/share?url=https%3A%2F%2Fpowstaniewielkopolskie.pl%2Fnowa%2F%3Fp%3D5557&text=Pozna%C5%84skie+obchody+82.+rocznicy+wybuchu+II+wojny+%C5%9Bwiatowej\" data-nid=\"2\" data-name=\"\" data-pid=\"1\" data-post-id=\"5557\" data-url=\"https:\/\/powstaniewielkopolskie.pl\/nowa\/wp-admin\/admin-ajax.php\" data-url=\"https:\/\/powstaniewielkopolskie.pl\/nowa\/wp-admin\/admin-ajax.php\" data-description=\"Pozna\u0144skie obchody 82. rocznicy wybuchu II wojny \u015bwiatowej\" rel=\"nofollow\"><i class=\"fa fa-fw fa-twitter\"><\/i><div class=\"counter-wrap standard\"><span class=\"counter\">0<\/span><\/div><\/a><a class=\"social-sharing-button sharer-flat sharer-flat-2 counter-standard googleplus\" target=\"_blank\" title=\"Google+\" href=\"https:\/\/plus.google.com\/share?url=https%3A%2F%2Fpowstaniewielkopolskie.pl%2Fnowa%2F%3Fp%3D5557\" data-nid=\"3\" data-name=\"\" data-pid=\"1\" data-post-id=\"5557\" data-url=\"https:\/\/powstaniewielkopolskie.pl\/nowa\/wp-admin\/admin-ajax.php\" data-url=\"https:\/\/powstaniewielkopolskie.pl\/nowa\/wp-admin\/admin-ajax.php\" data-description=\"Pozna\u0144skie obchody 82. rocznicy wybuchu II wojny \u015bwiatowej\" rel=\"nofollow\"><i class=\"fa fa-fw fa-google-plus\"><\/i><div class=\"counter-wrap standard\"><span class=\"counter\">0<\/span><\/div><\/a><\/div>","protected":false},"excerpt":{"rendered":"<p>1 wrze\u015bnia 2021 r. &#8211; w 82. rocznic\u0119 wybuchu II wojny \u015bwiatowej odby\u0142y si\u0119 w Poznaniu uroczysto\u015bci rocznicowe organizowane przez wojewod\u0119 wielkopolskiego Micha\u0142a Zieli\u0144skiego. Obchody rozpocz\u0119\u0142y si\u0119 msz\u0105 \u015bwi\u0119t\u0105 w Bazylice pw.<a class=\"moretag\" href=\"https:\/\/powstaniewielkopolskie.pl\/nowa\/?p=5557\">Czytaj wi\u0119cej&#8230;<\/a><\/p>\n<div data-animation=\"pulse\" data-icons-animation=\"no-animation\" data-overlay=\"on\" data-change-size=\"\" data-button-size=\"0.7\" style=\"font-size:0.7em;display:none;\" class=\"supsystic-social-sharing supsystic-social-sharing-package-flat supsystic-social-sharing-hide-on-homepage supsystic-social-sharing-content supsystic-social-sharing-content-align-center\" data-text=\"\"><a class=\"social-sharing-button sharer-flat sharer-flat-2 counter-standard digg\" target=\"_blank\" title=\"Digg\" href=\"http:\/\/digg.com\/submit?url=https%3A%2F%2Fpowstaniewielkopolskie.pl%2Fnowa%2F%3Fp%3D5557&title=Pozna%C5%84skie+obchody+82.+rocznicy+wybuchu+II+wojny+%C5%9Bwiatowej\" data-nid=\"8\" data-name=\"\" data-pid=\"1\" data-post-id=\"5557\" data-url=\"https:\/\/powstaniewielkopolskie.pl\/nowa\/wp-admin\/admin-ajax.php\" data-url=\"https:\/\/powstaniewielkopolskie.pl\/nowa\/wp-admin\/admin-ajax.php\" data-description=\"Pozna\u0144skie obchody 82. rocznicy wybuchu II wojny \u015bwiatowej\" rel=\"nofollow\"><i class=\"fa fa-fw fa-digg\"><\/i><div class=\"counter-wrap standard\"><span class=\"counter\">0<\/span><\/div><\/a><a class=\"social-sharing-button sharer-flat sharer-flat-2 counter-standard mail\" target=\"_blank\" title=\"Mail\" href=\"#\" data-nid=\"16\" data-name=\"\" data-pid=\"1\" data-post-id=\"5557\" data-url=\"https:\/\/powstaniewielkopolskie.pl\/nowa\/wp-admin\/admin-ajax.php\" data-url=\"https:\/\/powstaniewielkopolskie.pl\/nowa\/wp-admin\/admin-ajax.php\" data-description=\"Pozna\u0144skie obchody 82. rocznicy wybuchu II wojny \u015bwiatowej\" rel=\"nofollow\"><i class=\"fa fa-fw fa-envelope-o\"><\/i><div class=\"counter-wrap standard\"><span class=\"counter\">0<\/span><\/div><\/a><a class=\"social-sharing-button sharer-flat sharer-flat-2 counter-standard facebook\" target=\"_blank\" title=\"Facebook\" href=\"http:\/\/www.facebook.com\/sharer.php?u=https%3A%2F%2Fpowstaniewielkopolskie.pl%2Fnowa%2F%3Fp%3D5557\" data-nid=\"1\" data-name=\"\" data-pid=\"1\" data-post-id=\"5557\" data-url=\"https:\/\/powstaniewielkopolskie.pl\/nowa\/wp-admin\/admin-ajax.php\" data-url=\"https:\/\/powstaniewielkopolskie.pl\/nowa\/wp-admin\/admin-ajax.php\" data-description=\"Pozna\u0144skie obchody 82. rocznicy wybuchu II wojny \u015bwiatowej\" rel=\"nofollow\"><i class=\"fa fa-fw fa-facebook\"><\/i><div class=\"counter-wrap standard\"><span class=\"counter\">0<\/span><\/div><\/a><a class=\"social-sharing-button sharer-flat sharer-flat-2 counter-standard whatsapp\" target=\"_blank\" title=\"WhatsApp\" href=\"whatsapp:\/\/send?text=https%3A%2F%2Fpowstaniewielkopolskie.pl%2Fnowa%2F%3Fp%3D5557\" data-nid=\"18\" data-name=\"\" data-pid=\"1\" data-post-id=\"5557\" data-url=\"https:\/\/powstaniewielkopolskie.pl\/nowa\/wp-admin\/admin-ajax.php\" data-url=\"https:\/\/powstaniewielkopolskie.pl\/nowa\/wp-admin\/admin-ajax.php\" data-description=\"Pozna\u0144skie obchody 82. rocznicy wybuchu II wojny \u015bwiatowej\" rel=\"nofollow\"><i class=\"fa fa-fw fa-whatsapp\"><\/i><div class=\"counter-wrap standard\"><span class=\"counter\">0<\/span><\/div><\/a><a class=\"social-sharing-button sharer-flat sharer-flat-2 counter-standard twitter\" target=\"_blank\" title=\"Twitter\" href=\"https:\/\/twitter.com\/share?url=https%3A%2F%2Fpowstaniewielkopolskie.pl%2Fnowa%2F%3Fp%3D5557&text=Pozna%C5%84skie+obchody+82.+rocznicy+wybuchu+II+wojny+%C5%9Bwiatowej\" data-nid=\"2\" data-name=\"\" data-pid=\"1\" data-post-id=\"5557\" data-url=\"https:\/\/powstaniewielkopolskie.pl\/nowa\/wp-admin\/admin-ajax.php\" data-url=\"https:\/\/powstaniewielkopolskie.pl\/nowa\/wp-admin\/admin-ajax.php\" data-description=\"Pozna\u0144skie obchody 82. rocznicy wybuchu II wojny \u015bwiatowej\" rel=\"nofollow\"><i class=\"fa fa-fw fa-twitter\"><\/i><div class=\"counter-wrap standard\"><span class=\"counter\">0<\/span><\/div><\/a><a class=\"social-sharing-button sharer-flat sharer-flat-2 counter-standard googleplus\" target=\"_blank\" title=\"Google+\" href=\"https:\/\/plus.google.com\/share?url=https%3A%2F%2Fpowstaniewielkopolskie.pl%2Fnowa%2F%3Fp%3D5557\" data-nid=\"3\" data-name=\"\" data-pid=\"1\" data-post-id=\"5557\" data-url=\"https:\/\/powstaniewielkopolskie.pl\/nowa\/wp-admin\/admin-ajax.php\" data-url=\"https:\/\/powstaniewielkopolskie.pl\/nowa\/wp-admin\/admin-ajax.php\" data-description=\"Pozna\u0144skie obchody 82. rocznicy wybuchu II wojny \u015bwiatowej\" rel=\"nofollow\"><i class=\"fa fa-fw fa-google-plus\"><\/i><div class=\"counter-wrap standard\"><span class=\"counter\">0<\/span><\/div><\/a><\/div>","protected":false},"author":4,"featured_media":5558,"comment_status":"closed","ping_status":"open","sticky":false,"template":"","format":"standard","meta":{"footnotes":""},"categories":[3],"tags":[],"_links":{"self":[{"href":"https:\/\/powstaniewielkopolskie.pl\/nowa\/index.php?rest_route=\/wp\/v2\/posts\/5557"}],"collection":[{"href":"https:\/\/powstaniewielkopolskie.pl\/nowa\/index.php?rest_route=\/wp\/v2\/posts"}],"about":[{"href":"https:\/\/powstaniewielkopolskie.pl\/nowa\/index.php?rest_route=\/wp\/v2\/types\/post"}],"author":[{"embeddable":true,"href":"https:\/\/powstaniewielkopolskie.pl\/nowa\/index.php?rest_route=\/wp\/v2\/users\/4"}],"replies":[{"embeddable":true,"href":"https:\/\/powstaniewielkopolskie.pl\/nowa\/index.php?rest_route=%2Fwp%2Fv2%2Fcomments&post=5557"}],"version-history":[{"count":3,"href":"https:\/\/powstaniewielkopolskie.pl\/nowa\/index.php?rest_route=\/wp\/v2\/posts\/5557\/revisions"}],"predecessor-version":[{"id":5595,"href":"https:\/\/powstaniewielkopolskie.pl\/nowa\/index.php?rest_route=\/wp\/v2\/posts\/5557\/revisions\/5595"}],"wp:featuredmedia":[{"embeddable":true,"href":"https:\/\/powstaniewielkopolskie.pl\/nowa\/index.php?rest_route=\/wp\/v2\/media\/5558"}],"wp:attachment":[{"href":"https:\/\/powstaniewielkopolskie.pl\/nowa\/index.php?rest_route=%2Fwp%2Fv2%2Fmedia&parent=5557"}],"wp:term":[{"taxonomy":"category","embeddable":true,"href":"https:\/\/powstaniewielkopolskie.pl\/nowa\/index.php?rest_route=%2Fwp%2Fv2%2Fcategories&post=5557"},{"taxonomy":"post_tag","embeddable":true,"href":"https:\/\/powstaniewielkopolskie.pl\/nowa\/index.php?rest_route=%2Fwp%2Fv2%2Ftags&post=5557"}],"curies":[{"name":"wp","href":"https:\/\/api.w.org\/{rel}","templated":true}]}}