{"id":5336,"date":"2021-06-11T10:34:17","date_gmt":"2021-06-11T08:34:17","guid":{"rendered":"http:\/\/powstaniewielkopolskie.pl\/nowa\/?p=5336"},"modified":"2021-06-11T12:07:57","modified_gmt":"2021-06-11T10:07:57","slug":"apel-o-ustanowienie-dnia-27-grudnia-swietem-panstwowym","status":"publish","type":"post","link":"https:\/\/powstaniewielkopolskie.pl\/nowa\/?p=5336","title":{"rendered":"Apel o ustanowienie  dnia 27 grudnia \u015bwi\u0119tem pa\u0144stwowym"},"content":{"rendered":"<p style=\"text-align: center;\" align=\"JUSTIFY\"><span style=\"color: #000000;\"><span style=\"font-family: 'Times New Roman', serif;\"><span style=\"font-size: large;\"><b>Apel o ustanowienie dnia 27 grudnia \u015bwi\u0119tem pa\u0144stwowym<\/b><\/span><\/span><\/span><\/p>\n<p align=\"JUSTIFY\"><span style=\"font-size: medium;\">Jako dumni potomkowie Powsta\u0144c\u00f3w Wielkopolskich, tych pokole\u0144 naszych braci i si\u00f3str, kt\u00f3rzy ponad 100 lat temu bohatersko upomnieli si\u0119 o powr\u00f3t na map\u0119 Europy i \u015bwiata wymazanej przez mocarstwa zaborcze Ojczyzny, zwracamy si\u0119 z apelem o ustanowienie dnia 27 grudnia \u015bwi\u0119tem pa\u0144stwowym, \u015bwi\u0119tem wszystkich Polak\u00f3w. Apel jest przedsi\u0119wzi\u0119ciem zainicjowanym przez instytucje i stowarzyszenia, kt\u00f3re na co dzie\u0144 zajmuj\u0105 si\u0119 upowszechnianiem historii i szeroko poj\u0119t\u0105 edukacj\u0105: Wielkopolskie Muzeum Niepodleg\u0142o\u015bci, Fundacja Zak\u0142ady K\u00f3rnickie, Muzeum Narodowe w Poznaniu, pozna\u0144ski oddzia\u0142 Instytutu Pami\u0119ci Narodowej, Towarzystwo Pami\u0119ci Powstania Wielkopolskiego 1918-1919 oraz Stowarzyszenie Gmin i Powiat\u00f3w Wielkopolski.<br \/>\n<\/span><span style=\"font-size: medium;\">Zapraszamy samorz\u0105dowc\u00f3w z Wielkopolski, Pomorza i Kujaw oraz Ziemi Lubuskiej, regionalist\u00f3w, muzealnik\u00f3w, instytucje i stowarzyszenia, osoby prywatne, tych wszystkich, kt\u00f3rzy piel\u0119gnuj\u0105 pami\u0119\u0107 o naszej historii, zajmuj\u0105 si\u0119 jej upowszechnianiem, do w\u0142\u0105czenia si\u0119 w nasz wsp\u00f3lny wysi\u0142ek doprowadzenia do ustanowienia dnia 27 grudnia \u015bwi\u0119tem, kt\u00f3re powinno sta\u0107 si\u0119 \u015bwi\u0119tem narodowej dumy ze zwyci\u0119stwa.<br \/>\n<\/span> <span style=\"font-size: medium;\">Apel, po zebraniu jak najwi\u0119kszej liczby deklaracji poparcia, w imieniu wszystkich jego sygnatariuszy, zamierzamy zaraz po wakacjach z\u0142o\u017cy\u0107 na r\u0119ce Prezydenta RP Pana Andrzeja Dudy, Marsza\u0142ek Sejmu Pani El\u017cbiety Witek, Marsza\u0142ka Senatu Pana Tomasza Grodzkiego, parlamentarzyst\u00f3w Rzeczypospolitej Polskiej oraz Prezesa Rady Ministr\u00f3w Pana Mateusza Morawieckiego.<br \/>\n<\/span><span style=\"font-size: medium;\">Mamy w pami\u0119ci s\u0142owa wypowiadane przez najwa\u017cniejsze osoby w Pa\u0144stwie w 2018 roku, w roku 100-lecia odzyskania przez Polsk\u0119 Niepodleg\u0142o\u015bci oraz 100. rocznicy wybuchu zwyci\u0119skiego Powstania Wielkopolskiego, <\/span><span style=\"font-size: medium;\">aby\u015bmy pozostawili po tym wsp\u00f3lnotowym, radosnym \u015bwi\u0119towaniu trwa\u0142e \u015bwiadectwo naszej wdzi\u0119czno\u015bci za dar odzyskanej wolno\u015bci i niepodleg\u0142o\u015bci. Mocno wzi\u0119li\u015bmy sobie do serca s\u0142owa o tym, \u017ce <\/span><span style=\"font-size: medium;\"><i>Powstanie Wielkopolskie by\u0142o i jest fundamentem odrodzonej Polski, by\u0142o i jest fundamentem niepodleg\u0142o\u015bci <\/i><\/span><span style=\"font-size: medium;\">oraz, \u017ce<\/span><span style=\"font-size: medium;\"><i> nie by\u0142oby II Rzeczypospolitej, w jej ostatecznym kszta\u0142cie,\u00a0gdyby nie determinacja, odwaga, bohaterstwo oraz dziesi\u0119ciolecia pracy Wielkopolan.<br \/>\n<\/i><\/span><span style=\"font-size: medium;\">Bliskie s\u0105 nam s\u0142owa wypowiedziane z balkonu Hotelu Bazar w Poznaniu, w dniu 26 grudnia 1918 roku, przez jednego z Ojc\u00f3w odrodzonej Rzeczypospolitej, Ignacego Jana Paderewskiego: <\/span><span style=\"font-size: medium;\"><i>Od Was, co\u015bcie nie dali si\u0119 prze\u015bcign\u0105\u0107 w spe\u0142nianiu obowi\u0105zk\u00f3w narodowych, w odpieraniu nacisku przemo\u017cnego, co\u015bcie w pracy organizacyjnej i gospodarczej Polski ca\u0142ej byli przyk\u0142adem (\u2026) \u017badne, najm\u0119drzej zorganizowane stronnictwo Ojczyzny odbudowa\u0107 nie zdo\u0142a. Do tego dzie\u0142a trzeba jedno\u015bci i zgody wszystkich, mi\u0142o\u015bci i si\u0142y, wiary i zaparcia si\u0119 samego siebie, do tego dzie\u0142a potrzeba wszystkich si\u0142 i wszystkich serc zespo\u0142u. (\u2026) Niech \u017cyje Polska, zgoda, jedno\u015b\u0107\u2026\u201d<br \/>\n<\/i><\/span><span style=\"font-size: medium;\">Wyst\u0119puj\u0105c z tym Apelem nie mamy w\u0105tpliwo\u015bci, \u017ce spraw\u0105 wszystkich Polak\u00f3w, wr\u0119cz narodowym i patriotycznym obowi\u0105zkiem jest godne i atrakcyjne upami\u0119tnienie tego wyj\u0105tkowego pod wieloma wzgl\u0119dami wielkopolskiego marszu ku Niepodleg\u0142o\u015bci, zwie\u0144czonego rzadkim w historii Polski zwyci\u0119stwem, kt\u00f3rego ducha najlepiej oddaje has\u0142o: na co dzie\u0144 praca, w chwilach pr\u00f3by zwyci\u0119stwo! Temu celowi ma s\u0142u\u017cy\u0107 te\u017c tworzone w Poznaniu, nowoczesne Muzeum Powstania Wielkopolskiego 1918-1919. Wierzymy, \u017ce docenione po latach zapomnienia Powstanie, w dniu 27 grudnia mo\u017ce sta\u0107 si\u0119 \u015bwi\u0119tem wszystkich Polak\u00f3w dumnych ze zwyci\u0119stwa.<br \/>\n<\/span><span style=\"font-size: medium;\">Inicjatorzy Apelu zgodnie podkre\u015blaj\u0105, i\u017c jest to inicjatywa oddolna, a pami\u0119\u0107 o obronie narodowej to\u017csamo\u015bci pod zaborami oraz o odzyskaniu przez Polsk\u0119 niepodleg\u0142o\u015bci, do czego Wielkopolanie znakomicie si\u0119 przyczynili, \u0142\u0105czy Polak\u00f3w i wymaga dzia\u0142a\u0144 ponad wszelkimi podzia\u0142ami, wymaga od nas sta\u0142ej troski i zaanga\u017cowania, <\/span><span style=\"font-size: medium;\">by heroizm i oddanie naszych przodk\u00f3w znalaz\u0142o nale\u017cne im miejsce w historii oraz zyska\u0142o narodow\u0105 form\u0119 upami\u0119tnienia w postaci \u015bwi\u0119ta pa\u0144stwowego.<br \/>\n<\/span><span style=\"font-size: medium;\">Do\u0142\u0105czamy pismo przewodnie, jakie wystosowali\u015bmy do samorz\u0105dowc\u00f3w i regionalist\u00f3w, tre\u015b\u0107 Apelu oraz deklaracj\u0119 z pro\u015bb\u0105 o upowszechnianie i udost\u0119pnianie, z wiar\u0105 w to, \u017ce tak\u017ce media przy\u0142\u0105cz\u0105 si\u0119 do wsparcia i rozpropagowania tej inicjatywy.<\/span><\/p>\n<p align=\"JUSTIFY\"><img loading=\"lazy\" decoding=\"async\" class=\"size-medium wp-image-5341 aligncenter\" src=\"http:\/\/powstaniewielkopolskie.pl\/nowa\/wp-content\/uploads\/2021\/06\/Pozna\u0144-przysi\u0119ga-Wojsk-Wielkopolskich-26.01.1919-r.-300x192.jpg\" alt=\"Pozna\u0144, przysi\u0119ga Wojsk Wielkopolskich 26.01.1919 r.\" width=\"300\" height=\"192\" srcset=\"https:\/\/powstaniewielkopolskie.pl\/nowa\/wp-content\/uploads\/2021\/06\/Pozna\u0144-przysi\u0119ga-Wojsk-Wielkopolskich-26.01.1919-r.-300x192.jpg 300w, https:\/\/powstaniewielkopolskie.pl\/nowa\/wp-content\/uploads\/2021\/06\/Pozna\u0144-przysi\u0119ga-Wojsk-Wielkopolskich-26.01.1919-r.-768x490.jpg 768w, https:\/\/powstaniewielkopolskie.pl\/nowa\/wp-content\/uploads\/2021\/06\/Pozna\u0144-przysi\u0119ga-Wojsk-Wielkopolskich-26.01.1919-r..jpg 1400w\" sizes=\"(max-width: 300px) 100vw, 300px\" \/><\/p>\n<p align=\"JUSTIFY\"><a href=\"http:\/\/powstaniewielkopolskie.pl\/nowa\/wp-content\/uploads\/2021\/06\/Pismo-przewodnie.pdf\">Pismo przewodnie<br \/>\n<\/a><a href=\"http:\/\/powstaniewielkopolskie.pl\/nowa\/wp-content\/uploads\/2021\/06\/Apel-o-ustanowienie-27-grudnia-\u015bwi\u0119tem-pa\u0144stwowym.pdf\">Apel o ustanowienie 27 grudnia \u015bwi\u0119tem pa\u0144stwowym<\/a><br \/>\n<a href=\"http:\/\/powstaniewielkopolskie.pl\/nowa\/wp-content\/uploads\/2021\/06\/Deklaracja-poparcia-inicjatywy.pdf\">Deklaracja poparcia inicjatywy<br \/>\n<\/a><a href=\"http:\/\/powstaniewielkopolskie.pl\/nowa\/wp-content\/uploads\/2021\/06\/Deklaracja-poparcia-inicjatywy.pdf\"><br \/>\n<\/a><\/p>\n<p align=\"JUSTIFY\">\n<div data-animation=\"pulse\" data-icons-animation=\"no-animation\" data-overlay=\"on\" data-change-size=\"\" data-button-size=\"0.7\" style=\"font-size:0.7em;display:none;\" class=\"supsystic-social-sharing supsystic-social-sharing-package-flat supsystic-social-sharing-hide-on-homepage supsystic-social-sharing-content supsystic-social-sharing-content-align-center\" data-text=\"\"><a class=\"social-sharing-button sharer-flat sharer-flat-2 counter-standard digg\" target=\"_blank\" title=\"Digg\" href=\"http:\/\/digg.com\/submit?url=https%3A%2F%2Fpowstaniewielkopolskie.pl%2Fnowa%2F%3Fp%3D5336&title=Apel+o+ustanowienie++dnia+27+grudnia+%C5%9Bwi%C4%99tem+pa%C5%84stwowym\" data-nid=\"8\" data-name=\"\" data-pid=\"1\" data-post-id=\"5336\" data-url=\"https:\/\/powstaniewielkopolskie.pl\/nowa\/wp-admin\/admin-ajax.php\" data-url=\"https:\/\/powstaniewielkopolskie.pl\/nowa\/wp-admin\/admin-ajax.php\" data-description=\"Apel o ustanowienie  dnia 27 grudnia \u015bwi\u0119tem pa\u0144stwowym\" rel=\"nofollow\"><i class=\"fa fa-fw fa-digg\"><\/i><div class=\"counter-wrap standard\"><span class=\"counter\">0<\/span><\/div><\/a><a class=\"social-sharing-button sharer-flat sharer-flat-2 counter-standard mail\" target=\"_blank\" title=\"Mail\" href=\"#\" data-nid=\"16\" data-name=\"\" data-pid=\"1\" data-post-id=\"5336\" data-url=\"https:\/\/powstaniewielkopolskie.pl\/nowa\/wp-admin\/admin-ajax.php\" data-url=\"https:\/\/powstaniewielkopolskie.pl\/nowa\/wp-admin\/admin-ajax.php\" data-description=\"Apel o ustanowienie  dnia 27 grudnia \u015bwi\u0119tem pa\u0144stwowym\" rel=\"nofollow\"><i class=\"fa fa-fw fa-envelope-o\"><\/i><div class=\"counter-wrap standard\"><span class=\"counter\">0<\/span><\/div><\/a><a class=\"social-sharing-button sharer-flat sharer-flat-2 counter-standard facebook\" target=\"_blank\" title=\"Facebook\" href=\"http:\/\/www.facebook.com\/sharer.php?u=https%3A%2F%2Fpowstaniewielkopolskie.pl%2Fnowa%2F%3Fp%3D5336\" data-nid=\"1\" data-name=\"\" data-pid=\"1\" data-post-id=\"5336\" data-url=\"https:\/\/powstaniewielkopolskie.pl\/nowa\/wp-admin\/admin-ajax.php\" data-url=\"https:\/\/powstaniewielkopolskie.pl\/nowa\/wp-admin\/admin-ajax.php\" data-description=\"Apel o ustanowienie  dnia 27 grudnia \u015bwi\u0119tem pa\u0144stwowym\" rel=\"nofollow\"><i class=\"fa fa-fw fa-facebook\"><\/i><div class=\"counter-wrap standard\"><span class=\"counter\">0<\/span><\/div><\/a><a class=\"social-sharing-button sharer-flat sharer-flat-2 counter-standard whatsapp\" target=\"_blank\" title=\"WhatsApp\" href=\"whatsapp:\/\/send?text=https%3A%2F%2Fpowstaniewielkopolskie.pl%2Fnowa%2F%3Fp%3D5336\" data-nid=\"18\" data-name=\"\" data-pid=\"1\" data-post-id=\"5336\" data-url=\"https:\/\/powstaniewielkopolskie.pl\/nowa\/wp-admin\/admin-ajax.php\" data-url=\"https:\/\/powstaniewielkopolskie.pl\/nowa\/wp-admin\/admin-ajax.php\" data-description=\"Apel o ustanowienie  dnia 27 grudnia \u015bwi\u0119tem pa\u0144stwowym\" rel=\"nofollow\"><i class=\"fa fa-fw fa-whatsapp\"><\/i><div class=\"counter-wrap standard\"><span class=\"counter\">0<\/span><\/div><\/a><a class=\"social-sharing-button sharer-flat sharer-flat-2 counter-standard twitter\" target=\"_blank\" title=\"Twitter\" href=\"https:\/\/twitter.com\/share?url=https%3A%2F%2Fpowstaniewielkopolskie.pl%2Fnowa%2F%3Fp%3D5336&text=Apel+o+ustanowienie++dnia+27+grudnia+%C5%9Bwi%C4%99tem+pa%C5%84stwowym\" data-nid=\"2\" data-name=\"\" data-pid=\"1\" data-post-id=\"5336\" data-url=\"https:\/\/powstaniewielkopolskie.pl\/nowa\/wp-admin\/admin-ajax.php\" data-url=\"https:\/\/powstaniewielkopolskie.pl\/nowa\/wp-admin\/admin-ajax.php\" data-description=\"Apel o ustanowienie  dnia 27 grudnia \u015bwi\u0119tem pa\u0144stwowym\" rel=\"nofollow\"><i class=\"fa fa-fw fa-twitter\"><\/i><div class=\"counter-wrap standard\"><span class=\"counter\">0<\/span><\/div><\/a><a class=\"social-sharing-button sharer-flat sharer-flat-2 counter-standard googleplus\" target=\"_blank\" title=\"Google+\" href=\"https:\/\/plus.google.com\/share?url=https%3A%2F%2Fpowstaniewielkopolskie.pl%2Fnowa%2F%3Fp%3D5336\" data-nid=\"3\" data-name=\"\" data-pid=\"1\" data-post-id=\"5336\" data-url=\"https:\/\/powstaniewielkopolskie.pl\/nowa\/wp-admin\/admin-ajax.php\" data-url=\"https:\/\/powstaniewielkopolskie.pl\/nowa\/wp-admin\/admin-ajax.php\" data-description=\"Apel o ustanowienie  dnia 27 grudnia \u015bwi\u0119tem pa\u0144stwowym\" rel=\"nofollow\"><i class=\"fa fa-fw fa-google-plus\"><\/i><div class=\"counter-wrap standard\"><span class=\"counter\">0<\/span><\/div><\/a><\/div>","protected":false},"excerpt":{"rendered":"<p>Apel o ustanowienie dnia 27 grudnia \u015bwi\u0119tem pa\u0144stwowym Jako dumni potomkowie Powsta\u0144c\u00f3w Wielkopolskich, tych pokole\u0144 naszych braci i si\u00f3str, kt\u00f3rzy ponad 100 lat temu bohatersko upomnieli si\u0119 o powr\u00f3t na map\u0119 Europy<a class=\"moretag\" href=\"https:\/\/powstaniewielkopolskie.pl\/nowa\/?p=5336\">Czytaj wi\u0119cej&#8230;<\/a><\/p>\n<div data-animation=\"pulse\" data-icons-animation=\"no-animation\" data-overlay=\"on\" data-change-size=\"\" data-button-size=\"0.7\" style=\"font-size:0.7em;display:none;\" class=\"supsystic-social-sharing supsystic-social-sharing-package-flat supsystic-social-sharing-hide-on-homepage supsystic-social-sharing-content supsystic-social-sharing-content-align-center\" data-text=\"\"><a class=\"social-sharing-button sharer-flat sharer-flat-2 counter-standard digg\" target=\"_blank\" title=\"Digg\" href=\"http:\/\/digg.com\/submit?url=https%3A%2F%2Fpowstaniewielkopolskie.pl%2Fnowa%2F%3Fp%3D5336&title=Apel+o+ustanowienie++dnia+27+grudnia+%C5%9Bwi%C4%99tem+pa%C5%84stwowym\" data-nid=\"8\" data-name=\"\" data-pid=\"1\" data-post-id=\"5336\" data-url=\"https:\/\/powstaniewielkopolskie.pl\/nowa\/wp-admin\/admin-ajax.php\" data-url=\"https:\/\/powstaniewielkopolskie.pl\/nowa\/wp-admin\/admin-ajax.php\" data-description=\"Apel o ustanowienie  dnia 27 grudnia \u015bwi\u0119tem pa\u0144stwowym\" rel=\"nofollow\"><i class=\"fa fa-fw fa-digg\"><\/i><div class=\"counter-wrap standard\"><span class=\"counter\">0<\/span><\/div><\/a><a class=\"social-sharing-button sharer-flat sharer-flat-2 counter-standard mail\" target=\"_blank\" title=\"Mail\" href=\"#\" data-nid=\"16\" data-name=\"\" data-pid=\"1\" data-post-id=\"5336\" data-url=\"https:\/\/powstaniewielkopolskie.pl\/nowa\/wp-admin\/admin-ajax.php\" data-url=\"https:\/\/powstaniewielkopolskie.pl\/nowa\/wp-admin\/admin-ajax.php\" data-description=\"Apel o ustanowienie  dnia 27 grudnia \u015bwi\u0119tem pa\u0144stwowym\" rel=\"nofollow\"><i class=\"fa fa-fw fa-envelope-o\"><\/i><div class=\"counter-wrap standard\"><span class=\"counter\">0<\/span><\/div><\/a><a class=\"social-sharing-button sharer-flat sharer-flat-2 counter-standard facebook\" target=\"_blank\" title=\"Facebook\" href=\"http:\/\/www.facebook.com\/sharer.php?u=https%3A%2F%2Fpowstaniewielkopolskie.pl%2Fnowa%2F%3Fp%3D5336\" data-nid=\"1\" data-name=\"\" data-pid=\"1\" data-post-id=\"5336\" data-url=\"https:\/\/powstaniewielkopolskie.pl\/nowa\/wp-admin\/admin-ajax.php\" data-url=\"https:\/\/powstaniewielkopolskie.pl\/nowa\/wp-admin\/admin-ajax.php\" data-description=\"Apel o ustanowienie  dnia 27 grudnia \u015bwi\u0119tem pa\u0144stwowym\" rel=\"nofollow\"><i class=\"fa fa-fw fa-facebook\"><\/i><div class=\"counter-wrap standard\"><span class=\"counter\">0<\/span><\/div><\/a><a class=\"social-sharing-button sharer-flat sharer-flat-2 counter-standard whatsapp\" target=\"_blank\" title=\"WhatsApp\" href=\"whatsapp:\/\/send?text=https%3A%2F%2Fpowstaniewielkopolskie.pl%2Fnowa%2F%3Fp%3D5336\" data-nid=\"18\" data-name=\"\" data-pid=\"1\" data-post-id=\"5336\" data-url=\"https:\/\/powstaniewielkopolskie.pl\/nowa\/wp-admin\/admin-ajax.php\" data-url=\"https:\/\/powstaniewielkopolskie.pl\/nowa\/wp-admin\/admin-ajax.php\" data-description=\"Apel o ustanowienie  dnia 27 grudnia \u015bwi\u0119tem pa\u0144stwowym\" rel=\"nofollow\"><i class=\"fa fa-fw fa-whatsapp\"><\/i><div class=\"counter-wrap standard\"><span class=\"counter\">0<\/span><\/div><\/a><a class=\"social-sharing-button sharer-flat sharer-flat-2 counter-standard twitter\" target=\"_blank\" title=\"Twitter\" href=\"https:\/\/twitter.com\/share?url=https%3A%2F%2Fpowstaniewielkopolskie.pl%2Fnowa%2F%3Fp%3D5336&text=Apel+o+ustanowienie++dnia+27+grudnia+%C5%9Bwi%C4%99tem+pa%C5%84stwowym\" data-nid=\"2\" data-name=\"\" data-pid=\"1\" data-post-id=\"5336\" data-url=\"https:\/\/powstaniewielkopolskie.pl\/nowa\/wp-admin\/admin-ajax.php\" data-url=\"https:\/\/powstaniewielkopolskie.pl\/nowa\/wp-admin\/admin-ajax.php\" data-description=\"Apel o ustanowienie  dnia 27 grudnia \u015bwi\u0119tem pa\u0144stwowym\" rel=\"nofollow\"><i class=\"fa fa-fw fa-twitter\"><\/i><div class=\"counter-wrap standard\"><span class=\"counter\">0<\/span><\/div><\/a><a class=\"social-sharing-button sharer-flat sharer-flat-2 counter-standard googleplus\" target=\"_blank\" title=\"Google+\" href=\"https:\/\/plus.google.com\/share?url=https%3A%2F%2Fpowstaniewielkopolskie.pl%2Fnowa%2F%3Fp%3D5336\" data-nid=\"3\" data-name=\"\" data-pid=\"1\" data-post-id=\"5336\" data-url=\"https:\/\/powstaniewielkopolskie.pl\/nowa\/wp-admin\/admin-ajax.php\" data-url=\"https:\/\/powstaniewielkopolskie.pl\/nowa\/wp-admin\/admin-ajax.php\" data-description=\"Apel o ustanowienie  dnia 27 grudnia \u015bwi\u0119tem pa\u0144stwowym\" rel=\"nofollow\"><i class=\"fa fa-fw fa-google-plus\"><\/i><div class=\"counter-wrap standard\"><span class=\"counter\">0<\/span><\/div><\/a><\/div>","protected":false},"author":4,"featured_media":5354,"comment_status":"closed","ping_status":"open","sticky":false,"template":"","format":"standard","meta":{"footnotes":""},"categories":[3,7],"tags":[],"_links":{"self":[{"href":"https:\/\/powstaniewielkopolskie.pl\/nowa\/index.php?rest_route=\/wp\/v2\/posts\/5336"}],"collection":[{"href":"https:\/\/powstaniewielkopolskie.pl\/nowa\/index.php?rest_route=\/wp\/v2\/posts"}],"about":[{"href":"https:\/\/powstaniewielkopolskie.pl\/nowa\/index.php?rest_route=\/wp\/v2\/types\/post"}],"author":[{"embeddable":true,"href":"https:\/\/powstaniewielkopolskie.pl\/nowa\/index.php?rest_route=\/wp\/v2\/users\/4"}],"replies":[{"embeddable":true,"href":"https:\/\/powstaniewielkopolskie.pl\/nowa\/index.php?rest_route=%2Fwp%2Fv2%2Fcomments&post=5336"}],"version-history":[{"count":11,"href":"https:\/\/powstaniewielkopolskie.pl\/nowa\/index.php?rest_route=\/wp\/v2\/posts\/5336\/revisions"}],"predecessor-version":[{"id":5358,"href":"https:\/\/powstaniewielkopolskie.pl\/nowa\/index.php?rest_route=\/wp\/v2\/posts\/5336\/revisions\/5358"}],"wp:featuredmedia":[{"embeddable":true,"href":"https:\/\/powstaniewielkopolskie.pl\/nowa\/index.php?rest_route=\/wp\/v2\/media\/5354"}],"wp:attachment":[{"href":"https:\/\/powstaniewielkopolskie.pl\/nowa\/index.php?rest_route=%2Fwp%2Fv2%2Fmedia&parent=5336"}],"wp:term":[{"taxonomy":"category","embeddable":true,"href":"https:\/\/powstaniewielkopolskie.pl\/nowa\/index.php?rest_route=%2Fwp%2Fv2%2Fcategories&post=5336"},{"taxonomy":"post_tag","embeddable":true,"href":"https:\/\/powstaniewielkopolskie.pl\/nowa\/index.php?rest_route=%2Fwp%2Fv2%2Ftags&post=5336"}],"curies":[{"name":"wp","href":"https:\/\/api.w.org\/{rel}","templated":true}]}}