{"id":11490,"date":"2026-04-16T14:55:00","date_gmt":"2026-04-16T12:55:00","guid":{"rendered":"https:\/\/powstaniewielkopolskie.pl\/nowa\/?p=11490"},"modified":"2026-04-16T23:59:23","modified_gmt":"2026-04-16T21:59:23","slug":"wycieczka-sulechowskiego-kola-tppw-2","status":"publish","type":"post","link":"https:\/\/powstaniewielkopolskie.pl\/nowa\/?p=11490","title":{"rendered":"Wycieczka sulechowskiego Ko\u0142a TPPW"},"content":{"rendered":"\n<figure class=\"wp-block-gallery has-nested-images columns-default is-cropped wp-block-gallery-1 is-layout-flex wp-block-gallery-is-layout-flex\">\n<figure class=\"wp-block-image size-large\"><img loading=\"lazy\" decoding=\"async\" width=\"326\" height=\"580\" data-id=\"11492\" src=\"https:\/\/powstaniewielkopolskie.pl\/nowa\/wp-content\/uploads\/2026\/04\/1000010645-bis-rotated.jpg\" alt=\"\" class=\"wp-image-11492\" srcset=\"https:\/\/powstaniewielkopolskie.pl\/nowa\/wp-content\/uploads\/2026\/04\/1000010645-bis-rotated.jpg 326w, https:\/\/powstaniewielkopolskie.pl\/nowa\/wp-content\/uploads\/2026\/04\/1000010645-bis-169x300.jpg 169w\" sizes=\"(max-width: 326px) 100vw, 326px\" \/><\/figure>\n\n\n\n<figure class=\"wp-block-image size-large\"><img loading=\"lazy\" decoding=\"async\" width=\"1059\" height=\"596\" data-id=\"11493\" src=\"https:\/\/powstaniewielkopolskie.pl\/nowa\/wp-content\/uploads\/2026\/04\/1000010594-bis-rotated.jpg\" alt=\"\" class=\"wp-image-11493\" srcset=\"https:\/\/powstaniewielkopolskie.pl\/nowa\/wp-content\/uploads\/2026\/04\/1000010594-bis-rotated.jpg 1059w, https:\/\/powstaniewielkopolskie.pl\/nowa\/wp-content\/uploads\/2026\/04\/1000010594-bis-300x169.jpg 300w, https:\/\/powstaniewielkopolskie.pl\/nowa\/wp-content\/uploads\/2026\/04\/1000010594-bis-768x432.jpg 768w\" sizes=\"(max-width: 1059px) 100vw, 1059px\" \/><\/figure>\n<\/figure>\n\n\n\n<p><\/p>\n\n\n\n<p><strong>11 kwietnia 2026 r.<\/strong> &#8211; sulechowskie ko\u0142o TPPW zorganizowa\u0142o wycieczk\u0119 historyczn\u0105, w ramach cyklu &#8211; Szlakiem Powstania Wielkopolskiego 1918-1919, do Gniezna, realizuj\u0105c ofert\u0119 zadania publicznego Gminy Sulech\u00f3w. Uczestnikami by\u0142a grupa cz\u0142onk\u00f3w ko\u0142a z rodzinami, s\u0142uchacze Uniwersytetu Trzeciego Wieku i zaproszeni go\u015bcie. W pierwszej kolejno\u015bci uczestnicy odwiedzili pole bitwy, kt\u00f3ra mia\u0142a miejsce 30\/31 grudnia 1918 roku. Z\u0142o\u017cono kwiaty i zapalono znicze pod pomnikiem powsta\u0144c\u00f3w wielkopolskich w Zdziechowej. Na trasie znalaz\u0142 si\u0119 tak\u017ce Akropol Bohater\u00f3w Powstania Wielkopolskiego na cmentarzu \u015bw. Piotra i Paw\u0142a w Gnie\u017anie. Grupie towarzyszy\u0142 przewodnik gnie\u017anie\u0144ski &#8211; Tadeusz Groszewski, kt\u00f3ry przedstawi\u0142 histori\u0119 walk powsta\u0144czych pod Zdziechow\u0105 i kwater powsta\u0144czych. Przy pomniku z\u0142o\u017cono kwiaty i zapalono znicze, oddaj\u0105c ho\u0142d bohaterom powstania. W dalszej kolejno\u015bci uczestnicy zwiedzili Bazylik\u0119 Archikatedraln\u0105 oraz wzg\u00f3rze Lecha przy pomniku Boles\u0142awa Chrobrego. Odby\u0142o si\u0119 r\u00f3wnie\u017c spotkanie z prezesem Ko\u0142a nr 6 TPPW w Gnie\u017anie Robertem Gaw\u0142em w Domu Powsta\u0144ca Wielkopolskiego, gdzie znajduje si\u0119 sta\u0142a ekspozycja Powstania Wielkopolskiego 1918-1919 oraz dyrektor GDK Mart\u0105 Pacak. Wycieczk\u0119 po Gnie\u017anie zako\u0144czy\u0142o zwiedzanie wystaw sta\u0142ych w Muzeum Pocz\u0105tk\u00f3w Pa\u0144stwa Polskiego.<\/p>\n\n\n\n<p class=\"has-text-align-right\">Fot. Ko\u0142o TPPW Sulech\u00f3w<\/p>\n<div data-animation=\"pulse\" data-icons-animation=\"no-animation\" data-overlay=\"on\" data-change-size=\"\" data-button-size=\"0.7\" style=\"font-size:0.7em;display:none;\" class=\"supsystic-social-sharing supsystic-social-sharing-package-flat supsystic-social-sharing-hide-on-homepage supsystic-social-sharing-content supsystic-social-sharing-content-align-center\" data-text=\"\"><a class=\"social-sharing-button sharer-flat sharer-flat-2 counter-standard digg\" target=\"_blank\" title=\"Digg\" href=\"http:\/\/digg.com\/submit?url=https%3A%2F%2Fpowstaniewielkopolskie.pl%2Fnowa%2F%3Fp%3D11490&title=Wycieczka+sulechowskiego+Ko%C5%82a+TPPW\" data-nid=\"8\" data-name=\"\" data-pid=\"1\" data-post-id=\"11490\" data-url=\"https:\/\/powstaniewielkopolskie.pl\/nowa\/wp-admin\/admin-ajax.php\" data-url=\"https:\/\/powstaniewielkopolskie.pl\/nowa\/wp-admin\/admin-ajax.php\" data-description=\"Wycieczka sulechowskiego Ko\u0142a TPPW\" rel=\"nofollow\"><i class=\"fa fa-fw fa-digg\"><\/i><div class=\"counter-wrap standard\"><span class=\"counter\">0<\/span><\/div><\/a><a class=\"social-sharing-button sharer-flat sharer-flat-2 counter-standard mail\" target=\"_blank\" title=\"Mail\" href=\"#\" data-nid=\"16\" data-name=\"\" data-pid=\"1\" data-post-id=\"11490\" data-url=\"https:\/\/powstaniewielkopolskie.pl\/nowa\/wp-admin\/admin-ajax.php\" data-url=\"https:\/\/powstaniewielkopolskie.pl\/nowa\/wp-admin\/admin-ajax.php\" data-description=\"Wycieczka sulechowskiego Ko\u0142a TPPW\" rel=\"nofollow\"><i class=\"fa fa-fw fa-envelope-o\"><\/i><div class=\"counter-wrap standard\"><span class=\"counter\">0<\/span><\/div><\/a><a class=\"social-sharing-button sharer-flat sharer-flat-2 counter-standard facebook\" target=\"_blank\" title=\"Facebook\" href=\"http:\/\/www.facebook.com\/sharer.php?u=https%3A%2F%2Fpowstaniewielkopolskie.pl%2Fnowa%2F%3Fp%3D11490\" data-nid=\"1\" data-name=\"\" data-pid=\"1\" data-post-id=\"11490\" data-url=\"https:\/\/powstaniewielkopolskie.pl\/nowa\/wp-admin\/admin-ajax.php\" data-url=\"https:\/\/powstaniewielkopolskie.pl\/nowa\/wp-admin\/admin-ajax.php\" data-description=\"Wycieczka sulechowskiego Ko\u0142a TPPW\" rel=\"nofollow\"><i class=\"fa fa-fw fa-facebook\"><\/i><div class=\"counter-wrap standard\"><span class=\"counter\">0<\/span><\/div><\/a><a class=\"social-sharing-button sharer-flat sharer-flat-2 counter-standard whatsapp\" target=\"_blank\" title=\"WhatsApp\" href=\"whatsapp:\/\/send?text=https%3A%2F%2Fpowstaniewielkopolskie.pl%2Fnowa%2F%3Fp%3D11490\" data-nid=\"18\" data-name=\"\" data-pid=\"1\" data-post-id=\"11490\" data-url=\"https:\/\/powstaniewielkopolskie.pl\/nowa\/wp-admin\/admin-ajax.php\" data-url=\"https:\/\/powstaniewielkopolskie.pl\/nowa\/wp-admin\/admin-ajax.php\" data-description=\"Wycieczka sulechowskiego Ko\u0142a TPPW\" rel=\"nofollow\"><i class=\"fa fa-fw fa-whatsapp\"><\/i><div class=\"counter-wrap standard\"><span class=\"counter\">0<\/span><\/div><\/a><a class=\"social-sharing-button sharer-flat sharer-flat-2 counter-standard twitter\" target=\"_blank\" title=\"Twitter\" href=\"https:\/\/twitter.com\/share?url=https%3A%2F%2Fpowstaniewielkopolskie.pl%2Fnowa%2F%3Fp%3D11490&text=Wycieczka+sulechowskiego+Ko%C5%82a+TPPW\" data-nid=\"2\" data-name=\"\" data-pid=\"1\" data-post-id=\"11490\" data-url=\"https:\/\/powstaniewielkopolskie.pl\/nowa\/wp-admin\/admin-ajax.php\" data-url=\"https:\/\/powstaniewielkopolskie.pl\/nowa\/wp-admin\/admin-ajax.php\" data-description=\"Wycieczka sulechowskiego Ko\u0142a TPPW\" rel=\"nofollow\"><i class=\"fa fa-fw fa-twitter\"><\/i><div class=\"counter-wrap standard\"><span class=\"counter\">0<\/span><\/div><\/a><a class=\"social-sharing-button sharer-flat sharer-flat-2 counter-standard googleplus\" target=\"_blank\" title=\"Google+\" href=\"https:\/\/plus.google.com\/share?url=https%3A%2F%2Fpowstaniewielkopolskie.pl%2Fnowa%2F%3Fp%3D11490\" data-nid=\"3\" data-name=\"\" data-pid=\"1\" data-post-id=\"11490\" data-url=\"https:\/\/powstaniewielkopolskie.pl\/nowa\/wp-admin\/admin-ajax.php\" data-url=\"https:\/\/powstaniewielkopolskie.pl\/nowa\/wp-admin\/admin-ajax.php\" data-description=\"Wycieczka sulechowskiego Ko\u0142a TPPW\" rel=\"nofollow\"><i class=\"fa fa-fw fa-google-plus\"><\/i><div class=\"counter-wrap standard\"><span class=\"counter\">0<\/span><\/div><\/a><\/div>","protected":false},"excerpt":{"rendered":"<p>11 kwietnia 2026 r. &#8211; sulechowskie ko\u0142o TPPW zorganizowa\u0142o wycieczk\u0119 historyczn\u0105, w ramach cyklu &#8211; Szlakiem Powstania Wielkopolskiego 1918-1919, do Gniezna, realizuj\u0105c ofert\u0119 zadania publicznego Gminy Sulech\u00f3w. Uczestnikami by\u0142a grupa cz\u0142onk\u00f3w ko\u0142a<a class=\"moretag\" href=\"https:\/\/powstaniewielkopolskie.pl\/nowa\/?p=11490\">Czytaj wi\u0119cej&#8230;<\/a><\/p>\n<div data-animation=\"pulse\" data-icons-animation=\"no-animation\" data-overlay=\"on\" data-change-size=\"\" data-button-size=\"0.7\" style=\"font-size:0.7em;display:none;\" class=\"supsystic-social-sharing supsystic-social-sharing-package-flat supsystic-social-sharing-hide-on-homepage supsystic-social-sharing-content supsystic-social-sharing-content-align-center\" data-text=\"\"><a class=\"social-sharing-button sharer-flat sharer-flat-2 counter-standard digg\" target=\"_blank\" title=\"Digg\" href=\"http:\/\/digg.com\/submit?url=https%3A%2F%2Fpowstaniewielkopolskie.pl%2Fnowa%2F%3Fp%3D11490&title=Wycieczka+sulechowskiego+Ko%C5%82a+TPPW\" data-nid=\"8\" data-name=\"\" data-pid=\"1\" data-post-id=\"11490\" data-url=\"https:\/\/powstaniewielkopolskie.pl\/nowa\/wp-admin\/admin-ajax.php\" data-url=\"https:\/\/powstaniewielkopolskie.pl\/nowa\/wp-admin\/admin-ajax.php\" data-description=\"Wycieczka sulechowskiego Ko\u0142a TPPW\" rel=\"nofollow\"><i class=\"fa fa-fw fa-digg\"><\/i><div class=\"counter-wrap standard\"><span class=\"counter\">0<\/span><\/div><\/a><a class=\"social-sharing-button sharer-flat sharer-flat-2 counter-standard mail\" target=\"_blank\" title=\"Mail\" href=\"#\" data-nid=\"16\" data-name=\"\" data-pid=\"1\" data-post-id=\"11490\" data-url=\"https:\/\/powstaniewielkopolskie.pl\/nowa\/wp-admin\/admin-ajax.php\" data-url=\"https:\/\/powstaniewielkopolskie.pl\/nowa\/wp-admin\/admin-ajax.php\" data-description=\"Wycieczka sulechowskiego Ko\u0142a TPPW\" rel=\"nofollow\"><i class=\"fa fa-fw fa-envelope-o\"><\/i><div class=\"counter-wrap standard\"><span class=\"counter\">0<\/span><\/div><\/a><a class=\"social-sharing-button sharer-flat sharer-flat-2 counter-standard facebook\" target=\"_blank\" title=\"Facebook\" href=\"http:\/\/www.facebook.com\/sharer.php?u=https%3A%2F%2Fpowstaniewielkopolskie.pl%2Fnowa%2F%3Fp%3D11490\" data-nid=\"1\" data-name=\"\" data-pid=\"1\" data-post-id=\"11490\" data-url=\"https:\/\/powstaniewielkopolskie.pl\/nowa\/wp-admin\/admin-ajax.php\" data-url=\"https:\/\/powstaniewielkopolskie.pl\/nowa\/wp-admin\/admin-ajax.php\" data-description=\"Wycieczka sulechowskiego Ko\u0142a TPPW\" rel=\"nofollow\"><i class=\"fa fa-fw fa-facebook\"><\/i><div class=\"counter-wrap standard\"><span class=\"counter\">0<\/span><\/div><\/a><a class=\"social-sharing-button sharer-flat sharer-flat-2 counter-standard whatsapp\" target=\"_blank\" title=\"WhatsApp\" href=\"whatsapp:\/\/send?text=https%3A%2F%2Fpowstaniewielkopolskie.pl%2Fnowa%2F%3Fp%3D11490\" data-nid=\"18\" data-name=\"\" data-pid=\"1\" data-post-id=\"11490\" data-url=\"https:\/\/powstaniewielkopolskie.pl\/nowa\/wp-admin\/admin-ajax.php\" data-url=\"https:\/\/powstaniewielkopolskie.pl\/nowa\/wp-admin\/admin-ajax.php\" data-description=\"Wycieczka sulechowskiego Ko\u0142a TPPW\" rel=\"nofollow\"><i class=\"fa fa-fw fa-whatsapp\"><\/i><div class=\"counter-wrap standard\"><span class=\"counter\">0<\/span><\/div><\/a><a class=\"social-sharing-button sharer-flat sharer-flat-2 counter-standard twitter\" target=\"_blank\" title=\"Twitter\" href=\"https:\/\/twitter.com\/share?url=https%3A%2F%2Fpowstaniewielkopolskie.pl%2Fnowa%2F%3Fp%3D11490&text=Wycieczka+sulechowskiego+Ko%C5%82a+TPPW\" data-nid=\"2\" data-name=\"\" data-pid=\"1\" data-post-id=\"11490\" data-url=\"https:\/\/powstaniewielkopolskie.pl\/nowa\/wp-admin\/admin-ajax.php\" data-url=\"https:\/\/powstaniewielkopolskie.pl\/nowa\/wp-admin\/admin-ajax.php\" data-description=\"Wycieczka sulechowskiego Ko\u0142a TPPW\" rel=\"nofollow\"><i class=\"fa fa-fw fa-twitter\"><\/i><div class=\"counter-wrap standard\"><span class=\"counter\">0<\/span><\/div><\/a><a class=\"social-sharing-button sharer-flat sharer-flat-2 counter-standard googleplus\" target=\"_blank\" title=\"Google+\" href=\"https:\/\/plus.google.com\/share?url=https%3A%2F%2Fpowstaniewielkopolskie.pl%2Fnowa%2F%3Fp%3D11490\" data-nid=\"3\" data-name=\"\" data-pid=\"1\" data-post-id=\"11490\" data-url=\"https:\/\/powstaniewielkopolskie.pl\/nowa\/wp-admin\/admin-ajax.php\" data-url=\"https:\/\/powstaniewielkopolskie.pl\/nowa\/wp-admin\/admin-ajax.php\" data-description=\"Wycieczka sulechowskiego Ko\u0142a TPPW\" rel=\"nofollow\"><i class=\"fa fa-fw fa-google-plus\"><\/i><div class=\"counter-wrap standard\"><span class=\"counter\">0<\/span><\/div><\/a><\/div>","protected":false},"author":4,"featured_media":11491,"comment_status":"closed","ping_status":"open","sticky":false,"template":"","format":"standard","meta":{"footnotes":""},"categories":[3],"tags":[],"_links":{"self":[{"href":"https:\/\/powstaniewielkopolskie.pl\/nowa\/index.php?rest_route=\/wp\/v2\/posts\/11490"}],"collection":[{"href":"https:\/\/powstaniewielkopolskie.pl\/nowa\/index.php?rest_route=\/wp\/v2\/posts"}],"about":[{"href":"https:\/\/powstaniewielkopolskie.pl\/nowa\/index.php?rest_route=\/wp\/v2\/types\/post"}],"author":[{"embeddable":true,"href":"https:\/\/powstaniewielkopolskie.pl\/nowa\/index.php?rest_route=\/wp\/v2\/users\/4"}],"replies":[{"embeddable":true,"href":"https:\/\/powstaniewielkopolskie.pl\/nowa\/index.php?rest_route=%2Fwp%2Fv2%2Fcomments&post=11490"}],"version-history":[{"count":2,"href":"https:\/\/powstaniewielkopolskie.pl\/nowa\/index.php?rest_route=\/wp\/v2\/posts\/11490\/revisions"}],"predecessor-version":[{"id":11497,"href":"https:\/\/powstaniewielkopolskie.pl\/nowa\/index.php?rest_route=\/wp\/v2\/posts\/11490\/revisions\/11497"}],"wp:featuredmedia":[{"embeddable":true,"href":"https:\/\/powstaniewielkopolskie.pl\/nowa\/index.php?rest_route=\/wp\/v2\/media\/11491"}],"wp:attachment":[{"href":"https:\/\/powstaniewielkopolskie.pl\/nowa\/index.php?rest_route=%2Fwp%2Fv2%2Fmedia&parent=11490"}],"wp:term":[{"taxonomy":"category","embeddable":true,"href":"https:\/\/powstaniewielkopolskie.pl\/nowa\/index.php?rest_route=%2Fwp%2Fv2%2Fcategories&post=11490"},{"taxonomy":"post_tag","embeddable":true,"href":"https:\/\/powstaniewielkopolskie.pl\/nowa\/index.php?rest_route=%2Fwp%2Fv2%2Ftags&post=11490"}],"curies":[{"name":"wp","href":"https:\/\/api.w.org\/{rel}","templated":true}]}}