{"id":11403,"date":"2026-03-12T17:34:17","date_gmt":"2026-03-12T16:34:17","guid":{"rendered":"https:\/\/powstaniewielkopolskie.pl\/nowa\/?p=11403"},"modified":"2026-03-12T17:34:19","modified_gmt":"2026-03-12T16:34:19","slug":"prelekcja-poswiecona-pamieci-gen-broni-kazimierza-sosnkowskiego-w-odwachu","status":"publish","type":"post","link":"https:\/\/powstaniewielkopolskie.pl\/nowa\/?p=11403","title":{"rendered":"Prelekcja po\u015bwi\u0119cona pami\u0119ci Gen. Broni Kazimierza Sosnkowskiego w Odwachu"},"content":{"rendered":"\n<figure class=\"wp-block-gallery has-nested-images columns-default is-cropped wp-block-gallery-1 is-layout-flex wp-block-gallery-is-layout-flex\">\n<figure class=\"wp-block-image\"><img decoding=\"async\" src=\"blob:https:\/\/powstaniewielkopolskie.pl\/3af584ec-f76b-4909-ba0b-151a27dec929\" alt=\"\"\/><\/figure>\n<\/figure>\n\n\n\n<figure class=\"wp-block-gallery has-nested-images columns-default is-cropped wp-block-gallery-2 is-layout-flex wp-block-gallery-is-layout-flex\">\n<figure class=\"wp-block-image size-large\"><img loading=\"lazy\" decoding=\"async\" width=\"850\" height=\"567\" data-id=\"11406\" src=\"https:\/\/powstaniewielkopolskie.pl\/nowa\/wp-content\/uploads\/2026\/03\/IMG_9609-bis.jpg\" alt=\"\" class=\"wp-image-11406\" srcset=\"https:\/\/powstaniewielkopolskie.pl\/nowa\/wp-content\/uploads\/2026\/03\/IMG_9609-bis.jpg 850w, https:\/\/powstaniewielkopolskie.pl\/nowa\/wp-content\/uploads\/2026\/03\/IMG_9609-bis-300x200.jpg 300w, https:\/\/powstaniewielkopolskie.pl\/nowa\/wp-content\/uploads\/2026\/03\/IMG_9609-bis-768x512.jpg 768w\" sizes=\"(max-width: 850px) 100vw, 850px\" \/><\/figure>\n\n\n\n<figure class=\"wp-block-image size-large\"><img loading=\"lazy\" decoding=\"async\" width=\"850\" height=\"567\" data-id=\"11409\" src=\"https:\/\/powstaniewielkopolskie.pl\/nowa\/wp-content\/uploads\/2026\/03\/IMG_9804-bis.jpg\" alt=\"\" class=\"wp-image-11409\" srcset=\"https:\/\/powstaniewielkopolskie.pl\/nowa\/wp-content\/uploads\/2026\/03\/IMG_9804-bis.jpg 850w, https:\/\/powstaniewielkopolskie.pl\/nowa\/wp-content\/uploads\/2026\/03\/IMG_9804-bis-300x200.jpg 300w, https:\/\/powstaniewielkopolskie.pl\/nowa\/wp-content\/uploads\/2026\/03\/IMG_9804-bis-768x512.jpg 768w\" sizes=\"(max-width: 850px) 100vw, 850px\" \/><\/figure>\n\n\n\n<figure class=\"wp-block-image size-large\"><img loading=\"lazy\" decoding=\"async\" width=\"850\" height=\"567\" data-id=\"11408\" src=\"https:\/\/powstaniewielkopolskie.pl\/nowa\/wp-content\/uploads\/2026\/03\/IMG_9607-bis.jpg\" alt=\"\" class=\"wp-image-11408\" srcset=\"https:\/\/powstaniewielkopolskie.pl\/nowa\/wp-content\/uploads\/2026\/03\/IMG_9607-bis.jpg 850w, https:\/\/powstaniewielkopolskie.pl\/nowa\/wp-content\/uploads\/2026\/03\/IMG_9607-bis-300x200.jpg 300w, https:\/\/powstaniewielkopolskie.pl\/nowa\/wp-content\/uploads\/2026\/03\/IMG_9607-bis-768x512.jpg 768w\" sizes=\"(max-width: 850px) 100vw, 850px\" \/><\/figure>\n<\/figure>\n\n\n\n<figure class=\"wp-block-gallery has-nested-images columns-default is-cropped wp-block-gallery-3 is-layout-flex wp-block-gallery-is-layout-flex\"><\/figure>\n\n\n\n<p><\/p>\n\n\n\n<p><strong>3 marca 2026 r.<\/strong> &#8211; Komisja Historyczna Zarz\u0105du G\u0142\u00f3wnego Towarzystwa Pami\u0119ci Powstania Wielkopolskiego 1918\/1919 zorganizowa\u0142a wsp\u00f3lnie z Wielkopolskim Muzeum Niepodleg\u0142o\u015bci w Poznaniu &#8211; Muzeum Powstania Wielkopolskiego spotkanie po\u0142\u0105czone z prelekcj\u0105 pt. \u201eGenera\u0142 broni Kazimierz Sosnkowski -\u017bo\u0142nierz Niepodleg\u0142o\u015bci ( wspomnienie i odznaczenia)\u201d. Zebranych go\u015bci powita\u0142 dr Zdzis\u0142aw Ko\u015bcia\u0144ski &#8211; wiceprezes Zarz\u0105du G\u0142\u00f3wnego TPPW 1918\/1919. Na pocz\u0105tku wydarzenia uhonorowano Z\u0142otymi Krzy\u017cami Honorowymi Zwi\u0105zku Pi\u0142sudczyk\u00f3w RP dzia\u0142aczy `Towarzystwa Pami\u0119ci Powstania Wielkopolskiego 1918\/1919 &#8211; w osobach Prezesa Tadeusza Musia\u0142a i Sekretarza Generalnego Piotra Wojtczaka. Uroczystego wr\u0119czenia krzy\u017cy dokonali : pp\u0142k Rados\u0142aw Pierz &#8211; Prezes Zarz\u0105du Krajowego Zwi\u0105zku Oficer\u00f3w Rezerwy RP im. Marsza\u0142ka J\u00f3zefa Pi\u0142sudskiego oraz gen. bryg. Zwi\u0105zku Pi\u0142sudczyk\u00f3w RP Bogumi\u0142 Tycz &#8211; cz\u0142onek Zarz\u0105du G\u0142\u00f3wnego Zwi\u0105zku Pi\u0142sudczyk\u00f3w RP. Nast\u0119pnie dr Zdzis\u0142aw Ko\u015bcia\u0144ski zaprezentowa\u0142 sylwetk\u0119 gen broni Kazimierza Sosnkowskiego. Maciej Myczka \u2013 wiceprezes Zarz\u0105du Krajowego Zwi\u0105zku Oficer\u00f3w Rezerwy RP im. Marsza\u0142ka J\u00f3zefa Pi\u0142sudskiego &#8211; przedstawi\u0142 histori\u0119 munduru i odznacze\u0144 genera\u0142a. Podczas dyskusji m.in. Marcin Wi\u015bniewski- kierownik Muzeum om\u00f3wi\u0142 stan prac na budowie nowego muzeum.<\/p>\n\n\n\n<p class=\"has-text-align-right\">Fot. Rozalia Kaczmarek<\/p>\n<div data-animation=\"pulse\" data-icons-animation=\"no-animation\" data-overlay=\"on\" data-change-size=\"\" data-button-size=\"0.7\" style=\"font-size:0.7em;display:none;\" class=\"supsystic-social-sharing supsystic-social-sharing-package-flat supsystic-social-sharing-hide-on-homepage supsystic-social-sharing-content supsystic-social-sharing-content-align-center\" data-text=\"\"><a class=\"social-sharing-button sharer-flat sharer-flat-2 counter-standard digg\" target=\"_blank\" title=\"Digg\" href=\"http:\/\/digg.com\/submit?url=https%3A%2F%2Fpowstaniewielkopolskie.pl%2Fnowa%2F%3Fp%3D11403&title=Prelekcja+po%C5%9Bwi%C4%99cona+pami%C4%99ci+Gen.+Broni+Kazimierza+Sosnkowskiego+w+Odwachu\" data-nid=\"8\" data-name=\"\" data-pid=\"1\" data-post-id=\"11403\" data-url=\"https:\/\/powstaniewielkopolskie.pl\/nowa\/wp-admin\/admin-ajax.php\" data-url=\"https:\/\/powstaniewielkopolskie.pl\/nowa\/wp-admin\/admin-ajax.php\" data-description=\"Prelekcja po\u015bwi\u0119cona pami\u0119ci Gen. Broni Kazimierza Sosnkowskiego w Odwachu\" rel=\"nofollow\"><i class=\"fa fa-fw fa-digg\"><\/i><div class=\"counter-wrap standard\"><span class=\"counter\">0<\/span><\/div><\/a><a class=\"social-sharing-button sharer-flat sharer-flat-2 counter-standard mail\" target=\"_blank\" title=\"Mail\" href=\"#\" data-nid=\"16\" data-name=\"\" data-pid=\"1\" data-post-id=\"11403\" data-url=\"https:\/\/powstaniewielkopolskie.pl\/nowa\/wp-admin\/admin-ajax.php\" data-url=\"https:\/\/powstaniewielkopolskie.pl\/nowa\/wp-admin\/admin-ajax.php\" data-description=\"Prelekcja po\u015bwi\u0119cona pami\u0119ci Gen. Broni Kazimierza Sosnkowskiego w Odwachu\" rel=\"nofollow\"><i class=\"fa fa-fw fa-envelope-o\"><\/i><div class=\"counter-wrap standard\"><span class=\"counter\">0<\/span><\/div><\/a><a class=\"social-sharing-button sharer-flat sharer-flat-2 counter-standard facebook\" target=\"_blank\" title=\"Facebook\" href=\"http:\/\/www.facebook.com\/sharer.php?u=https%3A%2F%2Fpowstaniewielkopolskie.pl%2Fnowa%2F%3Fp%3D11403\" data-nid=\"1\" data-name=\"\" data-pid=\"1\" data-post-id=\"11403\" data-url=\"https:\/\/powstaniewielkopolskie.pl\/nowa\/wp-admin\/admin-ajax.php\" data-url=\"https:\/\/powstaniewielkopolskie.pl\/nowa\/wp-admin\/admin-ajax.php\" data-description=\"Prelekcja po\u015bwi\u0119cona pami\u0119ci Gen. Broni Kazimierza Sosnkowskiego w Odwachu\" rel=\"nofollow\"><i class=\"fa fa-fw fa-facebook\"><\/i><div class=\"counter-wrap standard\"><span class=\"counter\">0<\/span><\/div><\/a><a class=\"social-sharing-button sharer-flat sharer-flat-2 counter-standard whatsapp\" target=\"_blank\" title=\"WhatsApp\" href=\"whatsapp:\/\/send?text=https%3A%2F%2Fpowstaniewielkopolskie.pl%2Fnowa%2F%3Fp%3D11403\" data-nid=\"18\" data-name=\"\" data-pid=\"1\" data-post-id=\"11403\" data-url=\"https:\/\/powstaniewielkopolskie.pl\/nowa\/wp-admin\/admin-ajax.php\" data-url=\"https:\/\/powstaniewielkopolskie.pl\/nowa\/wp-admin\/admin-ajax.php\" data-description=\"Prelekcja po\u015bwi\u0119cona pami\u0119ci Gen. Broni Kazimierza Sosnkowskiego w Odwachu\" rel=\"nofollow\"><i class=\"fa fa-fw fa-whatsapp\"><\/i><div class=\"counter-wrap standard\"><span class=\"counter\">0<\/span><\/div><\/a><a class=\"social-sharing-button sharer-flat sharer-flat-2 counter-standard twitter\" target=\"_blank\" title=\"Twitter\" href=\"https:\/\/twitter.com\/share?url=https%3A%2F%2Fpowstaniewielkopolskie.pl%2Fnowa%2F%3Fp%3D11403&text=Prelekcja+po%C5%9Bwi%C4%99cona+pami%C4%99ci+Gen.+Broni+Kazimierza+Sosnkowskiego+w+Odwachu\" data-nid=\"2\" data-name=\"\" data-pid=\"1\" data-post-id=\"11403\" data-url=\"https:\/\/powstaniewielkopolskie.pl\/nowa\/wp-admin\/admin-ajax.php\" data-url=\"https:\/\/powstaniewielkopolskie.pl\/nowa\/wp-admin\/admin-ajax.php\" data-description=\"Prelekcja po\u015bwi\u0119cona pami\u0119ci Gen. Broni Kazimierza Sosnkowskiego w Odwachu\" rel=\"nofollow\"><i class=\"fa fa-fw fa-twitter\"><\/i><div class=\"counter-wrap standard\"><span class=\"counter\">0<\/span><\/div><\/a><a class=\"social-sharing-button sharer-flat sharer-flat-2 counter-standard googleplus\" target=\"_blank\" title=\"Google+\" href=\"https:\/\/plus.google.com\/share?url=https%3A%2F%2Fpowstaniewielkopolskie.pl%2Fnowa%2F%3Fp%3D11403\" data-nid=\"3\" data-name=\"\" data-pid=\"1\" data-post-id=\"11403\" data-url=\"https:\/\/powstaniewielkopolskie.pl\/nowa\/wp-admin\/admin-ajax.php\" data-url=\"https:\/\/powstaniewielkopolskie.pl\/nowa\/wp-admin\/admin-ajax.php\" data-description=\"Prelekcja po\u015bwi\u0119cona pami\u0119ci Gen. Broni Kazimierza Sosnkowskiego w Odwachu\" rel=\"nofollow\"><i class=\"fa fa-fw fa-google-plus\"><\/i><div class=\"counter-wrap standard\"><span class=\"counter\">0<\/span><\/div><\/a><\/div>","protected":false},"excerpt":{"rendered":"<p>3 marca 2026 r. &#8211; Komisja Historyczna Zarz\u0105du G\u0142\u00f3wnego Towarzystwa Pami\u0119ci Powstania Wielkopolskiego 1918\/1919 zorganizowa\u0142a wsp\u00f3lnie z Wielkopolskim Muzeum Niepodleg\u0142o\u015bci w Poznaniu &#8211; Muzeum Powstania Wielkopolskiego spotkanie po\u0142\u0105czone z prelekcj\u0105 pt. \u201eGenera\u0142<a class=\"moretag\" href=\"https:\/\/powstaniewielkopolskie.pl\/nowa\/?p=11403\">Czytaj wi\u0119cej&#8230;<\/a><\/p>\n<div data-animation=\"pulse\" data-icons-animation=\"no-animation\" data-overlay=\"on\" data-change-size=\"\" data-button-size=\"0.7\" style=\"font-size:0.7em;display:none;\" class=\"supsystic-social-sharing supsystic-social-sharing-package-flat supsystic-social-sharing-hide-on-homepage supsystic-social-sharing-content supsystic-social-sharing-content-align-center\" data-text=\"\"><a class=\"social-sharing-button sharer-flat sharer-flat-2 counter-standard digg\" target=\"_blank\" title=\"Digg\" href=\"http:\/\/digg.com\/submit?url=https%3A%2F%2Fpowstaniewielkopolskie.pl%2Fnowa%2F%3Fp%3D11403&title=Prelekcja+po%C5%9Bwi%C4%99cona+pami%C4%99ci+Gen.+Broni+Kazimierza+Sosnkowskiego+w+Odwachu\" data-nid=\"8\" data-name=\"\" data-pid=\"1\" data-post-id=\"11403\" data-url=\"https:\/\/powstaniewielkopolskie.pl\/nowa\/wp-admin\/admin-ajax.php\" data-url=\"https:\/\/powstaniewielkopolskie.pl\/nowa\/wp-admin\/admin-ajax.php\" data-description=\"Prelekcja po\u015bwi\u0119cona pami\u0119ci Gen. Broni Kazimierza Sosnkowskiego w Odwachu\" rel=\"nofollow\"><i class=\"fa fa-fw fa-digg\"><\/i><div class=\"counter-wrap standard\"><span class=\"counter\">0<\/span><\/div><\/a><a class=\"social-sharing-button sharer-flat sharer-flat-2 counter-standard mail\" target=\"_blank\" title=\"Mail\" href=\"#\" data-nid=\"16\" data-name=\"\" data-pid=\"1\" data-post-id=\"11403\" data-url=\"https:\/\/powstaniewielkopolskie.pl\/nowa\/wp-admin\/admin-ajax.php\" data-url=\"https:\/\/powstaniewielkopolskie.pl\/nowa\/wp-admin\/admin-ajax.php\" data-description=\"Prelekcja po\u015bwi\u0119cona pami\u0119ci Gen. Broni Kazimierza Sosnkowskiego w Odwachu\" rel=\"nofollow\"><i class=\"fa fa-fw fa-envelope-o\"><\/i><div class=\"counter-wrap standard\"><span class=\"counter\">0<\/span><\/div><\/a><a class=\"social-sharing-button sharer-flat sharer-flat-2 counter-standard facebook\" target=\"_blank\" title=\"Facebook\" href=\"http:\/\/www.facebook.com\/sharer.php?u=https%3A%2F%2Fpowstaniewielkopolskie.pl%2Fnowa%2F%3Fp%3D11403\" data-nid=\"1\" data-name=\"\" data-pid=\"1\" data-post-id=\"11403\" data-url=\"https:\/\/powstaniewielkopolskie.pl\/nowa\/wp-admin\/admin-ajax.php\" data-url=\"https:\/\/powstaniewielkopolskie.pl\/nowa\/wp-admin\/admin-ajax.php\" data-description=\"Prelekcja po\u015bwi\u0119cona pami\u0119ci Gen. Broni Kazimierza Sosnkowskiego w Odwachu\" rel=\"nofollow\"><i class=\"fa fa-fw fa-facebook\"><\/i><div class=\"counter-wrap standard\"><span class=\"counter\">0<\/span><\/div><\/a><a class=\"social-sharing-button sharer-flat sharer-flat-2 counter-standard whatsapp\" target=\"_blank\" title=\"WhatsApp\" href=\"whatsapp:\/\/send?text=https%3A%2F%2Fpowstaniewielkopolskie.pl%2Fnowa%2F%3Fp%3D11403\" data-nid=\"18\" data-name=\"\" data-pid=\"1\" data-post-id=\"11403\" data-url=\"https:\/\/powstaniewielkopolskie.pl\/nowa\/wp-admin\/admin-ajax.php\" data-url=\"https:\/\/powstaniewielkopolskie.pl\/nowa\/wp-admin\/admin-ajax.php\" data-description=\"Prelekcja po\u015bwi\u0119cona pami\u0119ci Gen. Broni Kazimierza Sosnkowskiego w Odwachu\" rel=\"nofollow\"><i class=\"fa fa-fw fa-whatsapp\"><\/i><div class=\"counter-wrap standard\"><span class=\"counter\">0<\/span><\/div><\/a><a class=\"social-sharing-button sharer-flat sharer-flat-2 counter-standard twitter\" target=\"_blank\" title=\"Twitter\" href=\"https:\/\/twitter.com\/share?url=https%3A%2F%2Fpowstaniewielkopolskie.pl%2Fnowa%2F%3Fp%3D11403&text=Prelekcja+po%C5%9Bwi%C4%99cona+pami%C4%99ci+Gen.+Broni+Kazimierza+Sosnkowskiego+w+Odwachu\" data-nid=\"2\" data-name=\"\" data-pid=\"1\" data-post-id=\"11403\" data-url=\"https:\/\/powstaniewielkopolskie.pl\/nowa\/wp-admin\/admin-ajax.php\" data-url=\"https:\/\/powstaniewielkopolskie.pl\/nowa\/wp-admin\/admin-ajax.php\" data-description=\"Prelekcja po\u015bwi\u0119cona pami\u0119ci Gen. Broni Kazimierza Sosnkowskiego w Odwachu\" rel=\"nofollow\"><i class=\"fa fa-fw fa-twitter\"><\/i><div class=\"counter-wrap standard\"><span class=\"counter\">0<\/span><\/div><\/a><a class=\"social-sharing-button sharer-flat sharer-flat-2 counter-standard googleplus\" target=\"_blank\" title=\"Google+\" href=\"https:\/\/plus.google.com\/share?url=https%3A%2F%2Fpowstaniewielkopolskie.pl%2Fnowa%2F%3Fp%3D11403\" data-nid=\"3\" data-name=\"\" data-pid=\"1\" data-post-id=\"11403\" data-url=\"https:\/\/powstaniewielkopolskie.pl\/nowa\/wp-admin\/admin-ajax.php\" data-url=\"https:\/\/powstaniewielkopolskie.pl\/nowa\/wp-admin\/admin-ajax.php\" data-description=\"Prelekcja po\u015bwi\u0119cona pami\u0119ci Gen. Broni Kazimierza Sosnkowskiego w Odwachu\" rel=\"nofollow\"><i class=\"fa fa-fw fa-google-plus\"><\/i><div class=\"counter-wrap standard\"><span class=\"counter\">0<\/span><\/div><\/a><\/div>","protected":false},"author":4,"featured_media":11405,"comment_status":"closed","ping_status":"open","sticky":false,"template":"","format":"standard","meta":{"footnotes":""},"categories":[3],"tags":[],"_links":{"self":[{"href":"https:\/\/powstaniewielkopolskie.pl\/nowa\/index.php?rest_route=\/wp\/v2\/posts\/11403"}],"collection":[{"href":"https:\/\/powstaniewielkopolskie.pl\/nowa\/index.php?rest_route=\/wp\/v2\/posts"}],"about":[{"href":"https:\/\/powstaniewielkopolskie.pl\/nowa\/index.php?rest_route=\/wp\/v2\/types\/post"}],"author":[{"embeddable":true,"href":"https:\/\/powstaniewielkopolskie.pl\/nowa\/index.php?rest_route=\/wp\/v2\/users\/4"}],"replies":[{"embeddable":true,"href":"https:\/\/powstaniewielkopolskie.pl\/nowa\/index.php?rest_route=%2Fwp%2Fv2%2Fcomments&post=11403"}],"version-history":[{"count":2,"href":"https:\/\/powstaniewielkopolskie.pl\/nowa\/index.php?rest_route=\/wp\/v2\/posts\/11403\/revisions"}],"predecessor-version":[{"id":11410,"href":"https:\/\/powstaniewielkopolskie.pl\/nowa\/index.php?rest_route=\/wp\/v2\/posts\/11403\/revisions\/11410"}],"wp:featuredmedia":[{"embeddable":true,"href":"https:\/\/powstaniewielkopolskie.pl\/nowa\/index.php?rest_route=\/wp\/v2\/media\/11405"}],"wp:attachment":[{"href":"https:\/\/powstaniewielkopolskie.pl\/nowa\/index.php?rest_route=%2Fwp%2Fv2%2Fmedia&parent=11403"}],"wp:term":[{"taxonomy":"category","embeddable":true,"href":"https:\/\/powstaniewielkopolskie.pl\/nowa\/index.php?rest_route=%2Fwp%2Fv2%2Fcategories&post=11403"},{"taxonomy":"post_tag","embeddable":true,"href":"https:\/\/powstaniewielkopolskie.pl\/nowa\/index.php?rest_route=%2Fwp%2Fv2%2Ftags&post=11403"}],"curies":[{"name":"wp","href":"https:\/\/api.w.org\/{rel}","templated":true}]}}