{"id":11237,"date":"2026-01-26T11:43:38","date_gmt":"2026-01-26T10:43:38","guid":{"rendered":"https:\/\/powstaniewielkopolskie.pl\/nowa\/?p=11237"},"modified":"2026-01-26T11:43:39","modified_gmt":"2026-01-26T10:43:39","slug":"swieto-patrona-szkoly-im-powstancow-wielkopolskich-w-mialach","status":"publish","type":"post","link":"https:\/\/powstaniewielkopolskie.pl\/nowa\/?p=11237","title":{"rendered":"\u015awi\u0119to Patrona Szko\u0142y im. Powsta\u0144c\u00f3w Wielkopolskich w Mia\u0142ach"},"content":{"rendered":"\n<figure class=\"wp-block-gallery has-nested-images columns-default is-cropped wp-block-gallery-1 is-layout-flex wp-block-gallery-is-layout-flex\">\n<figure class=\"wp-block-image size-large\"><img loading=\"lazy\" decoding=\"async\" width=\"848\" height=\"636\" data-id=\"11246\" src=\"https:\/\/powstaniewielkopolskie.pl\/nowa\/wp-content\/uploads\/2026\/01\/619371460_122268767432237149_1196302026006654311_n-bis-1.jpg\" alt=\"\" class=\"wp-image-11246\" srcset=\"https:\/\/powstaniewielkopolskie.pl\/nowa\/wp-content\/uploads\/2026\/01\/619371460_122268767432237149_1196302026006654311_n-bis-1.jpg 848w, https:\/\/powstaniewielkopolskie.pl\/nowa\/wp-content\/uploads\/2026\/01\/619371460_122268767432237149_1196302026006654311_n-bis-1-300x225.jpg 300w, https:\/\/powstaniewielkopolskie.pl\/nowa\/wp-content\/uploads\/2026\/01\/619371460_122268767432237149_1196302026006654311_n-bis-1-768x576.jpg 768w\" sizes=\"(max-width: 848px) 100vw, 848px\" \/><\/figure>\n\n\n\n<figure class=\"wp-block-image size-large\"><img loading=\"lazy\" decoding=\"async\" width=\"848\" height=\"636\" data-id=\"11244\" src=\"https:\/\/powstaniewielkopolskie.pl\/nowa\/wp-content\/uploads\/2026\/01\/619657311_122268766622237149_2509224267602112552_n-bis.jpg\" alt=\"\" class=\"wp-image-11244\" srcset=\"https:\/\/powstaniewielkopolskie.pl\/nowa\/wp-content\/uploads\/2026\/01\/619657311_122268766622237149_2509224267602112552_n-bis.jpg 848w, https:\/\/powstaniewielkopolskie.pl\/nowa\/wp-content\/uploads\/2026\/01\/619657311_122268766622237149_2509224267602112552_n-bis-300x225.jpg 300w, https:\/\/powstaniewielkopolskie.pl\/nowa\/wp-content\/uploads\/2026\/01\/619657311_122268766622237149_2509224267602112552_n-bis-768x576.jpg 768w\" sizes=\"(max-width: 848px) 100vw, 848px\" \/><\/figure>\n<\/figure>\n\n\n\n<p><\/p>\n\n\n\n<p><strong>23 stycznia 2026 r. <\/strong>&#8211; w Szkole Podstawowej im. Powsta\u0144c\u00f3w Wielkopolskich w Mia\u0142ach (powiat czarnkowsko-trzcianecki) zorganizowano \u015awi\u0119to Patrona. Uroczysto\u015b\u0107 nawi\u0105zywa\u0142a do nast\u0119puj\u0105cych rocznic: 106. rewindykacji po\u0142udniowo-zachodniej cz\u0119\u015bci ziemi wiele\u0144skiej, 107. walk powsta\u0144czych w Puszczy Noteckiej oraz 67. nadania szkole patronatu Powsta\u0144c\u00f3w Wielkopolskich. Po uroczystej mszy \u015bwi\u0119tej odby\u0142 si\u0119 Apel Pami\u0119ci. Nast\u0119pnie w sali szkolnej g\u0142os zabra\u0142a Joanna Ignaszak, dyrektor Szko\u0142y Podstawowej im. Powsta\u0144c\u00f3w Wielkopolskich w Mia\u0142ach, kt\u00f3ra przypomnia\u0142a tradycje powsta\u0144cze kultywowane w mialskiej plac\u00f3wce od 1959 roku. Dr hab. Arkadiusz S\u0142abig wraz z uczniami klasy VIII przybli\u017cy\u0142 s\u0142uchaczom dotychczasowe dzia\u0142ania realizowane w ramach projektu \u201eSilni Polsk\u0105!\u201d. Po oficjalnych wyst\u0105pieniach uczniowie szko\u0142y zaprezentowali wzruszaj\u0105cy i dynamiczny program artystyczny. Honorowymi go\u015b\u0107mi uroczysto\u015bci szkolno-powsta\u0144czych w Mia\u0142ach byli m.in. wiceprezes Oddzia\u0142u Wielkopolskiego TPPW 1918\/1919 Roman Grewling oraz dyrektor Muzeum Powsta\u0144c\u00f3w Wielkopolskich im. gen. J\u00f3zefa Dowbora Mu\u015bnickiego w Lusowie dr Micha\u0142 Krzy\u017caniak. Uroczysto\u015bciom towarzyszy\u0142a wystawa prac plastycznych przekazanych przez uczestnik\u00f3w V Powiatowego Konkursu Historyczno-Plastycznego \u201eA przez Wielkopolsk\u0119 leci krzyk wolno\u015bci\u201d. <\/p>\n\n\n\n<figure class=\"wp-block-gallery has-nested-images columns-default is-cropped wp-block-gallery-2 is-layout-flex wp-block-gallery-is-layout-flex\"><\/figure>\n\n\n\n<p class=\"has-text-align-right\">Fot. SP MIa\u0142y<\/p>\n\n\n\n<p>Szerzej o wydarzeniu: <a href=\"https:\/\/powstaniewielkopolskie.pl\/nowa\/?page_id=132\">Z dzia\u0142alno\u015bci K\u00f3\u0142 i Klub\u00f3w M\u0142odzie\u017cowych \u2013 Towarzystwo Pami\u0119ci Powstania Wielkopolskiego 1918\/1919<\/a><\/p>\n<div data-animation=\"pulse\" data-icons-animation=\"no-animation\" data-overlay=\"on\" data-change-size=\"\" data-button-size=\"0.7\" style=\"font-size:0.7em;display:none;\" class=\"supsystic-social-sharing supsystic-social-sharing-package-flat supsystic-social-sharing-hide-on-homepage supsystic-social-sharing-content supsystic-social-sharing-content-align-center\" data-text=\"\"><a class=\"social-sharing-button sharer-flat sharer-flat-2 counter-standard digg\" target=\"_blank\" title=\"Digg\" href=\"http:\/\/digg.com\/submit?url=https%3A%2F%2Fpowstaniewielkopolskie.pl%2Fnowa%2F%3Fp%3D11237&title=%C5%9Awi%C4%99to+Patrona+Szko%C5%82y+im.+Powsta%C5%84c%C3%B3w+Wielkopolskich+w+Mia%C5%82ach\" data-nid=\"8\" data-name=\"\" data-pid=\"1\" data-post-id=\"11237\" data-url=\"https:\/\/powstaniewielkopolskie.pl\/nowa\/wp-admin\/admin-ajax.php\" data-url=\"https:\/\/powstaniewielkopolskie.pl\/nowa\/wp-admin\/admin-ajax.php\" data-description=\"\u015awi\u0119to Patrona Szko\u0142y im. Powsta\u0144c\u00f3w Wielkopolskich w Mia\u0142ach\" rel=\"nofollow\"><i class=\"fa fa-fw fa-digg\"><\/i><div class=\"counter-wrap standard\"><span class=\"counter\">0<\/span><\/div><\/a><a class=\"social-sharing-button sharer-flat sharer-flat-2 counter-standard mail\" target=\"_blank\" title=\"Mail\" href=\"#\" data-nid=\"16\" data-name=\"\" data-pid=\"1\" data-post-id=\"11237\" data-url=\"https:\/\/powstaniewielkopolskie.pl\/nowa\/wp-admin\/admin-ajax.php\" data-url=\"https:\/\/powstaniewielkopolskie.pl\/nowa\/wp-admin\/admin-ajax.php\" data-description=\"\u015awi\u0119to Patrona Szko\u0142y im. Powsta\u0144c\u00f3w Wielkopolskich w Mia\u0142ach\" rel=\"nofollow\"><i class=\"fa fa-fw fa-envelope-o\"><\/i><div class=\"counter-wrap standard\"><span class=\"counter\">0<\/span><\/div><\/a><a class=\"social-sharing-button sharer-flat sharer-flat-2 counter-standard facebook\" target=\"_blank\" title=\"Facebook\" href=\"http:\/\/www.facebook.com\/sharer.php?u=https%3A%2F%2Fpowstaniewielkopolskie.pl%2Fnowa%2F%3Fp%3D11237\" data-nid=\"1\" data-name=\"\" data-pid=\"1\" data-post-id=\"11237\" data-url=\"https:\/\/powstaniewielkopolskie.pl\/nowa\/wp-admin\/admin-ajax.php\" data-url=\"https:\/\/powstaniewielkopolskie.pl\/nowa\/wp-admin\/admin-ajax.php\" data-description=\"\u015awi\u0119to Patrona Szko\u0142y im. Powsta\u0144c\u00f3w Wielkopolskich w Mia\u0142ach\" rel=\"nofollow\"><i class=\"fa fa-fw fa-facebook\"><\/i><div class=\"counter-wrap standard\"><span class=\"counter\">0<\/span><\/div><\/a><a class=\"social-sharing-button sharer-flat sharer-flat-2 counter-standard whatsapp\" target=\"_blank\" title=\"WhatsApp\" href=\"whatsapp:\/\/send?text=https%3A%2F%2Fpowstaniewielkopolskie.pl%2Fnowa%2F%3Fp%3D11237\" data-nid=\"18\" data-name=\"\" data-pid=\"1\" data-post-id=\"11237\" data-url=\"https:\/\/powstaniewielkopolskie.pl\/nowa\/wp-admin\/admin-ajax.php\" data-url=\"https:\/\/powstaniewielkopolskie.pl\/nowa\/wp-admin\/admin-ajax.php\" data-description=\"\u015awi\u0119to Patrona Szko\u0142y im. Powsta\u0144c\u00f3w Wielkopolskich w Mia\u0142ach\" rel=\"nofollow\"><i class=\"fa fa-fw fa-whatsapp\"><\/i><div class=\"counter-wrap standard\"><span class=\"counter\">0<\/span><\/div><\/a><a class=\"social-sharing-button sharer-flat sharer-flat-2 counter-standard twitter\" target=\"_blank\" title=\"Twitter\" href=\"https:\/\/twitter.com\/share?url=https%3A%2F%2Fpowstaniewielkopolskie.pl%2Fnowa%2F%3Fp%3D11237&text=%C5%9Awi%C4%99to+Patrona+Szko%C5%82y+im.+Powsta%C5%84c%C3%B3w+Wielkopolskich+w+Mia%C5%82ach\" data-nid=\"2\" data-name=\"\" data-pid=\"1\" data-post-id=\"11237\" data-url=\"https:\/\/powstaniewielkopolskie.pl\/nowa\/wp-admin\/admin-ajax.php\" data-url=\"https:\/\/powstaniewielkopolskie.pl\/nowa\/wp-admin\/admin-ajax.php\" data-description=\"\u015awi\u0119to Patrona Szko\u0142y im. Powsta\u0144c\u00f3w Wielkopolskich w Mia\u0142ach\" rel=\"nofollow\"><i class=\"fa fa-fw fa-twitter\"><\/i><div class=\"counter-wrap standard\"><span class=\"counter\">0<\/span><\/div><\/a><a class=\"social-sharing-button sharer-flat sharer-flat-2 counter-standard googleplus\" target=\"_blank\" title=\"Google+\" href=\"https:\/\/plus.google.com\/share?url=https%3A%2F%2Fpowstaniewielkopolskie.pl%2Fnowa%2F%3Fp%3D11237\" data-nid=\"3\" data-name=\"\" data-pid=\"1\" data-post-id=\"11237\" data-url=\"https:\/\/powstaniewielkopolskie.pl\/nowa\/wp-admin\/admin-ajax.php\" data-url=\"https:\/\/powstaniewielkopolskie.pl\/nowa\/wp-admin\/admin-ajax.php\" data-description=\"\u015awi\u0119to Patrona Szko\u0142y im. Powsta\u0144c\u00f3w Wielkopolskich w Mia\u0142ach\" rel=\"nofollow\"><i class=\"fa fa-fw fa-google-plus\"><\/i><div class=\"counter-wrap standard\"><span class=\"counter\">0<\/span><\/div><\/a><\/div>","protected":false},"excerpt":{"rendered":"<p>23 stycznia 2026 r. &#8211; w Szkole Podstawowej im. Powsta\u0144c\u00f3w Wielkopolskich w Mia\u0142ach (powiat czarnkowsko-trzcianecki) zorganizowano \u015awi\u0119to Patrona. Uroczysto\u015b\u0107 nawi\u0105zywa\u0142a do nast\u0119puj\u0105cych rocznic: 106. rewindykacji po\u0142udniowo-zachodniej cz\u0119\u015bci ziemi wiele\u0144skiej, 107. walk powsta\u0144czych<a class=\"moretag\" href=\"https:\/\/powstaniewielkopolskie.pl\/nowa\/?p=11237\">Czytaj wi\u0119cej&#8230;<\/a><\/p>\n<div data-animation=\"pulse\" data-icons-animation=\"no-animation\" data-overlay=\"on\" data-change-size=\"\" data-button-size=\"0.7\" style=\"font-size:0.7em;display:none;\" class=\"supsystic-social-sharing supsystic-social-sharing-package-flat supsystic-social-sharing-hide-on-homepage supsystic-social-sharing-content supsystic-social-sharing-content-align-center\" data-text=\"\"><a class=\"social-sharing-button sharer-flat sharer-flat-2 counter-standard digg\" target=\"_blank\" title=\"Digg\" href=\"http:\/\/digg.com\/submit?url=https%3A%2F%2Fpowstaniewielkopolskie.pl%2Fnowa%2F%3Fp%3D11237&title=%C5%9Awi%C4%99to+Patrona+Szko%C5%82y+im.+Powsta%C5%84c%C3%B3w+Wielkopolskich+w+Mia%C5%82ach\" data-nid=\"8\" data-name=\"\" data-pid=\"1\" data-post-id=\"11237\" data-url=\"https:\/\/powstaniewielkopolskie.pl\/nowa\/wp-admin\/admin-ajax.php\" data-url=\"https:\/\/powstaniewielkopolskie.pl\/nowa\/wp-admin\/admin-ajax.php\" data-description=\"\u015awi\u0119to Patrona Szko\u0142y im. Powsta\u0144c\u00f3w Wielkopolskich w Mia\u0142ach\" rel=\"nofollow\"><i class=\"fa fa-fw fa-digg\"><\/i><div class=\"counter-wrap standard\"><span class=\"counter\">0<\/span><\/div><\/a><a class=\"social-sharing-button sharer-flat sharer-flat-2 counter-standard mail\" target=\"_blank\" title=\"Mail\" href=\"#\" data-nid=\"16\" data-name=\"\" data-pid=\"1\" data-post-id=\"11237\" data-url=\"https:\/\/powstaniewielkopolskie.pl\/nowa\/wp-admin\/admin-ajax.php\" data-url=\"https:\/\/powstaniewielkopolskie.pl\/nowa\/wp-admin\/admin-ajax.php\" data-description=\"\u015awi\u0119to Patrona Szko\u0142y im. Powsta\u0144c\u00f3w Wielkopolskich w Mia\u0142ach\" rel=\"nofollow\"><i class=\"fa fa-fw fa-envelope-o\"><\/i><div class=\"counter-wrap standard\"><span class=\"counter\">0<\/span><\/div><\/a><a class=\"social-sharing-button sharer-flat sharer-flat-2 counter-standard facebook\" target=\"_blank\" title=\"Facebook\" href=\"http:\/\/www.facebook.com\/sharer.php?u=https%3A%2F%2Fpowstaniewielkopolskie.pl%2Fnowa%2F%3Fp%3D11237\" data-nid=\"1\" data-name=\"\" data-pid=\"1\" data-post-id=\"11237\" data-url=\"https:\/\/powstaniewielkopolskie.pl\/nowa\/wp-admin\/admin-ajax.php\" data-url=\"https:\/\/powstaniewielkopolskie.pl\/nowa\/wp-admin\/admin-ajax.php\" data-description=\"\u015awi\u0119to Patrona Szko\u0142y im. Powsta\u0144c\u00f3w Wielkopolskich w Mia\u0142ach\" rel=\"nofollow\"><i class=\"fa fa-fw fa-facebook\"><\/i><div class=\"counter-wrap standard\"><span class=\"counter\">0<\/span><\/div><\/a><a class=\"social-sharing-button sharer-flat sharer-flat-2 counter-standard whatsapp\" target=\"_blank\" title=\"WhatsApp\" href=\"whatsapp:\/\/send?text=https%3A%2F%2Fpowstaniewielkopolskie.pl%2Fnowa%2F%3Fp%3D11237\" data-nid=\"18\" data-name=\"\" data-pid=\"1\" data-post-id=\"11237\" data-url=\"https:\/\/powstaniewielkopolskie.pl\/nowa\/wp-admin\/admin-ajax.php\" data-url=\"https:\/\/powstaniewielkopolskie.pl\/nowa\/wp-admin\/admin-ajax.php\" data-description=\"\u015awi\u0119to Patrona Szko\u0142y im. Powsta\u0144c\u00f3w Wielkopolskich w Mia\u0142ach\" rel=\"nofollow\"><i class=\"fa fa-fw fa-whatsapp\"><\/i><div class=\"counter-wrap standard\"><span class=\"counter\">0<\/span><\/div><\/a><a class=\"social-sharing-button sharer-flat sharer-flat-2 counter-standard twitter\" target=\"_blank\" title=\"Twitter\" href=\"https:\/\/twitter.com\/share?url=https%3A%2F%2Fpowstaniewielkopolskie.pl%2Fnowa%2F%3Fp%3D11237&text=%C5%9Awi%C4%99to+Patrona+Szko%C5%82y+im.+Powsta%C5%84c%C3%B3w+Wielkopolskich+w+Mia%C5%82ach\" data-nid=\"2\" data-name=\"\" data-pid=\"1\" data-post-id=\"11237\" data-url=\"https:\/\/powstaniewielkopolskie.pl\/nowa\/wp-admin\/admin-ajax.php\" data-url=\"https:\/\/powstaniewielkopolskie.pl\/nowa\/wp-admin\/admin-ajax.php\" data-description=\"\u015awi\u0119to Patrona Szko\u0142y im. Powsta\u0144c\u00f3w Wielkopolskich w Mia\u0142ach\" rel=\"nofollow\"><i class=\"fa fa-fw fa-twitter\"><\/i><div class=\"counter-wrap standard\"><span class=\"counter\">0<\/span><\/div><\/a><a class=\"social-sharing-button sharer-flat sharer-flat-2 counter-standard googleplus\" target=\"_blank\" title=\"Google+\" href=\"https:\/\/plus.google.com\/share?url=https%3A%2F%2Fpowstaniewielkopolskie.pl%2Fnowa%2F%3Fp%3D11237\" data-nid=\"3\" data-name=\"\" data-pid=\"1\" data-post-id=\"11237\" data-url=\"https:\/\/powstaniewielkopolskie.pl\/nowa\/wp-admin\/admin-ajax.php\" data-url=\"https:\/\/powstaniewielkopolskie.pl\/nowa\/wp-admin\/admin-ajax.php\" data-description=\"\u015awi\u0119to Patrona Szko\u0142y im. Powsta\u0144c\u00f3w Wielkopolskich w Mia\u0142ach\" rel=\"nofollow\"><i class=\"fa fa-fw fa-google-plus\"><\/i><div class=\"counter-wrap standard\"><span class=\"counter\">0<\/span><\/div><\/a><\/div>","protected":false},"author":4,"featured_media":11242,"comment_status":"closed","ping_status":"open","sticky":false,"template":"","format":"standard","meta":{"footnotes":""},"categories":[3],"tags":[],"_links":{"self":[{"href":"https:\/\/powstaniewielkopolskie.pl\/nowa\/index.php?rest_route=\/wp\/v2\/posts\/11237"}],"collection":[{"href":"https:\/\/powstaniewielkopolskie.pl\/nowa\/index.php?rest_route=\/wp\/v2\/posts"}],"about":[{"href":"https:\/\/powstaniewielkopolskie.pl\/nowa\/index.php?rest_route=\/wp\/v2\/types\/post"}],"author":[{"embeddable":true,"href":"https:\/\/powstaniewielkopolskie.pl\/nowa\/index.php?rest_route=\/wp\/v2\/users\/4"}],"replies":[{"embeddable":true,"href":"https:\/\/powstaniewielkopolskie.pl\/nowa\/index.php?rest_route=%2Fwp%2Fv2%2Fcomments&post=11237"}],"version-history":[{"count":4,"href":"https:\/\/powstaniewielkopolskie.pl\/nowa\/index.php?rest_route=\/wp\/v2\/posts\/11237\/revisions"}],"predecessor-version":[{"id":11249,"href":"https:\/\/powstaniewielkopolskie.pl\/nowa\/index.php?rest_route=\/wp\/v2\/posts\/11237\/revisions\/11249"}],"wp:featuredmedia":[{"embeddable":true,"href":"https:\/\/powstaniewielkopolskie.pl\/nowa\/index.php?rest_route=\/wp\/v2\/media\/11242"}],"wp:attachment":[{"href":"https:\/\/powstaniewielkopolskie.pl\/nowa\/index.php?rest_route=%2Fwp%2Fv2%2Fmedia&parent=11237"}],"wp:term":[{"taxonomy":"category","embeddable":true,"href":"https:\/\/powstaniewielkopolskie.pl\/nowa\/index.php?rest_route=%2Fwp%2Fv2%2Fcategories&post=11237"},{"taxonomy":"post_tag","embeddable":true,"href":"https:\/\/powstaniewielkopolskie.pl\/nowa\/index.php?rest_route=%2Fwp%2Fv2%2Ftags&post=11237"}],"curies":[{"name":"wp","href":"https:\/\/api.w.org\/{rel}","templated":true}]}}