{"id":11220,"date":"2026-01-26T00:46:36","date_gmt":"2026-01-25T23:46:36","guid":{"rendered":"https:\/\/powstaniewielkopolskie.pl\/nowa\/?p=11220"},"modified":"2026-01-26T09:21:54","modified_gmt":"2026-01-26T08:21:54","slug":"obchody-rocznicowe-i-konferencja-popularnonaukowa-w-starym-polichnie","status":"publish","type":"post","link":"https:\/\/powstaniewielkopolskie.pl\/nowa\/?p=11220","title":{"rendered":"Obchody rocznicowe i konferencja popularnonaukowa w Starym Polichnie"},"content":{"rendered":"\n<figure class=\"wp-block-gallery has-nested-images columns-default is-cropped wp-block-gallery-1 is-layout-flex wp-block-gallery-is-layout-flex\">\n<figure class=\"wp-block-image size-large\"><img loading=\"lazy\" decoding=\"async\" width=\"1000\" height=\"666\" data-id=\"11226\" src=\"https:\/\/powstaniewielkopolskie.pl\/nowa\/wp-content\/uploads\/2026\/01\/13927-bis.jpg\" alt=\"\" class=\"wp-image-11226\" srcset=\"https:\/\/powstaniewielkopolskie.pl\/nowa\/wp-content\/uploads\/2026\/01\/13927-bis.jpg 1000w, https:\/\/powstaniewielkopolskie.pl\/nowa\/wp-content\/uploads\/2026\/01\/13927-bis-300x200.jpg 300w, https:\/\/powstaniewielkopolskie.pl\/nowa\/wp-content\/uploads\/2026\/01\/13927-bis-768x511.jpg 768w\" sizes=\"(max-width: 1000px) 100vw, 1000px\" \/><\/figure>\n\n\n\n<figure class=\"wp-block-image size-large\"><img loading=\"lazy\" decoding=\"async\" width=\"1000\" height=\"666\" data-id=\"11227\" src=\"https:\/\/powstaniewielkopolskie.pl\/nowa\/wp-content\/uploads\/2026\/01\/13929-bis.jpg\" alt=\"\" class=\"wp-image-11227\" srcset=\"https:\/\/powstaniewielkopolskie.pl\/nowa\/wp-content\/uploads\/2026\/01\/13929-bis.jpg 1000w, https:\/\/powstaniewielkopolskie.pl\/nowa\/wp-content\/uploads\/2026\/01\/13929-bis-300x200.jpg 300w, https:\/\/powstaniewielkopolskie.pl\/nowa\/wp-content\/uploads\/2026\/01\/13929-bis-768x511.jpg 768w\" sizes=\"(max-width: 1000px) 100vw, 1000px\" \/><\/figure>\n\n\n\n<figure class=\"wp-block-image size-large\"><img loading=\"lazy\" decoding=\"async\" width=\"1000\" height=\"666\" data-id=\"11225\" src=\"https:\/\/powstaniewielkopolskie.pl\/nowa\/wp-content\/uploads\/2026\/01\/13923-bis.jpg\" alt=\"\" class=\"wp-image-11225\" srcset=\"https:\/\/powstaniewielkopolskie.pl\/nowa\/wp-content\/uploads\/2026\/01\/13923-bis.jpg 1000w, https:\/\/powstaniewielkopolskie.pl\/nowa\/wp-content\/uploads\/2026\/01\/13923-bis-300x200.jpg 300w, https:\/\/powstaniewielkopolskie.pl\/nowa\/wp-content\/uploads\/2026\/01\/13923-bis-768x511.jpg 768w\" sizes=\"(max-width: 1000px) 100vw, 1000px\" \/><\/figure>\n\n\n\n<figure class=\"wp-block-image size-large\"><img loading=\"lazy\" decoding=\"async\" width=\"998\" height=\"665\" data-id=\"11228\" src=\"https:\/\/powstaniewielkopolskie.pl\/nowa\/wp-content\/uploads\/2026\/01\/13939-bis.jpg\" alt=\"\" class=\"wp-image-11228\" srcset=\"https:\/\/powstaniewielkopolskie.pl\/nowa\/wp-content\/uploads\/2026\/01\/13939-bis.jpg 998w, https:\/\/powstaniewielkopolskie.pl\/nowa\/wp-content\/uploads\/2026\/01\/13939-bis-300x200.jpg 300w, https:\/\/powstaniewielkopolskie.pl\/nowa\/wp-content\/uploads\/2026\/01\/13939-bis-768x512.jpg 768w\" sizes=\"(max-width: 998px) 100vw, 998px\" \/><\/figure>\n\n\n\n<figure class=\"wp-block-image size-large\"><img loading=\"lazy\" decoding=\"async\" width=\"998\" height=\"665\" data-id=\"11229\" src=\"https:\/\/powstaniewielkopolskie.pl\/nowa\/wp-content\/uploads\/2026\/01\/13941-bis.jpg\" alt=\"\" class=\"wp-image-11229\" srcset=\"https:\/\/powstaniewielkopolskie.pl\/nowa\/wp-content\/uploads\/2026\/01\/13941-bis.jpg 998w, https:\/\/powstaniewielkopolskie.pl\/nowa\/wp-content\/uploads\/2026\/01\/13941-bis-300x200.jpg 300w, https:\/\/powstaniewielkopolskie.pl\/nowa\/wp-content\/uploads\/2026\/01\/13941-bis-768x512.jpg 768w\" sizes=\"(max-width: 998px) 100vw, 998px\" \/><\/figure>\n\n\n\n<figure class=\"wp-block-image size-large\"><img loading=\"lazy\" decoding=\"async\" width=\"998\" height=\"665\" data-id=\"11230\" src=\"https:\/\/powstaniewielkopolskie.pl\/nowa\/wp-content\/uploads\/2026\/01\/13957-bis.jpg\" alt=\"\" class=\"wp-image-11230\" srcset=\"https:\/\/powstaniewielkopolskie.pl\/nowa\/wp-content\/uploads\/2026\/01\/13957-bis.jpg 998w, https:\/\/powstaniewielkopolskie.pl\/nowa\/wp-content\/uploads\/2026\/01\/13957-bis-300x200.jpg 300w, https:\/\/powstaniewielkopolskie.pl\/nowa\/wp-content\/uploads\/2026\/01\/13957-bis-768x512.jpg 768w\" sizes=\"(max-width: 998px) 100vw, 998px\" \/><\/figure>\n<\/figure>\n\n\n\n<p><\/p>\n\n\n\n<p><strong>22 stycznia 2026 r.<\/strong> &#8211; w Starym Polichnie odby\u0142y si\u0119 III obchody upami\u0119tniaj\u0105ce Zwyci\u0119skie Powstanie Wielkopolskie. Tegoroczne spotkanie by\u0142o po\u015bwi\u0119cone roli kobiet w drodze do niepodleg\u0142o\u015bci. Organizatorami uroczysto\u015bci byli: Towarzystwo Pami\u0119ci Powstania Wielkopolskiego 1918-1919, Ko\u0142o Gorz\u00f3w Wielkopolski i okolice, Gmina Santok i So\u0142ectwo Stare Polichno. W programie wydarzenia po\u0142\u0105czona zosta\u0142a edukacja, historia i pami\u0119\u0107 o zwyci\u0119skim Powstaniu Wielkopolskim. Delegacje z\u0142o\u017cy\u0142y wi\u0105zanki kwiat\u00f3w przy tablicy ku czci por. Franciszka Manieckiego, powsta\u0144ca wielkopolskiego, uczestnika wojny polsko-bolszewickiej 1920r., wieloletniego so\u0142tysa Starego Polichna oraz pioniera Ziem Zachodnich.  Wart\u0119 honorow\u0105 pe\u0142ni\u0142a 15 Lubuska Brygada Obrony Terytorialnej. Nast\u0119pnie uczczono 80 lat polskiej o\u015bwiaty na Ziemiach Zachodnich przy symbolicznej \u0141aweczce&nbsp;Stanis\u0142awy i Bronis\u0142awa Piotrowicz\u00f3w&nbsp;\u2013 os\u00f3b zas\u0142u\u017conych dla powojennego rozwoju edukacji w regionie, a szczeg\u00f3lnie w Starym Polichnie. W \u015bwietlicy wiejskiej odby\u0142a si\u0119 konferencja popularnonaukowa \u201eKobiety w Powstaniu Wielkopolskim i ich drogi do niepodleg\u0142o\u015bci\u201d. Podczas wydarzenia Micha\u0142 Klisi\u0144ski (prezes gorzowskiego ko\u0142a Towarzystwa Pami\u0119ci Powstania Wielkopolskiego 1918-1919) oraz Dorota Cio\u0142ka-Wi\u015bniewska (nauczycielka, wnuczka powsta\u0144ca wielkopolskiego por. Franciszka Manieckiego, cz\u0142onkini Towarzystwa Pami\u0119ci Powstania Wielkopolskiego 1918-1919\/Ko\u0142o Gorz\u00f3w Wielkopolski) zostali uhonorowani medalem \u201eWierni Tradycji\u201d, przyznawanym przez Zarz\u0105d G\u0142\u00f3wny TPPW za szczeg\u00f3lne zas\u0142ugi w kultywowaniu pami\u0119ci o Zwyci\u0119skim Powstaniu Wielkopolskim. Medale wr\u0119czyli honorowi go\u015bcie wydarzenia: Tadeusz Musia\u0142 \u2013 prezes Zarz\u0105du G\u0142\u00f3wnego Towarzystwa Pami\u0119ci Powstania Wielkopolskiego, Piotr Wojtczak \u2013 sekretarz generalny Zarz\u0105du G\u0142\u00f3wnego Towarzystwa Pami\u0119ci Powstania Wielkopolskiego oraz Kamil Hypki \u2013 cz\u0142onek Prezydium Zarz\u0105du G\u0142\u00f3wnego Towarzystwa Pami\u0119ci Powstania Wielkopolskiego, zast\u0119pca redaktora naczelnego Radia Zach\u00f3d. Cz\u0119\u015b\u0107 merytoryczn\u0105 konferencji otworzy\u0142 wyk\u0142ad inauguracyjny dr Izabelli Kopczy\u0144skiej z Instytutu Pami\u0119ci Narodowej w Poznaniu pt. \u201eRola kobiet w powstaniu wielkopolskim\u201d. Nast\u0119pnie odby\u0142 si\u0119 panel dyskusyjny. W kolejnej cz\u0119\u015bci prezes Micha\u0142 Klisi\u0144ski om\u00f3wi\u0142 aktualne kierunki dzia\u0142a\u0144 Towarzystwa Pami\u0119ci Powstania Wielkopolskiego 1918\/1919 (Ko\u0142o Gorz\u00f3w Wielkopolski).Wydarzeniu towarzyszy\u0142y wystawy: \u201ePowstanie Wielkopolskie 1918\u20131919\u201d (Instytut Pami\u0119ci Narodowej w Poznaniu), \u201eKobiety w Powstaniu Wielkopolskim \u2014 ciche bohaterki zaplecza\u201d (dr Natalia Gorzkiewicz i Centrum Kultury i Rekreacji w Santoku) oraz ekspozycja \u201e80 lat samorz\u0105dno\u015bci na Ziemi Santockiej\u201d (Micha\u0142 Klisi\u0144ski).<\/p>\n\n\n\n<p class=\"has-text-align-right\">Fot. FB, Ko\u0142o TPPW Gorz\u00f3w Wlkp.<\/p>\n\n\n\n<p>Szerzej o wydarzeniu: <a href=\"https:\/\/powstaniewielkopolskie.pl\/nowa\/?page_id=132\">Z dzia\u0142alno\u015bci K\u00f3\u0142 i Klub\u00f3w M\u0142odzie\u017cowych \u2013 Towarzystwo Pami\u0119ci Powstania Wielkopolskiego 1918\/1919<\/a><\/p>\n<div data-animation=\"pulse\" data-icons-animation=\"no-animation\" data-overlay=\"on\" data-change-size=\"\" data-button-size=\"0.7\" style=\"font-size:0.7em;display:none;\" class=\"supsystic-social-sharing supsystic-social-sharing-package-flat supsystic-social-sharing-hide-on-homepage supsystic-social-sharing-content supsystic-social-sharing-content-align-center\" data-text=\"\"><a class=\"social-sharing-button sharer-flat sharer-flat-2 counter-standard digg\" target=\"_blank\" title=\"Digg\" href=\"http:\/\/digg.com\/submit?url=https%3A%2F%2Fpowstaniewielkopolskie.pl%2Fnowa%2F%3Fp%3D11220&title=Obchody+rocznicowe+i+konferencja+popularnonaukowa+w+Starym+Polichnie\" data-nid=\"8\" data-name=\"\" data-pid=\"1\" data-post-id=\"11220\" data-url=\"https:\/\/powstaniewielkopolskie.pl\/nowa\/wp-admin\/admin-ajax.php\" data-url=\"https:\/\/powstaniewielkopolskie.pl\/nowa\/wp-admin\/admin-ajax.php\" data-description=\"Obchody rocznicowe i konferencja popularnonaukowa w Starym Polichnie\" rel=\"nofollow\"><i class=\"fa fa-fw fa-digg\"><\/i><div class=\"counter-wrap standard\"><span class=\"counter\">0<\/span><\/div><\/a><a class=\"social-sharing-button sharer-flat sharer-flat-2 counter-standard mail\" target=\"_blank\" title=\"Mail\" href=\"#\" data-nid=\"16\" data-name=\"\" data-pid=\"1\" data-post-id=\"11220\" data-url=\"https:\/\/powstaniewielkopolskie.pl\/nowa\/wp-admin\/admin-ajax.php\" data-url=\"https:\/\/powstaniewielkopolskie.pl\/nowa\/wp-admin\/admin-ajax.php\" data-description=\"Obchody rocznicowe i konferencja popularnonaukowa w Starym Polichnie\" rel=\"nofollow\"><i class=\"fa fa-fw fa-envelope-o\"><\/i><div class=\"counter-wrap standard\"><span class=\"counter\">0<\/span><\/div><\/a><a class=\"social-sharing-button sharer-flat sharer-flat-2 counter-standard facebook\" target=\"_blank\" title=\"Facebook\" href=\"http:\/\/www.facebook.com\/sharer.php?u=https%3A%2F%2Fpowstaniewielkopolskie.pl%2Fnowa%2F%3Fp%3D11220\" data-nid=\"1\" data-name=\"\" data-pid=\"1\" data-post-id=\"11220\" data-url=\"https:\/\/powstaniewielkopolskie.pl\/nowa\/wp-admin\/admin-ajax.php\" data-url=\"https:\/\/powstaniewielkopolskie.pl\/nowa\/wp-admin\/admin-ajax.php\" data-description=\"Obchody rocznicowe i konferencja popularnonaukowa w Starym Polichnie\" rel=\"nofollow\"><i class=\"fa fa-fw fa-facebook\"><\/i><div class=\"counter-wrap standard\"><span class=\"counter\">0<\/span><\/div><\/a><a class=\"social-sharing-button sharer-flat sharer-flat-2 counter-standard whatsapp\" target=\"_blank\" title=\"WhatsApp\" href=\"whatsapp:\/\/send?text=https%3A%2F%2Fpowstaniewielkopolskie.pl%2Fnowa%2F%3Fp%3D11220\" data-nid=\"18\" data-name=\"\" data-pid=\"1\" data-post-id=\"11220\" data-url=\"https:\/\/powstaniewielkopolskie.pl\/nowa\/wp-admin\/admin-ajax.php\" data-url=\"https:\/\/powstaniewielkopolskie.pl\/nowa\/wp-admin\/admin-ajax.php\" data-description=\"Obchody rocznicowe i konferencja popularnonaukowa w Starym Polichnie\" rel=\"nofollow\"><i class=\"fa fa-fw fa-whatsapp\"><\/i><div class=\"counter-wrap standard\"><span class=\"counter\">1<\/span><\/div><\/a><a class=\"social-sharing-button sharer-flat sharer-flat-2 counter-standard twitter\" target=\"_blank\" title=\"Twitter\" href=\"https:\/\/twitter.com\/share?url=https%3A%2F%2Fpowstaniewielkopolskie.pl%2Fnowa%2F%3Fp%3D11220&text=Obchody+rocznicowe+i+konferencja+popularnonaukowa+w+Starym+Polichnie\" data-nid=\"2\" data-name=\"\" data-pid=\"1\" data-post-id=\"11220\" data-url=\"https:\/\/powstaniewielkopolskie.pl\/nowa\/wp-admin\/admin-ajax.php\" data-url=\"https:\/\/powstaniewielkopolskie.pl\/nowa\/wp-admin\/admin-ajax.php\" data-description=\"Obchody rocznicowe i konferencja popularnonaukowa w Starym Polichnie\" rel=\"nofollow\"><i class=\"fa fa-fw fa-twitter\"><\/i><div class=\"counter-wrap standard\"><span class=\"counter\">0<\/span><\/div><\/a><a class=\"social-sharing-button sharer-flat sharer-flat-2 counter-standard googleplus\" target=\"_blank\" title=\"Google+\" href=\"https:\/\/plus.google.com\/share?url=https%3A%2F%2Fpowstaniewielkopolskie.pl%2Fnowa%2F%3Fp%3D11220\" data-nid=\"3\" data-name=\"\" data-pid=\"1\" data-post-id=\"11220\" data-url=\"https:\/\/powstaniewielkopolskie.pl\/nowa\/wp-admin\/admin-ajax.php\" data-url=\"https:\/\/powstaniewielkopolskie.pl\/nowa\/wp-admin\/admin-ajax.php\" data-description=\"Obchody rocznicowe i konferencja popularnonaukowa w Starym Polichnie\" rel=\"nofollow\"><i class=\"fa fa-fw fa-google-plus\"><\/i><div class=\"counter-wrap standard\"><span class=\"counter\">0<\/span><\/div><\/a><\/div>","protected":false},"excerpt":{"rendered":"<p>22 stycznia 2026 r. &#8211; w Starym Polichnie odby\u0142y si\u0119 III obchody upami\u0119tniaj\u0105ce Zwyci\u0119skie Powstanie Wielkopolskie. Tegoroczne spotkanie by\u0142o po\u015bwi\u0119cone roli kobiet w drodze do niepodleg\u0142o\u015bci. Organizatorami uroczysto\u015bci byli: Towarzystwo Pami\u0119ci Powstania<a class=\"moretag\" href=\"https:\/\/powstaniewielkopolskie.pl\/nowa\/?p=11220\">Czytaj wi\u0119cej&#8230;<\/a><\/p>\n<div data-animation=\"pulse\" data-icons-animation=\"no-animation\" data-overlay=\"on\" data-change-size=\"\" data-button-size=\"0.7\" style=\"font-size:0.7em;display:none;\" class=\"supsystic-social-sharing supsystic-social-sharing-package-flat supsystic-social-sharing-hide-on-homepage supsystic-social-sharing-content supsystic-social-sharing-content-align-center\" data-text=\"\"><a class=\"social-sharing-button sharer-flat sharer-flat-2 counter-standard digg\" target=\"_blank\" title=\"Digg\" href=\"http:\/\/digg.com\/submit?url=https%3A%2F%2Fpowstaniewielkopolskie.pl%2Fnowa%2F%3Fp%3D11220&title=Obchody+rocznicowe+i+konferencja+popularnonaukowa+w+Starym+Polichnie\" data-nid=\"8\" data-name=\"\" data-pid=\"1\" data-post-id=\"11220\" data-url=\"https:\/\/powstaniewielkopolskie.pl\/nowa\/wp-admin\/admin-ajax.php\" data-url=\"https:\/\/powstaniewielkopolskie.pl\/nowa\/wp-admin\/admin-ajax.php\" data-description=\"Obchody rocznicowe i konferencja popularnonaukowa w Starym Polichnie\" rel=\"nofollow\"><i class=\"fa fa-fw fa-digg\"><\/i><div class=\"counter-wrap standard\"><span class=\"counter\">0<\/span><\/div><\/a><a class=\"social-sharing-button sharer-flat sharer-flat-2 counter-standard mail\" target=\"_blank\" title=\"Mail\" href=\"#\" data-nid=\"16\" data-name=\"\" data-pid=\"1\" data-post-id=\"11220\" data-url=\"https:\/\/powstaniewielkopolskie.pl\/nowa\/wp-admin\/admin-ajax.php\" data-url=\"https:\/\/powstaniewielkopolskie.pl\/nowa\/wp-admin\/admin-ajax.php\" data-description=\"Obchody rocznicowe i konferencja popularnonaukowa w Starym Polichnie\" rel=\"nofollow\"><i class=\"fa fa-fw fa-envelope-o\"><\/i><div class=\"counter-wrap standard\"><span class=\"counter\">0<\/span><\/div><\/a><a class=\"social-sharing-button sharer-flat sharer-flat-2 counter-standard facebook\" target=\"_blank\" title=\"Facebook\" href=\"http:\/\/www.facebook.com\/sharer.php?u=https%3A%2F%2Fpowstaniewielkopolskie.pl%2Fnowa%2F%3Fp%3D11220\" data-nid=\"1\" data-name=\"\" data-pid=\"1\" data-post-id=\"11220\" data-url=\"https:\/\/powstaniewielkopolskie.pl\/nowa\/wp-admin\/admin-ajax.php\" data-url=\"https:\/\/powstaniewielkopolskie.pl\/nowa\/wp-admin\/admin-ajax.php\" data-description=\"Obchody rocznicowe i konferencja popularnonaukowa w Starym Polichnie\" rel=\"nofollow\"><i class=\"fa fa-fw fa-facebook\"><\/i><div class=\"counter-wrap standard\"><span class=\"counter\">0<\/span><\/div><\/a><a class=\"social-sharing-button sharer-flat sharer-flat-2 counter-standard whatsapp\" target=\"_blank\" title=\"WhatsApp\" href=\"whatsapp:\/\/send?text=https%3A%2F%2Fpowstaniewielkopolskie.pl%2Fnowa%2F%3Fp%3D11220\" data-nid=\"18\" data-name=\"\" data-pid=\"1\" data-post-id=\"11220\" data-url=\"https:\/\/powstaniewielkopolskie.pl\/nowa\/wp-admin\/admin-ajax.php\" data-url=\"https:\/\/powstaniewielkopolskie.pl\/nowa\/wp-admin\/admin-ajax.php\" data-description=\"Obchody rocznicowe i konferencja popularnonaukowa w Starym Polichnie\" rel=\"nofollow\"><i class=\"fa fa-fw fa-whatsapp\"><\/i><div class=\"counter-wrap standard\"><span class=\"counter\">1<\/span><\/div><\/a><a class=\"social-sharing-button sharer-flat sharer-flat-2 counter-standard twitter\" target=\"_blank\" title=\"Twitter\" href=\"https:\/\/twitter.com\/share?url=https%3A%2F%2Fpowstaniewielkopolskie.pl%2Fnowa%2F%3Fp%3D11220&text=Obchody+rocznicowe+i+konferencja+popularnonaukowa+w+Starym+Polichnie\" data-nid=\"2\" data-name=\"\" data-pid=\"1\" data-post-id=\"11220\" data-url=\"https:\/\/powstaniewielkopolskie.pl\/nowa\/wp-admin\/admin-ajax.php\" data-url=\"https:\/\/powstaniewielkopolskie.pl\/nowa\/wp-admin\/admin-ajax.php\" data-description=\"Obchody rocznicowe i konferencja popularnonaukowa w Starym Polichnie\" rel=\"nofollow\"><i class=\"fa fa-fw fa-twitter\"><\/i><div class=\"counter-wrap standard\"><span class=\"counter\">0<\/span><\/div><\/a><a class=\"social-sharing-button sharer-flat sharer-flat-2 counter-standard googleplus\" target=\"_blank\" title=\"Google+\" href=\"https:\/\/plus.google.com\/share?url=https%3A%2F%2Fpowstaniewielkopolskie.pl%2Fnowa%2F%3Fp%3D11220\" data-nid=\"3\" data-name=\"\" data-pid=\"1\" data-post-id=\"11220\" data-url=\"https:\/\/powstaniewielkopolskie.pl\/nowa\/wp-admin\/admin-ajax.php\" data-url=\"https:\/\/powstaniewielkopolskie.pl\/nowa\/wp-admin\/admin-ajax.php\" data-description=\"Obchody rocznicowe i konferencja popularnonaukowa w Starym Polichnie\" rel=\"nofollow\"><i class=\"fa fa-fw fa-google-plus\"><\/i><div class=\"counter-wrap standard\"><span class=\"counter\">0<\/span><\/div><\/a><\/div>","protected":false},"author":4,"featured_media":11223,"comment_status":"closed","ping_status":"open","sticky":false,"template":"","format":"standard","meta":{"footnotes":""},"categories":[3],"tags":[],"_links":{"self":[{"href":"https:\/\/powstaniewielkopolskie.pl\/nowa\/index.php?rest_route=\/wp\/v2\/posts\/11220"}],"collection":[{"href":"https:\/\/powstaniewielkopolskie.pl\/nowa\/index.php?rest_route=\/wp\/v2\/posts"}],"about":[{"href":"https:\/\/powstaniewielkopolskie.pl\/nowa\/index.php?rest_route=\/wp\/v2\/types\/post"}],"author":[{"embeddable":true,"href":"https:\/\/powstaniewielkopolskie.pl\/nowa\/index.php?rest_route=\/wp\/v2\/users\/4"}],"replies":[{"embeddable":true,"href":"https:\/\/powstaniewielkopolskie.pl\/nowa\/index.php?rest_route=%2Fwp%2Fv2%2Fcomments&post=11220"}],"version-history":[{"count":5,"href":"https:\/\/powstaniewielkopolskie.pl\/nowa\/index.php?rest_route=\/wp\/v2\/posts\/11220\/revisions"}],"predecessor-version":[{"id":11235,"href":"https:\/\/powstaniewielkopolskie.pl\/nowa\/index.php?rest_route=\/wp\/v2\/posts\/11220\/revisions\/11235"}],"wp:featuredmedia":[{"embeddable":true,"href":"https:\/\/powstaniewielkopolskie.pl\/nowa\/index.php?rest_route=\/wp\/v2\/media\/11223"}],"wp:attachment":[{"href":"https:\/\/powstaniewielkopolskie.pl\/nowa\/index.php?rest_route=%2Fwp%2Fv2%2Fmedia&parent=11220"}],"wp:term":[{"taxonomy":"category","embeddable":true,"href":"https:\/\/powstaniewielkopolskie.pl\/nowa\/index.php?rest_route=%2Fwp%2Fv2%2Fcategories&post=11220"},{"taxonomy":"post_tag","embeddable":true,"href":"https:\/\/powstaniewielkopolskie.pl\/nowa\/index.php?rest_route=%2Fwp%2Fv2%2Ftags&post=11220"}],"curies":[{"name":"wp","href":"https:\/\/api.w.org\/{rel}","templated":true}]}}