{"id":11206,"date":"2026-01-13T17:42:28","date_gmt":"2026-01-13T16:42:28","guid":{"rendered":"https:\/\/powstaniewielkopolskie.pl\/nowa\/?p=11206"},"modified":"2026-01-20T17:48:40","modified_gmt":"2026-01-20T16:48:40","slug":"swieto-patrona-w-przemeckiej-szkole-podstawowej","status":"publish","type":"post","link":"https:\/\/powstaniewielkopolskie.pl\/nowa\/?p=11206","title":{"rendered":"\u015awi\u0119to Patrona w przem\u0119ckiej Szkole Podstawowej"},"content":{"rendered":"\n<figure class=\"wp-block-gallery has-nested-images columns-default is-cropped wp-block-gallery-1 is-layout-flex wp-block-gallery-is-layout-flex\">\n<figure class=\"wp-block-image size-large\"><img loading=\"lazy\" decoding=\"async\" width=\"667\" height=\"500\" data-id=\"11208\" src=\"https:\/\/powstaniewielkopolskie.pl\/nowa\/wp-content\/uploads\/2026\/01\/przemet.pl-img-6248-bis.png\" alt=\"\" class=\"wp-image-11208\" srcset=\"https:\/\/powstaniewielkopolskie.pl\/nowa\/wp-content\/uploads\/2026\/01\/przemet.pl-img-6248-bis.png 667w, https:\/\/powstaniewielkopolskie.pl\/nowa\/wp-content\/uploads\/2026\/01\/przemet.pl-img-6248-bis-300x225.png 300w\" sizes=\"(max-width: 667px) 100vw, 667px\" \/><\/figure>\n\n\n\n<figure class=\"wp-block-image size-large\"><img loading=\"lazy\" decoding=\"async\" width=\"673\" height=\"500\" data-id=\"11209\" src=\"https:\/\/powstaniewielkopolskie.pl\/nowa\/wp-content\/uploads\/2026\/01\/przemet.pl-img-6229-bis.png\" alt=\"\" class=\"wp-image-11209\" srcset=\"https:\/\/powstaniewielkopolskie.pl\/nowa\/wp-content\/uploads\/2026\/01\/przemet.pl-img-6229-bis.png 673w, https:\/\/powstaniewielkopolskie.pl\/nowa\/wp-content\/uploads\/2026\/01\/przemet.pl-img-6229-bis-300x223.png 300w\" sizes=\"(max-width: 673px) 100vw, 673px\" \/><\/figure>\n\n\n\n<figure class=\"wp-block-image size-large\"><img loading=\"lazy\" decoding=\"async\" width=\"341\" height=\"500\" data-id=\"11210\" src=\"https:\/\/powstaniewielkopolskie.pl\/nowa\/wp-content\/uploads\/2026\/01\/przemet.pl-img-6259-bis.png\" alt=\"\" class=\"wp-image-11210\" srcset=\"https:\/\/powstaniewielkopolskie.pl\/nowa\/wp-content\/uploads\/2026\/01\/przemet.pl-img-6259-bis.png 341w, https:\/\/powstaniewielkopolskie.pl\/nowa\/wp-content\/uploads\/2026\/01\/przemet.pl-img-6259-bis-205x300.png 205w\" sizes=\"(max-width: 341px) 100vw, 341px\" \/><\/figure>\n<\/figure>\n\n\n\n<p><\/p>\n\n\n\n<p><strong>9 stycznia 2026 r.<\/strong> &#8211; w Szkole Podstawowej w Przem\u0119cie obchodzono 22. rocznic\u0119 nadania jej imienia Powsta\u0144c\u00f3w Wielkopolskich, po\u0142\u0105czon\u0105 ze 107. rocznic\u0105 Powstania Wielkopolskiego. Z tej okazji delegacje zaproszonych go\u015bci, dyrekcja szko\u0142y oraz uczniowie z\u0142o\u017cyli kwiaty pod \u015acian\u0105 Patrona. Nast\u0119pnie odby\u0142 si\u0119 uroczysty apel, w kt\u00f3rym wzi\u0119li udzia\u0142 m.in.: W\u00f3jt Gminy Przem\u0119t Janusz Fr\u0105ckowiak, Kierownik Wydzia\u0142u O\u015bwiaty i Sportu Urz\u0119du Gminy w Przem\u0119cie Marta Sobierajska, by\u0142y dyrektor szko\u0142y \u2013 Antoni Fornalski oraz inni przedstawiciele gminy i plac\u00f3wek o\u015bwiatowych. G\u0142os zabrali: Dyrektor Zespo\u0142u Szk\u00f3\u0142 \u2013 Roman Smoczyk, W\u00f3jt Gminy Przem\u0119t Janusz Fr\u0105ckowiak oraz Antoni Fornalski \u2013 emerytowany dyrektor szko\u0142y. Uroczysto\u015b\u0107 zako\u0144czy\u0142y wyst\u0119py artystyczne uczni\u00f3w, kt\u00f3re nawi\u0105zywa\u0142y do historii Powstania Wielkopolskiego oraz bohaterskiej postawy mieszka\u0144c\u00f3w ziemi przem\u0119ckiej.<\/p>\n\n\n\n<p class=\"has-text-align-right\"><a><\/a>Fot. www.przemet.pl<\/p>\n<div data-animation=\"pulse\" data-icons-animation=\"no-animation\" data-overlay=\"on\" data-change-size=\"\" data-button-size=\"0.7\" style=\"font-size:0.7em;display:none;\" class=\"supsystic-social-sharing supsystic-social-sharing-package-flat supsystic-social-sharing-hide-on-homepage supsystic-social-sharing-content supsystic-social-sharing-content-align-center\" data-text=\"\"><a class=\"social-sharing-button sharer-flat sharer-flat-2 counter-standard digg\" target=\"_blank\" title=\"Digg\" href=\"http:\/\/digg.com\/submit?url=https%3A%2F%2Fpowstaniewielkopolskie.pl%2Fnowa%2F%3Fp%3D11206&title=%C5%9Awi%C4%99to+Patrona+w+przem%C4%99ckiej+Szkole+Podstawowej\" data-nid=\"8\" data-name=\"\" data-pid=\"1\" data-post-id=\"11206\" data-url=\"https:\/\/powstaniewielkopolskie.pl\/nowa\/wp-admin\/admin-ajax.php\" data-url=\"https:\/\/powstaniewielkopolskie.pl\/nowa\/wp-admin\/admin-ajax.php\" data-description=\"\u015awi\u0119to Patrona w przem\u0119ckiej Szkole Podstawowej\" rel=\"nofollow\"><i class=\"fa fa-fw fa-digg\"><\/i><div class=\"counter-wrap standard\"><span class=\"counter\">0<\/span><\/div><\/a><a class=\"social-sharing-button sharer-flat sharer-flat-2 counter-standard mail\" target=\"_blank\" title=\"Mail\" href=\"#\" data-nid=\"16\" data-name=\"\" data-pid=\"1\" data-post-id=\"11206\" data-url=\"https:\/\/powstaniewielkopolskie.pl\/nowa\/wp-admin\/admin-ajax.php\" data-url=\"https:\/\/powstaniewielkopolskie.pl\/nowa\/wp-admin\/admin-ajax.php\" data-description=\"\u015awi\u0119to Patrona w przem\u0119ckiej Szkole Podstawowej\" rel=\"nofollow\"><i class=\"fa fa-fw fa-envelope-o\"><\/i><div class=\"counter-wrap standard\"><span class=\"counter\">0<\/span><\/div><\/a><a class=\"social-sharing-button sharer-flat sharer-flat-2 counter-standard facebook\" target=\"_blank\" title=\"Facebook\" href=\"http:\/\/www.facebook.com\/sharer.php?u=https%3A%2F%2Fpowstaniewielkopolskie.pl%2Fnowa%2F%3Fp%3D11206\" data-nid=\"1\" data-name=\"\" data-pid=\"1\" data-post-id=\"11206\" data-url=\"https:\/\/powstaniewielkopolskie.pl\/nowa\/wp-admin\/admin-ajax.php\" data-url=\"https:\/\/powstaniewielkopolskie.pl\/nowa\/wp-admin\/admin-ajax.php\" data-description=\"\u015awi\u0119to Patrona w przem\u0119ckiej Szkole Podstawowej\" rel=\"nofollow\"><i class=\"fa fa-fw fa-facebook\"><\/i><div class=\"counter-wrap standard\"><span class=\"counter\">0<\/span><\/div><\/a><a class=\"social-sharing-button sharer-flat sharer-flat-2 counter-standard whatsapp\" target=\"_blank\" title=\"WhatsApp\" href=\"whatsapp:\/\/send?text=https%3A%2F%2Fpowstaniewielkopolskie.pl%2Fnowa%2F%3Fp%3D11206\" data-nid=\"18\" data-name=\"\" data-pid=\"1\" data-post-id=\"11206\" data-url=\"https:\/\/powstaniewielkopolskie.pl\/nowa\/wp-admin\/admin-ajax.php\" data-url=\"https:\/\/powstaniewielkopolskie.pl\/nowa\/wp-admin\/admin-ajax.php\" data-description=\"\u015awi\u0119to Patrona w przem\u0119ckiej Szkole Podstawowej\" rel=\"nofollow\"><i class=\"fa fa-fw fa-whatsapp\"><\/i><div class=\"counter-wrap standard\"><span class=\"counter\">0<\/span><\/div><\/a><a class=\"social-sharing-button sharer-flat sharer-flat-2 counter-standard twitter\" target=\"_blank\" title=\"Twitter\" href=\"https:\/\/twitter.com\/share?url=https%3A%2F%2Fpowstaniewielkopolskie.pl%2Fnowa%2F%3Fp%3D11206&text=%C5%9Awi%C4%99to+Patrona+w+przem%C4%99ckiej+Szkole+Podstawowej\" data-nid=\"2\" data-name=\"\" data-pid=\"1\" data-post-id=\"11206\" data-url=\"https:\/\/powstaniewielkopolskie.pl\/nowa\/wp-admin\/admin-ajax.php\" data-url=\"https:\/\/powstaniewielkopolskie.pl\/nowa\/wp-admin\/admin-ajax.php\" data-description=\"\u015awi\u0119to Patrona w przem\u0119ckiej Szkole Podstawowej\" rel=\"nofollow\"><i class=\"fa fa-fw fa-twitter\"><\/i><div class=\"counter-wrap standard\"><span class=\"counter\">0<\/span><\/div><\/a><a class=\"social-sharing-button sharer-flat sharer-flat-2 counter-standard googleplus\" target=\"_blank\" title=\"Google+\" href=\"https:\/\/plus.google.com\/share?url=https%3A%2F%2Fpowstaniewielkopolskie.pl%2Fnowa%2F%3Fp%3D11206\" data-nid=\"3\" data-name=\"\" data-pid=\"1\" data-post-id=\"11206\" data-url=\"https:\/\/powstaniewielkopolskie.pl\/nowa\/wp-admin\/admin-ajax.php\" data-url=\"https:\/\/powstaniewielkopolskie.pl\/nowa\/wp-admin\/admin-ajax.php\" data-description=\"\u015awi\u0119to Patrona w przem\u0119ckiej Szkole Podstawowej\" rel=\"nofollow\"><i class=\"fa fa-fw fa-google-plus\"><\/i><div class=\"counter-wrap standard\"><span class=\"counter\">0<\/span><\/div><\/a><\/div>","protected":false},"excerpt":{"rendered":"<p>9 stycznia 2026 r. &#8211; w Szkole Podstawowej w Przem\u0119cie obchodzono 22. rocznic\u0119 nadania jej imienia Powsta\u0144c\u00f3w Wielkopolskich, po\u0142\u0105czon\u0105 ze 107. rocznic\u0105 Powstania Wielkopolskiego. Z tej okazji delegacje zaproszonych go\u015bci, dyrekcja szko\u0142y<a class=\"moretag\" href=\"https:\/\/powstaniewielkopolskie.pl\/nowa\/?p=11206\">Czytaj wi\u0119cej&#8230;<\/a><\/p>\n<div data-animation=\"pulse\" data-icons-animation=\"no-animation\" data-overlay=\"on\" data-change-size=\"\" data-button-size=\"0.7\" style=\"font-size:0.7em;display:none;\" class=\"supsystic-social-sharing supsystic-social-sharing-package-flat supsystic-social-sharing-hide-on-homepage supsystic-social-sharing-content supsystic-social-sharing-content-align-center\" data-text=\"\"><a class=\"social-sharing-button sharer-flat sharer-flat-2 counter-standard digg\" target=\"_blank\" title=\"Digg\" href=\"http:\/\/digg.com\/submit?url=https%3A%2F%2Fpowstaniewielkopolskie.pl%2Fnowa%2F%3Fp%3D11206&title=%C5%9Awi%C4%99to+Patrona+w+przem%C4%99ckiej+Szkole+Podstawowej\" data-nid=\"8\" data-name=\"\" data-pid=\"1\" data-post-id=\"11206\" data-url=\"https:\/\/powstaniewielkopolskie.pl\/nowa\/wp-admin\/admin-ajax.php\" data-url=\"https:\/\/powstaniewielkopolskie.pl\/nowa\/wp-admin\/admin-ajax.php\" data-description=\"\u015awi\u0119to Patrona w przem\u0119ckiej Szkole Podstawowej\" rel=\"nofollow\"><i class=\"fa fa-fw fa-digg\"><\/i><div class=\"counter-wrap standard\"><span class=\"counter\">0<\/span><\/div><\/a><a class=\"social-sharing-button sharer-flat sharer-flat-2 counter-standard mail\" target=\"_blank\" title=\"Mail\" href=\"#\" data-nid=\"16\" data-name=\"\" data-pid=\"1\" data-post-id=\"11206\" data-url=\"https:\/\/powstaniewielkopolskie.pl\/nowa\/wp-admin\/admin-ajax.php\" data-url=\"https:\/\/powstaniewielkopolskie.pl\/nowa\/wp-admin\/admin-ajax.php\" data-description=\"\u015awi\u0119to Patrona w przem\u0119ckiej Szkole Podstawowej\" rel=\"nofollow\"><i class=\"fa fa-fw fa-envelope-o\"><\/i><div class=\"counter-wrap standard\"><span class=\"counter\">0<\/span><\/div><\/a><a class=\"social-sharing-button sharer-flat sharer-flat-2 counter-standard facebook\" target=\"_blank\" title=\"Facebook\" href=\"http:\/\/www.facebook.com\/sharer.php?u=https%3A%2F%2Fpowstaniewielkopolskie.pl%2Fnowa%2F%3Fp%3D11206\" data-nid=\"1\" data-name=\"\" data-pid=\"1\" data-post-id=\"11206\" data-url=\"https:\/\/powstaniewielkopolskie.pl\/nowa\/wp-admin\/admin-ajax.php\" data-url=\"https:\/\/powstaniewielkopolskie.pl\/nowa\/wp-admin\/admin-ajax.php\" data-description=\"\u015awi\u0119to Patrona w przem\u0119ckiej Szkole Podstawowej\" rel=\"nofollow\"><i class=\"fa fa-fw fa-facebook\"><\/i><div class=\"counter-wrap standard\"><span class=\"counter\">0<\/span><\/div><\/a><a class=\"social-sharing-button sharer-flat sharer-flat-2 counter-standard whatsapp\" target=\"_blank\" title=\"WhatsApp\" href=\"whatsapp:\/\/send?text=https%3A%2F%2Fpowstaniewielkopolskie.pl%2Fnowa%2F%3Fp%3D11206\" data-nid=\"18\" data-name=\"\" data-pid=\"1\" data-post-id=\"11206\" data-url=\"https:\/\/powstaniewielkopolskie.pl\/nowa\/wp-admin\/admin-ajax.php\" data-url=\"https:\/\/powstaniewielkopolskie.pl\/nowa\/wp-admin\/admin-ajax.php\" data-description=\"\u015awi\u0119to Patrona w przem\u0119ckiej Szkole Podstawowej\" rel=\"nofollow\"><i class=\"fa fa-fw fa-whatsapp\"><\/i><div class=\"counter-wrap standard\"><span class=\"counter\">0<\/span><\/div><\/a><a class=\"social-sharing-button sharer-flat sharer-flat-2 counter-standard twitter\" target=\"_blank\" title=\"Twitter\" href=\"https:\/\/twitter.com\/share?url=https%3A%2F%2Fpowstaniewielkopolskie.pl%2Fnowa%2F%3Fp%3D11206&text=%C5%9Awi%C4%99to+Patrona+w+przem%C4%99ckiej+Szkole+Podstawowej\" data-nid=\"2\" data-name=\"\" data-pid=\"1\" data-post-id=\"11206\" data-url=\"https:\/\/powstaniewielkopolskie.pl\/nowa\/wp-admin\/admin-ajax.php\" data-url=\"https:\/\/powstaniewielkopolskie.pl\/nowa\/wp-admin\/admin-ajax.php\" data-description=\"\u015awi\u0119to Patrona w przem\u0119ckiej Szkole Podstawowej\" rel=\"nofollow\"><i class=\"fa fa-fw fa-twitter\"><\/i><div class=\"counter-wrap standard\"><span class=\"counter\">0<\/span><\/div><\/a><a class=\"social-sharing-button sharer-flat sharer-flat-2 counter-standard googleplus\" target=\"_blank\" title=\"Google+\" href=\"https:\/\/plus.google.com\/share?url=https%3A%2F%2Fpowstaniewielkopolskie.pl%2Fnowa%2F%3Fp%3D11206\" data-nid=\"3\" data-name=\"\" data-pid=\"1\" data-post-id=\"11206\" data-url=\"https:\/\/powstaniewielkopolskie.pl\/nowa\/wp-admin\/admin-ajax.php\" data-url=\"https:\/\/powstaniewielkopolskie.pl\/nowa\/wp-admin\/admin-ajax.php\" data-description=\"\u015awi\u0119to Patrona w przem\u0119ckiej Szkole Podstawowej\" rel=\"nofollow\"><i class=\"fa fa-fw fa-google-plus\"><\/i><div class=\"counter-wrap standard\"><span class=\"counter\">0<\/span><\/div><\/a><\/div>","protected":false},"author":4,"featured_media":11207,"comment_status":"closed","ping_status":"open","sticky":false,"template":"","format":"standard","meta":{"footnotes":""},"categories":[3],"tags":[],"_links":{"self":[{"href":"https:\/\/powstaniewielkopolskie.pl\/nowa\/index.php?rest_route=\/wp\/v2\/posts\/11206"}],"collection":[{"href":"https:\/\/powstaniewielkopolskie.pl\/nowa\/index.php?rest_route=\/wp\/v2\/posts"}],"about":[{"href":"https:\/\/powstaniewielkopolskie.pl\/nowa\/index.php?rest_route=\/wp\/v2\/types\/post"}],"author":[{"embeddable":true,"href":"https:\/\/powstaniewielkopolskie.pl\/nowa\/index.php?rest_route=\/wp\/v2\/users\/4"}],"replies":[{"embeddable":true,"href":"https:\/\/powstaniewielkopolskie.pl\/nowa\/index.php?rest_route=%2Fwp%2Fv2%2Fcomments&post=11206"}],"version-history":[{"count":1,"href":"https:\/\/powstaniewielkopolskie.pl\/nowa\/index.php?rest_route=\/wp\/v2\/posts\/11206\/revisions"}],"predecessor-version":[{"id":11211,"href":"https:\/\/powstaniewielkopolskie.pl\/nowa\/index.php?rest_route=\/wp\/v2\/posts\/11206\/revisions\/11211"}],"wp:featuredmedia":[{"embeddable":true,"href":"https:\/\/powstaniewielkopolskie.pl\/nowa\/index.php?rest_route=\/wp\/v2\/media\/11207"}],"wp:attachment":[{"href":"https:\/\/powstaniewielkopolskie.pl\/nowa\/index.php?rest_route=%2Fwp%2Fv2%2Fmedia&parent=11206"}],"wp:term":[{"taxonomy":"category","embeddable":true,"href":"https:\/\/powstaniewielkopolskie.pl\/nowa\/index.php?rest_route=%2Fwp%2Fv2%2Fcategories&post=11206"},{"taxonomy":"post_tag","embeddable":true,"href":"https:\/\/powstaniewielkopolskie.pl\/nowa\/index.php?rest_route=%2Fwp%2Fv2%2Ftags&post=11206"}],"curies":[{"name":"wp","href":"https:\/\/api.w.org\/{rel}","templated":true}]}}