{"id":11190,"date":"2026-01-14T13:53:47","date_gmt":"2026-01-14T12:53:47","guid":{"rendered":"https:\/\/powstaniewielkopolskie.pl\/nowa\/?p=11190"},"modified":"2026-01-20T14:01:52","modified_gmt":"2026-01-20T13:01:52","slug":"czesc-i-chwala-bohaterom-obchody-rocznicowe-w-szubinie","status":"publish","type":"post","link":"https:\/\/powstaniewielkopolskie.pl\/nowa\/?p=11190","title":{"rendered":"Cze\u015b\u0107 i chwa\u0142a bohaterom! Obchody rocznicowe w Szubinie"},"content":{"rendered":"<div class=\"wp-block-image\">\n<figure class=\"aligncenter size-full is-resized\"><img loading=\"lazy\" decoding=\"async\" width=\"600\" height=\"400\" src=\"https:\/\/powstaniewielkopolskie.pl\/nowa\/wp-content\/uploads\/2026\/01\/DSC09136-bis.jpg\" alt=\"\" class=\"wp-image-11192\" style=\"width:600px;height:auto\" srcset=\"https:\/\/powstaniewielkopolskie.pl\/nowa\/wp-content\/uploads\/2026\/01\/DSC09136-bis.jpg 600w, https:\/\/powstaniewielkopolskie.pl\/nowa\/wp-content\/uploads\/2026\/01\/DSC09136-bis-300x200.jpg 300w\" sizes=\"(max-width: 600px) 100vw, 600px\" \/><\/figure><\/div>\n\n\n<p><\/p>\n\n\n\n<p><strong>11 stycznia 2026 r.<\/strong> &#8211; w Szubinie tradycyjnie obchodzono 107. rocznic\u0119 zdobycia miasta przez Powsta\u0144c\u00f3w Wielkopolskich. Uroczysto\u015b\u0107 rozpocz\u0119\u0142a si\u0119 pod pomnikiem-mogi\u0142\u0105 na cmentarzu parafialnym. Na warcie przy pomniku stan\u0119li cz\u0142onkowie Towarzystwa Historycznego z Kcyni oraz m\u0142odzie\u017c z Zespo\u0142u Szk\u00f3\u0142 im. prof. Emila Chroboczka. Rys historyczny walk o Szubin przedstawi\u0142a prowadz\u0105ca dr Kamila Czechowska. Nast\u0119pnie ks. kanonik Tadeusz Lesi\u0144ski poprowadzi\u0142 modlitw\u0119 w intencji bohaterskich powsta\u0144c\u00f3w. Po z\u0142o\u017ceniu wi\u0105zanek kwiat\u00f3w i zniczy burmistrz Szubina Mariusz Piotrkowski zaprosi\u0142 na drug\u0105 cz\u0119\u015b\u0107, kt\u00f3ra odby\u0142a si\u0119 w Muzeum Ziemi Szubi\u0144skiej. Uroczysto\u015b\u0107 rocznicow\u0105 w muzeum prowadzi\u0142 przewodnicz\u0105cy Rady Muzeum Piotr S. Adamczewski. W\u015br\u00f3d zgromadzonych znale\u017ali si\u0119 m.in. potomkowie Powsta\u0144c\u00f3w Wielkopolskich 1918-1919, samorz\u0105dowcy, duchowie\u0144stwo, Prezes Zarz\u0105du Oddzia\u0142u Kujawsko-Pomorskiego TPPW 1918-1919 w Bydgoszczy dr S\u0142awomir \u0141aniecki, delegacja Reprezentacyjnego Oddzia\u0142u U\u0142an\u00f3w Miasta Poznania w barwach 15 Pu\u0142ku U\u0142an\u00f3w Pozna\u0144skich, przedstawiciele s\u0142u\u017cb mundurowych, dyrektorzy szk\u00f3\u0142, przedszkoli, instytucji kulturalnych, prezes\u00f3w stowarzysze\u0144 i organizacji spo\u0142ecznych z terenu miasta i gminy Szubin, przedstawiciele medi\u00f3w regionalnych TV, Radia i Prasy. Podczas uroczysto\u015bci osoby szczeg\u00f3lnie zas\u0142u\u017cone dla kultywowania Pami\u0119ci o Powstaniu Wielkopolskim zosta\u0142y wyr\u00f3\u017cnione Medalami TPPW \u201eWierni Tradycji\u201d. Prezes Oddzia\u0142u dr S\u0142awomir \u0141aniecki i wiceprezes Mariola Pola\u0144ska wr\u0119czyli je: cz\u0142onkom TPPW w Szubinie Alinie i Jackowi Paszkiewiczom oraz Dawidowi K\u0142odzi\u0144skiemu ze Stowarzyszenia Kibic\u00f3w Lecha Pozna\u0144. W dalszej cz\u0119\u015bci wys\u0142uchano programu s\u0142owno-muzycznego w wykonaniu nauczycieli i uczni\u00f3w Szko\u0142y Podstawowej nr 2 im. W\u0142adys\u0142awa Broniewskiego w Szubinie. U\u0142ani z Reprezentacyjnego Oddzia\u0142u U\u0142an\u00f3w Miasta Poznania w barwach 15 Pu\u0142ku U\u0142an\u00f3w Pozna\u0144skich, zaprezentowali swoje zbiory znajduj\u0105ce si\u0119 na wystawie w murach szubi\u0144skiego muzeum. <\/p>\n\n\n\n<p class=\"has-text-align-right\">Fot. Muzeum Ziemi Szubi\u0144skiej<\/p>\n\n\n\n<p>Szerzej o wydarzeniu: <a href=\"https:\/\/powstaniewielkopolskie.pl\/nowa\/?page_id=132\">Z dzia\u0142alno\u015bci K\u00f3\u0142 i Klub\u00f3w M\u0142odzie\u017cowych \u2013 Towarzystwo Pami\u0119ci Powstania Wielkopolskiego 1918\/1919<\/a><\/p>\n<div data-animation=\"pulse\" data-icons-animation=\"no-animation\" data-overlay=\"on\" data-change-size=\"\" data-button-size=\"0.7\" style=\"font-size:0.7em;display:none;\" class=\"supsystic-social-sharing supsystic-social-sharing-package-flat supsystic-social-sharing-hide-on-homepage supsystic-social-sharing-content supsystic-social-sharing-content-align-center\" data-text=\"\"><a class=\"social-sharing-button sharer-flat sharer-flat-2 counter-standard digg\" target=\"_blank\" title=\"Digg\" href=\"http:\/\/digg.com\/submit?url=https%3A%2F%2Fpowstaniewielkopolskie.pl%2Fnowa%2F%3Fp%3D11190&title=Cze%C5%9B%C4%87+i+chwa%C5%82a+bohaterom%21+Obchody+rocznicowe+w+Szubinie\" data-nid=\"8\" data-name=\"\" data-pid=\"1\" data-post-id=\"11190\" data-url=\"https:\/\/powstaniewielkopolskie.pl\/nowa\/wp-admin\/admin-ajax.php\" data-url=\"https:\/\/powstaniewielkopolskie.pl\/nowa\/wp-admin\/admin-ajax.php\" data-description=\"Cze\u015b\u0107 i chwa\u0142a bohaterom! Obchody rocznicowe w Szubinie\" rel=\"nofollow\"><i class=\"fa fa-fw fa-digg\"><\/i><div class=\"counter-wrap standard\"><span class=\"counter\">0<\/span><\/div><\/a><a class=\"social-sharing-button sharer-flat sharer-flat-2 counter-standard mail\" target=\"_blank\" title=\"Mail\" href=\"#\" data-nid=\"16\" data-name=\"\" data-pid=\"1\" data-post-id=\"11190\" data-url=\"https:\/\/powstaniewielkopolskie.pl\/nowa\/wp-admin\/admin-ajax.php\" data-url=\"https:\/\/powstaniewielkopolskie.pl\/nowa\/wp-admin\/admin-ajax.php\" data-description=\"Cze\u015b\u0107 i chwa\u0142a bohaterom! Obchody rocznicowe w Szubinie\" rel=\"nofollow\"><i class=\"fa fa-fw fa-envelope-o\"><\/i><div class=\"counter-wrap standard\"><span class=\"counter\">0<\/span><\/div><\/a><a class=\"social-sharing-button sharer-flat sharer-flat-2 counter-standard facebook\" target=\"_blank\" title=\"Facebook\" href=\"http:\/\/www.facebook.com\/sharer.php?u=https%3A%2F%2Fpowstaniewielkopolskie.pl%2Fnowa%2F%3Fp%3D11190\" data-nid=\"1\" data-name=\"\" data-pid=\"1\" data-post-id=\"11190\" data-url=\"https:\/\/powstaniewielkopolskie.pl\/nowa\/wp-admin\/admin-ajax.php\" data-url=\"https:\/\/powstaniewielkopolskie.pl\/nowa\/wp-admin\/admin-ajax.php\" data-description=\"Cze\u015b\u0107 i chwa\u0142a bohaterom! Obchody rocznicowe w Szubinie\" rel=\"nofollow\"><i class=\"fa fa-fw fa-facebook\"><\/i><div class=\"counter-wrap standard\"><span class=\"counter\">0<\/span><\/div><\/a><a class=\"social-sharing-button sharer-flat sharer-flat-2 counter-standard whatsapp\" target=\"_blank\" title=\"WhatsApp\" href=\"whatsapp:\/\/send?text=https%3A%2F%2Fpowstaniewielkopolskie.pl%2Fnowa%2F%3Fp%3D11190\" data-nid=\"18\" data-name=\"\" data-pid=\"1\" data-post-id=\"11190\" data-url=\"https:\/\/powstaniewielkopolskie.pl\/nowa\/wp-admin\/admin-ajax.php\" data-url=\"https:\/\/powstaniewielkopolskie.pl\/nowa\/wp-admin\/admin-ajax.php\" data-description=\"Cze\u015b\u0107 i chwa\u0142a bohaterom! Obchody rocznicowe w Szubinie\" rel=\"nofollow\"><i class=\"fa fa-fw fa-whatsapp\"><\/i><div class=\"counter-wrap standard\"><span class=\"counter\">0<\/span><\/div><\/a><a class=\"social-sharing-button sharer-flat sharer-flat-2 counter-standard twitter\" target=\"_blank\" title=\"Twitter\" href=\"https:\/\/twitter.com\/share?url=https%3A%2F%2Fpowstaniewielkopolskie.pl%2Fnowa%2F%3Fp%3D11190&text=Cze%C5%9B%C4%87+i+chwa%C5%82a+bohaterom%21+Obchody+rocznicowe+w+Szubinie\" data-nid=\"2\" data-name=\"\" data-pid=\"1\" data-post-id=\"11190\" data-url=\"https:\/\/powstaniewielkopolskie.pl\/nowa\/wp-admin\/admin-ajax.php\" data-url=\"https:\/\/powstaniewielkopolskie.pl\/nowa\/wp-admin\/admin-ajax.php\" data-description=\"Cze\u015b\u0107 i chwa\u0142a bohaterom! Obchody rocznicowe w Szubinie\" rel=\"nofollow\"><i class=\"fa fa-fw fa-twitter\"><\/i><div class=\"counter-wrap standard\"><span class=\"counter\">0<\/span><\/div><\/a><a class=\"social-sharing-button sharer-flat sharer-flat-2 counter-standard googleplus\" target=\"_blank\" title=\"Google+\" href=\"https:\/\/plus.google.com\/share?url=https%3A%2F%2Fpowstaniewielkopolskie.pl%2Fnowa%2F%3Fp%3D11190\" data-nid=\"3\" data-name=\"\" data-pid=\"1\" data-post-id=\"11190\" data-url=\"https:\/\/powstaniewielkopolskie.pl\/nowa\/wp-admin\/admin-ajax.php\" data-url=\"https:\/\/powstaniewielkopolskie.pl\/nowa\/wp-admin\/admin-ajax.php\" data-description=\"Cze\u015b\u0107 i chwa\u0142a bohaterom! Obchody rocznicowe w Szubinie\" rel=\"nofollow\"><i class=\"fa fa-fw fa-google-plus\"><\/i><div class=\"counter-wrap standard\"><span class=\"counter\">0<\/span><\/div><\/a><\/div>","protected":false},"excerpt":{"rendered":"<p>11 stycznia 2026 r. &#8211; w Szubinie tradycyjnie obchodzono 107. rocznic\u0119 zdobycia miasta przez Powsta\u0144c\u00f3w Wielkopolskich. Uroczysto\u015b\u0107 rozpocz\u0119\u0142a si\u0119 pod pomnikiem-mogi\u0142\u0105 na cmentarzu parafialnym. Na warcie przy pomniku stan\u0119li cz\u0142onkowie Towarzystwa Historycznego<a class=\"moretag\" href=\"https:\/\/powstaniewielkopolskie.pl\/nowa\/?p=11190\">Czytaj wi\u0119cej&#8230;<\/a><\/p>\n<div data-animation=\"pulse\" data-icons-animation=\"no-animation\" data-overlay=\"on\" data-change-size=\"\" data-button-size=\"0.7\" style=\"font-size:0.7em;display:none;\" class=\"supsystic-social-sharing supsystic-social-sharing-package-flat supsystic-social-sharing-hide-on-homepage supsystic-social-sharing-content supsystic-social-sharing-content-align-center\" data-text=\"\"><a class=\"social-sharing-button sharer-flat sharer-flat-2 counter-standard digg\" target=\"_blank\" title=\"Digg\" href=\"http:\/\/digg.com\/submit?url=https%3A%2F%2Fpowstaniewielkopolskie.pl%2Fnowa%2F%3Fp%3D11190&title=Cze%C5%9B%C4%87+i+chwa%C5%82a+bohaterom%21+Obchody+rocznicowe+w+Szubinie\" data-nid=\"8\" data-name=\"\" data-pid=\"1\" data-post-id=\"11190\" data-url=\"https:\/\/powstaniewielkopolskie.pl\/nowa\/wp-admin\/admin-ajax.php\" data-url=\"https:\/\/powstaniewielkopolskie.pl\/nowa\/wp-admin\/admin-ajax.php\" data-description=\"Cze\u015b\u0107 i chwa\u0142a bohaterom! Obchody rocznicowe w Szubinie\" rel=\"nofollow\"><i class=\"fa fa-fw fa-digg\"><\/i><div class=\"counter-wrap standard\"><span class=\"counter\">0<\/span><\/div><\/a><a class=\"social-sharing-button sharer-flat sharer-flat-2 counter-standard mail\" target=\"_blank\" title=\"Mail\" href=\"#\" data-nid=\"16\" data-name=\"\" data-pid=\"1\" data-post-id=\"11190\" data-url=\"https:\/\/powstaniewielkopolskie.pl\/nowa\/wp-admin\/admin-ajax.php\" data-url=\"https:\/\/powstaniewielkopolskie.pl\/nowa\/wp-admin\/admin-ajax.php\" data-description=\"Cze\u015b\u0107 i chwa\u0142a bohaterom! Obchody rocznicowe w Szubinie\" rel=\"nofollow\"><i class=\"fa fa-fw fa-envelope-o\"><\/i><div class=\"counter-wrap standard\"><span class=\"counter\">0<\/span><\/div><\/a><a class=\"social-sharing-button sharer-flat sharer-flat-2 counter-standard facebook\" target=\"_blank\" title=\"Facebook\" href=\"http:\/\/www.facebook.com\/sharer.php?u=https%3A%2F%2Fpowstaniewielkopolskie.pl%2Fnowa%2F%3Fp%3D11190\" data-nid=\"1\" data-name=\"\" data-pid=\"1\" data-post-id=\"11190\" data-url=\"https:\/\/powstaniewielkopolskie.pl\/nowa\/wp-admin\/admin-ajax.php\" data-url=\"https:\/\/powstaniewielkopolskie.pl\/nowa\/wp-admin\/admin-ajax.php\" data-description=\"Cze\u015b\u0107 i chwa\u0142a bohaterom! Obchody rocznicowe w Szubinie\" rel=\"nofollow\"><i class=\"fa fa-fw fa-facebook\"><\/i><div class=\"counter-wrap standard\"><span class=\"counter\">0<\/span><\/div><\/a><a class=\"social-sharing-button sharer-flat sharer-flat-2 counter-standard whatsapp\" target=\"_blank\" title=\"WhatsApp\" href=\"whatsapp:\/\/send?text=https%3A%2F%2Fpowstaniewielkopolskie.pl%2Fnowa%2F%3Fp%3D11190\" data-nid=\"18\" data-name=\"\" data-pid=\"1\" data-post-id=\"11190\" data-url=\"https:\/\/powstaniewielkopolskie.pl\/nowa\/wp-admin\/admin-ajax.php\" data-url=\"https:\/\/powstaniewielkopolskie.pl\/nowa\/wp-admin\/admin-ajax.php\" data-description=\"Cze\u015b\u0107 i chwa\u0142a bohaterom! Obchody rocznicowe w Szubinie\" rel=\"nofollow\"><i class=\"fa fa-fw fa-whatsapp\"><\/i><div class=\"counter-wrap standard\"><span class=\"counter\">0<\/span><\/div><\/a><a class=\"social-sharing-button sharer-flat sharer-flat-2 counter-standard twitter\" target=\"_blank\" title=\"Twitter\" href=\"https:\/\/twitter.com\/share?url=https%3A%2F%2Fpowstaniewielkopolskie.pl%2Fnowa%2F%3Fp%3D11190&text=Cze%C5%9B%C4%87+i+chwa%C5%82a+bohaterom%21+Obchody+rocznicowe+w+Szubinie\" data-nid=\"2\" data-name=\"\" data-pid=\"1\" data-post-id=\"11190\" data-url=\"https:\/\/powstaniewielkopolskie.pl\/nowa\/wp-admin\/admin-ajax.php\" data-url=\"https:\/\/powstaniewielkopolskie.pl\/nowa\/wp-admin\/admin-ajax.php\" data-description=\"Cze\u015b\u0107 i chwa\u0142a bohaterom! Obchody rocznicowe w Szubinie\" rel=\"nofollow\"><i class=\"fa fa-fw fa-twitter\"><\/i><div class=\"counter-wrap standard\"><span class=\"counter\">0<\/span><\/div><\/a><a class=\"social-sharing-button sharer-flat sharer-flat-2 counter-standard googleplus\" target=\"_blank\" title=\"Google+\" href=\"https:\/\/plus.google.com\/share?url=https%3A%2F%2Fpowstaniewielkopolskie.pl%2Fnowa%2F%3Fp%3D11190\" data-nid=\"3\" data-name=\"\" data-pid=\"1\" data-post-id=\"11190\" data-url=\"https:\/\/powstaniewielkopolskie.pl\/nowa\/wp-admin\/admin-ajax.php\" data-url=\"https:\/\/powstaniewielkopolskie.pl\/nowa\/wp-admin\/admin-ajax.php\" data-description=\"Cze\u015b\u0107 i chwa\u0142a bohaterom! Obchody rocznicowe w Szubinie\" rel=\"nofollow\"><i class=\"fa fa-fw fa-google-plus\"><\/i><div class=\"counter-wrap standard\"><span class=\"counter\">0<\/span><\/div><\/a><\/div>","protected":false},"author":4,"featured_media":11191,"comment_status":"closed","ping_status":"open","sticky":false,"template":"","format":"standard","meta":{"footnotes":""},"categories":[3],"tags":[],"_links":{"self":[{"href":"https:\/\/powstaniewielkopolskie.pl\/nowa\/index.php?rest_route=\/wp\/v2\/posts\/11190"}],"collection":[{"href":"https:\/\/powstaniewielkopolskie.pl\/nowa\/index.php?rest_route=\/wp\/v2\/posts"}],"about":[{"href":"https:\/\/powstaniewielkopolskie.pl\/nowa\/index.php?rest_route=\/wp\/v2\/types\/post"}],"author":[{"embeddable":true,"href":"https:\/\/powstaniewielkopolskie.pl\/nowa\/index.php?rest_route=\/wp\/v2\/users\/4"}],"replies":[{"embeddable":true,"href":"https:\/\/powstaniewielkopolskie.pl\/nowa\/index.php?rest_route=%2Fwp%2Fv2%2Fcomments&post=11190"}],"version-history":[{"count":2,"href":"https:\/\/powstaniewielkopolskie.pl\/nowa\/index.php?rest_route=\/wp\/v2\/posts\/11190\/revisions"}],"predecessor-version":[{"id":11196,"href":"https:\/\/powstaniewielkopolskie.pl\/nowa\/index.php?rest_route=\/wp\/v2\/posts\/11190\/revisions\/11196"}],"wp:featuredmedia":[{"embeddable":true,"href":"https:\/\/powstaniewielkopolskie.pl\/nowa\/index.php?rest_route=\/wp\/v2\/media\/11191"}],"wp:attachment":[{"href":"https:\/\/powstaniewielkopolskie.pl\/nowa\/index.php?rest_route=%2Fwp%2Fv2%2Fmedia&parent=11190"}],"wp:term":[{"taxonomy":"category","embeddable":true,"href":"https:\/\/powstaniewielkopolskie.pl\/nowa\/index.php?rest_route=%2Fwp%2Fv2%2Fcategories&post=11190"},{"taxonomy":"post_tag","embeddable":true,"href":"https:\/\/powstaniewielkopolskie.pl\/nowa\/index.php?rest_route=%2Fwp%2Fv2%2Ftags&post=11190"}],"curies":[{"name":"wp","href":"https:\/\/api.w.org\/{rel}","templated":true}]}}