{"id":10419,"date":"2025-05-08T19:37:32","date_gmt":"2025-05-08T17:37:32","guid":{"rendered":"https:\/\/powstaniewielkopolskie.pl\/nowa\/?p=10419"},"modified":"2025-05-08T19:37:33","modified_gmt":"2025-05-08T17:37:33","slug":"zaproszenie-na-prelekcje-w-muzeum-powstania-wielkopolskiego-2","status":"publish","type":"post","link":"https:\/\/powstaniewielkopolskie.pl\/nowa\/?p=10419","title":{"rendered":"ZAPROSZENIE NA PRELEKCJ\u0118 W MUZEUM POWSTANIA WIELKOPOLSKIEGO"},"content":{"rendered":"\n<p class=\"has-text-align-center\">Z&nbsp;&nbsp;&nbsp;&nbsp;&nbsp;&nbsp;&nbsp;&nbsp;&nbsp;&nbsp;A&nbsp;&nbsp;&nbsp;&nbsp;&nbsp;&nbsp;&nbsp;&nbsp;&nbsp;P&nbsp;&nbsp;&nbsp;&nbsp;&nbsp;&nbsp;&nbsp;&nbsp;&nbsp;&nbsp;R&nbsp;&nbsp;&nbsp;&nbsp;&nbsp;&nbsp;&nbsp;&nbsp;&nbsp;&nbsp;O&nbsp;&nbsp;&nbsp;&nbsp;&nbsp;&nbsp;&nbsp;&nbsp;&nbsp;S&nbsp;&nbsp;&nbsp;&nbsp;&nbsp;&nbsp;&nbsp;&nbsp;&nbsp;&nbsp;Z&nbsp;&nbsp;&nbsp;&nbsp;&nbsp;&nbsp;&nbsp;&nbsp;&nbsp;&nbsp;E&nbsp;&nbsp;&nbsp;&nbsp;&nbsp;&nbsp;&nbsp;&nbsp;&nbsp;&nbsp;N&nbsp;&nbsp;&nbsp;&nbsp;&nbsp;&nbsp;&nbsp;&nbsp;&nbsp;I&nbsp;&nbsp;&nbsp;&nbsp;&nbsp;&nbsp;&nbsp;&nbsp;&nbsp;&nbsp;&nbsp;E<\/p>\n\n\n\n<p class=\"has-text-align-center\">KOMISJA HISTORYCZNA ZARZ\u0104DU G\u0141\u00d3WNEGO<\/p>\n\n\n\n<p class=\"has-text-align-center\">TOWARZYSTWA PAMI\u0118CI POWSTANIA WIELKOPOLSKIEGO<\/p>\n\n\n\n<p class=\"has-text-align-center\">1918-1919<\/p>\n\n\n\n<p class=\"has-text-align-center\">WIELKOPOLSKIE MUZEUM NIEPODLEG\u0141O\u015aCI<\/p>\n\n\n\n<p class=\"has-text-align-center\">W POZNANIU<\/p>\n\n\n\n<p class=\"has-text-align-center\">zapraszaj\u0105 na prelekcj\u0119:<\/p>\n\n\n\n<p class=\"has-text-align-center\">prof. dr. hab. W\u0142adys\u0142awa Cha\u0142upki<\/p>\n\n\n\n<p class=\"has-text-align-center\">\u201eLe\u015bnicy w Powstaniu Wielkopolskim 1918-1919\u201d<\/p>\n\n\n\n<p class=\"has-text-align-center\">Spotkanie odb\u0119dzie si\u0119 20 maja [wtorek] 2025 r. o godz. 16.30<\/p>\n\n\n\n<p class=\"has-text-align-center\">w Muzeum Powstania Wielkopolskiego, Odwach \u2013 Stary Rynek 3<\/p>\n\n\n\n<p class=\"has-text-align-center\">(wst\u0119p wolny)<\/p>\n\n\n\n<p class=\"has-text-align-center\"><strong>Prof. dr hab. W\u0142adys\u0142aw Cha\u0142upka jest cenionym prelegentem, autorem pracy : \u201eLe\u015bnicy w Powstaniu Wielkopolskim 1918-1919. S\u0142ownik biograficzny&#8221;.<\/strong><\/p>\n<div data-animation=\"pulse\" data-icons-animation=\"no-animation\" data-overlay=\"on\" data-change-size=\"\" data-button-size=\"0.7\" style=\"font-size:0.7em;display:none;\" class=\"supsystic-social-sharing supsystic-social-sharing-package-flat supsystic-social-sharing-hide-on-homepage supsystic-social-sharing-content supsystic-social-sharing-content-align-center\" data-text=\"\"><a class=\"social-sharing-button sharer-flat sharer-flat-2 counter-standard digg\" target=\"_blank\" title=\"Digg\" href=\"http:\/\/digg.com\/submit?url=https%3A%2F%2Fpowstaniewielkopolskie.pl%2Fnowa%2F%3Fp%3D10419&title=ZAPROSZENIE+NA+PRELEKCJ%C4%98+W+MUZEUM+POWSTANIA+WIELKOPOLSKIEGO\" data-nid=\"8\" data-name=\"\" data-pid=\"1\" data-post-id=\"10419\" data-url=\"https:\/\/powstaniewielkopolskie.pl\/nowa\/wp-admin\/admin-ajax.php\" data-url=\"https:\/\/powstaniewielkopolskie.pl\/nowa\/wp-admin\/admin-ajax.php\" data-description=\"ZAPROSZENIE NA PRELEKCJ\u0118 W MUZEUM POWSTANIA WIELKOPOLSKIEGO\" rel=\"nofollow\"><i class=\"fa fa-fw fa-digg\"><\/i><div class=\"counter-wrap standard\"><span class=\"counter\">0<\/span><\/div><\/a><a class=\"social-sharing-button sharer-flat sharer-flat-2 counter-standard mail\" target=\"_blank\" title=\"Mail\" href=\"#\" data-nid=\"16\" data-name=\"\" data-pid=\"1\" data-post-id=\"10419\" data-url=\"https:\/\/powstaniewielkopolskie.pl\/nowa\/wp-admin\/admin-ajax.php\" data-url=\"https:\/\/powstaniewielkopolskie.pl\/nowa\/wp-admin\/admin-ajax.php\" data-description=\"ZAPROSZENIE NA PRELEKCJ\u0118 W MUZEUM POWSTANIA WIELKOPOLSKIEGO\" rel=\"nofollow\"><i class=\"fa fa-fw fa-envelope-o\"><\/i><div class=\"counter-wrap standard\"><span class=\"counter\">0<\/span><\/div><\/a><a class=\"social-sharing-button sharer-flat sharer-flat-2 counter-standard facebook\" target=\"_blank\" title=\"Facebook\" href=\"http:\/\/www.facebook.com\/sharer.php?u=https%3A%2F%2Fpowstaniewielkopolskie.pl%2Fnowa%2F%3Fp%3D10419\" data-nid=\"1\" data-name=\"\" data-pid=\"1\" data-post-id=\"10419\" data-url=\"https:\/\/powstaniewielkopolskie.pl\/nowa\/wp-admin\/admin-ajax.php\" data-url=\"https:\/\/powstaniewielkopolskie.pl\/nowa\/wp-admin\/admin-ajax.php\" data-description=\"ZAPROSZENIE NA PRELEKCJ\u0118 W MUZEUM POWSTANIA WIELKOPOLSKIEGO\" rel=\"nofollow\"><i class=\"fa fa-fw fa-facebook\"><\/i><div class=\"counter-wrap standard\"><span class=\"counter\">0<\/span><\/div><\/a><a class=\"social-sharing-button sharer-flat sharer-flat-2 counter-standard whatsapp\" target=\"_blank\" title=\"WhatsApp\" href=\"whatsapp:\/\/send?text=https%3A%2F%2Fpowstaniewielkopolskie.pl%2Fnowa%2F%3Fp%3D10419\" data-nid=\"18\" data-name=\"\" data-pid=\"1\" data-post-id=\"10419\" data-url=\"https:\/\/powstaniewielkopolskie.pl\/nowa\/wp-admin\/admin-ajax.php\" data-url=\"https:\/\/powstaniewielkopolskie.pl\/nowa\/wp-admin\/admin-ajax.php\" data-description=\"ZAPROSZENIE NA PRELEKCJ\u0118 W MUZEUM POWSTANIA WIELKOPOLSKIEGO\" rel=\"nofollow\"><i class=\"fa fa-fw fa-whatsapp\"><\/i><div class=\"counter-wrap standard\"><span class=\"counter\">0<\/span><\/div><\/a><a class=\"social-sharing-button sharer-flat sharer-flat-2 counter-standard twitter\" target=\"_blank\" title=\"Twitter\" href=\"https:\/\/twitter.com\/share?url=https%3A%2F%2Fpowstaniewielkopolskie.pl%2Fnowa%2F%3Fp%3D10419&text=ZAPROSZENIE+NA+PRELEKCJ%C4%98+W+MUZEUM+POWSTANIA+WIELKOPOLSKIEGO\" data-nid=\"2\" data-name=\"\" data-pid=\"1\" data-post-id=\"10419\" data-url=\"https:\/\/powstaniewielkopolskie.pl\/nowa\/wp-admin\/admin-ajax.php\" data-url=\"https:\/\/powstaniewielkopolskie.pl\/nowa\/wp-admin\/admin-ajax.php\" data-description=\"ZAPROSZENIE NA PRELEKCJ\u0118 W MUZEUM POWSTANIA WIELKOPOLSKIEGO\" rel=\"nofollow\"><i class=\"fa fa-fw fa-twitter\"><\/i><div class=\"counter-wrap standard\"><span class=\"counter\">0<\/span><\/div><\/a><a class=\"social-sharing-button sharer-flat sharer-flat-2 counter-standard googleplus\" target=\"_blank\" title=\"Google+\" href=\"https:\/\/plus.google.com\/share?url=https%3A%2F%2Fpowstaniewielkopolskie.pl%2Fnowa%2F%3Fp%3D10419\" data-nid=\"3\" data-name=\"\" data-pid=\"1\" data-post-id=\"10419\" data-url=\"https:\/\/powstaniewielkopolskie.pl\/nowa\/wp-admin\/admin-ajax.php\" data-url=\"https:\/\/powstaniewielkopolskie.pl\/nowa\/wp-admin\/admin-ajax.php\" data-description=\"ZAPROSZENIE NA PRELEKCJ\u0118 W MUZEUM POWSTANIA WIELKOPOLSKIEGO\" rel=\"nofollow\"><i class=\"fa fa-fw fa-google-plus\"><\/i><div class=\"counter-wrap standard\"><span class=\"counter\">0<\/span><\/div><\/a><\/div>","protected":false},"excerpt":{"rendered":"<p>Z&nbsp;&nbsp;&nbsp;&nbsp;&nbsp;&nbsp;&nbsp;&nbsp;&nbsp;&nbsp;A&nbsp;&nbsp;&nbsp;&nbsp;&nbsp;&nbsp;&nbsp;&nbsp;&nbsp;P&nbsp;&nbsp;&nbsp;&nbsp;&nbsp;&nbsp;&nbsp;&nbsp;&nbsp;&nbsp;R&nbsp;&nbsp;&nbsp;&nbsp;&nbsp;&nbsp;&nbsp;&nbsp;&nbsp;&nbsp;O&nbsp;&nbsp;&nbsp;&nbsp;&nbsp;&nbsp;&nbsp;&nbsp;&nbsp;S&nbsp;&nbsp;&nbsp;&nbsp;&nbsp;&nbsp;&nbsp;&nbsp;&nbsp;&nbsp;Z&nbsp;&nbsp;&nbsp;&nbsp;&nbsp;&nbsp;&nbsp;&nbsp;&nbsp;&nbsp;E&nbsp;&nbsp;&nbsp;&nbsp;&nbsp;&nbsp;&nbsp;&nbsp;&nbsp;&nbsp;N&nbsp;&nbsp;&nbsp;&nbsp;&nbsp;&nbsp;&nbsp;&nbsp;&nbsp;I&nbsp;&nbsp;&nbsp;&nbsp;&nbsp;&nbsp;&nbsp;&nbsp;&nbsp;&nbsp;&nbsp;E KOMISJA HISTORYCZNA ZARZ\u0104DU G\u0141\u00d3WNEGO TOWARZYSTWA PAMI\u0118CI POWSTANIA WIELKOPOLSKIEGO 1918-1919 WIELKOPOLSKIE MUZEUM NIEPODLEG\u0141O\u015aCI W POZNANIU zapraszaj\u0105 na prelekcj\u0119: prof. dr. hab. W\u0142adys\u0142awa Cha\u0142upki \u201eLe\u015bnicy w Powstaniu Wielkopolskim 1918-1919\u201d Spotkanie odb\u0119dzie si\u0119 20<a class=\"moretag\" href=\"https:\/\/powstaniewielkopolskie.pl\/nowa\/?p=10419\">Czytaj wi\u0119cej&#8230;<\/a><\/p>\n<div data-animation=\"pulse\" data-icons-animation=\"no-animation\" data-overlay=\"on\" data-change-size=\"\" data-button-size=\"0.7\" style=\"font-size:0.7em;display:none;\" class=\"supsystic-social-sharing supsystic-social-sharing-package-flat supsystic-social-sharing-hide-on-homepage supsystic-social-sharing-content supsystic-social-sharing-content-align-center\" data-text=\"\"><a class=\"social-sharing-button sharer-flat sharer-flat-2 counter-standard digg\" target=\"_blank\" title=\"Digg\" href=\"http:\/\/digg.com\/submit?url=https%3A%2F%2Fpowstaniewielkopolskie.pl%2Fnowa%2F%3Fp%3D10419&title=ZAPROSZENIE+NA+PRELEKCJ%C4%98+W+MUZEUM+POWSTANIA+WIELKOPOLSKIEGO\" data-nid=\"8\" data-name=\"\" data-pid=\"1\" data-post-id=\"10419\" data-url=\"https:\/\/powstaniewielkopolskie.pl\/nowa\/wp-admin\/admin-ajax.php\" data-url=\"https:\/\/powstaniewielkopolskie.pl\/nowa\/wp-admin\/admin-ajax.php\" data-description=\"ZAPROSZENIE NA PRELEKCJ\u0118 W MUZEUM POWSTANIA WIELKOPOLSKIEGO\" rel=\"nofollow\"><i class=\"fa fa-fw fa-digg\"><\/i><div class=\"counter-wrap standard\"><span class=\"counter\">0<\/span><\/div><\/a><a class=\"social-sharing-button sharer-flat sharer-flat-2 counter-standard mail\" target=\"_blank\" title=\"Mail\" href=\"#\" data-nid=\"16\" data-name=\"\" data-pid=\"1\" data-post-id=\"10419\" data-url=\"https:\/\/powstaniewielkopolskie.pl\/nowa\/wp-admin\/admin-ajax.php\" data-url=\"https:\/\/powstaniewielkopolskie.pl\/nowa\/wp-admin\/admin-ajax.php\" data-description=\"ZAPROSZENIE NA PRELEKCJ\u0118 W MUZEUM POWSTANIA WIELKOPOLSKIEGO\" rel=\"nofollow\"><i class=\"fa fa-fw fa-envelope-o\"><\/i><div class=\"counter-wrap standard\"><span class=\"counter\">0<\/span><\/div><\/a><a class=\"social-sharing-button sharer-flat sharer-flat-2 counter-standard facebook\" target=\"_blank\" title=\"Facebook\" href=\"http:\/\/www.facebook.com\/sharer.php?u=https%3A%2F%2Fpowstaniewielkopolskie.pl%2Fnowa%2F%3Fp%3D10419\" data-nid=\"1\" data-name=\"\" data-pid=\"1\" data-post-id=\"10419\" data-url=\"https:\/\/powstaniewielkopolskie.pl\/nowa\/wp-admin\/admin-ajax.php\" data-url=\"https:\/\/powstaniewielkopolskie.pl\/nowa\/wp-admin\/admin-ajax.php\" data-description=\"ZAPROSZENIE NA PRELEKCJ\u0118 W MUZEUM POWSTANIA WIELKOPOLSKIEGO\" rel=\"nofollow\"><i class=\"fa fa-fw fa-facebook\"><\/i><div class=\"counter-wrap standard\"><span class=\"counter\">0<\/span><\/div><\/a><a class=\"social-sharing-button sharer-flat sharer-flat-2 counter-standard whatsapp\" target=\"_blank\" title=\"WhatsApp\" href=\"whatsapp:\/\/send?text=https%3A%2F%2Fpowstaniewielkopolskie.pl%2Fnowa%2F%3Fp%3D10419\" data-nid=\"18\" data-name=\"\" data-pid=\"1\" data-post-id=\"10419\" data-url=\"https:\/\/powstaniewielkopolskie.pl\/nowa\/wp-admin\/admin-ajax.php\" data-url=\"https:\/\/powstaniewielkopolskie.pl\/nowa\/wp-admin\/admin-ajax.php\" data-description=\"ZAPROSZENIE NA PRELEKCJ\u0118 W MUZEUM POWSTANIA WIELKOPOLSKIEGO\" rel=\"nofollow\"><i class=\"fa fa-fw fa-whatsapp\"><\/i><div class=\"counter-wrap standard\"><span class=\"counter\">0<\/span><\/div><\/a><a class=\"social-sharing-button sharer-flat sharer-flat-2 counter-standard twitter\" target=\"_blank\" title=\"Twitter\" href=\"https:\/\/twitter.com\/share?url=https%3A%2F%2Fpowstaniewielkopolskie.pl%2Fnowa%2F%3Fp%3D10419&text=ZAPROSZENIE+NA+PRELEKCJ%C4%98+W+MUZEUM+POWSTANIA+WIELKOPOLSKIEGO\" data-nid=\"2\" data-name=\"\" data-pid=\"1\" data-post-id=\"10419\" data-url=\"https:\/\/powstaniewielkopolskie.pl\/nowa\/wp-admin\/admin-ajax.php\" data-url=\"https:\/\/powstaniewielkopolskie.pl\/nowa\/wp-admin\/admin-ajax.php\" data-description=\"ZAPROSZENIE NA PRELEKCJ\u0118 W MUZEUM POWSTANIA WIELKOPOLSKIEGO\" rel=\"nofollow\"><i class=\"fa fa-fw fa-twitter\"><\/i><div class=\"counter-wrap standard\"><span class=\"counter\">0<\/span><\/div><\/a><a class=\"social-sharing-button sharer-flat sharer-flat-2 counter-standard googleplus\" target=\"_blank\" title=\"Google+\" href=\"https:\/\/plus.google.com\/share?url=https%3A%2F%2Fpowstaniewielkopolskie.pl%2Fnowa%2F%3Fp%3D10419\" data-nid=\"3\" data-name=\"\" data-pid=\"1\" data-post-id=\"10419\" data-url=\"https:\/\/powstaniewielkopolskie.pl\/nowa\/wp-admin\/admin-ajax.php\" data-url=\"https:\/\/powstaniewielkopolskie.pl\/nowa\/wp-admin\/admin-ajax.php\" data-description=\"ZAPROSZENIE NA PRELEKCJ\u0118 W MUZEUM POWSTANIA WIELKOPOLSKIEGO\" rel=\"nofollow\"><i class=\"fa fa-fw fa-google-plus\"><\/i><div class=\"counter-wrap standard\"><span class=\"counter\">0<\/span><\/div><\/a><\/div>","protected":false},"author":4,"featured_media":0,"comment_status":"closed","ping_status":"open","sticky":false,"template":"","format":"standard","meta":{"footnotes":""},"categories":[7],"tags":[],"_links":{"self":[{"href":"https:\/\/powstaniewielkopolskie.pl\/nowa\/index.php?rest_route=\/wp\/v2\/posts\/10419"}],"collection":[{"href":"https:\/\/powstaniewielkopolskie.pl\/nowa\/index.php?rest_route=\/wp\/v2\/posts"}],"about":[{"href":"https:\/\/powstaniewielkopolskie.pl\/nowa\/index.php?rest_route=\/wp\/v2\/types\/post"}],"author":[{"embeddable":true,"href":"https:\/\/powstaniewielkopolskie.pl\/nowa\/index.php?rest_route=\/wp\/v2\/users\/4"}],"replies":[{"embeddable":true,"href":"https:\/\/powstaniewielkopolskie.pl\/nowa\/index.php?rest_route=%2Fwp%2Fv2%2Fcomments&post=10419"}],"version-history":[{"count":2,"href":"https:\/\/powstaniewielkopolskie.pl\/nowa\/index.php?rest_route=\/wp\/v2\/posts\/10419\/revisions"}],"predecessor-version":[{"id":10421,"href":"https:\/\/powstaniewielkopolskie.pl\/nowa\/index.php?rest_route=\/wp\/v2\/posts\/10419\/revisions\/10421"}],"wp:attachment":[{"href":"https:\/\/powstaniewielkopolskie.pl\/nowa\/index.php?rest_route=%2Fwp%2Fv2%2Fmedia&parent=10419"}],"wp:term":[{"taxonomy":"category","embeddable":true,"href":"https:\/\/powstaniewielkopolskie.pl\/nowa\/index.php?rest_route=%2Fwp%2Fv2%2Fcategories&post=10419"},{"taxonomy":"post_tag","embeddable":true,"href":"https:\/\/powstaniewielkopolskie.pl\/nowa\/index.php?rest_route=%2Fwp%2Fv2%2Ftags&post=10419"}],"curies":[{"name":"wp","href":"https:\/\/api.w.org\/{rel}","templated":true}]}}