{"id":10274,"date":"2025-02-11T00:15:45","date_gmt":"2025-02-10T23:15:45","guid":{"rendered":"https:\/\/powstaniewielkopolskie.pl\/nowa\/?p=10274"},"modified":"2025-02-26T14:21:19","modified_gmt":"2025-02-26T13:21:19","slug":"posiedzenie-nowo-powolanej-rady-muzeum-niepodleglosci-w-poznaniu","status":"publish","type":"post","link":"https:\/\/powstaniewielkopolskie.pl\/nowa\/?p=10274","title":{"rendered":"Posiedzenie nowo powo\u0142anej Rady Muzeum Niepodleg\u0142o\u015bci w Poznaniu"},"content":{"rendered":"\n<p><strong>5 lutego 2025 r.<\/strong> &#8211; Rada Wielkopolskiego Muzeum Niepodleg\u0142o\u015bci w Poznaniu przyj\u0119\u0142a wykonanie bud\u017cetu oraz propozycje dzia\u0142a\u0144 jednostek podleg\u0142ych. Pierwszy raz w posiedzeniu Rady uczestniczy\u0142 przedstawiciel Towarzystwa Pami\u0119ci Powstania Wielkopolskiego 1918\/1919 dr Zdzis\u0142aw Ko\u015bcia\u0144ski &#8211; wiceprezes Zarz\u0105du G\u0142\u00f3wnego. Uchwa\u0142\u0105 nr VIII\/182\/24 Sejmiku Wojew\u00f3dztwa Wielkopolskiego z dnia 20 grudnia 2024 r. na 4-letni\u0105 kadencj\u0119 w sk\u0142ad Rady przy Wielkopolskim Muzeum Niepodleg\u0142o\u015bci powo\u0142ano : 1)Tatian\u0119 Soko\u0142owsk\u0105, 2) Micha\u0142a Zieli\u0144skiego, 3) W\u0142odzimierza Mazurkiewicza, 4) Monik\u0119 Bartoszek, 5) dra Bartosza Ku\u015bwika, 6) Rafa\u0142a Ratajczaka, 7) Henryka Krystka, 8) dra hab. Rafa\u0142a Reczka, 9) dra Wojciecha Mani\u0119, 10) dra Zdzis\u0142awa Ko\u015bcia\u0144skiego, 11) prof. Zbigniewa Pilarczyka. Rada powo\u0142a\u0142a dodatkowego cz\u0142onka prof. UAM dr. hab. Przemys\u0142awa Matusika.<\/p>\n\n\n\n<p class=\"has-text-align-right\">Fot. R. Kulupa<\/p>\n<div data-animation=\"pulse\" data-icons-animation=\"no-animation\" data-overlay=\"on\" data-change-size=\"\" data-button-size=\"0.7\" style=\"font-size:0.7em;display:none;\" class=\"supsystic-social-sharing supsystic-social-sharing-package-flat supsystic-social-sharing-hide-on-homepage supsystic-social-sharing-content supsystic-social-sharing-content-align-center\" data-text=\"\"><a class=\"social-sharing-button sharer-flat sharer-flat-2 counter-standard digg\" target=\"_blank\" title=\"Digg\" href=\"http:\/\/digg.com\/submit?url=https%3A%2F%2Fpowstaniewielkopolskie.pl%2Fnowa%2F%3Fp%3D10274&title=Posiedzenie+nowo+powo%C5%82anej+Rady+Muzeum+Niepodleg%C5%82o%C5%9Bci+w+Poznaniu\" data-nid=\"8\" data-name=\"\" data-pid=\"1\" data-post-id=\"10274\" data-url=\"https:\/\/powstaniewielkopolskie.pl\/nowa\/wp-admin\/admin-ajax.php\" data-url=\"https:\/\/powstaniewielkopolskie.pl\/nowa\/wp-admin\/admin-ajax.php\" data-description=\"Posiedzenie nowo powo\u0142anej Rady Muzeum Niepodleg\u0142o\u015bci w Poznaniu\" rel=\"nofollow\"><i class=\"fa fa-fw fa-digg\"><\/i><div class=\"counter-wrap standard\"><span class=\"counter\">0<\/span><\/div><\/a><a class=\"social-sharing-button sharer-flat sharer-flat-2 counter-standard mail\" target=\"_blank\" title=\"Mail\" href=\"#\" data-nid=\"16\" data-name=\"\" data-pid=\"1\" data-post-id=\"10274\" data-url=\"https:\/\/powstaniewielkopolskie.pl\/nowa\/wp-admin\/admin-ajax.php\" data-url=\"https:\/\/powstaniewielkopolskie.pl\/nowa\/wp-admin\/admin-ajax.php\" data-description=\"Posiedzenie nowo powo\u0142anej Rady Muzeum Niepodleg\u0142o\u015bci w Poznaniu\" rel=\"nofollow\"><i class=\"fa fa-fw fa-envelope-o\"><\/i><div class=\"counter-wrap standard\"><span class=\"counter\">0<\/span><\/div><\/a><a class=\"social-sharing-button sharer-flat sharer-flat-2 counter-standard facebook\" target=\"_blank\" title=\"Facebook\" href=\"http:\/\/www.facebook.com\/sharer.php?u=https%3A%2F%2Fpowstaniewielkopolskie.pl%2Fnowa%2F%3Fp%3D10274\" data-nid=\"1\" data-name=\"\" data-pid=\"1\" data-post-id=\"10274\" data-url=\"https:\/\/powstaniewielkopolskie.pl\/nowa\/wp-admin\/admin-ajax.php\" data-url=\"https:\/\/powstaniewielkopolskie.pl\/nowa\/wp-admin\/admin-ajax.php\" data-description=\"Posiedzenie nowo powo\u0142anej Rady Muzeum Niepodleg\u0142o\u015bci w Poznaniu\" rel=\"nofollow\"><i class=\"fa fa-fw fa-facebook\"><\/i><div class=\"counter-wrap standard\"><span class=\"counter\">0<\/span><\/div><\/a><a class=\"social-sharing-button sharer-flat sharer-flat-2 counter-standard whatsapp\" target=\"_blank\" title=\"WhatsApp\" href=\"whatsapp:\/\/send?text=https%3A%2F%2Fpowstaniewielkopolskie.pl%2Fnowa%2F%3Fp%3D10274\" data-nid=\"18\" data-name=\"\" data-pid=\"1\" data-post-id=\"10274\" data-url=\"https:\/\/powstaniewielkopolskie.pl\/nowa\/wp-admin\/admin-ajax.php\" data-url=\"https:\/\/powstaniewielkopolskie.pl\/nowa\/wp-admin\/admin-ajax.php\" data-description=\"Posiedzenie nowo powo\u0142anej Rady Muzeum Niepodleg\u0142o\u015bci w Poznaniu\" rel=\"nofollow\"><i class=\"fa fa-fw fa-whatsapp\"><\/i><div class=\"counter-wrap standard\"><span class=\"counter\">0<\/span><\/div><\/a><a class=\"social-sharing-button sharer-flat sharer-flat-2 counter-standard twitter\" target=\"_blank\" title=\"Twitter\" href=\"https:\/\/twitter.com\/share?url=https%3A%2F%2Fpowstaniewielkopolskie.pl%2Fnowa%2F%3Fp%3D10274&text=Posiedzenie+nowo+powo%C5%82anej+Rady+Muzeum+Niepodleg%C5%82o%C5%9Bci+w+Poznaniu\" data-nid=\"2\" data-name=\"\" data-pid=\"1\" data-post-id=\"10274\" data-url=\"https:\/\/powstaniewielkopolskie.pl\/nowa\/wp-admin\/admin-ajax.php\" data-url=\"https:\/\/powstaniewielkopolskie.pl\/nowa\/wp-admin\/admin-ajax.php\" data-description=\"Posiedzenie nowo powo\u0142anej Rady Muzeum Niepodleg\u0142o\u015bci w Poznaniu\" rel=\"nofollow\"><i class=\"fa fa-fw fa-twitter\"><\/i><div class=\"counter-wrap standard\"><span class=\"counter\">0<\/span><\/div><\/a><a class=\"social-sharing-button sharer-flat sharer-flat-2 counter-standard googleplus\" target=\"_blank\" title=\"Google+\" href=\"https:\/\/plus.google.com\/share?url=https%3A%2F%2Fpowstaniewielkopolskie.pl%2Fnowa%2F%3Fp%3D10274\" data-nid=\"3\" data-name=\"\" data-pid=\"1\" data-post-id=\"10274\" data-url=\"https:\/\/powstaniewielkopolskie.pl\/nowa\/wp-admin\/admin-ajax.php\" data-url=\"https:\/\/powstaniewielkopolskie.pl\/nowa\/wp-admin\/admin-ajax.php\" data-description=\"Posiedzenie nowo powo\u0142anej Rady Muzeum Niepodleg\u0142o\u015bci w Poznaniu\" rel=\"nofollow\"><i class=\"fa fa-fw fa-google-plus\"><\/i><div class=\"counter-wrap standard\"><span class=\"counter\">0<\/span><\/div><\/a><\/div>","protected":false},"excerpt":{"rendered":"<p>5 lutego 2025 r. &#8211; Rada Wielkopolskiego Muzeum Niepodleg\u0142o\u015bci w Poznaniu przyj\u0119\u0142a wykonanie bud\u017cetu oraz propozycje dzia\u0142a\u0144 jednostek podleg\u0142ych. Pierwszy raz w posiedzeniu Rady uczestniczy\u0142 przedstawiciel Towarzystwa Pami\u0119ci Powstania Wielkopolskiego 1918\/1919 dr<a class=\"moretag\" href=\"https:\/\/powstaniewielkopolskie.pl\/nowa\/?p=10274\">Czytaj wi\u0119cej&#8230;<\/a><\/p>\n<div data-animation=\"pulse\" data-icons-animation=\"no-animation\" data-overlay=\"on\" data-change-size=\"\" data-button-size=\"0.7\" style=\"font-size:0.7em;display:none;\" class=\"supsystic-social-sharing supsystic-social-sharing-package-flat supsystic-social-sharing-hide-on-homepage supsystic-social-sharing-content supsystic-social-sharing-content-align-center\" data-text=\"\"><a class=\"social-sharing-button sharer-flat sharer-flat-2 counter-standard digg\" target=\"_blank\" title=\"Digg\" href=\"http:\/\/digg.com\/submit?url=https%3A%2F%2Fpowstaniewielkopolskie.pl%2Fnowa%2F%3Fp%3D10274&title=Posiedzenie+nowo+powo%C5%82anej+Rady+Muzeum+Niepodleg%C5%82o%C5%9Bci+w+Poznaniu\" data-nid=\"8\" data-name=\"\" data-pid=\"1\" data-post-id=\"10274\" data-url=\"https:\/\/powstaniewielkopolskie.pl\/nowa\/wp-admin\/admin-ajax.php\" data-url=\"https:\/\/powstaniewielkopolskie.pl\/nowa\/wp-admin\/admin-ajax.php\" data-description=\"Posiedzenie nowo powo\u0142anej Rady Muzeum Niepodleg\u0142o\u015bci w Poznaniu\" rel=\"nofollow\"><i class=\"fa fa-fw fa-digg\"><\/i><div class=\"counter-wrap standard\"><span class=\"counter\">0<\/span><\/div><\/a><a class=\"social-sharing-button sharer-flat sharer-flat-2 counter-standard mail\" target=\"_blank\" title=\"Mail\" href=\"#\" data-nid=\"16\" data-name=\"\" data-pid=\"1\" data-post-id=\"10274\" data-url=\"https:\/\/powstaniewielkopolskie.pl\/nowa\/wp-admin\/admin-ajax.php\" data-url=\"https:\/\/powstaniewielkopolskie.pl\/nowa\/wp-admin\/admin-ajax.php\" data-description=\"Posiedzenie nowo powo\u0142anej Rady Muzeum Niepodleg\u0142o\u015bci w Poznaniu\" rel=\"nofollow\"><i class=\"fa fa-fw fa-envelope-o\"><\/i><div class=\"counter-wrap standard\"><span class=\"counter\">0<\/span><\/div><\/a><a class=\"social-sharing-button sharer-flat sharer-flat-2 counter-standard facebook\" target=\"_blank\" title=\"Facebook\" href=\"http:\/\/www.facebook.com\/sharer.php?u=https%3A%2F%2Fpowstaniewielkopolskie.pl%2Fnowa%2F%3Fp%3D10274\" data-nid=\"1\" data-name=\"\" data-pid=\"1\" data-post-id=\"10274\" data-url=\"https:\/\/powstaniewielkopolskie.pl\/nowa\/wp-admin\/admin-ajax.php\" data-url=\"https:\/\/powstaniewielkopolskie.pl\/nowa\/wp-admin\/admin-ajax.php\" data-description=\"Posiedzenie nowo powo\u0142anej Rady Muzeum Niepodleg\u0142o\u015bci w Poznaniu\" rel=\"nofollow\"><i class=\"fa fa-fw fa-facebook\"><\/i><div class=\"counter-wrap standard\"><span class=\"counter\">0<\/span><\/div><\/a><a class=\"social-sharing-button sharer-flat sharer-flat-2 counter-standard whatsapp\" target=\"_blank\" title=\"WhatsApp\" href=\"whatsapp:\/\/send?text=https%3A%2F%2Fpowstaniewielkopolskie.pl%2Fnowa%2F%3Fp%3D10274\" data-nid=\"18\" data-name=\"\" data-pid=\"1\" data-post-id=\"10274\" data-url=\"https:\/\/powstaniewielkopolskie.pl\/nowa\/wp-admin\/admin-ajax.php\" data-url=\"https:\/\/powstaniewielkopolskie.pl\/nowa\/wp-admin\/admin-ajax.php\" data-description=\"Posiedzenie nowo powo\u0142anej Rady Muzeum Niepodleg\u0142o\u015bci w Poznaniu\" rel=\"nofollow\"><i class=\"fa fa-fw fa-whatsapp\"><\/i><div class=\"counter-wrap standard\"><span class=\"counter\">0<\/span><\/div><\/a><a class=\"social-sharing-button sharer-flat sharer-flat-2 counter-standard twitter\" target=\"_blank\" title=\"Twitter\" href=\"https:\/\/twitter.com\/share?url=https%3A%2F%2Fpowstaniewielkopolskie.pl%2Fnowa%2F%3Fp%3D10274&text=Posiedzenie+nowo+powo%C5%82anej+Rady+Muzeum+Niepodleg%C5%82o%C5%9Bci+w+Poznaniu\" data-nid=\"2\" data-name=\"\" data-pid=\"1\" data-post-id=\"10274\" data-url=\"https:\/\/powstaniewielkopolskie.pl\/nowa\/wp-admin\/admin-ajax.php\" data-url=\"https:\/\/powstaniewielkopolskie.pl\/nowa\/wp-admin\/admin-ajax.php\" data-description=\"Posiedzenie nowo powo\u0142anej Rady Muzeum Niepodleg\u0142o\u015bci w Poznaniu\" rel=\"nofollow\"><i class=\"fa fa-fw fa-twitter\"><\/i><div class=\"counter-wrap standard\"><span class=\"counter\">0<\/span><\/div><\/a><a class=\"social-sharing-button sharer-flat sharer-flat-2 counter-standard googleplus\" target=\"_blank\" title=\"Google+\" href=\"https:\/\/plus.google.com\/share?url=https%3A%2F%2Fpowstaniewielkopolskie.pl%2Fnowa%2F%3Fp%3D10274\" data-nid=\"3\" data-name=\"\" data-pid=\"1\" data-post-id=\"10274\" data-url=\"https:\/\/powstaniewielkopolskie.pl\/nowa\/wp-admin\/admin-ajax.php\" data-url=\"https:\/\/powstaniewielkopolskie.pl\/nowa\/wp-admin\/admin-ajax.php\" data-description=\"Posiedzenie nowo powo\u0142anej Rady Muzeum Niepodleg\u0142o\u015bci w Poznaniu\" rel=\"nofollow\"><i class=\"fa fa-fw fa-google-plus\"><\/i><div class=\"counter-wrap standard\"><span class=\"counter\">0<\/span><\/div><\/a><\/div>","protected":false},"author":4,"featured_media":10275,"comment_status":"closed","ping_status":"open","sticky":false,"template":"","format":"standard","meta":{"footnotes":""},"categories":[3],"tags":[],"_links":{"self":[{"href":"https:\/\/powstaniewielkopolskie.pl\/nowa\/index.php?rest_route=\/wp\/v2\/posts\/10274"}],"collection":[{"href":"https:\/\/powstaniewielkopolskie.pl\/nowa\/index.php?rest_route=\/wp\/v2\/posts"}],"about":[{"href":"https:\/\/powstaniewielkopolskie.pl\/nowa\/index.php?rest_route=\/wp\/v2\/types\/post"}],"author":[{"embeddable":true,"href":"https:\/\/powstaniewielkopolskie.pl\/nowa\/index.php?rest_route=\/wp\/v2\/users\/4"}],"replies":[{"embeddable":true,"href":"https:\/\/powstaniewielkopolskie.pl\/nowa\/index.php?rest_route=%2Fwp%2Fv2%2Fcomments&post=10274"}],"version-history":[{"count":2,"href":"https:\/\/powstaniewielkopolskie.pl\/nowa\/index.php?rest_route=\/wp\/v2\/posts\/10274\/revisions"}],"predecessor-version":[{"id":10277,"href":"https:\/\/powstaniewielkopolskie.pl\/nowa\/index.php?rest_route=\/wp\/v2\/posts\/10274\/revisions\/10277"}],"wp:featuredmedia":[{"embeddable":true,"href":"https:\/\/powstaniewielkopolskie.pl\/nowa\/index.php?rest_route=\/wp\/v2\/media\/10275"}],"wp:attachment":[{"href":"https:\/\/powstaniewielkopolskie.pl\/nowa\/index.php?rest_route=%2Fwp%2Fv2%2Fmedia&parent=10274"}],"wp:term":[{"taxonomy":"category","embeddable":true,"href":"https:\/\/powstaniewielkopolskie.pl\/nowa\/index.php?rest_route=%2Fwp%2Fv2%2Fcategories&post=10274"},{"taxonomy":"post_tag","embeddable":true,"href":"https:\/\/powstaniewielkopolskie.pl\/nowa\/index.php?rest_route=%2Fwp%2Fv2%2Ftags&post=10274"}],"curies":[{"name":"wp","href":"https:\/\/api.w.org\/{rel}","templated":true}]}}