{"id":10265,"date":"2025-02-24T21:24:21","date_gmt":"2025-02-24T20:24:21","guid":{"rendered":"https:\/\/powstaniewielkopolskie.pl\/nowa\/?p=10265"},"modified":"2025-02-24T21:24:21","modified_gmt":"2025-02-24T20:24:21","slug":"o-powstaniu-wielkopolskim-na-spotkaniu-w-jarocinie","status":"publish","type":"post","link":"https:\/\/powstaniewielkopolskie.pl\/nowa\/?p=10265","title":{"rendered":"O Powstaniu Wielkopolskim na spotkaniu w Jarocinie"},"content":{"rendered":"<div class=\"wp-block-image\">\n<figure class=\"aligncenter size-full\"><img loading=\"lazy\" decoding=\"async\" width=\"482\" height=\"665\" src=\"http:\/\/powstaniewielkopolskie.pl\/nowa\/wp-content\/uploads\/2025\/02\/Zrzut-ekranu-2025-02-24-175325.png\" alt=\"\" class=\"wp-image-10267\" srcset=\"https:\/\/powstaniewielkopolskie.pl\/nowa\/wp-content\/uploads\/2025\/02\/Zrzut-ekranu-2025-02-24-175325.png 482w, https:\/\/powstaniewielkopolskie.pl\/nowa\/wp-content\/uploads\/2025\/02\/Zrzut-ekranu-2025-02-24-175325-217x300.png 217w\" sizes=\"(max-width: 482px) 100vw, 482px\" \/><\/figure><\/div>\n\n\n<p><\/p>\n\n\n\n<p><strong>20 lutego 2025 r.<\/strong> &#8211; Towarzystwo Pami\u0119ci Powstania Wielkopolskiego ko\u0142o w Jarocinie, wsp\u00f3lnie z Klubem Regionalist\u00f3w Ziemi Jaroci\u0144skiej, zorganizowa\u0142o spotkanie z prezesem Oddzia\u0142u Wielkopolskiego TPPW Wawrzy\u0144cem Wierzejewskim i wiceprezesem Piotrem Stacheckim. Okazj\u0105 by\u0142a 106. rocznica zako\u0144czenia Powstania Wielkopolskiego tzw. rozejmem w Trewirze (16.02.1919 r.). Spotkanie prowadzi\u0142 prezes jaroci\u0144skiego ko\u0142a Andrzej Siejak. Wzi\u0119\u0142a w nim udzia\u0142 liczna grupa cz\u0142onk\u00f3w i sympatyk\u00f3w Towarzystwa oraz cz\u0142onkowie klubu lokalnych regionalist\u00f3w i autor\u00f3w. O szczeg\u00f3\u0142ach Powstania m\u00f3wi\u0142 prezes Wierzejewski, nast\u0119pnie wywi\u0105za\u0142a si\u0119 dyskusja o utrzymaniu w pami\u0119ci dotychczasowych tradycji lokalnych. W drugiej cz\u0119\u015bci spotkania Honorow\u0105 Odznak\u0105 \u201eWierni Tradycji&#8221; uhonorowani zostali zas\u0142u\u017ceni cz\u0142onkowie ko\u0142a TPPW w Jarocinie &#8211; Krystyna Zawadzka i Marian Broda. Na zako\u0144czenie Andrzej Gogulski wr\u0119czy\u0142 zaproszonym go\u015bciom, ksi\u0105\u017ck\u0119 pt \u201e&#8230;Zacz\u0119\u0142o si\u0119 w Jarocinie&#8221;, a Renata Kr\u00f3lak przedstawi\u0142a dorobek Muzeum Regionalnego w Jarocinie.<\/p>\n\n\n\n<p class=\"has-text-align-right\">Fot. Magdalena Pietras<\/p>\n<div data-animation=\"pulse\" data-icons-animation=\"no-animation\" data-overlay=\"on\" data-change-size=\"\" data-button-size=\"0.7\" style=\"font-size:0.7em;display:none;\" class=\"supsystic-social-sharing supsystic-social-sharing-package-flat supsystic-social-sharing-hide-on-homepage supsystic-social-sharing-content supsystic-social-sharing-content-align-center\" data-text=\"\"><a class=\"social-sharing-button sharer-flat sharer-flat-2 counter-standard digg\" target=\"_blank\" title=\"Digg\" href=\"http:\/\/digg.com\/submit?url=https%3A%2F%2Fpowstaniewielkopolskie.pl%2Fnowa%2F%3Fp%3D10265&title=O+Powstaniu+Wielkopolskim+na+spotkaniu+w+Jarocinie\" data-nid=\"8\" data-name=\"\" data-pid=\"1\" data-post-id=\"10265\" data-url=\"https:\/\/powstaniewielkopolskie.pl\/nowa\/wp-admin\/admin-ajax.php\" data-url=\"https:\/\/powstaniewielkopolskie.pl\/nowa\/wp-admin\/admin-ajax.php\" data-description=\"O Powstaniu Wielkopolskim na spotkaniu w Jarocinie\" rel=\"nofollow\"><i class=\"fa fa-fw fa-digg\"><\/i><div class=\"counter-wrap standard\"><span class=\"counter\">0<\/span><\/div><\/a><a class=\"social-sharing-button sharer-flat sharer-flat-2 counter-standard mail\" target=\"_blank\" title=\"Mail\" href=\"#\" data-nid=\"16\" data-name=\"\" data-pid=\"1\" data-post-id=\"10265\" data-url=\"https:\/\/powstaniewielkopolskie.pl\/nowa\/wp-admin\/admin-ajax.php\" data-url=\"https:\/\/powstaniewielkopolskie.pl\/nowa\/wp-admin\/admin-ajax.php\" data-description=\"O Powstaniu Wielkopolskim na spotkaniu w Jarocinie\" rel=\"nofollow\"><i class=\"fa fa-fw fa-envelope-o\"><\/i><div class=\"counter-wrap standard\"><span class=\"counter\">0<\/span><\/div><\/a><a class=\"social-sharing-button sharer-flat sharer-flat-2 counter-standard facebook\" target=\"_blank\" title=\"Facebook\" href=\"http:\/\/www.facebook.com\/sharer.php?u=https%3A%2F%2Fpowstaniewielkopolskie.pl%2Fnowa%2F%3Fp%3D10265\" data-nid=\"1\" data-name=\"\" data-pid=\"1\" data-post-id=\"10265\" data-url=\"https:\/\/powstaniewielkopolskie.pl\/nowa\/wp-admin\/admin-ajax.php\" data-url=\"https:\/\/powstaniewielkopolskie.pl\/nowa\/wp-admin\/admin-ajax.php\" data-description=\"O Powstaniu Wielkopolskim na spotkaniu w Jarocinie\" rel=\"nofollow\"><i class=\"fa fa-fw fa-facebook\"><\/i><div class=\"counter-wrap standard\"><span class=\"counter\">0<\/span><\/div><\/a><a class=\"social-sharing-button sharer-flat sharer-flat-2 counter-standard whatsapp\" target=\"_blank\" title=\"WhatsApp\" href=\"whatsapp:\/\/send?text=https%3A%2F%2Fpowstaniewielkopolskie.pl%2Fnowa%2F%3Fp%3D10265\" data-nid=\"18\" data-name=\"\" data-pid=\"1\" data-post-id=\"10265\" data-url=\"https:\/\/powstaniewielkopolskie.pl\/nowa\/wp-admin\/admin-ajax.php\" data-url=\"https:\/\/powstaniewielkopolskie.pl\/nowa\/wp-admin\/admin-ajax.php\" data-description=\"O Powstaniu Wielkopolskim na spotkaniu w Jarocinie\" rel=\"nofollow\"><i class=\"fa fa-fw fa-whatsapp\"><\/i><div class=\"counter-wrap standard\"><span class=\"counter\">0<\/span><\/div><\/a><a class=\"social-sharing-button sharer-flat sharer-flat-2 counter-standard twitter\" target=\"_blank\" title=\"Twitter\" href=\"https:\/\/twitter.com\/share?url=https%3A%2F%2Fpowstaniewielkopolskie.pl%2Fnowa%2F%3Fp%3D10265&text=O+Powstaniu+Wielkopolskim+na+spotkaniu+w+Jarocinie\" data-nid=\"2\" data-name=\"\" data-pid=\"1\" data-post-id=\"10265\" data-url=\"https:\/\/powstaniewielkopolskie.pl\/nowa\/wp-admin\/admin-ajax.php\" data-url=\"https:\/\/powstaniewielkopolskie.pl\/nowa\/wp-admin\/admin-ajax.php\" data-description=\"O Powstaniu Wielkopolskim na spotkaniu w Jarocinie\" rel=\"nofollow\"><i class=\"fa fa-fw fa-twitter\"><\/i><div class=\"counter-wrap standard\"><span class=\"counter\">0<\/span><\/div><\/a><a class=\"social-sharing-button sharer-flat sharer-flat-2 counter-standard googleplus\" target=\"_blank\" title=\"Google+\" href=\"https:\/\/plus.google.com\/share?url=https%3A%2F%2Fpowstaniewielkopolskie.pl%2Fnowa%2F%3Fp%3D10265\" data-nid=\"3\" data-name=\"\" data-pid=\"1\" data-post-id=\"10265\" data-url=\"https:\/\/powstaniewielkopolskie.pl\/nowa\/wp-admin\/admin-ajax.php\" data-url=\"https:\/\/powstaniewielkopolskie.pl\/nowa\/wp-admin\/admin-ajax.php\" data-description=\"O Powstaniu Wielkopolskim na spotkaniu w Jarocinie\" rel=\"nofollow\"><i class=\"fa fa-fw fa-google-plus\"><\/i><div class=\"counter-wrap standard\"><span class=\"counter\">0<\/span><\/div><\/a><\/div>","protected":false},"excerpt":{"rendered":"<p>20 lutego 2025 r. &#8211; Towarzystwo Pami\u0119ci Powstania Wielkopolskiego ko\u0142o w Jarocinie, wsp\u00f3lnie z Klubem Regionalist\u00f3w Ziemi Jaroci\u0144skiej, zorganizowa\u0142o spotkanie z prezesem Oddzia\u0142u Wielkopolskiego TPPW Wawrzy\u0144cem Wierzejewskim i wiceprezesem Piotrem Stacheckim. Okazj\u0105<a class=\"moretag\" href=\"https:\/\/powstaniewielkopolskie.pl\/nowa\/?p=10265\">Czytaj wi\u0119cej&#8230;<\/a><\/p>\n<div data-animation=\"pulse\" data-icons-animation=\"no-animation\" data-overlay=\"on\" data-change-size=\"\" data-button-size=\"0.7\" style=\"font-size:0.7em;display:none;\" class=\"supsystic-social-sharing supsystic-social-sharing-package-flat supsystic-social-sharing-hide-on-homepage supsystic-social-sharing-content supsystic-social-sharing-content-align-center\" data-text=\"\"><a class=\"social-sharing-button sharer-flat sharer-flat-2 counter-standard digg\" target=\"_blank\" title=\"Digg\" href=\"http:\/\/digg.com\/submit?url=https%3A%2F%2Fpowstaniewielkopolskie.pl%2Fnowa%2F%3Fp%3D10265&title=O+Powstaniu+Wielkopolskim+na+spotkaniu+w+Jarocinie\" data-nid=\"8\" data-name=\"\" data-pid=\"1\" data-post-id=\"10265\" data-url=\"https:\/\/powstaniewielkopolskie.pl\/nowa\/wp-admin\/admin-ajax.php\" data-url=\"https:\/\/powstaniewielkopolskie.pl\/nowa\/wp-admin\/admin-ajax.php\" data-description=\"O Powstaniu Wielkopolskim na spotkaniu w Jarocinie\" rel=\"nofollow\"><i class=\"fa fa-fw fa-digg\"><\/i><div class=\"counter-wrap standard\"><span class=\"counter\">0<\/span><\/div><\/a><a class=\"social-sharing-button sharer-flat sharer-flat-2 counter-standard mail\" target=\"_blank\" title=\"Mail\" href=\"#\" data-nid=\"16\" data-name=\"\" data-pid=\"1\" data-post-id=\"10265\" data-url=\"https:\/\/powstaniewielkopolskie.pl\/nowa\/wp-admin\/admin-ajax.php\" data-url=\"https:\/\/powstaniewielkopolskie.pl\/nowa\/wp-admin\/admin-ajax.php\" data-description=\"O Powstaniu Wielkopolskim na spotkaniu w Jarocinie\" rel=\"nofollow\"><i class=\"fa fa-fw fa-envelope-o\"><\/i><div class=\"counter-wrap standard\"><span class=\"counter\">0<\/span><\/div><\/a><a class=\"social-sharing-button sharer-flat sharer-flat-2 counter-standard facebook\" target=\"_blank\" title=\"Facebook\" href=\"http:\/\/www.facebook.com\/sharer.php?u=https%3A%2F%2Fpowstaniewielkopolskie.pl%2Fnowa%2F%3Fp%3D10265\" data-nid=\"1\" data-name=\"\" data-pid=\"1\" data-post-id=\"10265\" data-url=\"https:\/\/powstaniewielkopolskie.pl\/nowa\/wp-admin\/admin-ajax.php\" data-url=\"https:\/\/powstaniewielkopolskie.pl\/nowa\/wp-admin\/admin-ajax.php\" data-description=\"O Powstaniu Wielkopolskim na spotkaniu w Jarocinie\" rel=\"nofollow\"><i class=\"fa fa-fw fa-facebook\"><\/i><div class=\"counter-wrap standard\"><span class=\"counter\">0<\/span><\/div><\/a><a class=\"social-sharing-button sharer-flat sharer-flat-2 counter-standard whatsapp\" target=\"_blank\" title=\"WhatsApp\" href=\"whatsapp:\/\/send?text=https%3A%2F%2Fpowstaniewielkopolskie.pl%2Fnowa%2F%3Fp%3D10265\" data-nid=\"18\" data-name=\"\" data-pid=\"1\" data-post-id=\"10265\" data-url=\"https:\/\/powstaniewielkopolskie.pl\/nowa\/wp-admin\/admin-ajax.php\" data-url=\"https:\/\/powstaniewielkopolskie.pl\/nowa\/wp-admin\/admin-ajax.php\" data-description=\"O Powstaniu Wielkopolskim na spotkaniu w Jarocinie\" rel=\"nofollow\"><i class=\"fa fa-fw fa-whatsapp\"><\/i><div class=\"counter-wrap standard\"><span class=\"counter\">0<\/span><\/div><\/a><a class=\"social-sharing-button sharer-flat sharer-flat-2 counter-standard twitter\" target=\"_blank\" title=\"Twitter\" href=\"https:\/\/twitter.com\/share?url=https%3A%2F%2Fpowstaniewielkopolskie.pl%2Fnowa%2F%3Fp%3D10265&text=O+Powstaniu+Wielkopolskim+na+spotkaniu+w+Jarocinie\" data-nid=\"2\" data-name=\"\" data-pid=\"1\" data-post-id=\"10265\" data-url=\"https:\/\/powstaniewielkopolskie.pl\/nowa\/wp-admin\/admin-ajax.php\" data-url=\"https:\/\/powstaniewielkopolskie.pl\/nowa\/wp-admin\/admin-ajax.php\" data-description=\"O Powstaniu Wielkopolskim na spotkaniu w Jarocinie\" rel=\"nofollow\"><i class=\"fa fa-fw fa-twitter\"><\/i><div class=\"counter-wrap standard\"><span class=\"counter\">0<\/span><\/div><\/a><a class=\"social-sharing-button sharer-flat sharer-flat-2 counter-standard googleplus\" target=\"_blank\" title=\"Google+\" href=\"https:\/\/plus.google.com\/share?url=https%3A%2F%2Fpowstaniewielkopolskie.pl%2Fnowa%2F%3Fp%3D10265\" data-nid=\"3\" data-name=\"\" data-pid=\"1\" data-post-id=\"10265\" data-url=\"https:\/\/powstaniewielkopolskie.pl\/nowa\/wp-admin\/admin-ajax.php\" data-url=\"https:\/\/powstaniewielkopolskie.pl\/nowa\/wp-admin\/admin-ajax.php\" data-description=\"O Powstaniu Wielkopolskim na spotkaniu w Jarocinie\" rel=\"nofollow\"><i class=\"fa fa-fw fa-google-plus\"><\/i><div class=\"counter-wrap standard\"><span class=\"counter\">0<\/span><\/div><\/a><\/div>","protected":false},"author":4,"featured_media":10266,"comment_status":"closed","ping_status":"open","sticky":false,"template":"","format":"standard","meta":{"footnotes":""},"categories":[3],"tags":[],"_links":{"self":[{"href":"https:\/\/powstaniewielkopolskie.pl\/nowa\/index.php?rest_route=\/wp\/v2\/posts\/10265"}],"collection":[{"href":"https:\/\/powstaniewielkopolskie.pl\/nowa\/index.php?rest_route=\/wp\/v2\/posts"}],"about":[{"href":"https:\/\/powstaniewielkopolskie.pl\/nowa\/index.php?rest_route=\/wp\/v2\/types\/post"}],"author":[{"embeddable":true,"href":"https:\/\/powstaniewielkopolskie.pl\/nowa\/index.php?rest_route=\/wp\/v2\/users\/4"}],"replies":[{"embeddable":true,"href":"https:\/\/powstaniewielkopolskie.pl\/nowa\/index.php?rest_route=%2Fwp%2Fv2%2Fcomments&post=10265"}],"version-history":[{"count":2,"href":"https:\/\/powstaniewielkopolskie.pl\/nowa\/index.php?rest_route=\/wp\/v2\/posts\/10265\/revisions"}],"predecessor-version":[{"id":10269,"href":"https:\/\/powstaniewielkopolskie.pl\/nowa\/index.php?rest_route=\/wp\/v2\/posts\/10265\/revisions\/10269"}],"wp:featuredmedia":[{"embeddable":true,"href":"https:\/\/powstaniewielkopolskie.pl\/nowa\/index.php?rest_route=\/wp\/v2\/media\/10266"}],"wp:attachment":[{"href":"https:\/\/powstaniewielkopolskie.pl\/nowa\/index.php?rest_route=%2Fwp%2Fv2%2Fmedia&parent=10265"}],"wp:term":[{"taxonomy":"category","embeddable":true,"href":"https:\/\/powstaniewielkopolskie.pl\/nowa\/index.php?rest_route=%2Fwp%2Fv2%2Fcategories&post=10265"},{"taxonomy":"post_tag","embeddable":true,"href":"https:\/\/powstaniewielkopolskie.pl\/nowa\/index.php?rest_route=%2Fwp%2Fv2%2Ftags&post=10265"}],"curies":[{"name":"wp","href":"https:\/\/api.w.org\/{rel}","templated":true}]}}