{"id":10258,"date":"2025-02-19T00:18:20","date_gmt":"2025-02-18T23:18:20","guid":{"rendered":"https:\/\/powstaniewielkopolskie.pl\/nowa\/?p=10258"},"modified":"2025-02-19T00:18:21","modified_gmt":"2025-02-18T23:18:21","slug":"uroczystosci-rocznicowe-w-lgowie-6","status":"publish","type":"post","link":"https:\/\/powstaniewielkopolskie.pl\/nowa\/?p=10258","title":{"rendered":"Uroczysto\u015bci rocznicowe w Lgowie"},"content":{"rendered":"\n<p> <\/p>\n\n\n\n<figure class=\"wp-block-gallery has-nested-images columns-default is-cropped wp-block-gallery-1 is-layout-flex wp-block-gallery-is-layout-flex\">\n<figure class=\"wp-block-image size-large\"><img loading=\"lazy\" decoding=\"async\" width=\"624\" height=\"468\" data-id=\"10260\" src=\"https:\/\/powstaniewielkopolskie.pl\/nowa\/wp-content\/uploads\/2025\/02\/11-bis-1.jpg\" alt=\"\" class=\"wp-image-10260\" srcset=\"https:\/\/powstaniewielkopolskie.pl\/nowa\/wp-content\/uploads\/2025\/02\/11-bis-1.jpg 624w, https:\/\/powstaniewielkopolskie.pl\/nowa\/wp-content\/uploads\/2025\/02\/11-bis-1-300x225.jpg 300w\" sizes=\"(max-width: 624px) 100vw, 624px\" \/><\/figure>\n\n\n\n<figure class=\"wp-block-image size-large\"><img loading=\"lazy\" decoding=\"async\" width=\"411\" height=\"548\" data-id=\"10262\" src=\"https:\/\/powstaniewielkopolskie.pl\/nowa\/wp-content\/uploads\/2025\/02\/18-bis.jpg\" alt=\"\" class=\"wp-image-10262\" srcset=\"https:\/\/powstaniewielkopolskie.pl\/nowa\/wp-content\/uploads\/2025\/02\/18-bis.jpg 411w, https:\/\/powstaniewielkopolskie.pl\/nowa\/wp-content\/uploads\/2025\/02\/18-bis-225x300.jpg 225w\" sizes=\"(max-width: 411px) 100vw, 411px\" \/><\/figure>\n\n\n\n<figure class=\"wp-block-image size-large\"><img loading=\"lazy\" decoding=\"async\" width=\"699\" height=\"524\" data-id=\"10261\" src=\"https:\/\/powstaniewielkopolskie.pl\/nowa\/wp-content\/uploads\/2025\/02\/21-bis.jpg\" alt=\"\" class=\"wp-image-10261\" srcset=\"https:\/\/powstaniewielkopolskie.pl\/nowa\/wp-content\/uploads\/2025\/02\/21-bis.jpg 699w, https:\/\/powstaniewielkopolskie.pl\/nowa\/wp-content\/uploads\/2025\/02\/21-bis-300x225.jpg 300w\" sizes=\"(max-width: 699px) 100vw, 699px\" \/><\/figure>\n<\/figure>\n\n\n\n<p><\/p>\n\n\n\n<p><strong>16 lutego 2025 r. <\/strong>&#8211; w Lgowie odby\u0142y si\u0119 uroczysto\u015bci w 156. rocznic\u0119 urodzin majora Zbigniewa Gorze\u0144skiego-Ostroroga \u2013 dow\u00f3dcy Frontu Po\u0142udniowego Powstania Wielkopolskiego oraz w 106. rocznic\u0119 rozejmu w Trewirze, ko\u0144cz\u0105cego zwyci\u0119skie Powstanie Wielkopolskie. W ko\u015bciele Narodzenia Naj\u015bwi\u0119tszej Marii Panny w Lgowie, odprawiona zosta\u0142a msza \u015bw. z ceremonia\u0142em wojskowym. Nabo\u017ce\u0144stwo odprawi\u0142 i homili\u0119 wyg\u0142osi\u0142 ksi\u0105dz proboszcz Przemys\u0142aw Kubiak. W uroczysto\u015bci wzi\u0119\u0142y udzia\u0142 delegacje: Sejmu Rzeczypospolitej Polskiej z pose\u0142 Lidi\u0105 Czechak, Powiatu Jaroci\u0144skiego ze starost\u0105 Mariuszem Stoleckim, w\u0142adz samorz\u0105dowych Miasta i Gminy \u017berk\u00f3w z burmistrzem Micha\u0142em Surm\u0105, Muzeum Adama Mickiewicza w \u015amie\u0142owie z kierownikiem Emilianem Pra\u0142atem, 33. Wielopoziomowej Dru\u017cyny Harcerskiej im. M. Kopernika w \u017berkowie z\u00a0druhn\u0105 Ew\u0105 Marek-Skib\u0105, Ko\u0142a \u017berk\u00f3w Towarzystwa Pami\u0119ci Powstania Wielkopolskiego z\u00a0prezesem Robertem Rogackim. Obecne by\u0142y r\u00f3wnie\u017c liczne poczty sztandarowe. Msz\u0119 zako\u0144czy\u0142o od\u015bpiewanie \u201eRoty\u201d. Nast\u0119pnie na przyko\u015bcielnym cmentarzu odby\u0142a si\u0119 uroczysto\u015b\u0107 w kwaterze Gorze\u0144skich i Skar\u017cy\u0144skich. Zgromadzone delegacje z\u0142o\u017cy\u0142y kwiaty i znicze na grobie dow\u00f3dcy Frontu Po\u0142udniowego Powstania Wielkopolskiego, a Kurkowe Bractwo Strzeleckie wystrza\u0142em armatnim odda\u0142o salw\u0119 honorow\u0105. Na zako\u0144czenie uroczysto\u015bci w wojskowej asy\u015bcie honorowej z\u0142o\u017cono kwiaty na mogile mieszka\u0144c\u00f3w Lgowa poleg\u0142ych w latach 1914-1920, za\u015b harcerze zapalili znicz pami\u0119ci. Organizatorami uroczysto\u015bci byli: Robert Rogacki \u2013 prezes Ko\u0142a TPPW \u017berk\u00f3w  i starszy chor\u0105\u017cy sztabowy Maciej Piekarski \u2013 Dow\u00f3dztwo 3. Skrzyd\u0142a Lotnictwa Transportowego w Powidzu, przy wsp\u00f3\u0142pracy z Urz\u0119dem Miasta i Gminy \u017berk\u00f3w oraz So\u0142ectwem Lg\u00f3w i G\u0119czew.<\/p>\n\n\n\n<p class=\"has-text-align-right\">Fot. Magdalena Urba\u0144ska-Szychta, Ewa Graczyk<\/p>\n<div data-animation=\"pulse\" data-icons-animation=\"no-animation\" data-overlay=\"on\" data-change-size=\"\" data-button-size=\"0.7\" style=\"font-size:0.7em;display:none;\" class=\"supsystic-social-sharing supsystic-social-sharing-package-flat supsystic-social-sharing-hide-on-homepage supsystic-social-sharing-content supsystic-social-sharing-content-align-center\" data-text=\"\"><a class=\"social-sharing-button sharer-flat sharer-flat-2 counter-standard digg\" target=\"_blank\" title=\"Digg\" href=\"http:\/\/digg.com\/submit?url=https%3A%2F%2Fpowstaniewielkopolskie.pl%2Fnowa%2F%3Fp%3D10258&title=Uroczysto%C5%9Bci+rocznicowe+w+Lgowie\" data-nid=\"8\" data-name=\"\" data-pid=\"1\" data-post-id=\"10258\" data-url=\"https:\/\/powstaniewielkopolskie.pl\/nowa\/wp-admin\/admin-ajax.php\" data-url=\"https:\/\/powstaniewielkopolskie.pl\/nowa\/wp-admin\/admin-ajax.php\" data-description=\"Uroczysto\u015bci rocznicowe w Lgowie\" rel=\"nofollow\"><i class=\"fa fa-fw fa-digg\"><\/i><div class=\"counter-wrap standard\"><span class=\"counter\">0<\/span><\/div><\/a><a class=\"social-sharing-button sharer-flat sharer-flat-2 counter-standard mail\" target=\"_blank\" title=\"Mail\" href=\"#\" data-nid=\"16\" data-name=\"\" data-pid=\"1\" data-post-id=\"10258\" data-url=\"https:\/\/powstaniewielkopolskie.pl\/nowa\/wp-admin\/admin-ajax.php\" data-url=\"https:\/\/powstaniewielkopolskie.pl\/nowa\/wp-admin\/admin-ajax.php\" data-description=\"Uroczysto\u015bci rocznicowe w Lgowie\" rel=\"nofollow\"><i class=\"fa fa-fw fa-envelope-o\"><\/i><div class=\"counter-wrap standard\"><span class=\"counter\">0<\/span><\/div><\/a><a class=\"social-sharing-button sharer-flat sharer-flat-2 counter-standard facebook\" target=\"_blank\" title=\"Facebook\" href=\"http:\/\/www.facebook.com\/sharer.php?u=https%3A%2F%2Fpowstaniewielkopolskie.pl%2Fnowa%2F%3Fp%3D10258\" data-nid=\"1\" data-name=\"\" data-pid=\"1\" data-post-id=\"10258\" data-url=\"https:\/\/powstaniewielkopolskie.pl\/nowa\/wp-admin\/admin-ajax.php\" data-url=\"https:\/\/powstaniewielkopolskie.pl\/nowa\/wp-admin\/admin-ajax.php\" data-description=\"Uroczysto\u015bci rocznicowe w Lgowie\" rel=\"nofollow\"><i class=\"fa fa-fw fa-facebook\"><\/i><div class=\"counter-wrap standard\"><span class=\"counter\">0<\/span><\/div><\/a><a class=\"social-sharing-button sharer-flat sharer-flat-2 counter-standard whatsapp\" target=\"_blank\" title=\"WhatsApp\" href=\"whatsapp:\/\/send?text=https%3A%2F%2Fpowstaniewielkopolskie.pl%2Fnowa%2F%3Fp%3D10258\" data-nid=\"18\" data-name=\"\" data-pid=\"1\" data-post-id=\"10258\" data-url=\"https:\/\/powstaniewielkopolskie.pl\/nowa\/wp-admin\/admin-ajax.php\" data-url=\"https:\/\/powstaniewielkopolskie.pl\/nowa\/wp-admin\/admin-ajax.php\" data-description=\"Uroczysto\u015bci rocznicowe w Lgowie\" rel=\"nofollow\"><i class=\"fa fa-fw fa-whatsapp\"><\/i><div class=\"counter-wrap standard\"><span class=\"counter\">0<\/span><\/div><\/a><a class=\"social-sharing-button sharer-flat sharer-flat-2 counter-standard twitter\" target=\"_blank\" title=\"Twitter\" href=\"https:\/\/twitter.com\/share?url=https%3A%2F%2Fpowstaniewielkopolskie.pl%2Fnowa%2F%3Fp%3D10258&text=Uroczysto%C5%9Bci+rocznicowe+w+Lgowie\" data-nid=\"2\" data-name=\"\" data-pid=\"1\" data-post-id=\"10258\" data-url=\"https:\/\/powstaniewielkopolskie.pl\/nowa\/wp-admin\/admin-ajax.php\" data-url=\"https:\/\/powstaniewielkopolskie.pl\/nowa\/wp-admin\/admin-ajax.php\" data-description=\"Uroczysto\u015bci rocznicowe w Lgowie\" rel=\"nofollow\"><i class=\"fa fa-fw fa-twitter\"><\/i><div class=\"counter-wrap standard\"><span class=\"counter\">0<\/span><\/div><\/a><a class=\"social-sharing-button sharer-flat sharer-flat-2 counter-standard googleplus\" target=\"_blank\" title=\"Google+\" href=\"https:\/\/plus.google.com\/share?url=https%3A%2F%2Fpowstaniewielkopolskie.pl%2Fnowa%2F%3Fp%3D10258\" data-nid=\"3\" data-name=\"\" data-pid=\"1\" data-post-id=\"10258\" data-url=\"https:\/\/powstaniewielkopolskie.pl\/nowa\/wp-admin\/admin-ajax.php\" data-url=\"https:\/\/powstaniewielkopolskie.pl\/nowa\/wp-admin\/admin-ajax.php\" data-description=\"Uroczysto\u015bci rocznicowe w Lgowie\" rel=\"nofollow\"><i class=\"fa fa-fw fa-google-plus\"><\/i><div class=\"counter-wrap standard\"><span class=\"counter\">0<\/span><\/div><\/a><\/div>","protected":false},"excerpt":{"rendered":"<p>16 lutego 2025 r. &#8211; w Lgowie odby\u0142y si\u0119 uroczysto\u015bci w 156. rocznic\u0119 urodzin majora Zbigniewa Gorze\u0144skiego-Ostroroga \u2013 dow\u00f3dcy Frontu Po\u0142udniowego Powstania Wielkopolskiego oraz w 106. rocznic\u0119 rozejmu w Trewirze, ko\u0144cz\u0105cego zwyci\u0119skie<a class=\"moretag\" href=\"https:\/\/powstaniewielkopolskie.pl\/nowa\/?p=10258\">Czytaj wi\u0119cej&#8230;<\/a><\/p>\n<div data-animation=\"pulse\" data-icons-animation=\"no-animation\" data-overlay=\"on\" data-change-size=\"\" data-button-size=\"0.7\" style=\"font-size:0.7em;display:none;\" class=\"supsystic-social-sharing supsystic-social-sharing-package-flat supsystic-social-sharing-hide-on-homepage supsystic-social-sharing-content supsystic-social-sharing-content-align-center\" data-text=\"\"><a class=\"social-sharing-button sharer-flat sharer-flat-2 counter-standard digg\" target=\"_blank\" title=\"Digg\" href=\"http:\/\/digg.com\/submit?url=https%3A%2F%2Fpowstaniewielkopolskie.pl%2Fnowa%2F%3Fp%3D10258&title=Uroczysto%C5%9Bci+rocznicowe+w+Lgowie\" data-nid=\"8\" data-name=\"\" data-pid=\"1\" data-post-id=\"10258\" data-url=\"https:\/\/powstaniewielkopolskie.pl\/nowa\/wp-admin\/admin-ajax.php\" data-url=\"https:\/\/powstaniewielkopolskie.pl\/nowa\/wp-admin\/admin-ajax.php\" data-description=\"Uroczysto\u015bci rocznicowe w Lgowie\" rel=\"nofollow\"><i class=\"fa fa-fw fa-digg\"><\/i><div class=\"counter-wrap standard\"><span class=\"counter\">0<\/span><\/div><\/a><a class=\"social-sharing-button sharer-flat sharer-flat-2 counter-standard mail\" target=\"_blank\" title=\"Mail\" href=\"#\" data-nid=\"16\" data-name=\"\" data-pid=\"1\" data-post-id=\"10258\" data-url=\"https:\/\/powstaniewielkopolskie.pl\/nowa\/wp-admin\/admin-ajax.php\" data-url=\"https:\/\/powstaniewielkopolskie.pl\/nowa\/wp-admin\/admin-ajax.php\" data-description=\"Uroczysto\u015bci rocznicowe w Lgowie\" rel=\"nofollow\"><i class=\"fa fa-fw fa-envelope-o\"><\/i><div class=\"counter-wrap standard\"><span class=\"counter\">0<\/span><\/div><\/a><a class=\"social-sharing-button sharer-flat sharer-flat-2 counter-standard facebook\" target=\"_blank\" title=\"Facebook\" href=\"http:\/\/www.facebook.com\/sharer.php?u=https%3A%2F%2Fpowstaniewielkopolskie.pl%2Fnowa%2F%3Fp%3D10258\" data-nid=\"1\" data-name=\"\" data-pid=\"1\" data-post-id=\"10258\" data-url=\"https:\/\/powstaniewielkopolskie.pl\/nowa\/wp-admin\/admin-ajax.php\" data-url=\"https:\/\/powstaniewielkopolskie.pl\/nowa\/wp-admin\/admin-ajax.php\" data-description=\"Uroczysto\u015bci rocznicowe w Lgowie\" rel=\"nofollow\"><i class=\"fa fa-fw fa-facebook\"><\/i><div class=\"counter-wrap standard\"><span class=\"counter\">0<\/span><\/div><\/a><a class=\"social-sharing-button sharer-flat sharer-flat-2 counter-standard whatsapp\" target=\"_blank\" title=\"WhatsApp\" href=\"whatsapp:\/\/send?text=https%3A%2F%2Fpowstaniewielkopolskie.pl%2Fnowa%2F%3Fp%3D10258\" data-nid=\"18\" data-name=\"\" data-pid=\"1\" data-post-id=\"10258\" data-url=\"https:\/\/powstaniewielkopolskie.pl\/nowa\/wp-admin\/admin-ajax.php\" data-url=\"https:\/\/powstaniewielkopolskie.pl\/nowa\/wp-admin\/admin-ajax.php\" data-description=\"Uroczysto\u015bci rocznicowe w Lgowie\" rel=\"nofollow\"><i class=\"fa fa-fw fa-whatsapp\"><\/i><div class=\"counter-wrap standard\"><span class=\"counter\">0<\/span><\/div><\/a><a class=\"social-sharing-button sharer-flat sharer-flat-2 counter-standard twitter\" target=\"_blank\" title=\"Twitter\" href=\"https:\/\/twitter.com\/share?url=https%3A%2F%2Fpowstaniewielkopolskie.pl%2Fnowa%2F%3Fp%3D10258&text=Uroczysto%C5%9Bci+rocznicowe+w+Lgowie\" data-nid=\"2\" data-name=\"\" data-pid=\"1\" data-post-id=\"10258\" data-url=\"https:\/\/powstaniewielkopolskie.pl\/nowa\/wp-admin\/admin-ajax.php\" data-url=\"https:\/\/powstaniewielkopolskie.pl\/nowa\/wp-admin\/admin-ajax.php\" data-description=\"Uroczysto\u015bci rocznicowe w Lgowie\" rel=\"nofollow\"><i class=\"fa fa-fw fa-twitter\"><\/i><div class=\"counter-wrap standard\"><span class=\"counter\">0<\/span><\/div><\/a><a class=\"social-sharing-button sharer-flat sharer-flat-2 counter-standard googleplus\" target=\"_blank\" title=\"Google+\" href=\"https:\/\/plus.google.com\/share?url=https%3A%2F%2Fpowstaniewielkopolskie.pl%2Fnowa%2F%3Fp%3D10258\" data-nid=\"3\" data-name=\"\" data-pid=\"1\" data-post-id=\"10258\" data-url=\"https:\/\/powstaniewielkopolskie.pl\/nowa\/wp-admin\/admin-ajax.php\" data-url=\"https:\/\/powstaniewielkopolskie.pl\/nowa\/wp-admin\/admin-ajax.php\" data-description=\"Uroczysto\u015bci rocznicowe w Lgowie\" rel=\"nofollow\"><i class=\"fa fa-fw fa-google-plus\"><\/i><div class=\"counter-wrap standard\"><span class=\"counter\">0<\/span><\/div><\/a><\/div>","protected":false},"author":4,"featured_media":10259,"comment_status":"closed","ping_status":"open","sticky":false,"template":"","format":"standard","meta":{"footnotes":""},"categories":[3],"tags":[],"_links":{"self":[{"href":"https:\/\/powstaniewielkopolskie.pl\/nowa\/index.php?rest_route=\/wp\/v2\/posts\/10258"}],"collection":[{"href":"https:\/\/powstaniewielkopolskie.pl\/nowa\/index.php?rest_route=\/wp\/v2\/posts"}],"about":[{"href":"https:\/\/powstaniewielkopolskie.pl\/nowa\/index.php?rest_route=\/wp\/v2\/types\/post"}],"author":[{"embeddable":true,"href":"https:\/\/powstaniewielkopolskie.pl\/nowa\/index.php?rest_route=\/wp\/v2\/users\/4"}],"replies":[{"embeddable":true,"href":"https:\/\/powstaniewielkopolskie.pl\/nowa\/index.php?rest_route=%2Fwp%2Fv2%2Fcomments&post=10258"}],"version-history":[{"count":1,"href":"https:\/\/powstaniewielkopolskie.pl\/nowa\/index.php?rest_route=\/wp\/v2\/posts\/10258\/revisions"}],"predecessor-version":[{"id":10263,"href":"https:\/\/powstaniewielkopolskie.pl\/nowa\/index.php?rest_route=\/wp\/v2\/posts\/10258\/revisions\/10263"}],"wp:featuredmedia":[{"embeddable":true,"href":"https:\/\/powstaniewielkopolskie.pl\/nowa\/index.php?rest_route=\/wp\/v2\/media\/10259"}],"wp:attachment":[{"href":"https:\/\/powstaniewielkopolskie.pl\/nowa\/index.php?rest_route=%2Fwp%2Fv2%2Fmedia&parent=10258"}],"wp:term":[{"taxonomy":"category","embeddable":true,"href":"https:\/\/powstaniewielkopolskie.pl\/nowa\/index.php?rest_route=%2Fwp%2Fv2%2Fcategories&post=10258"},{"taxonomy":"post_tag","embeddable":true,"href":"https:\/\/powstaniewielkopolskie.pl\/nowa\/index.php?rest_route=%2Fwp%2Fv2%2Ftags&post=10258"}],"curies":[{"name":"wp","href":"https:\/\/api.w.org\/{rel}","templated":true}]}}