{"id":10000,"date":"2025-01-13T13:27:00","date_gmt":"2025-01-13T12:27:00","guid":{"rendered":"https:\/\/powstaniewielkopolskie.pl\/nowa\/?p=10000"},"modified":"2025-01-13T13:27:02","modified_gmt":"2025-01-13T12:27:02","slug":"swarzedzkie-obchody-106-rocznicy-powstania-wielkopolskiego","status":"publish","type":"post","link":"https:\/\/powstaniewielkopolskie.pl\/nowa\/?p=10000","title":{"rendered":"Swarz\u0119dzkie obchody 106. rocznicy Powstania Wielkopolskiego"},"content":{"rendered":"\n<p><strong>12 stycznia 2025 r.<\/strong> &#8211; obchodzono 106. rocznic\u0119 odczytania przez przewodnicz\u0105cego swarz\u0119dzkiej Rady Ludowej &#8211; proboszcza swarz\u0119dzkiej parafii ks. Tadeusza Mroczkowskiego apelu, w kt\u00f3rym Naczelna Rada Ludowa, wezwa\u0142a Polak\u00f3w do pomocy walcz\u0105cym Powsta\u0144com. Podczas niedzielnych mszy \u015bw. w ko\u015bciele pw. \u015bw. Marcina zosta\u0142 przypomniany apel, kt\u00f3ry 12 stycznia 1919 roku og\u0142osi\u0142 ks. T. Mroczkowski. Po mszy obecny proboszcz ks. Aleksander Brzezi\u0144ski wraz z cz\u0142onkami Ko\u0142a Towarzystwa Pami\u0119ci Powstania Wielkopolskiego 1918\/1919 oraz zgromadzonymi mieszka\u0144cami Swarz\u0119dza, odm\u00f3wili modlitw\u0119, a przed tablic\u0105 upami\u0119tniaj\u0105c\u0105 le\u017c\u0105cych na cmentarzu swi\u0119tomarci\u0144skim Powsta\u0144c\u00f3w zosta\u0142y zapalone pami\u0105tkowe znicze.<\/p>\n\n\n\n<p class=\"has-text-align-right\">Fot. Ko\u0142o TPPW Swarz\u0119dz<\/p>\n\n\n\n<p>Pe\u0142na relacja: <a href=\"https:\/\/powstaniewielkopolskie.pl\/nowa\/?page_id=132\">Z dzia\u0142alno\u015bci K\u00f3\u0142 i Klub\u00f3w M\u0142odzie\u017cowych \u2013 Towarzystwo Pami\u0119ci Powstania Wielkopolskiego 1918\/1919<\/a><\/p>\n<div data-animation=\"pulse\" data-icons-animation=\"no-animation\" data-overlay=\"on\" data-change-size=\"\" data-button-size=\"0.7\" style=\"font-size:0.7em;display:none;\" class=\"supsystic-social-sharing supsystic-social-sharing-package-flat supsystic-social-sharing-hide-on-homepage supsystic-social-sharing-content supsystic-social-sharing-content-align-center\" data-text=\"\"><a class=\"social-sharing-button sharer-flat sharer-flat-2 counter-standard digg\" target=\"_blank\" title=\"Digg\" href=\"http:\/\/digg.com\/submit?url=https%3A%2F%2Fpowstaniewielkopolskie.pl%2Fnowa%2F%3Fp%3D10000&title=Swarz%C4%99dzkie+obchody+106.+rocznicy+Powstania+Wielkopolskiego\" data-nid=\"8\" data-name=\"\" data-pid=\"1\" data-post-id=\"10000\" data-url=\"https:\/\/powstaniewielkopolskie.pl\/nowa\/wp-admin\/admin-ajax.php\" data-url=\"https:\/\/powstaniewielkopolskie.pl\/nowa\/wp-admin\/admin-ajax.php\" data-description=\"Swarz\u0119dzkie obchody 106. rocznicy Powstania Wielkopolskiego\" rel=\"nofollow\"><i class=\"fa fa-fw fa-digg\"><\/i><div class=\"counter-wrap standard\"><span class=\"counter\">0<\/span><\/div><\/a><a class=\"social-sharing-button sharer-flat sharer-flat-2 counter-standard mail\" target=\"_blank\" title=\"Mail\" href=\"#\" data-nid=\"16\" data-name=\"\" data-pid=\"1\" data-post-id=\"10000\" data-url=\"https:\/\/powstaniewielkopolskie.pl\/nowa\/wp-admin\/admin-ajax.php\" data-url=\"https:\/\/powstaniewielkopolskie.pl\/nowa\/wp-admin\/admin-ajax.php\" data-description=\"Swarz\u0119dzkie obchody 106. rocznicy Powstania Wielkopolskiego\" rel=\"nofollow\"><i class=\"fa fa-fw fa-envelope-o\"><\/i><div class=\"counter-wrap standard\"><span class=\"counter\">0<\/span><\/div><\/a><a class=\"social-sharing-button sharer-flat sharer-flat-2 counter-standard facebook\" target=\"_blank\" title=\"Facebook\" href=\"http:\/\/www.facebook.com\/sharer.php?u=https%3A%2F%2Fpowstaniewielkopolskie.pl%2Fnowa%2F%3Fp%3D10000\" data-nid=\"1\" data-name=\"\" data-pid=\"1\" data-post-id=\"10000\" data-url=\"https:\/\/powstaniewielkopolskie.pl\/nowa\/wp-admin\/admin-ajax.php\" data-url=\"https:\/\/powstaniewielkopolskie.pl\/nowa\/wp-admin\/admin-ajax.php\" data-description=\"Swarz\u0119dzkie obchody 106. rocznicy Powstania Wielkopolskiego\" rel=\"nofollow\"><i class=\"fa fa-fw fa-facebook\"><\/i><div class=\"counter-wrap standard\"><span class=\"counter\">0<\/span><\/div><\/a><a class=\"social-sharing-button sharer-flat sharer-flat-2 counter-standard whatsapp\" target=\"_blank\" title=\"WhatsApp\" href=\"whatsapp:\/\/send?text=https%3A%2F%2Fpowstaniewielkopolskie.pl%2Fnowa%2F%3Fp%3D10000\" data-nid=\"18\" data-name=\"\" data-pid=\"1\" data-post-id=\"10000\" data-url=\"https:\/\/powstaniewielkopolskie.pl\/nowa\/wp-admin\/admin-ajax.php\" data-url=\"https:\/\/powstaniewielkopolskie.pl\/nowa\/wp-admin\/admin-ajax.php\" data-description=\"Swarz\u0119dzkie obchody 106. rocznicy Powstania Wielkopolskiego\" rel=\"nofollow\"><i class=\"fa fa-fw fa-whatsapp\"><\/i><div class=\"counter-wrap standard\"><span class=\"counter\">0<\/span><\/div><\/a><a class=\"social-sharing-button sharer-flat sharer-flat-2 counter-standard twitter\" target=\"_blank\" title=\"Twitter\" href=\"https:\/\/twitter.com\/share?url=https%3A%2F%2Fpowstaniewielkopolskie.pl%2Fnowa%2F%3Fp%3D10000&text=Swarz%C4%99dzkie+obchody+106.+rocznicy+Powstania+Wielkopolskiego\" data-nid=\"2\" data-name=\"\" data-pid=\"1\" data-post-id=\"10000\" data-url=\"https:\/\/powstaniewielkopolskie.pl\/nowa\/wp-admin\/admin-ajax.php\" data-url=\"https:\/\/powstaniewielkopolskie.pl\/nowa\/wp-admin\/admin-ajax.php\" data-description=\"Swarz\u0119dzkie obchody 106. rocznicy Powstania Wielkopolskiego\" rel=\"nofollow\"><i class=\"fa fa-fw fa-twitter\"><\/i><div class=\"counter-wrap standard\"><span class=\"counter\">0<\/span><\/div><\/a><a class=\"social-sharing-button sharer-flat sharer-flat-2 counter-standard googleplus\" target=\"_blank\" title=\"Google+\" href=\"https:\/\/plus.google.com\/share?url=https%3A%2F%2Fpowstaniewielkopolskie.pl%2Fnowa%2F%3Fp%3D10000\" data-nid=\"3\" data-name=\"\" data-pid=\"1\" data-post-id=\"10000\" data-url=\"https:\/\/powstaniewielkopolskie.pl\/nowa\/wp-admin\/admin-ajax.php\" data-url=\"https:\/\/powstaniewielkopolskie.pl\/nowa\/wp-admin\/admin-ajax.php\" data-description=\"Swarz\u0119dzkie obchody 106. rocznicy Powstania Wielkopolskiego\" rel=\"nofollow\"><i class=\"fa fa-fw fa-google-plus\"><\/i><div class=\"counter-wrap standard\"><span class=\"counter\">0<\/span><\/div><\/a><\/div>","protected":false},"excerpt":{"rendered":"<p>12 stycznia 2025 r. &#8211; obchodzono 106. rocznic\u0119 odczytania przez przewodnicz\u0105cego swarz\u0119dzkiej Rady Ludowej &#8211; proboszcza swarz\u0119dzkiej parafii ks. Tadeusza Mroczkowskiego apelu, w kt\u00f3rym Naczelna Rada Ludowa, wezwa\u0142a Polak\u00f3w do pomocy walcz\u0105cym<a class=\"moretag\" href=\"https:\/\/powstaniewielkopolskie.pl\/nowa\/?p=10000\">Czytaj wi\u0119cej&#8230;<\/a><\/p>\n<div data-animation=\"pulse\" data-icons-animation=\"no-animation\" data-overlay=\"on\" data-change-size=\"\" data-button-size=\"0.7\" style=\"font-size:0.7em;display:none;\" class=\"supsystic-social-sharing supsystic-social-sharing-package-flat supsystic-social-sharing-hide-on-homepage supsystic-social-sharing-content supsystic-social-sharing-content-align-center\" data-text=\"\"><a class=\"social-sharing-button sharer-flat sharer-flat-2 counter-standard digg\" target=\"_blank\" title=\"Digg\" href=\"http:\/\/digg.com\/submit?url=https%3A%2F%2Fpowstaniewielkopolskie.pl%2Fnowa%2F%3Fp%3D10000&title=Swarz%C4%99dzkie+obchody+106.+rocznicy+Powstania+Wielkopolskiego\" data-nid=\"8\" data-name=\"\" data-pid=\"1\" data-post-id=\"10000\" data-url=\"https:\/\/powstaniewielkopolskie.pl\/nowa\/wp-admin\/admin-ajax.php\" data-url=\"https:\/\/powstaniewielkopolskie.pl\/nowa\/wp-admin\/admin-ajax.php\" data-description=\"Swarz\u0119dzkie obchody 106. rocznicy Powstania Wielkopolskiego\" rel=\"nofollow\"><i class=\"fa fa-fw fa-digg\"><\/i><div class=\"counter-wrap standard\"><span class=\"counter\">0<\/span><\/div><\/a><a class=\"social-sharing-button sharer-flat sharer-flat-2 counter-standard mail\" target=\"_blank\" title=\"Mail\" href=\"#\" data-nid=\"16\" data-name=\"\" data-pid=\"1\" data-post-id=\"10000\" data-url=\"https:\/\/powstaniewielkopolskie.pl\/nowa\/wp-admin\/admin-ajax.php\" data-url=\"https:\/\/powstaniewielkopolskie.pl\/nowa\/wp-admin\/admin-ajax.php\" data-description=\"Swarz\u0119dzkie obchody 106. rocznicy Powstania Wielkopolskiego\" rel=\"nofollow\"><i class=\"fa fa-fw fa-envelope-o\"><\/i><div class=\"counter-wrap standard\"><span class=\"counter\">0<\/span><\/div><\/a><a class=\"social-sharing-button sharer-flat sharer-flat-2 counter-standard facebook\" target=\"_blank\" title=\"Facebook\" href=\"http:\/\/www.facebook.com\/sharer.php?u=https%3A%2F%2Fpowstaniewielkopolskie.pl%2Fnowa%2F%3Fp%3D10000\" data-nid=\"1\" data-name=\"\" data-pid=\"1\" data-post-id=\"10000\" data-url=\"https:\/\/powstaniewielkopolskie.pl\/nowa\/wp-admin\/admin-ajax.php\" data-url=\"https:\/\/powstaniewielkopolskie.pl\/nowa\/wp-admin\/admin-ajax.php\" data-description=\"Swarz\u0119dzkie obchody 106. rocznicy Powstania Wielkopolskiego\" rel=\"nofollow\"><i class=\"fa fa-fw fa-facebook\"><\/i><div class=\"counter-wrap standard\"><span class=\"counter\">0<\/span><\/div><\/a><a class=\"social-sharing-button sharer-flat sharer-flat-2 counter-standard whatsapp\" target=\"_blank\" title=\"WhatsApp\" href=\"whatsapp:\/\/send?text=https%3A%2F%2Fpowstaniewielkopolskie.pl%2Fnowa%2F%3Fp%3D10000\" data-nid=\"18\" data-name=\"\" data-pid=\"1\" data-post-id=\"10000\" data-url=\"https:\/\/powstaniewielkopolskie.pl\/nowa\/wp-admin\/admin-ajax.php\" data-url=\"https:\/\/powstaniewielkopolskie.pl\/nowa\/wp-admin\/admin-ajax.php\" data-description=\"Swarz\u0119dzkie obchody 106. rocznicy Powstania Wielkopolskiego\" rel=\"nofollow\"><i class=\"fa fa-fw fa-whatsapp\"><\/i><div class=\"counter-wrap standard\"><span class=\"counter\">0<\/span><\/div><\/a><a class=\"social-sharing-button sharer-flat sharer-flat-2 counter-standard twitter\" target=\"_blank\" title=\"Twitter\" href=\"https:\/\/twitter.com\/share?url=https%3A%2F%2Fpowstaniewielkopolskie.pl%2Fnowa%2F%3Fp%3D10000&text=Swarz%C4%99dzkie+obchody+106.+rocznicy+Powstania+Wielkopolskiego\" data-nid=\"2\" data-name=\"\" data-pid=\"1\" data-post-id=\"10000\" data-url=\"https:\/\/powstaniewielkopolskie.pl\/nowa\/wp-admin\/admin-ajax.php\" data-url=\"https:\/\/powstaniewielkopolskie.pl\/nowa\/wp-admin\/admin-ajax.php\" data-description=\"Swarz\u0119dzkie obchody 106. rocznicy Powstania Wielkopolskiego\" rel=\"nofollow\"><i class=\"fa fa-fw fa-twitter\"><\/i><div class=\"counter-wrap standard\"><span class=\"counter\">0<\/span><\/div><\/a><a class=\"social-sharing-button sharer-flat sharer-flat-2 counter-standard googleplus\" target=\"_blank\" title=\"Google+\" href=\"https:\/\/plus.google.com\/share?url=https%3A%2F%2Fpowstaniewielkopolskie.pl%2Fnowa%2F%3Fp%3D10000\" data-nid=\"3\" data-name=\"\" data-pid=\"1\" data-post-id=\"10000\" data-url=\"https:\/\/powstaniewielkopolskie.pl\/nowa\/wp-admin\/admin-ajax.php\" data-url=\"https:\/\/powstaniewielkopolskie.pl\/nowa\/wp-admin\/admin-ajax.php\" data-description=\"Swarz\u0119dzkie obchody 106. rocznicy Powstania Wielkopolskiego\" rel=\"nofollow\"><i class=\"fa fa-fw fa-google-plus\"><\/i><div class=\"counter-wrap standard\"><span class=\"counter\">0<\/span><\/div><\/a><\/div>","protected":false},"author":4,"featured_media":10001,"comment_status":"closed","ping_status":"open","sticky":false,"template":"","format":"standard","meta":{"footnotes":""},"categories":[3],"tags":[],"_links":{"self":[{"href":"https:\/\/powstaniewielkopolskie.pl\/nowa\/index.php?rest_route=\/wp\/v2\/posts\/10000"}],"collection":[{"href":"https:\/\/powstaniewielkopolskie.pl\/nowa\/index.php?rest_route=\/wp\/v2\/posts"}],"about":[{"href":"https:\/\/powstaniewielkopolskie.pl\/nowa\/index.php?rest_route=\/wp\/v2\/types\/post"}],"author":[{"embeddable":true,"href":"https:\/\/powstaniewielkopolskie.pl\/nowa\/index.php?rest_route=\/wp\/v2\/users\/4"}],"replies":[{"embeddable":true,"href":"https:\/\/powstaniewielkopolskie.pl\/nowa\/index.php?rest_route=%2Fwp%2Fv2%2Fcomments&post=10000"}],"version-history":[{"count":1,"href":"https:\/\/powstaniewielkopolskie.pl\/nowa\/index.php?rest_route=\/wp\/v2\/posts\/10000\/revisions"}],"predecessor-version":[{"id":10002,"href":"https:\/\/powstaniewielkopolskie.pl\/nowa\/index.php?rest_route=\/wp\/v2\/posts\/10000\/revisions\/10002"}],"wp:featuredmedia":[{"embeddable":true,"href":"https:\/\/powstaniewielkopolskie.pl\/nowa\/index.php?rest_route=\/wp\/v2\/media\/10001"}],"wp:attachment":[{"href":"https:\/\/powstaniewielkopolskie.pl\/nowa\/index.php?rest_route=%2Fwp%2Fv2%2Fmedia&parent=10000"}],"wp:term":[{"taxonomy":"category","embeddable":true,"href":"https:\/\/powstaniewielkopolskie.pl\/nowa\/index.php?rest_route=%2Fwp%2Fv2%2Fcategories&post=10000"},{"taxonomy":"post_tag","embeddable":true,"href":"https:\/\/powstaniewielkopolskie.pl\/nowa\/index.php?rest_route=%2Fwp%2Fv2%2Ftags&post=10000"}],"curies":[{"name":"wp","href":"https:\/\/api.w.org\/{rel}","templated":true}]}}