{"id":9977,"date":"2025-01-09T12:36:58","date_gmt":"2025-01-09T11:36:58","guid":{"rendered":"https:\/\/powstaniewielkopolskie.pl\/nowa\/?p=9977"},"modified":"2025-01-09T12:37:00","modified_gmt":"2025-01-09T11:37:00","slug":"prelekcja-o-powstancach-pionierach-gorzowa-wielkopolskiego","status":"publish","type":"post","link":"http:\/\/powstaniewielkopolskie.pl\/nowa\/?p=9977","title":{"rendered":"Prelekcja o Powsta\u0144cach &#8211; Pionierach Gorzowa Wielkopolskiego"},"content":{"rendered":"\n<figure class=\"wp-block-gallery has-nested-images columns-default is-cropped wp-block-gallery-1 is-layout-flex wp-block-gallery-is-layout-flex\">\n<figure class=\"wp-block-image size-large\"><img loading=\"lazy\" decoding=\"async\" width=\"246\" height=\"328\" data-id=\"9979\" src=\"https:\/\/powstaniewielkopolskie.pl\/nowa\/wp-content\/uploads\/2025\/01\/20250108_165003-bis-rotated.jpg\" alt=\"\" class=\"wp-image-9979\" srcset=\"http:\/\/powstaniewielkopolskie.pl\/nowa\/wp-content\/uploads\/2025\/01\/20250108_165003-bis-rotated.jpg 246w, http:\/\/powstaniewielkopolskie.pl\/nowa\/wp-content\/uploads\/2025\/01\/20250108_165003-bis-225x300.jpg 225w\" sizes=\"(max-width: 246px) 100vw, 246px\" \/><\/figure>\n\n\n\n<figure class=\"wp-block-image size-large\"><img loading=\"lazy\" decoding=\"async\" width=\"246\" height=\"328\" data-id=\"9980\" src=\"https:\/\/powstaniewielkopolskie.pl\/nowa\/wp-content\/uploads\/2025\/01\/20250108_165011-bis-rotated.jpg\" alt=\"\" class=\"wp-image-9980\" srcset=\"http:\/\/powstaniewielkopolskie.pl\/nowa\/wp-content\/uploads\/2025\/01\/20250108_165011-bis-rotated.jpg 246w, http:\/\/powstaniewielkopolskie.pl\/nowa\/wp-content\/uploads\/2025\/01\/20250108_165011-bis-225x300.jpg 225w\" sizes=\"(max-width: 246px) 100vw, 246px\" \/><\/figure>\n<\/figure>\n\n\n\n<p><\/p>\n\n\n\n<p class=\"has-text-align-left\"><strong>8 stycznia 2025 r.<\/strong> &#8211; w willi Muzeum Lubuskiego im. Jana Dekerta przy ul. Warszawskiej odby\u0142a si\u0119 prelekcja w ramach cyklu \u201eGorzowskie Konwersatoria Muzealne\u201d . Podczas blisko dwugodzinnego wyk\u0142adu przedstawiona zosta\u0142a historia Powsta\u0144c\u00f3w Wielkopolskich, kt\u00f3rzy po II wojnie \u015bwiatowej osiedlili si\u0119 w Gorzowie Wielkopolskim oraz kultywowanie tradycji powsta\u0144czych przez pr\u0119\u017cnie dzia\u0142aj\u0105ce gorzowskie ko\u0142o Zwi\u0105zku Powsta\u0144c\u00f3w Wielkopolskich. W oparciu o bogaty materia\u0142 \u017ar\u00f3d\u0142owy przybli\u017cone zosta\u0142y losy gorzowskich Powsta\u0144c\u00f3w, kt\u00f3rych cz\u0119\u015b\u0107 na prze\u0142omie lat 40-tych i 50-tych, w okresie stalinizmu dotyka\u0142y represje w\u0142adz komunistycznych. Wa\u017cn\u0105 cz\u0119\u015b\u0107 wyk\u0142adu stanowi\u0142o pokazanie dorobku Powsta\u0144c\u00f3w na rzecz Miasta i regionu, a tak\u017ce informacje dot. miejsc upami\u0119tnienia uczestnik\u00f3w Powstania Wielkopolskiego w Gorzowie Wielkopolskim, Skwierzynie, Witnicy, Starym Polichnie i Zdroisku.<\/p>\n\n\n\n<p class=\"has-text-align-right\"> Fot. Micha\u0142 Klisi\u0144ski<\/p>\n\n\n\n<p>Pe\u0142na relacja: <a href=\"https:\/\/powstaniewielkopolskie.pl\/nowa\/?page_id=132\">Z dzia\u0142alno\u015bci K\u00f3\u0142 i Klub\u00f3w M\u0142odzie\u017cowych \u2013 Towarzystwo Pami\u0119ci Powstania Wielkopolskiego 1918\/1919<\/a><\/p>\n<div data-animation=\"pulse\" data-icons-animation=\"no-animation\" data-overlay=\"on\" data-change-size=\"\" data-button-size=\"0.7\" style=\"font-size:0.7em;display:none;\" class=\"supsystic-social-sharing supsystic-social-sharing-package-flat supsystic-social-sharing-hide-on-homepage supsystic-social-sharing-content supsystic-social-sharing-content-align-center\" data-text=\"\"><a class=\"social-sharing-button sharer-flat sharer-flat-2 counter-standard digg\" target=\"_blank\" title=\"Digg\" href=\"http:\/\/digg.com\/submit?url=http%3A%2F%2Fpowstaniewielkopolskie.pl%2Fnowa%2F%3Fp%3D9977&title=Prelekcja+o+Powsta%C5%84cach+%26%238211%3B+Pionierach+Gorzowa+Wielkopolskiego\" data-nid=\"8\" data-name=\"\" data-pid=\"1\" data-post-id=\"9977\" data-url=\"http:\/\/powstaniewielkopolskie.pl\/nowa\/wp-admin\/admin-ajax.php\" data-url=\"http:\/\/powstaniewielkopolskie.pl\/nowa\/wp-admin\/admin-ajax.php\" data-description=\"Prelekcja o Powsta\u0144cach - Pionierach Gorzowa Wielkopolskiego\" rel=\"nofollow\"><i class=\"fa fa-fw fa-digg\"><\/i><div class=\"counter-wrap standard\"><span class=\"counter\">0<\/span><\/div><\/a><a class=\"social-sharing-button sharer-flat sharer-flat-2 counter-standard mail\" target=\"_blank\" title=\"Mail\" href=\"#\" data-nid=\"16\" data-name=\"\" data-pid=\"1\" data-post-id=\"9977\" data-url=\"http:\/\/powstaniewielkopolskie.pl\/nowa\/wp-admin\/admin-ajax.php\" data-url=\"http:\/\/powstaniewielkopolskie.pl\/nowa\/wp-admin\/admin-ajax.php\" data-description=\"Prelekcja o Powsta\u0144cach - Pionierach Gorzowa Wielkopolskiego\" rel=\"nofollow\"><i class=\"fa fa-fw fa-envelope-o\"><\/i><div class=\"counter-wrap standard\"><span class=\"counter\">0<\/span><\/div><\/a><a class=\"social-sharing-button sharer-flat sharer-flat-2 counter-standard facebook\" target=\"_blank\" title=\"Facebook\" href=\"http:\/\/www.facebook.com\/sharer.php?u=http%3A%2F%2Fpowstaniewielkopolskie.pl%2Fnowa%2F%3Fp%3D9977\" data-nid=\"1\" data-name=\"\" data-pid=\"1\" data-post-id=\"9977\" data-url=\"http:\/\/powstaniewielkopolskie.pl\/nowa\/wp-admin\/admin-ajax.php\" data-url=\"http:\/\/powstaniewielkopolskie.pl\/nowa\/wp-admin\/admin-ajax.php\" data-description=\"Prelekcja o Powsta\u0144cach - Pionierach Gorzowa Wielkopolskiego\" rel=\"nofollow\"><i class=\"fa fa-fw fa-facebook\"><\/i><div class=\"counter-wrap standard\"><span class=\"counter\">0<\/span><\/div><\/a><a class=\"social-sharing-button sharer-flat sharer-flat-2 counter-standard whatsapp\" target=\"_blank\" title=\"WhatsApp\" href=\"whatsapp:\/\/send?text=http%3A%2F%2Fpowstaniewielkopolskie.pl%2Fnowa%2F%3Fp%3D9977\" data-nid=\"18\" data-name=\"\" data-pid=\"1\" data-post-id=\"9977\" data-url=\"http:\/\/powstaniewielkopolskie.pl\/nowa\/wp-admin\/admin-ajax.php\" data-url=\"http:\/\/powstaniewielkopolskie.pl\/nowa\/wp-admin\/admin-ajax.php\" data-description=\"Prelekcja o Powsta\u0144cach - Pionierach Gorzowa Wielkopolskiego\" rel=\"nofollow\"><i class=\"fa fa-fw fa-whatsapp\"><\/i><div class=\"counter-wrap standard\"><span class=\"counter\">0<\/span><\/div><\/a><a class=\"social-sharing-button sharer-flat sharer-flat-2 counter-standard twitter\" target=\"_blank\" title=\"Twitter\" href=\"https:\/\/twitter.com\/share?url=http%3A%2F%2Fpowstaniewielkopolskie.pl%2Fnowa%2F%3Fp%3D9977&text=Prelekcja+o+Powsta%C5%84cach+%26%238211%3B+Pionierach+Gorzowa+Wielkopolskiego\" data-nid=\"2\" data-name=\"\" data-pid=\"1\" data-post-id=\"9977\" data-url=\"http:\/\/powstaniewielkopolskie.pl\/nowa\/wp-admin\/admin-ajax.php\" data-url=\"http:\/\/powstaniewielkopolskie.pl\/nowa\/wp-admin\/admin-ajax.php\" data-description=\"Prelekcja o Powsta\u0144cach - Pionierach Gorzowa Wielkopolskiego\" rel=\"nofollow\"><i class=\"fa fa-fw fa-twitter\"><\/i><div class=\"counter-wrap standard\"><span class=\"counter\">0<\/span><\/div><\/a><a class=\"social-sharing-button sharer-flat sharer-flat-2 counter-standard googleplus\" target=\"_blank\" title=\"Google+\" href=\"https:\/\/plus.google.com\/share?url=http%3A%2F%2Fpowstaniewielkopolskie.pl%2Fnowa%2F%3Fp%3D9977\" data-nid=\"3\" data-name=\"\" data-pid=\"1\" data-post-id=\"9977\" data-url=\"http:\/\/powstaniewielkopolskie.pl\/nowa\/wp-admin\/admin-ajax.php\" data-url=\"http:\/\/powstaniewielkopolskie.pl\/nowa\/wp-admin\/admin-ajax.php\" data-description=\"Prelekcja o Powsta\u0144cach - Pionierach Gorzowa Wielkopolskiego\" rel=\"nofollow\"><i class=\"fa fa-fw fa-google-plus\"><\/i><div class=\"counter-wrap standard\"><span class=\"counter\">0<\/span><\/div><\/a><\/div>","protected":false},"excerpt":{"rendered":"<p>8 stycznia 2025 r. &#8211; w willi Muzeum Lubuskiego im. Jana Dekerta przy ul. Warszawskiej odby\u0142a si\u0119 prelekcja w ramach cyklu \u201eGorzowskie Konwersatoria Muzealne\u201d . Podczas blisko dwugodzinnego wyk\u0142adu przedstawiona zosta\u0142a historia<a class=\"moretag\" href=\"http:\/\/powstaniewielkopolskie.pl\/nowa\/?p=9977\">Czytaj wi\u0119cej&#8230;<\/a><\/p>\n<div data-animation=\"pulse\" data-icons-animation=\"no-animation\" data-overlay=\"on\" data-change-size=\"\" data-button-size=\"0.7\" style=\"font-size:0.7em;display:none;\" class=\"supsystic-social-sharing supsystic-social-sharing-package-flat supsystic-social-sharing-hide-on-homepage supsystic-social-sharing-content supsystic-social-sharing-content-align-center\" data-text=\"\"><a class=\"social-sharing-button sharer-flat sharer-flat-2 counter-standard digg\" target=\"_blank\" title=\"Digg\" href=\"http:\/\/digg.com\/submit?url=http%3A%2F%2Fpowstaniewielkopolskie.pl%2Fnowa%2F%3Fp%3D9977&title=Prelekcja+o+Powsta%C5%84cach+%26%238211%3B+Pionierach+Gorzowa+Wielkopolskiego\" data-nid=\"8\" data-name=\"\" data-pid=\"1\" data-post-id=\"9977\" data-url=\"http:\/\/powstaniewielkopolskie.pl\/nowa\/wp-admin\/admin-ajax.php\" data-url=\"http:\/\/powstaniewielkopolskie.pl\/nowa\/wp-admin\/admin-ajax.php\" data-description=\"Prelekcja o Powsta\u0144cach - Pionierach Gorzowa Wielkopolskiego\" rel=\"nofollow\"><i class=\"fa fa-fw fa-digg\"><\/i><div class=\"counter-wrap standard\"><span class=\"counter\">0<\/span><\/div><\/a><a class=\"social-sharing-button sharer-flat sharer-flat-2 counter-standard mail\" target=\"_blank\" title=\"Mail\" href=\"#\" data-nid=\"16\" data-name=\"\" data-pid=\"1\" data-post-id=\"9977\" data-url=\"http:\/\/powstaniewielkopolskie.pl\/nowa\/wp-admin\/admin-ajax.php\" data-url=\"http:\/\/powstaniewielkopolskie.pl\/nowa\/wp-admin\/admin-ajax.php\" data-description=\"Prelekcja o Powsta\u0144cach - Pionierach Gorzowa Wielkopolskiego\" rel=\"nofollow\"><i class=\"fa fa-fw fa-envelope-o\"><\/i><div class=\"counter-wrap standard\"><span class=\"counter\">0<\/span><\/div><\/a><a class=\"social-sharing-button sharer-flat sharer-flat-2 counter-standard facebook\" target=\"_blank\" title=\"Facebook\" href=\"http:\/\/www.facebook.com\/sharer.php?u=http%3A%2F%2Fpowstaniewielkopolskie.pl%2Fnowa%2F%3Fp%3D9977\" data-nid=\"1\" data-name=\"\" data-pid=\"1\" data-post-id=\"9977\" data-url=\"http:\/\/powstaniewielkopolskie.pl\/nowa\/wp-admin\/admin-ajax.php\" data-url=\"http:\/\/powstaniewielkopolskie.pl\/nowa\/wp-admin\/admin-ajax.php\" data-description=\"Prelekcja o Powsta\u0144cach - Pionierach Gorzowa Wielkopolskiego\" rel=\"nofollow\"><i class=\"fa fa-fw fa-facebook\"><\/i><div class=\"counter-wrap standard\"><span class=\"counter\">0<\/span><\/div><\/a><a class=\"social-sharing-button sharer-flat sharer-flat-2 counter-standard whatsapp\" target=\"_blank\" title=\"WhatsApp\" href=\"whatsapp:\/\/send?text=http%3A%2F%2Fpowstaniewielkopolskie.pl%2Fnowa%2F%3Fp%3D9977\" data-nid=\"18\" data-name=\"\" data-pid=\"1\" data-post-id=\"9977\" data-url=\"http:\/\/powstaniewielkopolskie.pl\/nowa\/wp-admin\/admin-ajax.php\" data-url=\"http:\/\/powstaniewielkopolskie.pl\/nowa\/wp-admin\/admin-ajax.php\" data-description=\"Prelekcja o Powsta\u0144cach - Pionierach Gorzowa Wielkopolskiego\" rel=\"nofollow\"><i class=\"fa fa-fw fa-whatsapp\"><\/i><div class=\"counter-wrap standard\"><span class=\"counter\">0<\/span><\/div><\/a><a class=\"social-sharing-button sharer-flat sharer-flat-2 counter-standard twitter\" target=\"_blank\" title=\"Twitter\" href=\"https:\/\/twitter.com\/share?url=http%3A%2F%2Fpowstaniewielkopolskie.pl%2Fnowa%2F%3Fp%3D9977&text=Prelekcja+o+Powsta%C5%84cach+%26%238211%3B+Pionierach+Gorzowa+Wielkopolskiego\" data-nid=\"2\" data-name=\"\" data-pid=\"1\" data-post-id=\"9977\" data-url=\"http:\/\/powstaniewielkopolskie.pl\/nowa\/wp-admin\/admin-ajax.php\" data-url=\"http:\/\/powstaniewielkopolskie.pl\/nowa\/wp-admin\/admin-ajax.php\" data-description=\"Prelekcja o Powsta\u0144cach - Pionierach Gorzowa Wielkopolskiego\" rel=\"nofollow\"><i class=\"fa fa-fw fa-twitter\"><\/i><div class=\"counter-wrap standard\"><span class=\"counter\">0<\/span><\/div><\/a><a class=\"social-sharing-button sharer-flat sharer-flat-2 counter-standard googleplus\" target=\"_blank\" title=\"Google+\" href=\"https:\/\/plus.google.com\/share?url=http%3A%2F%2Fpowstaniewielkopolskie.pl%2Fnowa%2F%3Fp%3D9977\" data-nid=\"3\" data-name=\"\" data-pid=\"1\" data-post-id=\"9977\" data-url=\"http:\/\/powstaniewielkopolskie.pl\/nowa\/wp-admin\/admin-ajax.php\" data-url=\"http:\/\/powstaniewielkopolskie.pl\/nowa\/wp-admin\/admin-ajax.php\" data-description=\"Prelekcja o Powsta\u0144cach - Pionierach Gorzowa Wielkopolskiego\" rel=\"nofollow\"><i class=\"fa fa-fw fa-google-plus\"><\/i><div class=\"counter-wrap standard\"><span class=\"counter\">0<\/span><\/div><\/a><\/div>","protected":false},"author":4,"featured_media":9978,"comment_status":"closed","ping_status":"open","sticky":false,"template":"","format":"standard","meta":{"footnotes":""},"categories":[3],"tags":[],"_links":{"self":[{"href":"http:\/\/powstaniewielkopolskie.pl\/nowa\/index.php?rest_route=\/wp\/v2\/posts\/9977"}],"collection":[{"href":"http:\/\/powstaniewielkopolskie.pl\/nowa\/index.php?rest_route=\/wp\/v2\/posts"}],"about":[{"href":"http:\/\/powstaniewielkopolskie.pl\/nowa\/index.php?rest_route=\/wp\/v2\/types\/post"}],"author":[{"embeddable":true,"href":"http:\/\/powstaniewielkopolskie.pl\/nowa\/index.php?rest_route=\/wp\/v2\/users\/4"}],"replies":[{"embeddable":true,"href":"http:\/\/powstaniewielkopolskie.pl\/nowa\/index.php?rest_route=%2Fwp%2Fv2%2Fcomments&post=9977"}],"version-history":[{"count":2,"href":"http:\/\/powstaniewielkopolskie.pl\/nowa\/index.php?rest_route=\/wp\/v2\/posts\/9977\/revisions"}],"predecessor-version":[{"id":9982,"href":"http:\/\/powstaniewielkopolskie.pl\/nowa\/index.php?rest_route=\/wp\/v2\/posts\/9977\/revisions\/9982"}],"wp:featuredmedia":[{"embeddable":true,"href":"http:\/\/powstaniewielkopolskie.pl\/nowa\/index.php?rest_route=\/wp\/v2\/media\/9978"}],"wp:attachment":[{"href":"http:\/\/powstaniewielkopolskie.pl\/nowa\/index.php?rest_route=%2Fwp%2Fv2%2Fmedia&parent=9977"}],"wp:term":[{"taxonomy":"category","embeddable":true,"href":"http:\/\/powstaniewielkopolskie.pl\/nowa\/index.php?rest_route=%2Fwp%2Fv2%2Fcategories&post=9977"},{"taxonomy":"post_tag","embeddable":true,"href":"http:\/\/powstaniewielkopolskie.pl\/nowa\/index.php?rest_route=%2Fwp%2Fv2%2Ftags&post=9977"}],"curies":[{"name":"wp","href":"https:\/\/api.w.org\/{rel}","templated":true}]}}