{"id":9950,"date":"2025-01-06T19:12:38","date_gmt":"2025-01-06T18:12:38","guid":{"rendered":"https:\/\/powstaniewielkopolskie.pl\/nowa\/?p=9950"},"modified":"2025-01-06T19:12:40","modified_gmt":"2025-01-06T18:12:40","slug":"wojewodzkie-obchody-rocznicowe-w-inowroclawiu","status":"publish","type":"post","link":"http:\/\/powstaniewielkopolskie.pl\/nowa\/?p=9950","title":{"rendered":"Wojew\u00f3dzkie obchody rocznicowe w Inowroc\u0142awiu"},"content":{"rendered":"\n<figure class=\"wp-block-gallery has-nested-images columns-default is-cropped wp-block-gallery-1 is-layout-flex wp-block-gallery-is-layout-flex\">\n<figure class=\"wp-block-image size-large\"><img loading=\"lazy\" decoding=\"async\" width=\"450\" height=\"300\" data-id=\"9952\" src=\"https:\/\/powstaniewielkopolskie.pl\/nowa\/wp-content\/uploads\/2025\/01\/IMG_0324-bis.jpg\" alt=\"\" class=\"wp-image-9952\" srcset=\"http:\/\/powstaniewielkopolskie.pl\/nowa\/wp-content\/uploads\/2025\/01\/IMG_0324-bis.jpg 450w, http:\/\/powstaniewielkopolskie.pl\/nowa\/wp-content\/uploads\/2025\/01\/IMG_0324-bis-300x200.jpg 300w\" sizes=\"(max-width: 450px) 100vw, 450px\" \/><\/figure>\n\n\n\n<figure class=\"wp-block-image size-large\"><img loading=\"lazy\" decoding=\"async\" width=\"458\" height=\"305\" data-id=\"9955\" src=\"https:\/\/powstaniewielkopolskie.pl\/nowa\/wp-content\/uploads\/2025\/01\/NOW_5956-bis.jpg\" alt=\"\" class=\"wp-image-9955\" srcset=\"http:\/\/powstaniewielkopolskie.pl\/nowa\/wp-content\/uploads\/2025\/01\/NOW_5956-bis.jpg 458w, http:\/\/powstaniewielkopolskie.pl\/nowa\/wp-content\/uploads\/2025\/01\/NOW_5956-bis-300x200.jpg 300w\" sizes=\"(max-width: 458px) 100vw, 458px\" \/><\/figure>\n\n\n\n<figure class=\"wp-block-image size-large\"><img loading=\"lazy\" decoding=\"async\" width=\"458\" height=\"305\" data-id=\"9956\" src=\"https:\/\/powstaniewielkopolskie.pl\/nowa\/wp-content\/uploads\/2025\/01\/NOW_5991bis.jpg\" alt=\"\" class=\"wp-image-9956\" srcset=\"http:\/\/powstaniewielkopolskie.pl\/nowa\/wp-content\/uploads\/2025\/01\/NOW_5991bis.jpg 458w, http:\/\/powstaniewielkopolskie.pl\/nowa\/wp-content\/uploads\/2025\/01\/NOW_5991bis-300x200.jpg 300w\" sizes=\"(max-width: 458px) 100vw, 458px\" \/><\/figure>\n\n\n\n<figure class=\"wp-block-image size-large\"><img loading=\"lazy\" decoding=\"async\" width=\"450\" height=\"300\" data-id=\"9953\" src=\"https:\/\/powstaniewielkopolskie.pl\/nowa\/wp-content\/uploads\/2025\/01\/IMG_0330-bis.jpg\" alt=\"\" class=\"wp-image-9953\" srcset=\"http:\/\/powstaniewielkopolskie.pl\/nowa\/wp-content\/uploads\/2025\/01\/IMG_0330-bis.jpg 450w, http:\/\/powstaniewielkopolskie.pl\/nowa\/wp-content\/uploads\/2025\/01\/IMG_0330-bis-300x200.jpg 300w\" sizes=\"(max-width: 450px) 100vw, 450px\" \/><\/figure>\n\n\n\n<figure class=\"wp-block-image size-large\"><img loading=\"lazy\" decoding=\"async\" width=\"450\" height=\"300\" data-id=\"9954\" src=\"https:\/\/powstaniewielkopolskie.pl\/nowa\/wp-content\/uploads\/2025\/01\/IMG_0328-bis.jpg\" alt=\"\" class=\"wp-image-9954\" srcset=\"http:\/\/powstaniewielkopolskie.pl\/nowa\/wp-content\/uploads\/2025\/01\/IMG_0328-bis.jpg 450w, http:\/\/powstaniewielkopolskie.pl\/nowa\/wp-content\/uploads\/2025\/01\/IMG_0328-bis-300x200.jpg 300w\" sizes=\"(max-width: 450px) 100vw, 450px\" \/><\/figure>\n\n\n\n<figure class=\"wp-block-image size-large\"><img loading=\"lazy\" decoding=\"async\" width=\"458\" height=\"305\" data-id=\"9957\" src=\"https:\/\/powstaniewielkopolskie.pl\/nowa\/wp-content\/uploads\/2025\/01\/NOW_6127-bis.jpg\" alt=\"\" class=\"wp-image-9957\" srcset=\"http:\/\/powstaniewielkopolskie.pl\/nowa\/wp-content\/uploads\/2025\/01\/NOW_6127-bis.jpg 458w, http:\/\/powstaniewielkopolskie.pl\/nowa\/wp-content\/uploads\/2025\/01\/NOW_6127-bis-300x200.jpg 300w\" sizes=\"(max-width: 458px) 100vw, 458px\" \/><\/figure>\n<\/figure>\n\n\n\n<p><\/p>\n\n\n\n<p><strong>5 stycznia 2025 r.<\/strong> &#8211; uroczysto\u015bci w Inowroc\u0142awiu mia\u0142y bogat\u0105 opraw\u0119. Po mszy odprawionej w Bazylice Mniejszej NMP, w asy\u015bcie Wojska Polskiego i z zachowaniem ceremonia\u0142u wojskowego z\u0142o\u017cono kwiaty pod Pomnikiem Powsta\u0144c\u00f3w Wielkopolskich. Nast\u0119pnie na placu Klasztornym, przy Kujawskim Centrum Kultury, odby\u0142a si\u0119 widowiskowa pr\u00f3ba rekonstrukcji boju o Inowroc\u0142aw sprzed ponad wieku z udzia\u0142em kilkudziesi\u0119ciu rekonstruktor\u00f3w ze Stowarzyszenia Historycznego \u201eIskra\u201d w Inowroc\u0142awiu pod dow\u00f3dztwem Tomasza Sibory, Grupy Rekonstrukcji Historycznych \u201eGarnizon Bydgoszcz\u201d z Bydgoszczy pod dow\u00f3dztwem Arkadiusza Kali\u0144skiego oraz z formacji zaprzyja\u017anionych, przyby\u0142ych z Kujaw i Wielkopolski. Dzia\u0142aniom tym towarzyszy\u0142a r\u00f3wnie\u017c wystawa historyczna przygotowana przez cz\u0142onk\u00f3w obu grup rekonstrukcyjnych. Przy okazji mo\u017cna by\u0142o r\u00f3wnie\u017c obejrze\u0107 wystaw\u0119 sta\u0142\u0105 w Izbie Tradycji Powstania Wielkopolskiego i Wychowania Patriotycznego im. kpt. Paw\u0142a Cymsa w Szkole Podstawowej nr 1 w Inowroc\u0142awiu. Na koniec odby\u0142a si\u0119 uroczysta gala w sali widowiskowej KCK, podczas kt\u00f3rej m\u0142odzie\u017c inowroc\u0142awska &#8211; Vanessa Nowak z II LO w Inowroc\u0142awiu oraz Szymon Knasiak z Zespo\u0142u Szk\u00f3\u0142 Gastronomiczno-Hotelarskich w Inowroc\u0142awiu rozmawiali o historii z Wojewod\u0105 Kujawsko-Pomorskim Micha\u0142em Sztyblem, Wicemarsza\u0142kiem Dariuszem Kurzaw\u0105, Prezydentem Inowroc\u0142awia Arkadiuszem Fajokiem oraz Prezesem Oddzia\u0142u Kujawsko-Pomorskiego TPPW 1918\/1919 w Bydgoszczy S\u0142awomirem \u0141anieckim. Zarz\u0105d G\u0142\u00f3wny Towarzystwa Pami\u0119ci Powstania Wielkopolskiego 1918\/1919 reprezentowa\u0142a delegacja w sk\u0142adzie: Prezes Tadeusz Musia\u0142, Wiceprezes Janusz Sa\u0142ata oraz Sekretarz Generalny Piotr Wojtczak. Podczas uroczysto\u015bci Prezes Tadeusz Musia\u0142 wr\u0119czy\u0142 Medale TPPW \u201eWierni Tradycji\u201d dla os\u00f3b zas\u0142u\u017conych dla krzewienia pami\u0119ci o Powstaniu Wielkopolskim. Wyr\u00f3\u017cnieni zostali: Katarzyna i Tomasz Grubczy\u0144scy z Bydgoszczy, Benigna Olszewska z Szubina, Joanna Wrzosek-Iglewska ze \u017bnina, Artur Przemorski z Wolwarku i S\u0142awomir \u0141aniecki z Bydgoszczy. Dope\u0142nieniem uroczysto\u015bci by\u0142 widowiskowy koncert przygotowany przez Orkiestr\u0119 Wojskow\u0105 z Bydgoszczy, Ch\u00f3ru Medici Cantares z Akademii Medycznej w Bydgoszczy z udzia\u0142em solist\u00f3w Joanny Krause i Mateusza Wi\u015bniewskiego. Ca\u0142o\u015bci\u0105 koncertu pokierowa\u0142 dyrygent major Dominik Sierzputowski.<\/p>\n\n\n\n<p>Szerzej o wydarzeniu: <a href=\"https:\/\/powstaniewielkopolskie.pl\/nowa\/?page_id=132\">Z dzia\u0142alno\u015bci K\u00f3\u0142 i Klub\u00f3w M\u0142odzie\u017cowych \u2013 Towarzystwo Pami\u0119ci Powstania Wielkopolskiego 1918\/1919<\/a><\/p>\n<div data-animation=\"pulse\" data-icons-animation=\"no-animation\" data-overlay=\"on\" data-change-size=\"\" data-button-size=\"0.7\" style=\"font-size:0.7em;display:none;\" class=\"supsystic-social-sharing supsystic-social-sharing-package-flat supsystic-social-sharing-hide-on-homepage supsystic-social-sharing-content supsystic-social-sharing-content-align-center\" data-text=\"\"><a class=\"social-sharing-button sharer-flat sharer-flat-2 counter-standard digg\" target=\"_blank\" title=\"Digg\" href=\"http:\/\/digg.com\/submit?url=http%3A%2F%2Fpowstaniewielkopolskie.pl%2Fnowa%2F%3Fp%3D9950&title=Wojew%C3%B3dzkie+obchody+rocznicowe+w+Inowroc%C5%82awiu\" data-nid=\"8\" data-name=\"\" data-pid=\"1\" data-post-id=\"9950\" data-url=\"http:\/\/powstaniewielkopolskie.pl\/nowa\/wp-admin\/admin-ajax.php\" data-url=\"http:\/\/powstaniewielkopolskie.pl\/nowa\/wp-admin\/admin-ajax.php\" data-description=\"Wojew\u00f3dzkie obchody rocznicowe w Inowroc\u0142awiu\" rel=\"nofollow\"><i class=\"fa fa-fw fa-digg\"><\/i><div class=\"counter-wrap standard\"><span class=\"counter\">0<\/span><\/div><\/a><a class=\"social-sharing-button sharer-flat sharer-flat-2 counter-standard mail\" target=\"_blank\" title=\"Mail\" href=\"#\" data-nid=\"16\" data-name=\"\" data-pid=\"1\" data-post-id=\"9950\" data-url=\"http:\/\/powstaniewielkopolskie.pl\/nowa\/wp-admin\/admin-ajax.php\" data-url=\"http:\/\/powstaniewielkopolskie.pl\/nowa\/wp-admin\/admin-ajax.php\" data-description=\"Wojew\u00f3dzkie obchody rocznicowe w Inowroc\u0142awiu\" rel=\"nofollow\"><i class=\"fa fa-fw fa-envelope-o\"><\/i><div class=\"counter-wrap standard\"><span class=\"counter\">0<\/span><\/div><\/a><a class=\"social-sharing-button sharer-flat sharer-flat-2 counter-standard facebook\" target=\"_blank\" title=\"Facebook\" href=\"http:\/\/www.facebook.com\/sharer.php?u=http%3A%2F%2Fpowstaniewielkopolskie.pl%2Fnowa%2F%3Fp%3D9950\" data-nid=\"1\" data-name=\"\" data-pid=\"1\" data-post-id=\"9950\" data-url=\"http:\/\/powstaniewielkopolskie.pl\/nowa\/wp-admin\/admin-ajax.php\" data-url=\"http:\/\/powstaniewielkopolskie.pl\/nowa\/wp-admin\/admin-ajax.php\" data-description=\"Wojew\u00f3dzkie obchody rocznicowe w Inowroc\u0142awiu\" rel=\"nofollow\"><i class=\"fa fa-fw fa-facebook\"><\/i><div class=\"counter-wrap standard\"><span class=\"counter\">0<\/span><\/div><\/a><a class=\"social-sharing-button sharer-flat sharer-flat-2 counter-standard whatsapp\" target=\"_blank\" title=\"WhatsApp\" href=\"whatsapp:\/\/send?text=http%3A%2F%2Fpowstaniewielkopolskie.pl%2Fnowa%2F%3Fp%3D9950\" data-nid=\"18\" data-name=\"\" data-pid=\"1\" data-post-id=\"9950\" data-url=\"http:\/\/powstaniewielkopolskie.pl\/nowa\/wp-admin\/admin-ajax.php\" data-url=\"http:\/\/powstaniewielkopolskie.pl\/nowa\/wp-admin\/admin-ajax.php\" data-description=\"Wojew\u00f3dzkie obchody rocznicowe w Inowroc\u0142awiu\" rel=\"nofollow\"><i class=\"fa fa-fw fa-whatsapp\"><\/i><div class=\"counter-wrap standard\"><span class=\"counter\">0<\/span><\/div><\/a><a class=\"social-sharing-button sharer-flat sharer-flat-2 counter-standard twitter\" target=\"_blank\" title=\"Twitter\" href=\"https:\/\/twitter.com\/share?url=http%3A%2F%2Fpowstaniewielkopolskie.pl%2Fnowa%2F%3Fp%3D9950&text=Wojew%C3%B3dzkie+obchody+rocznicowe+w+Inowroc%C5%82awiu\" data-nid=\"2\" data-name=\"\" data-pid=\"1\" data-post-id=\"9950\" data-url=\"http:\/\/powstaniewielkopolskie.pl\/nowa\/wp-admin\/admin-ajax.php\" data-url=\"http:\/\/powstaniewielkopolskie.pl\/nowa\/wp-admin\/admin-ajax.php\" data-description=\"Wojew\u00f3dzkie obchody rocznicowe w Inowroc\u0142awiu\" rel=\"nofollow\"><i class=\"fa fa-fw fa-twitter\"><\/i><div class=\"counter-wrap standard\"><span class=\"counter\">0<\/span><\/div><\/a><a class=\"social-sharing-button sharer-flat sharer-flat-2 counter-standard googleplus\" target=\"_blank\" title=\"Google+\" href=\"https:\/\/plus.google.com\/share?url=http%3A%2F%2Fpowstaniewielkopolskie.pl%2Fnowa%2F%3Fp%3D9950\" data-nid=\"3\" data-name=\"\" data-pid=\"1\" data-post-id=\"9950\" data-url=\"http:\/\/powstaniewielkopolskie.pl\/nowa\/wp-admin\/admin-ajax.php\" data-url=\"http:\/\/powstaniewielkopolskie.pl\/nowa\/wp-admin\/admin-ajax.php\" data-description=\"Wojew\u00f3dzkie obchody rocznicowe w Inowroc\u0142awiu\" rel=\"nofollow\"><i class=\"fa fa-fw fa-google-plus\"><\/i><div class=\"counter-wrap standard\"><span class=\"counter\">0<\/span><\/div><\/a><\/div>","protected":false},"excerpt":{"rendered":"<p>5 stycznia 2025 r. &#8211; uroczysto\u015bci w Inowroc\u0142awiu mia\u0142y bogat\u0105 opraw\u0119. Po mszy odprawionej w Bazylice Mniejszej NMP, w asy\u015bcie Wojska Polskiego i z zachowaniem ceremonia\u0142u wojskowego z\u0142o\u017cono kwiaty pod Pomnikiem Powsta\u0144c\u00f3w<a class=\"moretag\" href=\"http:\/\/powstaniewielkopolskie.pl\/nowa\/?p=9950\">Czytaj wi\u0119cej&#8230;<\/a><\/p>\n<div data-animation=\"pulse\" data-icons-animation=\"no-animation\" data-overlay=\"on\" data-change-size=\"\" data-button-size=\"0.7\" style=\"font-size:0.7em;display:none;\" class=\"supsystic-social-sharing supsystic-social-sharing-package-flat supsystic-social-sharing-hide-on-homepage supsystic-social-sharing-content supsystic-social-sharing-content-align-center\" data-text=\"\"><a class=\"social-sharing-button sharer-flat sharer-flat-2 counter-standard digg\" target=\"_blank\" title=\"Digg\" href=\"http:\/\/digg.com\/submit?url=http%3A%2F%2Fpowstaniewielkopolskie.pl%2Fnowa%2F%3Fp%3D9950&title=Wojew%C3%B3dzkie+obchody+rocznicowe+w+Inowroc%C5%82awiu\" data-nid=\"8\" data-name=\"\" data-pid=\"1\" data-post-id=\"9950\" data-url=\"http:\/\/powstaniewielkopolskie.pl\/nowa\/wp-admin\/admin-ajax.php\" data-url=\"http:\/\/powstaniewielkopolskie.pl\/nowa\/wp-admin\/admin-ajax.php\" data-description=\"Wojew\u00f3dzkie obchody rocznicowe w Inowroc\u0142awiu\" rel=\"nofollow\"><i class=\"fa fa-fw fa-digg\"><\/i><div class=\"counter-wrap standard\"><span class=\"counter\">0<\/span><\/div><\/a><a class=\"social-sharing-button sharer-flat sharer-flat-2 counter-standard mail\" target=\"_blank\" title=\"Mail\" href=\"#\" data-nid=\"16\" data-name=\"\" data-pid=\"1\" data-post-id=\"9950\" data-url=\"http:\/\/powstaniewielkopolskie.pl\/nowa\/wp-admin\/admin-ajax.php\" data-url=\"http:\/\/powstaniewielkopolskie.pl\/nowa\/wp-admin\/admin-ajax.php\" data-description=\"Wojew\u00f3dzkie obchody rocznicowe w Inowroc\u0142awiu\" rel=\"nofollow\"><i class=\"fa fa-fw fa-envelope-o\"><\/i><div class=\"counter-wrap standard\"><span class=\"counter\">0<\/span><\/div><\/a><a class=\"social-sharing-button sharer-flat sharer-flat-2 counter-standard facebook\" target=\"_blank\" title=\"Facebook\" href=\"http:\/\/www.facebook.com\/sharer.php?u=http%3A%2F%2Fpowstaniewielkopolskie.pl%2Fnowa%2F%3Fp%3D9950\" data-nid=\"1\" data-name=\"\" data-pid=\"1\" data-post-id=\"9950\" data-url=\"http:\/\/powstaniewielkopolskie.pl\/nowa\/wp-admin\/admin-ajax.php\" data-url=\"http:\/\/powstaniewielkopolskie.pl\/nowa\/wp-admin\/admin-ajax.php\" data-description=\"Wojew\u00f3dzkie obchody rocznicowe w Inowroc\u0142awiu\" rel=\"nofollow\"><i class=\"fa fa-fw fa-facebook\"><\/i><div class=\"counter-wrap standard\"><span class=\"counter\">0<\/span><\/div><\/a><a class=\"social-sharing-button sharer-flat sharer-flat-2 counter-standard whatsapp\" target=\"_blank\" title=\"WhatsApp\" href=\"whatsapp:\/\/send?text=http%3A%2F%2Fpowstaniewielkopolskie.pl%2Fnowa%2F%3Fp%3D9950\" data-nid=\"18\" data-name=\"\" data-pid=\"1\" data-post-id=\"9950\" data-url=\"http:\/\/powstaniewielkopolskie.pl\/nowa\/wp-admin\/admin-ajax.php\" data-url=\"http:\/\/powstaniewielkopolskie.pl\/nowa\/wp-admin\/admin-ajax.php\" data-description=\"Wojew\u00f3dzkie obchody rocznicowe w Inowroc\u0142awiu\" rel=\"nofollow\"><i class=\"fa fa-fw fa-whatsapp\"><\/i><div class=\"counter-wrap standard\"><span class=\"counter\">0<\/span><\/div><\/a><a class=\"social-sharing-button sharer-flat sharer-flat-2 counter-standard twitter\" target=\"_blank\" title=\"Twitter\" href=\"https:\/\/twitter.com\/share?url=http%3A%2F%2Fpowstaniewielkopolskie.pl%2Fnowa%2F%3Fp%3D9950&text=Wojew%C3%B3dzkie+obchody+rocznicowe+w+Inowroc%C5%82awiu\" data-nid=\"2\" data-name=\"\" data-pid=\"1\" data-post-id=\"9950\" data-url=\"http:\/\/powstaniewielkopolskie.pl\/nowa\/wp-admin\/admin-ajax.php\" data-url=\"http:\/\/powstaniewielkopolskie.pl\/nowa\/wp-admin\/admin-ajax.php\" data-description=\"Wojew\u00f3dzkie obchody rocznicowe w Inowroc\u0142awiu\" rel=\"nofollow\"><i class=\"fa fa-fw fa-twitter\"><\/i><div class=\"counter-wrap standard\"><span class=\"counter\">0<\/span><\/div><\/a><a class=\"social-sharing-button sharer-flat sharer-flat-2 counter-standard googleplus\" target=\"_blank\" title=\"Google+\" href=\"https:\/\/plus.google.com\/share?url=http%3A%2F%2Fpowstaniewielkopolskie.pl%2Fnowa%2F%3Fp%3D9950\" data-nid=\"3\" data-name=\"\" data-pid=\"1\" data-post-id=\"9950\" data-url=\"http:\/\/powstaniewielkopolskie.pl\/nowa\/wp-admin\/admin-ajax.php\" data-url=\"http:\/\/powstaniewielkopolskie.pl\/nowa\/wp-admin\/admin-ajax.php\" data-description=\"Wojew\u00f3dzkie obchody rocznicowe w Inowroc\u0142awiu\" rel=\"nofollow\"><i class=\"fa fa-fw fa-google-plus\"><\/i><div class=\"counter-wrap standard\"><span class=\"counter\">0<\/span><\/div><\/a><\/div>","protected":false},"author":4,"featured_media":9951,"comment_status":"closed","ping_status":"open","sticky":false,"template":"","format":"standard","meta":{"footnotes":""},"categories":[3],"tags":[],"_links":{"self":[{"href":"http:\/\/powstaniewielkopolskie.pl\/nowa\/index.php?rest_route=\/wp\/v2\/posts\/9950"}],"collection":[{"href":"http:\/\/powstaniewielkopolskie.pl\/nowa\/index.php?rest_route=\/wp\/v2\/posts"}],"about":[{"href":"http:\/\/powstaniewielkopolskie.pl\/nowa\/index.php?rest_route=\/wp\/v2\/types\/post"}],"author":[{"embeddable":true,"href":"http:\/\/powstaniewielkopolskie.pl\/nowa\/index.php?rest_route=\/wp\/v2\/users\/4"}],"replies":[{"embeddable":true,"href":"http:\/\/powstaniewielkopolskie.pl\/nowa\/index.php?rest_route=%2Fwp%2Fv2%2Fcomments&post=9950"}],"version-history":[{"count":1,"href":"http:\/\/powstaniewielkopolskie.pl\/nowa\/index.php?rest_route=\/wp\/v2\/posts\/9950\/revisions"}],"predecessor-version":[{"id":9958,"href":"http:\/\/powstaniewielkopolskie.pl\/nowa\/index.php?rest_route=\/wp\/v2\/posts\/9950\/revisions\/9958"}],"wp:featuredmedia":[{"embeddable":true,"href":"http:\/\/powstaniewielkopolskie.pl\/nowa\/index.php?rest_route=\/wp\/v2\/media\/9951"}],"wp:attachment":[{"href":"http:\/\/powstaniewielkopolskie.pl\/nowa\/index.php?rest_route=%2Fwp%2Fv2%2Fmedia&parent=9950"}],"wp:term":[{"taxonomy":"category","embeddable":true,"href":"http:\/\/powstaniewielkopolskie.pl\/nowa\/index.php?rest_route=%2Fwp%2Fv2%2Fcategories&post=9950"},{"taxonomy":"post_tag","embeddable":true,"href":"http:\/\/powstaniewielkopolskie.pl\/nowa\/index.php?rest_route=%2Fwp%2Fv2%2Ftags&post=9950"}],"curies":[{"name":"wp","href":"https:\/\/api.w.org\/{rel}","templated":true}]}}