{"id":9933,"date":"2024-12-30T13:15:00","date_gmt":"2024-12-30T12:15:00","guid":{"rendered":"https:\/\/powstaniewielkopolskie.pl\/nowa\/?p=9933"},"modified":"2025-01-15T21:57:57","modified_gmt":"2025-01-15T20:57:57","slug":"obchody-dnia-zwycieskiego-powstania-wielkopolskiego-w-bydgoszczy","status":"publish","type":"post","link":"http:\/\/powstaniewielkopolskie.pl\/nowa\/?p=9933","title":{"rendered":"Obchody Dnia Zwyci\u0119skiego Powstania Wielkopolskiego w Bydgoszczy"},"content":{"rendered":"\n<figure class=\"wp-block-gallery has-nested-images columns-default is-cropped wp-block-gallery-1 is-layout-flex wp-block-gallery-is-layout-flex\">\n<figure class=\"wp-block-image size-large\"><img loading=\"lazy\" decoding=\"async\" width=\"491\" height=\"368\" data-id=\"9935\" src=\"https:\/\/powstaniewielkopolskie.pl\/nowa\/wp-content\/uploads\/2025\/01\/BE3E07E7-E788-4AE9-8A7C-D18C27ACB998_1_105_c-bis.jpg\" alt=\"\" class=\"wp-image-9935\" srcset=\"http:\/\/powstaniewielkopolskie.pl\/nowa\/wp-content\/uploads\/2025\/01\/BE3E07E7-E788-4AE9-8A7C-D18C27ACB998_1_105_c-bis.jpg 491w, http:\/\/powstaniewielkopolskie.pl\/nowa\/wp-content\/uploads\/2025\/01\/BE3E07E7-E788-4AE9-8A7C-D18C27ACB998_1_105_c-bis-300x225.jpg 300w\" sizes=\"(max-width: 491px) 100vw, 491px\" \/><\/figure>\n\n\n\n<figure class=\"wp-block-image size-large\"><img loading=\"lazy\" decoding=\"async\" width=\"491\" height=\"368\" data-id=\"9936\" src=\"https:\/\/powstaniewielkopolskie.pl\/nowa\/wp-content\/uploads\/2025\/01\/D4558424-8697-4234-AEF1-4AF9EC4F47F0_1_105_c-bis.jpg\" alt=\"\" class=\"wp-image-9936\" srcset=\"http:\/\/powstaniewielkopolskie.pl\/nowa\/wp-content\/uploads\/2025\/01\/D4558424-8697-4234-AEF1-4AF9EC4F47F0_1_105_c-bis.jpg 491w, http:\/\/powstaniewielkopolskie.pl\/nowa\/wp-content\/uploads\/2025\/01\/D4558424-8697-4234-AEF1-4AF9EC4F47F0_1_105_c-bis-300x225.jpg 300w\" sizes=\"(max-width: 491px) 100vw, 491px\" \/><\/figure>\n\n\n\n<figure class=\"wp-block-image size-large\"><img loading=\"lazy\" decoding=\"async\" width=\"491\" height=\"368\" data-id=\"9937\" src=\"https:\/\/powstaniewielkopolskie.pl\/nowa\/wp-content\/uploads\/2025\/01\/E2BFC0B7-71A1-41B3-975A-00E4C96258B4_1_105_c-bis.jpg\" alt=\"\" class=\"wp-image-9937\" srcset=\"http:\/\/powstaniewielkopolskie.pl\/nowa\/wp-content\/uploads\/2025\/01\/E2BFC0B7-71A1-41B3-975A-00E4C96258B4_1_105_c-bis.jpg 491w, http:\/\/powstaniewielkopolskie.pl\/nowa\/wp-content\/uploads\/2025\/01\/E2BFC0B7-71A1-41B3-975A-00E4C96258B4_1_105_c-bis-300x225.jpg 300w\" sizes=\"(max-width: 491px) 100vw, 491px\" \/><\/figure>\n<\/figure>\n\n\n\n<p><\/p>\n\n\n\n<p><strong>27 grudnia 2024 r.<\/strong> &#8211; w Bydgoszczy odby\u0142y si\u0119 uroczysto\u015bci 106. rocznicy Powstania Wielkopolskiego. W asy\u015bcie poczt\u00f3w sztandarowych w Ko\u015bciele Garnizonowym zosta\u0142a odprawiona msza \u015bw. w intencji poleg\u0142ych powsta\u0144c\u00f3w i Ojczyzny. Przed pomnikiem Nieznanego Powsta\u0144ca Wielkopolskiego przy ulicy Bernardy\u0144skiej okoliczno\u015bciowe przem\u00f3wienia wyg\u0142osi\u0142 zast\u0119pca prezydenta Bydgoszczy M. Koz\u0142owicz, wicemarsza\u0142ek wojew\u00f3dztwa kujawsko-pomorskiego Z. Ostrowski i prezes Oddzia\u0142u Kujawsko-Pomorskiego TPPW 1918\/1919 S. \u0141aniecki. Zas\u0142u\u017conym w kultywowaniu tradycji Powstania Wielkopolskiego 1918\/1919 wr\u0119czono listy gratulacyjne wojewody i prezydenta Bydgoszczy. Nast\u0119pnie przedstawiciele w\u0142adz samorz\u0105dowych, wojska, s\u0142u\u017cb mundurowych, cz\u0142onkowie organizacji, stowarzysze\u0144, kombatant\u00f3w, harcerzy, uczni\u00f3w i mieszka\u0144cy miasta z\u0142o\u017cyli wi\u0105zanki i zapalili znicze pami\u0119ci. Uroczysto\u015b\u0107 zako\u0144czy\u0142a salwa honorowa. Rocznicowe uroczysto\u015bci upami\u0119tniaj\u0105ce zwyci\u0119skie Powstanie Wielkopolskie i jego bohater\u00f3w mia\u0142y miejsce tak\u017ce w wielu innych miejscowo\u015bciach wojew\u00f3dztwa kujawsko-pomorskiego m.in. w Kcyni, gdzie g\u0142\u00f3wna cz\u0119\u015b\u0107 obchod\u00f3w odby\u0142a si\u0119 na cmentarzu przy ulicy Nakielskiej, opodal pomnika \u2013 mogi\u0142y poleg\u0142ych i zmar\u0142ych od ran Powsta\u0144c\u00f3w Wielkopolskich. Uczestniczyli w nich m.in. Wicewojewoda Kujawsko-Pomorski Piotr Hemmerling, Wicestarosta Nakielski Micha\u0142 Dubkowski, Burmistrz Kcyni Mateusz Stachowiak, cz\u0142onkowie Towarzystwa Historycznego w Kcyni, liczne poczty sztandarowe i rodziny Powsta\u0144c\u00f3w Wielkopolskich.<\/p>\n\n\n\n<p class=\"has-text-align-right\">Fot. Mariola Pola\u0144ska<\/p>\n<div data-animation=\"pulse\" data-icons-animation=\"no-animation\" data-overlay=\"on\" data-change-size=\"\" data-button-size=\"0.7\" style=\"font-size:0.7em;display:none;\" class=\"supsystic-social-sharing supsystic-social-sharing-package-flat supsystic-social-sharing-hide-on-homepage supsystic-social-sharing-content supsystic-social-sharing-content-align-center\" data-text=\"\"><a class=\"social-sharing-button sharer-flat sharer-flat-2 counter-standard digg\" target=\"_blank\" title=\"Digg\" href=\"http:\/\/digg.com\/submit?url=http%3A%2F%2Fpowstaniewielkopolskie.pl%2Fnowa%2F%3Fp%3D9933&title=Obchody+Dnia+Zwyci%C4%99skiego+Powstania+Wielkopolskiego+w+Bydgoszczy\" data-nid=\"8\" data-name=\"\" data-pid=\"1\" data-post-id=\"9933\" data-url=\"http:\/\/powstaniewielkopolskie.pl\/nowa\/wp-admin\/admin-ajax.php\" data-url=\"http:\/\/powstaniewielkopolskie.pl\/nowa\/wp-admin\/admin-ajax.php\" data-description=\"Obchody Dnia Zwyci\u0119skiego Powstania Wielkopolskiego w Bydgoszczy\" rel=\"nofollow\"><i class=\"fa fa-fw fa-digg\"><\/i><div class=\"counter-wrap standard\"><span class=\"counter\">0<\/span><\/div><\/a><a class=\"social-sharing-button sharer-flat sharer-flat-2 counter-standard mail\" target=\"_blank\" title=\"Mail\" href=\"#\" data-nid=\"16\" data-name=\"\" data-pid=\"1\" data-post-id=\"9933\" data-url=\"http:\/\/powstaniewielkopolskie.pl\/nowa\/wp-admin\/admin-ajax.php\" data-url=\"http:\/\/powstaniewielkopolskie.pl\/nowa\/wp-admin\/admin-ajax.php\" data-description=\"Obchody Dnia Zwyci\u0119skiego Powstania Wielkopolskiego w Bydgoszczy\" rel=\"nofollow\"><i class=\"fa fa-fw fa-envelope-o\"><\/i><div class=\"counter-wrap standard\"><span class=\"counter\">0<\/span><\/div><\/a><a class=\"social-sharing-button sharer-flat sharer-flat-2 counter-standard facebook\" target=\"_blank\" title=\"Facebook\" href=\"http:\/\/www.facebook.com\/sharer.php?u=http%3A%2F%2Fpowstaniewielkopolskie.pl%2Fnowa%2F%3Fp%3D9933\" data-nid=\"1\" data-name=\"\" data-pid=\"1\" data-post-id=\"9933\" data-url=\"http:\/\/powstaniewielkopolskie.pl\/nowa\/wp-admin\/admin-ajax.php\" data-url=\"http:\/\/powstaniewielkopolskie.pl\/nowa\/wp-admin\/admin-ajax.php\" data-description=\"Obchody Dnia Zwyci\u0119skiego Powstania Wielkopolskiego w Bydgoszczy\" rel=\"nofollow\"><i class=\"fa fa-fw fa-facebook\"><\/i><div class=\"counter-wrap standard\"><span class=\"counter\">0<\/span><\/div><\/a><a class=\"social-sharing-button sharer-flat sharer-flat-2 counter-standard whatsapp\" target=\"_blank\" title=\"WhatsApp\" href=\"whatsapp:\/\/send?text=http%3A%2F%2Fpowstaniewielkopolskie.pl%2Fnowa%2F%3Fp%3D9933\" data-nid=\"18\" data-name=\"\" data-pid=\"1\" data-post-id=\"9933\" data-url=\"http:\/\/powstaniewielkopolskie.pl\/nowa\/wp-admin\/admin-ajax.php\" data-url=\"http:\/\/powstaniewielkopolskie.pl\/nowa\/wp-admin\/admin-ajax.php\" data-description=\"Obchody Dnia Zwyci\u0119skiego Powstania Wielkopolskiego w Bydgoszczy\" rel=\"nofollow\"><i class=\"fa fa-fw fa-whatsapp\"><\/i><div class=\"counter-wrap standard\"><span class=\"counter\">0<\/span><\/div><\/a><a class=\"social-sharing-button sharer-flat sharer-flat-2 counter-standard twitter\" target=\"_blank\" title=\"Twitter\" href=\"https:\/\/twitter.com\/share?url=http%3A%2F%2Fpowstaniewielkopolskie.pl%2Fnowa%2F%3Fp%3D9933&text=Obchody+Dnia+Zwyci%C4%99skiego+Powstania+Wielkopolskiego+w+Bydgoszczy\" data-nid=\"2\" data-name=\"\" data-pid=\"1\" data-post-id=\"9933\" data-url=\"http:\/\/powstaniewielkopolskie.pl\/nowa\/wp-admin\/admin-ajax.php\" data-url=\"http:\/\/powstaniewielkopolskie.pl\/nowa\/wp-admin\/admin-ajax.php\" data-description=\"Obchody Dnia Zwyci\u0119skiego Powstania Wielkopolskiego w Bydgoszczy\" rel=\"nofollow\"><i class=\"fa fa-fw fa-twitter\"><\/i><div class=\"counter-wrap standard\"><span class=\"counter\">0<\/span><\/div><\/a><a class=\"social-sharing-button sharer-flat sharer-flat-2 counter-standard googleplus\" target=\"_blank\" title=\"Google+\" href=\"https:\/\/plus.google.com\/share?url=http%3A%2F%2Fpowstaniewielkopolskie.pl%2Fnowa%2F%3Fp%3D9933\" data-nid=\"3\" data-name=\"\" data-pid=\"1\" data-post-id=\"9933\" data-url=\"http:\/\/powstaniewielkopolskie.pl\/nowa\/wp-admin\/admin-ajax.php\" data-url=\"http:\/\/powstaniewielkopolskie.pl\/nowa\/wp-admin\/admin-ajax.php\" data-description=\"Obchody Dnia Zwyci\u0119skiego Powstania Wielkopolskiego w Bydgoszczy\" rel=\"nofollow\"><i class=\"fa fa-fw fa-google-plus\"><\/i><div class=\"counter-wrap standard\"><span class=\"counter\">0<\/span><\/div><\/a><\/div>","protected":false},"excerpt":{"rendered":"<p>27 grudnia 2024 r. &#8211; w Bydgoszczy odby\u0142y si\u0119 uroczysto\u015bci 106. rocznicy Powstania Wielkopolskiego. W asy\u015bcie poczt\u00f3w sztandarowych w Ko\u015bciele Garnizonowym zosta\u0142a odprawiona msza \u015bw. w intencji poleg\u0142ych powsta\u0144c\u00f3w i Ojczyzny. Przed<a class=\"moretag\" href=\"http:\/\/powstaniewielkopolskie.pl\/nowa\/?p=9933\">Czytaj wi\u0119cej&#8230;<\/a><\/p>\n<div data-animation=\"pulse\" data-icons-animation=\"no-animation\" data-overlay=\"on\" data-change-size=\"\" data-button-size=\"0.7\" style=\"font-size:0.7em;display:none;\" class=\"supsystic-social-sharing supsystic-social-sharing-package-flat supsystic-social-sharing-hide-on-homepage supsystic-social-sharing-content supsystic-social-sharing-content-align-center\" data-text=\"\"><a class=\"social-sharing-button sharer-flat sharer-flat-2 counter-standard digg\" target=\"_blank\" title=\"Digg\" href=\"http:\/\/digg.com\/submit?url=http%3A%2F%2Fpowstaniewielkopolskie.pl%2Fnowa%2F%3Fp%3D9933&title=Obchody+Dnia+Zwyci%C4%99skiego+Powstania+Wielkopolskiego+w+Bydgoszczy\" data-nid=\"8\" data-name=\"\" data-pid=\"1\" data-post-id=\"9933\" data-url=\"http:\/\/powstaniewielkopolskie.pl\/nowa\/wp-admin\/admin-ajax.php\" data-url=\"http:\/\/powstaniewielkopolskie.pl\/nowa\/wp-admin\/admin-ajax.php\" data-description=\"Obchody Dnia Zwyci\u0119skiego Powstania Wielkopolskiego w Bydgoszczy\" rel=\"nofollow\"><i class=\"fa fa-fw fa-digg\"><\/i><div class=\"counter-wrap standard\"><span class=\"counter\">0<\/span><\/div><\/a><a class=\"social-sharing-button sharer-flat sharer-flat-2 counter-standard mail\" target=\"_blank\" title=\"Mail\" href=\"#\" data-nid=\"16\" data-name=\"\" data-pid=\"1\" data-post-id=\"9933\" data-url=\"http:\/\/powstaniewielkopolskie.pl\/nowa\/wp-admin\/admin-ajax.php\" data-url=\"http:\/\/powstaniewielkopolskie.pl\/nowa\/wp-admin\/admin-ajax.php\" data-description=\"Obchody Dnia Zwyci\u0119skiego Powstania Wielkopolskiego w Bydgoszczy\" rel=\"nofollow\"><i class=\"fa fa-fw fa-envelope-o\"><\/i><div class=\"counter-wrap standard\"><span class=\"counter\">0<\/span><\/div><\/a><a class=\"social-sharing-button sharer-flat sharer-flat-2 counter-standard facebook\" target=\"_blank\" title=\"Facebook\" href=\"http:\/\/www.facebook.com\/sharer.php?u=http%3A%2F%2Fpowstaniewielkopolskie.pl%2Fnowa%2F%3Fp%3D9933\" data-nid=\"1\" data-name=\"\" data-pid=\"1\" data-post-id=\"9933\" data-url=\"http:\/\/powstaniewielkopolskie.pl\/nowa\/wp-admin\/admin-ajax.php\" data-url=\"http:\/\/powstaniewielkopolskie.pl\/nowa\/wp-admin\/admin-ajax.php\" data-description=\"Obchody Dnia Zwyci\u0119skiego Powstania Wielkopolskiego w Bydgoszczy\" rel=\"nofollow\"><i class=\"fa fa-fw fa-facebook\"><\/i><div class=\"counter-wrap standard\"><span class=\"counter\">0<\/span><\/div><\/a><a class=\"social-sharing-button sharer-flat sharer-flat-2 counter-standard whatsapp\" target=\"_blank\" title=\"WhatsApp\" href=\"whatsapp:\/\/send?text=http%3A%2F%2Fpowstaniewielkopolskie.pl%2Fnowa%2F%3Fp%3D9933\" data-nid=\"18\" data-name=\"\" data-pid=\"1\" data-post-id=\"9933\" data-url=\"http:\/\/powstaniewielkopolskie.pl\/nowa\/wp-admin\/admin-ajax.php\" data-url=\"http:\/\/powstaniewielkopolskie.pl\/nowa\/wp-admin\/admin-ajax.php\" data-description=\"Obchody Dnia Zwyci\u0119skiego Powstania Wielkopolskiego w Bydgoszczy\" rel=\"nofollow\"><i class=\"fa fa-fw fa-whatsapp\"><\/i><div class=\"counter-wrap standard\"><span class=\"counter\">0<\/span><\/div><\/a><a class=\"social-sharing-button sharer-flat sharer-flat-2 counter-standard twitter\" target=\"_blank\" title=\"Twitter\" href=\"https:\/\/twitter.com\/share?url=http%3A%2F%2Fpowstaniewielkopolskie.pl%2Fnowa%2F%3Fp%3D9933&text=Obchody+Dnia+Zwyci%C4%99skiego+Powstania+Wielkopolskiego+w+Bydgoszczy\" data-nid=\"2\" data-name=\"\" data-pid=\"1\" data-post-id=\"9933\" data-url=\"http:\/\/powstaniewielkopolskie.pl\/nowa\/wp-admin\/admin-ajax.php\" data-url=\"http:\/\/powstaniewielkopolskie.pl\/nowa\/wp-admin\/admin-ajax.php\" data-description=\"Obchody Dnia Zwyci\u0119skiego Powstania Wielkopolskiego w Bydgoszczy\" rel=\"nofollow\"><i class=\"fa fa-fw fa-twitter\"><\/i><div class=\"counter-wrap standard\"><span class=\"counter\">0<\/span><\/div><\/a><a class=\"social-sharing-button sharer-flat sharer-flat-2 counter-standard googleplus\" target=\"_blank\" title=\"Google+\" href=\"https:\/\/plus.google.com\/share?url=http%3A%2F%2Fpowstaniewielkopolskie.pl%2Fnowa%2F%3Fp%3D9933\" data-nid=\"3\" data-name=\"\" data-pid=\"1\" data-post-id=\"9933\" data-url=\"http:\/\/powstaniewielkopolskie.pl\/nowa\/wp-admin\/admin-ajax.php\" data-url=\"http:\/\/powstaniewielkopolskie.pl\/nowa\/wp-admin\/admin-ajax.php\" data-description=\"Obchody Dnia Zwyci\u0119skiego Powstania Wielkopolskiego w Bydgoszczy\" rel=\"nofollow\"><i class=\"fa fa-fw fa-google-plus\"><\/i><div class=\"counter-wrap standard\"><span class=\"counter\">0<\/span><\/div><\/a><\/div>","protected":false},"author":4,"featured_media":9934,"comment_status":"closed","ping_status":"open","sticky":false,"template":"","format":"standard","meta":{"footnotes":""},"categories":[3],"tags":[],"_links":{"self":[{"href":"http:\/\/powstaniewielkopolskie.pl\/nowa\/index.php?rest_route=\/wp\/v2\/posts\/9933"}],"collection":[{"href":"http:\/\/powstaniewielkopolskie.pl\/nowa\/index.php?rest_route=\/wp\/v2\/posts"}],"about":[{"href":"http:\/\/powstaniewielkopolskie.pl\/nowa\/index.php?rest_route=\/wp\/v2\/types\/post"}],"author":[{"embeddable":true,"href":"http:\/\/powstaniewielkopolskie.pl\/nowa\/index.php?rest_route=\/wp\/v2\/users\/4"}],"replies":[{"embeddable":true,"href":"http:\/\/powstaniewielkopolskie.pl\/nowa\/index.php?rest_route=%2Fwp%2Fv2%2Fcomments&post=9933"}],"version-history":[{"count":3,"href":"http:\/\/powstaniewielkopolskie.pl\/nowa\/index.php?rest_route=\/wp\/v2\/posts\/9933\/revisions"}],"predecessor-version":[{"id":10047,"href":"http:\/\/powstaniewielkopolskie.pl\/nowa\/index.php?rest_route=\/wp\/v2\/posts\/9933\/revisions\/10047"}],"wp:featuredmedia":[{"embeddable":true,"href":"http:\/\/powstaniewielkopolskie.pl\/nowa\/index.php?rest_route=\/wp\/v2\/media\/9934"}],"wp:attachment":[{"href":"http:\/\/powstaniewielkopolskie.pl\/nowa\/index.php?rest_route=%2Fwp%2Fv2%2Fmedia&parent=9933"}],"wp:term":[{"taxonomy":"category","embeddable":true,"href":"http:\/\/powstaniewielkopolskie.pl\/nowa\/index.php?rest_route=%2Fwp%2Fv2%2Fcategories&post=9933"},{"taxonomy":"post_tag","embeddable":true,"href":"http:\/\/powstaniewielkopolskie.pl\/nowa\/index.php?rest_route=%2Fwp%2Fv2%2Ftags&post=9933"}],"curies":[{"name":"wp","href":"https:\/\/api.w.org\/{rel}","templated":true}]}}