{"id":9891,"date":"2024-12-30T14:04:37","date_gmt":"2024-12-30T13:04:37","guid":{"rendered":"https:\/\/powstaniewielkopolskie.pl\/nowa\/?p=9891"},"modified":"2024-12-30T14:04:39","modified_gmt":"2024-12-30T13:04:39","slug":"warszawskie-uroczystosci-dla-uczczenia-106-rocznicy-powstania-wielkopolskiego","status":"publish","type":"post","link":"http:\/\/powstaniewielkopolskie.pl\/nowa\/?p=9891","title":{"rendered":"Warszawskie uroczysto\u015bci dla uczczenia 106. rocznicy Powstania Wielkopolskiego"},"content":{"rendered":"\n<p><\/p>\n\n\n\n<figure class=\"wp-block-gallery has-nested-images columns-default is-cropped wp-block-gallery-1 is-layout-flex wp-block-gallery-is-layout-flex\">\n<figure class=\"wp-block-image size-large\"><img loading=\"lazy\" decoding=\"async\" width=\"448\" height=\"336\" data-id=\"9897\" src=\"https:\/\/powstaniewielkopolskie.pl\/nowa\/wp-content\/uploads\/2024\/12\/DSC04668_wm-bis.jpg\" alt=\"\" class=\"wp-image-9897\" srcset=\"http:\/\/powstaniewielkopolskie.pl\/nowa\/wp-content\/uploads\/2024\/12\/DSC04668_wm-bis.jpg 448w, http:\/\/powstaniewielkopolskie.pl\/nowa\/wp-content\/uploads\/2024\/12\/DSC04668_wm-bis-300x225.jpg 300w\" sizes=\"(max-width: 448px) 100vw, 448px\" \/><\/figure>\n\n\n\n<figure class=\"wp-block-image size-large\"><img loading=\"lazy\" decoding=\"async\" width=\"448\" height=\"336\" data-id=\"9894\" src=\"https:\/\/powstaniewielkopolskie.pl\/nowa\/wp-content\/uploads\/2024\/12\/DSC04757_wm-bis.jpg\" alt=\"\" class=\"wp-image-9894\" srcset=\"http:\/\/powstaniewielkopolskie.pl\/nowa\/wp-content\/uploads\/2024\/12\/DSC04757_wm-bis.jpg 448w, http:\/\/powstaniewielkopolskie.pl\/nowa\/wp-content\/uploads\/2024\/12\/DSC04757_wm-bis-300x225.jpg 300w\" sizes=\"(max-width: 448px) 100vw, 448px\" \/><\/figure>\n\n\n\n<figure class=\"wp-block-image size-large\"><img loading=\"lazy\" decoding=\"async\" width=\"404\" height=\"304\" data-id=\"9898\" src=\"https:\/\/powstaniewielkopolskie.pl\/nowa\/wp-content\/uploads\/2024\/12\/IMG-20241230-WA0063-bis.jpg\" alt=\"\" class=\"wp-image-9898\" srcset=\"http:\/\/powstaniewielkopolskie.pl\/nowa\/wp-content\/uploads\/2024\/12\/IMG-20241230-WA0063-bis.jpg 404w, http:\/\/powstaniewielkopolskie.pl\/nowa\/wp-content\/uploads\/2024\/12\/IMG-20241230-WA0063-bis-300x226.jpg 300w\" sizes=\"(max-width: 404px) 100vw, 404px\" \/><\/figure>\n\n\n\n<figure class=\"wp-block-image size-large\"><img loading=\"lazy\" decoding=\"async\" width=\"404\" height=\"304\" data-id=\"9899\" src=\"https:\/\/powstaniewielkopolskie.pl\/nowa\/wp-content\/uploads\/2024\/12\/IMG-20241230-WA0059-bis.jpg\" alt=\"\" class=\"wp-image-9899\" srcset=\"http:\/\/powstaniewielkopolskie.pl\/nowa\/wp-content\/uploads\/2024\/12\/IMG-20241230-WA0059-bis.jpg 404w, http:\/\/powstaniewielkopolskie.pl\/nowa\/wp-content\/uploads\/2024\/12\/IMG-20241230-WA0059-bis-300x226.jpg 300w\" sizes=\"(max-width: 404px) 100vw, 404px\" \/><\/figure>\n\n\n\n<figure class=\"wp-block-image size-large\"><img loading=\"lazy\" decoding=\"async\" width=\"404\" height=\"304\" data-id=\"9903\" src=\"https:\/\/powstaniewielkopolskie.pl\/nowa\/wp-content\/uploads\/2024\/12\/IMG-20241230-WA0052-bis.jpg\" alt=\"\" class=\"wp-image-9903\" srcset=\"http:\/\/powstaniewielkopolskie.pl\/nowa\/wp-content\/uploads\/2024\/12\/IMG-20241230-WA0052-bis.jpg 404w, http:\/\/powstaniewielkopolskie.pl\/nowa\/wp-content\/uploads\/2024\/12\/IMG-20241230-WA0052-bis-300x226.jpg 300w\" sizes=\"(max-width: 404px) 100vw, 404px\" \/><\/figure>\n\n\n\n<figure class=\"wp-block-image size-large\"><img loading=\"lazy\" decoding=\"async\" width=\"420\" height=\"315\" data-id=\"9896\" src=\"https:\/\/powstaniewielkopolskie.pl\/nowa\/wp-content\/uploads\/2024\/12\/DSC04816_wm-bis.jpg\" alt=\"\" class=\"wp-image-9896\" srcset=\"http:\/\/powstaniewielkopolskie.pl\/nowa\/wp-content\/uploads\/2024\/12\/DSC04816_wm-bis.jpg 420w, http:\/\/powstaniewielkopolskie.pl\/nowa\/wp-content\/uploads\/2024\/12\/DSC04816_wm-bis-300x225.jpg 300w\" sizes=\"(max-width: 420px) 100vw, 420px\" \/><\/figure>\n\n\n\n<figure class=\"wp-block-image size-large\"><img loading=\"lazy\" decoding=\"async\" width=\"404\" height=\"304\" data-id=\"9900\" src=\"https:\/\/powstaniewielkopolskie.pl\/nowa\/wp-content\/uploads\/2024\/12\/IMG-20241230-WA0031-bis.jpg\" alt=\"\" class=\"wp-image-9900\" srcset=\"http:\/\/powstaniewielkopolskie.pl\/nowa\/wp-content\/uploads\/2024\/12\/IMG-20241230-WA0031-bis.jpg 404w, http:\/\/powstaniewielkopolskie.pl\/nowa\/wp-content\/uploads\/2024\/12\/IMG-20241230-WA0031-bis-300x226.jpg 300w\" sizes=\"(max-width: 404px) 100vw, 404px\" \/><\/figure>\n\n\n\n<figure class=\"wp-block-image size-large\"><img loading=\"lazy\" decoding=\"async\" width=\"404\" height=\"304\" data-id=\"9901\" src=\"https:\/\/powstaniewielkopolskie.pl\/nowa\/wp-content\/uploads\/2024\/12\/IMG-20241230-WA0045-bis.jpg\" alt=\"\" class=\"wp-image-9901\" srcset=\"http:\/\/powstaniewielkopolskie.pl\/nowa\/wp-content\/uploads\/2024\/12\/IMG-20241230-WA0045-bis.jpg 404w, http:\/\/powstaniewielkopolskie.pl\/nowa\/wp-content\/uploads\/2024\/12\/IMG-20241230-WA0045-bis-300x226.jpg 300w\" sizes=\"(max-width: 404px) 100vw, 404px\" \/><\/figure>\n\n\n\n<figure class=\"wp-block-image size-large\"><img loading=\"lazy\" decoding=\"async\" width=\"404\" height=\"304\" data-id=\"9902\" src=\"https:\/\/powstaniewielkopolskie.pl\/nowa\/wp-content\/uploads\/2024\/12\/IMG-20241230-WA0027-bis.jpg\" alt=\"\" class=\"wp-image-9902\" srcset=\"http:\/\/powstaniewielkopolskie.pl\/nowa\/wp-content\/uploads\/2024\/12\/IMG-20241230-WA0027-bis.jpg 404w, http:\/\/powstaniewielkopolskie.pl\/nowa\/wp-content\/uploads\/2024\/12\/IMG-20241230-WA0027-bis-300x226.jpg 300w\" sizes=\"(max-width: 404px) 100vw, 404px\" \/><\/figure>\n<\/figure>\n\n\n\n<p><strong>28 grudnia 2024 r.<\/strong> &#8211; w Warszawie odby\u0142y si\u0119 uroczysto\u015bci zwi\u0105zane z obchodami Narodowego Dnia Zwyci\u0119skiego Powstania Wielkopolskiego. Rozpocz\u0119\u0142a je msza \u015bwi\u0119ta w intencji Powsta\u0144c\u00f3w Wielkopolskich, odprawiona w ko\u015bciele Ojc\u00f3w Dominikan\u00f3w przy ulicy Freta. Po jej zako\u0144czeniu uczestnicy udali si\u0119 na plac Marsza\u0142ka J. Pi\u0142sudskiego, gdzie przy Grobie Nieznanego \u017bo\u0142nierza, w asy\u015bcie Wojska Polskiego odby\u0142a si\u0119 g\u0142\u00f3wna cz\u0119\u015b\u0107 uroczysto\u015bci. W ceremonii udzia\u0142 wzi\u0119li m.in.: Marsza\u0142ek Wojew\u00f3dztwa Wielkopolskiego Marek Wo\u017aniak, Wojewoda Wielkopolska Agata Sobczyk, Metropolita Warszawski arcybiskup Adrian Galbas, Wicewojewoda Wielkopolska Karolina Fabi\u015b-Szulc, Wicemarsza\u0142kowie Wojciech Jankowiak i Krzysztof Grabowski, Zast\u0119pca Prezydenta Poznania Mariusz Wi\u015bniewski, Zast\u0119pca Prezydenta Warszawy Tomasz Mencina, Genera\u0142 Damian Matysiak &#8211; Zast\u0119pca Dow\u00f3dcy Garnizonu Warszawa, delegacja Zarz\u0105du G\u0142\u00f3wnego Towarzystwa Pami\u0119ci Powstania Wielkopolskiego z wiceprezesami Januszem Sa\u0142at\u0105 i Wawrzy\u0144cem Wierzejewskim, przedstawiciele samorz\u0105d\u00f3w, instytucji, stowarzysze\u0144 i organizacji, harcerze i m\u0142odzie\u017c szkolna ze szk\u00f3\u0142 wielkopolskich oraz Szko\u0142y Podstawowej nr 263 im. Powsta\u0144c\u00f3w Wielkopolskich w Warszawie. Marsza\u0142ek Marek Wo\u017aniak, gospodarz wydarzenia, podkre\u015bli\u0142 w swoim wyst\u0105pieniu znaczenie Powstania Wielkopolskiego nie tylko dla regionu, ale tak\u017ce dla ca\u0142ego kraju. Po uroczystym Apelu Pami\u0119ci delegacje z\u0142o\u017cy\u0142y w asy\u015bcie Wojska Polskiego kwiaty przy Grobie Nieznanego \u017bo\u0142nierza. W dalszej cz\u0119\u015bci oddano r\u00f3wnie\u017c ho\u0142d w symbolicznych miejscach na Wojskowych Pow\u0105zkach: na kwaterze Powsta\u0144c\u00f3w Wielkopolskich i \u015al\u0105skich, pod pomnikiem Ofiar Katastrofy Smole\u0144skiej oraz na \u0141\u0105czce, a tak\u017ce na grobie gen. Dubiskiego i p\u0142k. Szylinga na Starych Pow\u0105zkach.<\/p>\n\n\n\n<p class=\"has-text-align-right\">Fot. Alina Kucharska, Piotr Pers<\/p>\n<div data-animation=\"pulse\" data-icons-animation=\"no-animation\" data-overlay=\"on\" data-change-size=\"\" data-button-size=\"0.7\" style=\"font-size:0.7em;display:none;\" class=\"supsystic-social-sharing supsystic-social-sharing-package-flat supsystic-social-sharing-hide-on-homepage supsystic-social-sharing-content supsystic-social-sharing-content-align-center\" data-text=\"\"><a class=\"social-sharing-button sharer-flat sharer-flat-2 counter-standard digg\" target=\"_blank\" title=\"Digg\" href=\"http:\/\/digg.com\/submit?url=http%3A%2F%2Fpowstaniewielkopolskie.pl%2Fnowa%2F%3Fp%3D9891&title=Warszawskie+uroczysto%C5%9Bci+dla+uczczenia+106.+rocznicy+Powstania+Wielkopolskiego\" data-nid=\"8\" data-name=\"\" data-pid=\"1\" data-post-id=\"9891\" data-url=\"http:\/\/powstaniewielkopolskie.pl\/nowa\/wp-admin\/admin-ajax.php\" data-url=\"http:\/\/powstaniewielkopolskie.pl\/nowa\/wp-admin\/admin-ajax.php\" data-description=\"Warszawskie uroczysto\u015bci dla uczczenia 106. rocznicy Powstania Wielkopolskiego\" rel=\"nofollow\"><i class=\"fa fa-fw fa-digg\"><\/i><div class=\"counter-wrap standard\"><span class=\"counter\">0<\/span><\/div><\/a><a class=\"social-sharing-button sharer-flat sharer-flat-2 counter-standard mail\" target=\"_blank\" title=\"Mail\" href=\"#\" data-nid=\"16\" data-name=\"\" data-pid=\"1\" data-post-id=\"9891\" data-url=\"http:\/\/powstaniewielkopolskie.pl\/nowa\/wp-admin\/admin-ajax.php\" data-url=\"http:\/\/powstaniewielkopolskie.pl\/nowa\/wp-admin\/admin-ajax.php\" data-description=\"Warszawskie uroczysto\u015bci dla uczczenia 106. rocznicy Powstania Wielkopolskiego\" rel=\"nofollow\"><i class=\"fa fa-fw fa-envelope-o\"><\/i><div class=\"counter-wrap standard\"><span class=\"counter\">0<\/span><\/div><\/a><a class=\"social-sharing-button sharer-flat sharer-flat-2 counter-standard facebook\" target=\"_blank\" title=\"Facebook\" href=\"http:\/\/www.facebook.com\/sharer.php?u=http%3A%2F%2Fpowstaniewielkopolskie.pl%2Fnowa%2F%3Fp%3D9891\" data-nid=\"1\" data-name=\"\" data-pid=\"1\" data-post-id=\"9891\" data-url=\"http:\/\/powstaniewielkopolskie.pl\/nowa\/wp-admin\/admin-ajax.php\" data-url=\"http:\/\/powstaniewielkopolskie.pl\/nowa\/wp-admin\/admin-ajax.php\" data-description=\"Warszawskie uroczysto\u015bci dla uczczenia 106. rocznicy Powstania Wielkopolskiego\" rel=\"nofollow\"><i class=\"fa fa-fw fa-facebook\"><\/i><div class=\"counter-wrap standard\"><span class=\"counter\">0<\/span><\/div><\/a><a class=\"social-sharing-button sharer-flat sharer-flat-2 counter-standard whatsapp\" target=\"_blank\" title=\"WhatsApp\" href=\"whatsapp:\/\/send?text=http%3A%2F%2Fpowstaniewielkopolskie.pl%2Fnowa%2F%3Fp%3D9891\" data-nid=\"18\" data-name=\"\" data-pid=\"1\" data-post-id=\"9891\" data-url=\"http:\/\/powstaniewielkopolskie.pl\/nowa\/wp-admin\/admin-ajax.php\" data-url=\"http:\/\/powstaniewielkopolskie.pl\/nowa\/wp-admin\/admin-ajax.php\" data-description=\"Warszawskie uroczysto\u015bci dla uczczenia 106. rocznicy Powstania Wielkopolskiego\" rel=\"nofollow\"><i class=\"fa fa-fw fa-whatsapp\"><\/i><div class=\"counter-wrap standard\"><span class=\"counter\">0<\/span><\/div><\/a><a class=\"social-sharing-button sharer-flat sharer-flat-2 counter-standard twitter\" target=\"_blank\" title=\"Twitter\" href=\"https:\/\/twitter.com\/share?url=http%3A%2F%2Fpowstaniewielkopolskie.pl%2Fnowa%2F%3Fp%3D9891&text=Warszawskie+uroczysto%C5%9Bci+dla+uczczenia+106.+rocznicy+Powstania+Wielkopolskiego\" data-nid=\"2\" data-name=\"\" data-pid=\"1\" data-post-id=\"9891\" data-url=\"http:\/\/powstaniewielkopolskie.pl\/nowa\/wp-admin\/admin-ajax.php\" data-url=\"http:\/\/powstaniewielkopolskie.pl\/nowa\/wp-admin\/admin-ajax.php\" data-description=\"Warszawskie uroczysto\u015bci dla uczczenia 106. rocznicy Powstania Wielkopolskiego\" rel=\"nofollow\"><i class=\"fa fa-fw fa-twitter\"><\/i><div class=\"counter-wrap standard\"><span class=\"counter\">0<\/span><\/div><\/a><a class=\"social-sharing-button sharer-flat sharer-flat-2 counter-standard googleplus\" target=\"_blank\" title=\"Google+\" href=\"https:\/\/plus.google.com\/share?url=http%3A%2F%2Fpowstaniewielkopolskie.pl%2Fnowa%2F%3Fp%3D9891\" data-nid=\"3\" data-name=\"\" data-pid=\"1\" data-post-id=\"9891\" data-url=\"http:\/\/powstaniewielkopolskie.pl\/nowa\/wp-admin\/admin-ajax.php\" data-url=\"http:\/\/powstaniewielkopolskie.pl\/nowa\/wp-admin\/admin-ajax.php\" data-description=\"Warszawskie uroczysto\u015bci dla uczczenia 106. rocznicy Powstania Wielkopolskiego\" rel=\"nofollow\"><i class=\"fa fa-fw fa-google-plus\"><\/i><div class=\"counter-wrap standard\"><span class=\"counter\">0<\/span><\/div><\/a><\/div>","protected":false},"excerpt":{"rendered":"<p>28 grudnia 2024 r. &#8211; w Warszawie odby\u0142y si\u0119 uroczysto\u015bci zwi\u0105zane z obchodami Narodowego Dnia Zwyci\u0119skiego Powstania Wielkopolskiego. Rozpocz\u0119\u0142a je msza \u015bwi\u0119ta w intencji Powsta\u0144c\u00f3w Wielkopolskich, odprawiona w ko\u015bciele Ojc\u00f3w Dominikan\u00f3w przy<a class=\"moretag\" href=\"http:\/\/powstaniewielkopolskie.pl\/nowa\/?p=9891\">Czytaj wi\u0119cej&#8230;<\/a><\/p>\n<div data-animation=\"pulse\" data-icons-animation=\"no-animation\" data-overlay=\"on\" data-change-size=\"\" data-button-size=\"0.7\" style=\"font-size:0.7em;display:none;\" class=\"supsystic-social-sharing supsystic-social-sharing-package-flat supsystic-social-sharing-hide-on-homepage supsystic-social-sharing-content supsystic-social-sharing-content-align-center\" data-text=\"\"><a class=\"social-sharing-button sharer-flat sharer-flat-2 counter-standard digg\" target=\"_blank\" title=\"Digg\" href=\"http:\/\/digg.com\/submit?url=http%3A%2F%2Fpowstaniewielkopolskie.pl%2Fnowa%2F%3Fp%3D9891&title=Warszawskie+uroczysto%C5%9Bci+dla+uczczenia+106.+rocznicy+Powstania+Wielkopolskiego\" data-nid=\"8\" data-name=\"\" data-pid=\"1\" data-post-id=\"9891\" data-url=\"http:\/\/powstaniewielkopolskie.pl\/nowa\/wp-admin\/admin-ajax.php\" data-url=\"http:\/\/powstaniewielkopolskie.pl\/nowa\/wp-admin\/admin-ajax.php\" data-description=\"Warszawskie uroczysto\u015bci dla uczczenia 106. rocznicy Powstania Wielkopolskiego\" rel=\"nofollow\"><i class=\"fa fa-fw fa-digg\"><\/i><div class=\"counter-wrap standard\"><span class=\"counter\">0<\/span><\/div><\/a><a class=\"social-sharing-button sharer-flat sharer-flat-2 counter-standard mail\" target=\"_blank\" title=\"Mail\" href=\"#\" data-nid=\"16\" data-name=\"\" data-pid=\"1\" data-post-id=\"9891\" data-url=\"http:\/\/powstaniewielkopolskie.pl\/nowa\/wp-admin\/admin-ajax.php\" data-url=\"http:\/\/powstaniewielkopolskie.pl\/nowa\/wp-admin\/admin-ajax.php\" data-description=\"Warszawskie uroczysto\u015bci dla uczczenia 106. rocznicy Powstania Wielkopolskiego\" rel=\"nofollow\"><i class=\"fa fa-fw fa-envelope-o\"><\/i><div class=\"counter-wrap standard\"><span class=\"counter\">0<\/span><\/div><\/a><a class=\"social-sharing-button sharer-flat sharer-flat-2 counter-standard facebook\" target=\"_blank\" title=\"Facebook\" href=\"http:\/\/www.facebook.com\/sharer.php?u=http%3A%2F%2Fpowstaniewielkopolskie.pl%2Fnowa%2F%3Fp%3D9891\" data-nid=\"1\" data-name=\"\" data-pid=\"1\" data-post-id=\"9891\" data-url=\"http:\/\/powstaniewielkopolskie.pl\/nowa\/wp-admin\/admin-ajax.php\" data-url=\"http:\/\/powstaniewielkopolskie.pl\/nowa\/wp-admin\/admin-ajax.php\" data-description=\"Warszawskie uroczysto\u015bci dla uczczenia 106. rocznicy Powstania Wielkopolskiego\" rel=\"nofollow\"><i class=\"fa fa-fw fa-facebook\"><\/i><div class=\"counter-wrap standard\"><span class=\"counter\">0<\/span><\/div><\/a><a class=\"social-sharing-button sharer-flat sharer-flat-2 counter-standard whatsapp\" target=\"_blank\" title=\"WhatsApp\" href=\"whatsapp:\/\/send?text=http%3A%2F%2Fpowstaniewielkopolskie.pl%2Fnowa%2F%3Fp%3D9891\" data-nid=\"18\" data-name=\"\" data-pid=\"1\" data-post-id=\"9891\" data-url=\"http:\/\/powstaniewielkopolskie.pl\/nowa\/wp-admin\/admin-ajax.php\" data-url=\"http:\/\/powstaniewielkopolskie.pl\/nowa\/wp-admin\/admin-ajax.php\" data-description=\"Warszawskie uroczysto\u015bci dla uczczenia 106. rocznicy Powstania Wielkopolskiego\" rel=\"nofollow\"><i class=\"fa fa-fw fa-whatsapp\"><\/i><div class=\"counter-wrap standard\"><span class=\"counter\">0<\/span><\/div><\/a><a class=\"social-sharing-button sharer-flat sharer-flat-2 counter-standard twitter\" target=\"_blank\" title=\"Twitter\" href=\"https:\/\/twitter.com\/share?url=http%3A%2F%2Fpowstaniewielkopolskie.pl%2Fnowa%2F%3Fp%3D9891&text=Warszawskie+uroczysto%C5%9Bci+dla+uczczenia+106.+rocznicy+Powstania+Wielkopolskiego\" data-nid=\"2\" data-name=\"\" data-pid=\"1\" data-post-id=\"9891\" data-url=\"http:\/\/powstaniewielkopolskie.pl\/nowa\/wp-admin\/admin-ajax.php\" data-url=\"http:\/\/powstaniewielkopolskie.pl\/nowa\/wp-admin\/admin-ajax.php\" data-description=\"Warszawskie uroczysto\u015bci dla uczczenia 106. rocznicy Powstania Wielkopolskiego\" rel=\"nofollow\"><i class=\"fa fa-fw fa-twitter\"><\/i><div class=\"counter-wrap standard\"><span class=\"counter\">0<\/span><\/div><\/a><a class=\"social-sharing-button sharer-flat sharer-flat-2 counter-standard googleplus\" target=\"_blank\" title=\"Google+\" href=\"https:\/\/plus.google.com\/share?url=http%3A%2F%2Fpowstaniewielkopolskie.pl%2Fnowa%2F%3Fp%3D9891\" data-nid=\"3\" data-name=\"\" data-pid=\"1\" data-post-id=\"9891\" data-url=\"http:\/\/powstaniewielkopolskie.pl\/nowa\/wp-admin\/admin-ajax.php\" data-url=\"http:\/\/powstaniewielkopolskie.pl\/nowa\/wp-admin\/admin-ajax.php\" data-description=\"Warszawskie uroczysto\u015bci dla uczczenia 106. rocznicy Powstania Wielkopolskiego\" rel=\"nofollow\"><i class=\"fa fa-fw fa-google-plus\"><\/i><div class=\"counter-wrap standard\"><span class=\"counter\">0<\/span><\/div><\/a><\/div>","protected":false},"author":4,"featured_media":9893,"comment_status":"closed","ping_status":"open","sticky":false,"template":"","format":"standard","meta":{"footnotes":""},"categories":[3],"tags":[],"_links":{"self":[{"href":"http:\/\/powstaniewielkopolskie.pl\/nowa\/index.php?rest_route=\/wp\/v2\/posts\/9891"}],"collection":[{"href":"http:\/\/powstaniewielkopolskie.pl\/nowa\/index.php?rest_route=\/wp\/v2\/posts"}],"about":[{"href":"http:\/\/powstaniewielkopolskie.pl\/nowa\/index.php?rest_route=\/wp\/v2\/types\/post"}],"author":[{"embeddable":true,"href":"http:\/\/powstaniewielkopolskie.pl\/nowa\/index.php?rest_route=\/wp\/v2\/users\/4"}],"replies":[{"embeddable":true,"href":"http:\/\/powstaniewielkopolskie.pl\/nowa\/index.php?rest_route=%2Fwp%2Fv2%2Fcomments&post=9891"}],"version-history":[{"count":3,"href":"http:\/\/powstaniewielkopolskie.pl\/nowa\/index.php?rest_route=\/wp\/v2\/posts\/9891\/revisions"}],"predecessor-version":[{"id":9905,"href":"http:\/\/powstaniewielkopolskie.pl\/nowa\/index.php?rest_route=\/wp\/v2\/posts\/9891\/revisions\/9905"}],"wp:featuredmedia":[{"embeddable":true,"href":"http:\/\/powstaniewielkopolskie.pl\/nowa\/index.php?rest_route=\/wp\/v2\/media\/9893"}],"wp:attachment":[{"href":"http:\/\/powstaniewielkopolskie.pl\/nowa\/index.php?rest_route=%2Fwp%2Fv2%2Fmedia&parent=9891"}],"wp:term":[{"taxonomy":"category","embeddable":true,"href":"http:\/\/powstaniewielkopolskie.pl\/nowa\/index.php?rest_route=%2Fwp%2Fv2%2Fcategories&post=9891"},{"taxonomy":"post_tag","embeddable":true,"href":"http:\/\/powstaniewielkopolskie.pl\/nowa\/index.php?rest_route=%2Fwp%2Fv2%2Ftags&post=9891"}],"curies":[{"name":"wp","href":"https:\/\/api.w.org\/{rel}","templated":true}]}}