{"id":9885,"date":"2024-12-30T13:20:00","date_gmt":"2024-12-30T12:20:00","guid":{"rendered":"https:\/\/powstaniewielkopolskie.pl\/nowa\/?p=9885"},"modified":"2025-01-15T21:53:46","modified_gmt":"2025-01-15T20:53:46","slug":"konferencja-historyczna-w-chobienicach","status":"publish","type":"post","link":"http:\/\/powstaniewielkopolskie.pl\/nowa\/?p=9885","title":{"rendered":"Konferencja historyczna w Chobienicach"},"content":{"rendered":"\n<figure class=\"wp-block-gallery has-nested-images columns-default is-cropped wp-block-gallery-1 is-layout-flex wp-block-gallery-is-layout-flex\">\n<figure class=\"wp-block-image size-large\"><img loading=\"lazy\" decoding=\"async\" width=\"548\" height=\"365\" data-id=\"9888\" src=\"https:\/\/powstaniewielkopolskie.pl\/nowa\/wp-content\/uploads\/2024\/12\/Chobienice-kosciol-bis.jpg\" alt=\"\" class=\"wp-image-9888\" srcset=\"http:\/\/powstaniewielkopolskie.pl\/nowa\/wp-content\/uploads\/2024\/12\/Chobienice-kosciol-bis.jpg 548w, http:\/\/powstaniewielkopolskie.pl\/nowa\/wp-content\/uploads\/2024\/12\/Chobienice-kosciol-bis-300x200.jpg 300w\" sizes=\"(max-width: 548px) 100vw, 548px\" \/><\/figure>\n\n\n\n<figure class=\"wp-block-image size-large\"><img loading=\"lazy\" decoding=\"async\" width=\"548\" height=\"365\" data-id=\"9887\" src=\"https:\/\/powstaniewielkopolskie.pl\/nowa\/wp-content\/uploads\/2024\/12\/Chobienice-28-grudnia-ZK-bis.jpg\" alt=\"\" class=\"wp-image-9887\" srcset=\"http:\/\/powstaniewielkopolskie.pl\/nowa\/wp-content\/uploads\/2024\/12\/Chobienice-28-grudnia-ZK-bis.jpg 548w, http:\/\/powstaniewielkopolskie.pl\/nowa\/wp-content\/uploads\/2024\/12\/Chobienice-28-grudnia-ZK-bis-300x200.jpg 300w\" sizes=\"(max-width: 548px) 100vw, 548px\" \/><\/figure>\n\n\n\n<figure class=\"wp-block-image size-large\"><img loading=\"lazy\" decoding=\"async\" width=\"548\" height=\"365\" data-id=\"9889\" src=\"https:\/\/powstaniewielkopolskie.pl\/nowa\/wp-content\/uploads\/2024\/12\/wydarzenie-w-Chobienicach-2-bis.jpg\" alt=\"\" class=\"wp-image-9889\" srcset=\"http:\/\/powstaniewielkopolskie.pl\/nowa\/wp-content\/uploads\/2024\/12\/wydarzenie-w-Chobienicach-2-bis.jpg 548w, http:\/\/powstaniewielkopolskie.pl\/nowa\/wp-content\/uploads\/2024\/12\/wydarzenie-w-Chobienicach-2-bis-300x200.jpg 300w\" sizes=\"(max-width: 548px) 100vw, 548px\" \/><\/figure>\n<\/figure>\n\n\n\n<p><\/p>\n\n\n\n<p><strong>28 grudnia 2024 r.<\/strong> &#8211; w Chobienicach (gm. Siedlec) odby\u0142a si\u0119 konferencja Towarzystwa Pami\u0119ci Powstania Wielkopolskiego pt. \u201eBoje o mosty na rzece Obrze\u201d. Jej organizatorami by\u0142y ko\u0142a TPPW: Siedlec, Zb\u0105szy\u0144, Wolsztyn i Opalenica. Zgromadzi\u0142a ona 249 go\u015bci. W samo po\u0142udnie w ko\u015bciele parafialnym pw. \u015bw Piotra w Okowach odby\u0142a si\u0119 msza \u015bw. w intencji Ojczyzny. Po niej przemaszerowano do chobienickiej Ostoi. W trakcie uroczysto\u015bci udekorowano osoby zas\u0142u\u017cone dla kultywowania tradycji odznak\u0105 honorow\u0105 Towarzystwa Pami\u0119ci Powstania Wielkopolskiego \u201eWierni Tradycji\u201d: Henryka Gorgiela , Piotra Skrzypczaka, Adama \u015awita\u0142\u0119, Mariusza Urbana i Wojciecha Olejniczaka. Maksymilian Michalczak zosta\u0142 wyr\u00f3\u017cniony z\u0142ot\u0105 odznak\u0105. Prelegentami konferencji byli: dr Zdzis\u0142aw Ko\u015bcia\u0144ski &#8211; \u201eGenera\u0142 Stanis\u0142aw Taczak \u017co\u0142nierz niepodleg\u0142o\u015bci. W 150 rocznic\u0119 urodzin&#8221;; dr Piotr Grzelczak &#8211; \u201eIgnacy hr. Miel\u017cy\u0144ski i jego zas\u0142ugi dla Ojczyzny&#8221;; Dariusz Poszwi\u0144ski &#8211; \u201eRola Duchowie\u0144stwa w Powstaniu Wielkopolskim&#8221;; Hubert Rokoszewski &#8211; \u201eBoje o mosty na rzece Obrze&#8221;; Piotr Stachecki &#8211; \u201eZa mostami Obry w niemieckiej niewoli w Havelburgu&#8221;. Wydarzenie u\u015bwietni\u0142 koncert skrzypcowy, kt\u00f3ry wykona\u0142a Zofia Chmielak w asy\u015bcie drugich skrzypiec, pianina i akordeonu. Cz\u0119\u015b\u0107 artystyczn\u0105 wzbogaci\u0142y dzieci ze Szko\u0142y Podstawowej im. hr. Ignacego Miel\u017cy\u0144skiego w Chobienicach. Wydarzenie by\u0142o prowadzone przez Agnieszk\u0119 Kwa\u015bnioch i Tomasza Jazdona ( prezesa Ko\u0142a TPPW w Zb\u0105szyniu). <br>Gminy Wolsztyn, Siedlec, Zb\u0105szy\u0144 i Opalenica oraz Starostwo Powiatowe Wolsztyn\u00a0 wspomog\u0142y organizacj\u0119, a w wydarzeniu uczestniczyli cz\u0142onkowie k\u00f3\u0142 z Opalenicy, Przem\u0119tu, K\u00f3rnika, Sulechowa, Wolsztyna, Zb\u0105szynia i Siedlca, go\u015bcinnie cz\u0142onkowie Klubu Rod\u0142a z Ziemi Babimojskiej i Bractwa Kurkowego oraz Stowarzyszenia Patriotyczny Zb\u0105szy\u0144. Go\u015b\u0107mi honorowymi byli starostowie i burmistrzowie z regionu, przedstawiciele s\u0142u\u017cb, instytucji i przedstawiciele Zarz\u0105du G\u0142\u00f3wnego TPPW. Udzia\u0142 wzi\u0119\u0142y ponadto historyczne poczty sztandarowe oraz rekonstruktorzy ze Stowarzyszenia Mi\u0142o\u015bnik\u00f3w Historii Wojskowo\u015bci w Drzonowie.<\/p>\n\n\n\n<p class=\"has-text-align-right\">Fot. Rozalia Kaczmarek<\/p>\n<div data-animation=\"pulse\" data-icons-animation=\"no-animation\" data-overlay=\"on\" data-change-size=\"\" data-button-size=\"0.7\" style=\"font-size:0.7em;display:none;\" class=\"supsystic-social-sharing supsystic-social-sharing-package-flat supsystic-social-sharing-hide-on-homepage supsystic-social-sharing-content supsystic-social-sharing-content-align-center\" data-text=\"\"><a class=\"social-sharing-button sharer-flat sharer-flat-2 counter-standard digg\" target=\"_blank\" title=\"Digg\" href=\"http:\/\/digg.com\/submit?url=http%3A%2F%2Fpowstaniewielkopolskie.pl%2Fnowa%2F%3Fp%3D9885&title=Konferencja+historyczna+w+Chobienicach\" data-nid=\"8\" data-name=\"\" data-pid=\"1\" data-post-id=\"9885\" data-url=\"http:\/\/powstaniewielkopolskie.pl\/nowa\/wp-admin\/admin-ajax.php\" data-url=\"http:\/\/powstaniewielkopolskie.pl\/nowa\/wp-admin\/admin-ajax.php\" data-description=\"Konferencja historyczna w Chobienicach\" rel=\"nofollow\"><i class=\"fa fa-fw fa-digg\"><\/i><div class=\"counter-wrap standard\"><span class=\"counter\">0<\/span><\/div><\/a><a class=\"social-sharing-button sharer-flat sharer-flat-2 counter-standard mail\" target=\"_blank\" title=\"Mail\" href=\"#\" data-nid=\"16\" data-name=\"\" data-pid=\"1\" data-post-id=\"9885\" data-url=\"http:\/\/powstaniewielkopolskie.pl\/nowa\/wp-admin\/admin-ajax.php\" data-url=\"http:\/\/powstaniewielkopolskie.pl\/nowa\/wp-admin\/admin-ajax.php\" data-description=\"Konferencja historyczna w Chobienicach\" rel=\"nofollow\"><i class=\"fa fa-fw fa-envelope-o\"><\/i><div class=\"counter-wrap standard\"><span class=\"counter\">0<\/span><\/div><\/a><a class=\"social-sharing-button sharer-flat sharer-flat-2 counter-standard facebook\" target=\"_blank\" title=\"Facebook\" href=\"http:\/\/www.facebook.com\/sharer.php?u=http%3A%2F%2Fpowstaniewielkopolskie.pl%2Fnowa%2F%3Fp%3D9885\" data-nid=\"1\" data-name=\"\" data-pid=\"1\" data-post-id=\"9885\" data-url=\"http:\/\/powstaniewielkopolskie.pl\/nowa\/wp-admin\/admin-ajax.php\" data-url=\"http:\/\/powstaniewielkopolskie.pl\/nowa\/wp-admin\/admin-ajax.php\" data-description=\"Konferencja historyczna w Chobienicach\" rel=\"nofollow\"><i class=\"fa fa-fw fa-facebook\"><\/i><div class=\"counter-wrap standard\"><span class=\"counter\">0<\/span><\/div><\/a><a class=\"social-sharing-button sharer-flat sharer-flat-2 counter-standard whatsapp\" target=\"_blank\" title=\"WhatsApp\" href=\"whatsapp:\/\/send?text=http%3A%2F%2Fpowstaniewielkopolskie.pl%2Fnowa%2F%3Fp%3D9885\" data-nid=\"18\" data-name=\"\" data-pid=\"1\" data-post-id=\"9885\" data-url=\"http:\/\/powstaniewielkopolskie.pl\/nowa\/wp-admin\/admin-ajax.php\" data-url=\"http:\/\/powstaniewielkopolskie.pl\/nowa\/wp-admin\/admin-ajax.php\" data-description=\"Konferencja historyczna w Chobienicach\" rel=\"nofollow\"><i class=\"fa fa-fw fa-whatsapp\"><\/i><div class=\"counter-wrap standard\"><span class=\"counter\">0<\/span><\/div><\/a><a class=\"social-sharing-button sharer-flat sharer-flat-2 counter-standard twitter\" target=\"_blank\" title=\"Twitter\" href=\"https:\/\/twitter.com\/share?url=http%3A%2F%2Fpowstaniewielkopolskie.pl%2Fnowa%2F%3Fp%3D9885&text=Konferencja+historyczna+w+Chobienicach\" data-nid=\"2\" data-name=\"\" data-pid=\"1\" data-post-id=\"9885\" data-url=\"http:\/\/powstaniewielkopolskie.pl\/nowa\/wp-admin\/admin-ajax.php\" data-url=\"http:\/\/powstaniewielkopolskie.pl\/nowa\/wp-admin\/admin-ajax.php\" data-description=\"Konferencja historyczna w Chobienicach\" rel=\"nofollow\"><i class=\"fa fa-fw fa-twitter\"><\/i><div class=\"counter-wrap standard\"><span class=\"counter\">0<\/span><\/div><\/a><a class=\"social-sharing-button sharer-flat sharer-flat-2 counter-standard googleplus\" target=\"_blank\" title=\"Google+\" href=\"https:\/\/plus.google.com\/share?url=http%3A%2F%2Fpowstaniewielkopolskie.pl%2Fnowa%2F%3Fp%3D9885\" data-nid=\"3\" data-name=\"\" data-pid=\"1\" data-post-id=\"9885\" data-url=\"http:\/\/powstaniewielkopolskie.pl\/nowa\/wp-admin\/admin-ajax.php\" data-url=\"http:\/\/powstaniewielkopolskie.pl\/nowa\/wp-admin\/admin-ajax.php\" data-description=\"Konferencja historyczna w Chobienicach\" rel=\"nofollow\"><i class=\"fa fa-fw fa-google-plus\"><\/i><div class=\"counter-wrap standard\"><span class=\"counter\">0<\/span><\/div><\/a><\/div>","protected":false},"excerpt":{"rendered":"<p>28 grudnia 2024 r. &#8211; w Chobienicach (gm. Siedlec) odby\u0142a si\u0119 konferencja Towarzystwa Pami\u0119ci Powstania Wielkopolskiego pt. \u201eBoje o mosty na rzece Obrze\u201d. Jej organizatorami by\u0142y ko\u0142a TPPW: Siedlec, Zb\u0105szy\u0144, Wolsztyn i<a class=\"moretag\" href=\"http:\/\/powstaniewielkopolskie.pl\/nowa\/?p=9885\">Czytaj wi\u0119cej&#8230;<\/a><\/p>\n<div data-animation=\"pulse\" data-icons-animation=\"no-animation\" data-overlay=\"on\" data-change-size=\"\" data-button-size=\"0.7\" style=\"font-size:0.7em;display:none;\" class=\"supsystic-social-sharing supsystic-social-sharing-package-flat supsystic-social-sharing-hide-on-homepage supsystic-social-sharing-content supsystic-social-sharing-content-align-center\" data-text=\"\"><a class=\"social-sharing-button sharer-flat sharer-flat-2 counter-standard digg\" target=\"_blank\" title=\"Digg\" href=\"http:\/\/digg.com\/submit?url=http%3A%2F%2Fpowstaniewielkopolskie.pl%2Fnowa%2F%3Fp%3D9885&title=Konferencja+historyczna+w+Chobienicach\" data-nid=\"8\" data-name=\"\" data-pid=\"1\" data-post-id=\"9885\" data-url=\"http:\/\/powstaniewielkopolskie.pl\/nowa\/wp-admin\/admin-ajax.php\" data-url=\"http:\/\/powstaniewielkopolskie.pl\/nowa\/wp-admin\/admin-ajax.php\" data-description=\"Konferencja historyczna w Chobienicach\" rel=\"nofollow\"><i class=\"fa fa-fw fa-digg\"><\/i><div class=\"counter-wrap standard\"><span class=\"counter\">0<\/span><\/div><\/a><a class=\"social-sharing-button sharer-flat sharer-flat-2 counter-standard mail\" target=\"_blank\" title=\"Mail\" href=\"#\" data-nid=\"16\" data-name=\"\" data-pid=\"1\" data-post-id=\"9885\" data-url=\"http:\/\/powstaniewielkopolskie.pl\/nowa\/wp-admin\/admin-ajax.php\" data-url=\"http:\/\/powstaniewielkopolskie.pl\/nowa\/wp-admin\/admin-ajax.php\" data-description=\"Konferencja historyczna w Chobienicach\" rel=\"nofollow\"><i class=\"fa fa-fw fa-envelope-o\"><\/i><div class=\"counter-wrap standard\"><span class=\"counter\">0<\/span><\/div><\/a><a class=\"social-sharing-button sharer-flat sharer-flat-2 counter-standard facebook\" target=\"_blank\" title=\"Facebook\" href=\"http:\/\/www.facebook.com\/sharer.php?u=http%3A%2F%2Fpowstaniewielkopolskie.pl%2Fnowa%2F%3Fp%3D9885\" data-nid=\"1\" data-name=\"\" data-pid=\"1\" data-post-id=\"9885\" data-url=\"http:\/\/powstaniewielkopolskie.pl\/nowa\/wp-admin\/admin-ajax.php\" data-url=\"http:\/\/powstaniewielkopolskie.pl\/nowa\/wp-admin\/admin-ajax.php\" data-description=\"Konferencja historyczna w Chobienicach\" rel=\"nofollow\"><i class=\"fa fa-fw fa-facebook\"><\/i><div class=\"counter-wrap standard\"><span class=\"counter\">0<\/span><\/div><\/a><a class=\"social-sharing-button sharer-flat sharer-flat-2 counter-standard whatsapp\" target=\"_blank\" title=\"WhatsApp\" href=\"whatsapp:\/\/send?text=http%3A%2F%2Fpowstaniewielkopolskie.pl%2Fnowa%2F%3Fp%3D9885\" data-nid=\"18\" data-name=\"\" data-pid=\"1\" data-post-id=\"9885\" data-url=\"http:\/\/powstaniewielkopolskie.pl\/nowa\/wp-admin\/admin-ajax.php\" data-url=\"http:\/\/powstaniewielkopolskie.pl\/nowa\/wp-admin\/admin-ajax.php\" data-description=\"Konferencja historyczna w Chobienicach\" rel=\"nofollow\"><i class=\"fa fa-fw fa-whatsapp\"><\/i><div class=\"counter-wrap standard\"><span class=\"counter\">0<\/span><\/div><\/a><a class=\"social-sharing-button sharer-flat sharer-flat-2 counter-standard twitter\" target=\"_blank\" title=\"Twitter\" href=\"https:\/\/twitter.com\/share?url=http%3A%2F%2Fpowstaniewielkopolskie.pl%2Fnowa%2F%3Fp%3D9885&text=Konferencja+historyczna+w+Chobienicach\" data-nid=\"2\" data-name=\"\" data-pid=\"1\" data-post-id=\"9885\" data-url=\"http:\/\/powstaniewielkopolskie.pl\/nowa\/wp-admin\/admin-ajax.php\" data-url=\"http:\/\/powstaniewielkopolskie.pl\/nowa\/wp-admin\/admin-ajax.php\" data-description=\"Konferencja historyczna w Chobienicach\" rel=\"nofollow\"><i class=\"fa fa-fw fa-twitter\"><\/i><div class=\"counter-wrap standard\"><span class=\"counter\">0<\/span><\/div><\/a><a class=\"social-sharing-button sharer-flat sharer-flat-2 counter-standard googleplus\" target=\"_blank\" title=\"Google+\" href=\"https:\/\/plus.google.com\/share?url=http%3A%2F%2Fpowstaniewielkopolskie.pl%2Fnowa%2F%3Fp%3D9885\" data-nid=\"3\" data-name=\"\" data-pid=\"1\" data-post-id=\"9885\" data-url=\"http:\/\/powstaniewielkopolskie.pl\/nowa\/wp-admin\/admin-ajax.php\" data-url=\"http:\/\/powstaniewielkopolskie.pl\/nowa\/wp-admin\/admin-ajax.php\" data-description=\"Konferencja historyczna w Chobienicach\" rel=\"nofollow\"><i class=\"fa fa-fw fa-google-plus\"><\/i><div class=\"counter-wrap standard\"><span class=\"counter\">0<\/span><\/div><\/a><\/div>","protected":false},"author":4,"featured_media":9886,"comment_status":"closed","ping_status":"open","sticky":false,"template":"","format":"standard","meta":{"footnotes":""},"categories":[3],"tags":[],"_links":{"self":[{"href":"http:\/\/powstaniewielkopolskie.pl\/nowa\/index.php?rest_route=\/wp\/v2\/posts\/9885"}],"collection":[{"href":"http:\/\/powstaniewielkopolskie.pl\/nowa\/index.php?rest_route=\/wp\/v2\/posts"}],"about":[{"href":"http:\/\/powstaniewielkopolskie.pl\/nowa\/index.php?rest_route=\/wp\/v2\/types\/post"}],"author":[{"embeddable":true,"href":"http:\/\/powstaniewielkopolskie.pl\/nowa\/index.php?rest_route=\/wp\/v2\/users\/4"}],"replies":[{"embeddable":true,"href":"http:\/\/powstaniewielkopolskie.pl\/nowa\/index.php?rest_route=%2Fwp%2Fv2%2Fcomments&post=9885"}],"version-history":[{"count":1,"href":"http:\/\/powstaniewielkopolskie.pl\/nowa\/index.php?rest_route=\/wp\/v2\/posts\/9885\/revisions"}],"predecessor-version":[{"id":9890,"href":"http:\/\/powstaniewielkopolskie.pl\/nowa\/index.php?rest_route=\/wp\/v2\/posts\/9885\/revisions\/9890"}],"wp:featuredmedia":[{"embeddable":true,"href":"http:\/\/powstaniewielkopolskie.pl\/nowa\/index.php?rest_route=\/wp\/v2\/media\/9886"}],"wp:attachment":[{"href":"http:\/\/powstaniewielkopolskie.pl\/nowa\/index.php?rest_route=%2Fwp%2Fv2%2Fmedia&parent=9885"}],"wp:term":[{"taxonomy":"category","embeddable":true,"href":"http:\/\/powstaniewielkopolskie.pl\/nowa\/index.php?rest_route=%2Fwp%2Fv2%2Fcategories&post=9885"},{"taxonomy":"post_tag","embeddable":true,"href":"http:\/\/powstaniewielkopolskie.pl\/nowa\/index.php?rest_route=%2Fwp%2Fv2%2Ftags&post=9885"}],"curies":[{"name":"wp","href":"https:\/\/api.w.org\/{rel}","templated":true}]}}