{"id":9633,"date":"2024-11-23T13:18:03","date_gmt":"2024-11-23T12:18:03","guid":{"rendered":"https:\/\/powstaniewielkopolskie.pl\/nowa\/?p=9633"},"modified":"2024-11-23T13:51:30","modified_gmt":"2024-11-23T12:51:30","slug":"wystawa-poswiecona-gen-stanislawowi-taczakowi-w-muzeum-miasta-malborka","status":"publish","type":"post","link":"http:\/\/powstaniewielkopolskie.pl\/nowa\/?p=9633","title":{"rendered":"Wystawa po\u015bwi\u0119cona Gen. Stanis\u0142awowi Taczakowi w Muzeum Miasta Malborka"},"content":{"rendered":"\n\n\n<figure class=\"wp-block-gallery has-nested-images columns-default is-cropped wp-block-gallery-1 is-layout-flex wp-block-gallery-is-layout-flex\">\n<figure class=\"wp-block-image size-large\"><img loading=\"lazy\" decoding=\"async\" width=\"619\" height=\"348\" data-id=\"9654\" src=\"https:\/\/powstaniewielkopolskie.pl\/nowa\/wp-content\/uploads\/2024\/11\/SAM_9461-bis1.jpg\" alt=\"\" class=\"wp-image-9654\" srcset=\"http:\/\/powstaniewielkopolskie.pl\/nowa\/wp-content\/uploads\/2024\/11\/SAM_9461-bis1.jpg 619w, http:\/\/powstaniewielkopolskie.pl\/nowa\/wp-content\/uploads\/2024\/11\/SAM_9461-bis1-300x169.jpg 300w\" sizes=\"(max-width: 619px) 100vw, 619px\" \/><\/figure>\n\n\n\n<figure class=\"wp-block-image size-large\"><img loading=\"lazy\" decoding=\"async\" width=\"619\" height=\"348\" data-id=\"9655\" src=\"https:\/\/powstaniewielkopolskie.pl\/nowa\/wp-content\/uploads\/2024\/11\/SAM_9496-bis1.jpg\" alt=\"\" class=\"wp-image-9655\" srcset=\"http:\/\/powstaniewielkopolskie.pl\/nowa\/wp-content\/uploads\/2024\/11\/SAM_9496-bis1.jpg 619w, http:\/\/powstaniewielkopolskie.pl\/nowa\/wp-content\/uploads\/2024\/11\/SAM_9496-bis1-300x169.jpg 300w\" sizes=\"(max-width: 619px) 100vw, 619px\" \/><\/figure>\n\n\n\n<figure class=\"wp-block-image size-large\"><img loading=\"lazy\" decoding=\"async\" width=\"619\" height=\"348\" data-id=\"9656\" src=\"https:\/\/powstaniewielkopolskie.pl\/nowa\/wp-content\/uploads\/2024\/11\/SAM_9498-bis1.jpg\" alt=\"\" class=\"wp-image-9656\" srcset=\"http:\/\/powstaniewielkopolskie.pl\/nowa\/wp-content\/uploads\/2024\/11\/SAM_9498-bis1.jpg 619w, http:\/\/powstaniewielkopolskie.pl\/nowa\/wp-content\/uploads\/2024\/11\/SAM_9498-bis1-300x169.jpg 300w\" sizes=\"(max-width: 619px) 100vw, 619px\" \/><\/figure>\n<\/figure>\n\n\n\n<figure class=\"wp-block-gallery has-nested-images columns-default is-cropped wp-block-gallery-2 is-layout-flex wp-block-gallery-is-layout-flex\"><\/figure>\n\n\n\n<p><\/p>\n\n\n\n<p><strong>21 listopada 2024 r.<\/strong> &#8211; w Muzeum Miasta Malborka uroczy\u015bcie otwarto wystaw\u0119 \u201eGen. Stanis\u0142aw Taczak &#8211; \u017co\u0142nierz niepodleg\u0142o\u015bci. W 150-t\u0105 rocznic\u0119 urodzin\u201d. Na wystawie pokazano wiele dokument\u00f3w, zdj\u0119\u0107, eksponat\u00f3w i plansz przedstawiaj\u0105cych posta\u0107 pierwszego dow\u00f3dcy Powstania Wielkopolskiego i histori\u0119 jego \u017cycia, o kt\u00f3rej emocjonalne m\u00f3wi\u0142 otwieraj\u0105cy wystaw\u0119 wnuk &#8211; Jerzy Gogo\u0142kiewicz. Szczeg\u00f3lnie podkre\u015bli\u0142 patriotyzm i heroizm dziadka i jego zdolno\u015bci przyw\u00f3dcze. O Generale, jego zas\u0142ugach, szczeg\u00f3lnie w Powstaniu Wielkopolskim i o kultywowaniu jego pami\u0119ci m\u00f3wi\u0142 prowadz\u0105cy uroczysto\u015b\u0107 Tomasz Agejczyk \u2013 dyrektor Muzeum Miasta Malborka, a tak\u017ce Przemys\u0142aw Terlecki \u2013 dyrektor Wielkopolskiego Muzeum Niepodleg\u0142o\u015bci i prezes Tadeusz Musia\u0142, reprezentuj\u0105cy wraz z wiceprezesami Zarz\u0105du G\u0142\u00f3wnego &#8211; Zdzis\u0142awem Ko\u015bcia\u0144skim i Januszem Sa\u0142at\u0105, Towarzystwo Pami\u0119ci Powstania Wielkopolskiego 1918\/1919. W uroczystym wernisa\u017cu uczestniczy\u0142o wielu znamienitych go\u015bci m. in. Czes\u0142aw Lewandowski \u2013 prezes ZG ZKRP i BWP, Jan Tadeusz Wilk \u2013 wiceburmistrz Malborka. Wystaw\u0119 mo\u017cna ogl\u0105da\u0107 do 4 maja 2025 r.<\/p>\n\n\n\n<p class=\"has-text-align-right\">Fot. Zdzis\u0142aw Ko\u015bcia\u0144ski<\/p>\n\n\n\n<figure class=\"wp-block-gallery has-nested-images columns-default is-cropped wp-block-gallery-3 is-layout-flex wp-block-gallery-is-layout-flex\"><\/figure>\n\n\n\n<figure class=\"wp-block-gallery has-nested-images columns-default is-cropped wp-block-gallery-4 is-layout-flex wp-block-gallery-is-layout-flex\"><\/figure>\n\n\n\n<figure class=\"wp-block-gallery has-nested-images columns-default is-cropped wp-block-gallery-5 is-layout-flex wp-block-gallery-is-layout-flex\"><\/figure>\n\n\n\n<figure class=\"wp-block-gallery has-nested-images columns-default is-cropped wp-block-gallery-6 is-layout-flex wp-block-gallery-is-layout-flex\"><\/figure>\n<div data-animation=\"pulse\" data-icons-animation=\"no-animation\" data-overlay=\"on\" data-change-size=\"\" data-button-size=\"0.7\" style=\"font-size:0.7em;display:none;\" class=\"supsystic-social-sharing supsystic-social-sharing-package-flat supsystic-social-sharing-hide-on-homepage supsystic-social-sharing-content supsystic-social-sharing-content-align-center\" data-text=\"\"><a class=\"social-sharing-button sharer-flat sharer-flat-2 counter-standard digg\" target=\"_blank\" title=\"Digg\" href=\"http:\/\/digg.com\/submit?url=http%3A%2F%2Fpowstaniewielkopolskie.pl%2Fnowa%2F%3Fp%3D9633&title=Wystawa+po%C5%9Bwi%C4%99cona+Gen.+Stanis%C5%82awowi+Taczakowi+w+Muzeum+Miasta+Malborka\" data-nid=\"8\" data-name=\"\" data-pid=\"1\" data-post-id=\"9633\" data-url=\"http:\/\/powstaniewielkopolskie.pl\/nowa\/wp-admin\/admin-ajax.php\" data-url=\"http:\/\/powstaniewielkopolskie.pl\/nowa\/wp-admin\/admin-ajax.php\" data-description=\"Wystawa po\u015bwi\u0119cona Gen. Stanis\u0142awowi Taczakowi w Muzeum Miasta Malborka\" rel=\"nofollow\"><i class=\"fa fa-fw fa-digg\"><\/i><div class=\"counter-wrap standard\"><span class=\"counter\">0<\/span><\/div><\/a><a class=\"social-sharing-button sharer-flat sharer-flat-2 counter-standard mail\" target=\"_blank\" title=\"Mail\" href=\"#\" data-nid=\"16\" data-name=\"\" data-pid=\"1\" data-post-id=\"9633\" data-url=\"http:\/\/powstaniewielkopolskie.pl\/nowa\/wp-admin\/admin-ajax.php\" data-url=\"http:\/\/powstaniewielkopolskie.pl\/nowa\/wp-admin\/admin-ajax.php\" data-description=\"Wystawa po\u015bwi\u0119cona Gen. Stanis\u0142awowi Taczakowi w Muzeum Miasta Malborka\" rel=\"nofollow\"><i class=\"fa fa-fw fa-envelope-o\"><\/i><div class=\"counter-wrap standard\"><span class=\"counter\">0<\/span><\/div><\/a><a class=\"social-sharing-button sharer-flat sharer-flat-2 counter-standard facebook\" target=\"_blank\" title=\"Facebook\" href=\"http:\/\/www.facebook.com\/sharer.php?u=http%3A%2F%2Fpowstaniewielkopolskie.pl%2Fnowa%2F%3Fp%3D9633\" data-nid=\"1\" data-name=\"\" data-pid=\"1\" data-post-id=\"9633\" data-url=\"http:\/\/powstaniewielkopolskie.pl\/nowa\/wp-admin\/admin-ajax.php\" data-url=\"http:\/\/powstaniewielkopolskie.pl\/nowa\/wp-admin\/admin-ajax.php\" data-description=\"Wystawa po\u015bwi\u0119cona Gen. Stanis\u0142awowi Taczakowi w Muzeum Miasta Malborka\" rel=\"nofollow\"><i class=\"fa fa-fw fa-facebook\"><\/i><div class=\"counter-wrap standard\"><span class=\"counter\">1<\/span><\/div><\/a><a class=\"social-sharing-button sharer-flat sharer-flat-2 counter-standard whatsapp\" target=\"_blank\" title=\"WhatsApp\" href=\"whatsapp:\/\/send?text=http%3A%2F%2Fpowstaniewielkopolskie.pl%2Fnowa%2F%3Fp%3D9633\" data-nid=\"18\" data-name=\"\" data-pid=\"1\" data-post-id=\"9633\" data-url=\"http:\/\/powstaniewielkopolskie.pl\/nowa\/wp-admin\/admin-ajax.php\" data-url=\"http:\/\/powstaniewielkopolskie.pl\/nowa\/wp-admin\/admin-ajax.php\" data-description=\"Wystawa po\u015bwi\u0119cona Gen. Stanis\u0142awowi Taczakowi w Muzeum Miasta Malborka\" rel=\"nofollow\"><i class=\"fa fa-fw fa-whatsapp\"><\/i><div class=\"counter-wrap standard\"><span class=\"counter\">0<\/span><\/div><\/a><a class=\"social-sharing-button sharer-flat sharer-flat-2 counter-standard twitter\" target=\"_blank\" title=\"Twitter\" href=\"https:\/\/twitter.com\/share?url=http%3A%2F%2Fpowstaniewielkopolskie.pl%2Fnowa%2F%3Fp%3D9633&text=Wystawa+po%C5%9Bwi%C4%99cona+Gen.+Stanis%C5%82awowi+Taczakowi+w+Muzeum+Miasta+Malborka\" data-nid=\"2\" data-name=\"\" data-pid=\"1\" data-post-id=\"9633\" data-url=\"http:\/\/powstaniewielkopolskie.pl\/nowa\/wp-admin\/admin-ajax.php\" data-url=\"http:\/\/powstaniewielkopolskie.pl\/nowa\/wp-admin\/admin-ajax.php\" data-description=\"Wystawa po\u015bwi\u0119cona Gen. Stanis\u0142awowi Taczakowi w Muzeum Miasta Malborka\" rel=\"nofollow\"><i class=\"fa fa-fw fa-twitter\"><\/i><div class=\"counter-wrap standard\"><span class=\"counter\">0<\/span><\/div><\/a><a class=\"social-sharing-button sharer-flat sharer-flat-2 counter-standard googleplus\" target=\"_blank\" title=\"Google+\" href=\"https:\/\/plus.google.com\/share?url=http%3A%2F%2Fpowstaniewielkopolskie.pl%2Fnowa%2F%3Fp%3D9633\" data-nid=\"3\" data-name=\"\" data-pid=\"1\" data-post-id=\"9633\" data-url=\"http:\/\/powstaniewielkopolskie.pl\/nowa\/wp-admin\/admin-ajax.php\" data-url=\"http:\/\/powstaniewielkopolskie.pl\/nowa\/wp-admin\/admin-ajax.php\" data-description=\"Wystawa po\u015bwi\u0119cona Gen. Stanis\u0142awowi Taczakowi w Muzeum Miasta Malborka\" rel=\"nofollow\"><i class=\"fa fa-fw fa-google-plus\"><\/i><div class=\"counter-wrap standard\"><span class=\"counter\">0<\/span><\/div><\/a><\/div>","protected":false},"excerpt":{"rendered":"<p>21 listopada 2024 r. &#8211; w Muzeum Miasta Malborka uroczy\u015bcie otwarto wystaw\u0119 \u201eGen. Stanis\u0142aw Taczak &#8211; \u017co\u0142nierz niepodleg\u0142o\u015bci. W 150-t\u0105 rocznic\u0119 urodzin\u201d. Na wystawie pokazano wiele dokument\u00f3w, zdj\u0119\u0107, eksponat\u00f3w i plansz przedstawiaj\u0105cych<a class=\"moretag\" href=\"http:\/\/powstaniewielkopolskie.pl\/nowa\/?p=9633\">Czytaj wi\u0119cej&#8230;<\/a><\/p>\n<div data-animation=\"pulse\" data-icons-animation=\"no-animation\" data-overlay=\"on\" data-change-size=\"\" data-button-size=\"0.7\" style=\"font-size:0.7em;display:none;\" class=\"supsystic-social-sharing supsystic-social-sharing-package-flat supsystic-social-sharing-hide-on-homepage supsystic-social-sharing-content supsystic-social-sharing-content-align-center\" data-text=\"\"><a class=\"social-sharing-button sharer-flat sharer-flat-2 counter-standard digg\" target=\"_blank\" title=\"Digg\" href=\"http:\/\/digg.com\/submit?url=http%3A%2F%2Fpowstaniewielkopolskie.pl%2Fnowa%2F%3Fp%3D9633&title=Wystawa+po%C5%9Bwi%C4%99cona+Gen.+Stanis%C5%82awowi+Taczakowi+w+Muzeum+Miasta+Malborka\" data-nid=\"8\" data-name=\"\" data-pid=\"1\" data-post-id=\"9633\" data-url=\"http:\/\/powstaniewielkopolskie.pl\/nowa\/wp-admin\/admin-ajax.php\" data-url=\"http:\/\/powstaniewielkopolskie.pl\/nowa\/wp-admin\/admin-ajax.php\" data-description=\"Wystawa po\u015bwi\u0119cona Gen. Stanis\u0142awowi Taczakowi w Muzeum Miasta Malborka\" rel=\"nofollow\"><i class=\"fa fa-fw fa-digg\"><\/i><div class=\"counter-wrap standard\"><span class=\"counter\">0<\/span><\/div><\/a><a class=\"social-sharing-button sharer-flat sharer-flat-2 counter-standard mail\" target=\"_blank\" title=\"Mail\" href=\"#\" data-nid=\"16\" data-name=\"\" data-pid=\"1\" data-post-id=\"9633\" data-url=\"http:\/\/powstaniewielkopolskie.pl\/nowa\/wp-admin\/admin-ajax.php\" data-url=\"http:\/\/powstaniewielkopolskie.pl\/nowa\/wp-admin\/admin-ajax.php\" data-description=\"Wystawa po\u015bwi\u0119cona Gen. Stanis\u0142awowi Taczakowi w Muzeum Miasta Malborka\" rel=\"nofollow\"><i class=\"fa fa-fw fa-envelope-o\"><\/i><div class=\"counter-wrap standard\"><span class=\"counter\">0<\/span><\/div><\/a><a class=\"social-sharing-button sharer-flat sharer-flat-2 counter-standard facebook\" target=\"_blank\" title=\"Facebook\" href=\"http:\/\/www.facebook.com\/sharer.php?u=http%3A%2F%2Fpowstaniewielkopolskie.pl%2Fnowa%2F%3Fp%3D9633\" data-nid=\"1\" data-name=\"\" data-pid=\"1\" data-post-id=\"9633\" data-url=\"http:\/\/powstaniewielkopolskie.pl\/nowa\/wp-admin\/admin-ajax.php\" data-url=\"http:\/\/powstaniewielkopolskie.pl\/nowa\/wp-admin\/admin-ajax.php\" data-description=\"Wystawa po\u015bwi\u0119cona Gen. Stanis\u0142awowi Taczakowi w Muzeum Miasta Malborka\" rel=\"nofollow\"><i class=\"fa fa-fw fa-facebook\"><\/i><div class=\"counter-wrap standard\"><span class=\"counter\">1<\/span><\/div><\/a><a class=\"social-sharing-button sharer-flat sharer-flat-2 counter-standard whatsapp\" target=\"_blank\" title=\"WhatsApp\" href=\"whatsapp:\/\/send?text=http%3A%2F%2Fpowstaniewielkopolskie.pl%2Fnowa%2F%3Fp%3D9633\" data-nid=\"18\" data-name=\"\" data-pid=\"1\" data-post-id=\"9633\" data-url=\"http:\/\/powstaniewielkopolskie.pl\/nowa\/wp-admin\/admin-ajax.php\" data-url=\"http:\/\/powstaniewielkopolskie.pl\/nowa\/wp-admin\/admin-ajax.php\" data-description=\"Wystawa po\u015bwi\u0119cona Gen. Stanis\u0142awowi Taczakowi w Muzeum Miasta Malborka\" rel=\"nofollow\"><i class=\"fa fa-fw fa-whatsapp\"><\/i><div class=\"counter-wrap standard\"><span class=\"counter\">0<\/span><\/div><\/a><a class=\"social-sharing-button sharer-flat sharer-flat-2 counter-standard twitter\" target=\"_blank\" title=\"Twitter\" href=\"https:\/\/twitter.com\/share?url=http%3A%2F%2Fpowstaniewielkopolskie.pl%2Fnowa%2F%3Fp%3D9633&text=Wystawa+po%C5%9Bwi%C4%99cona+Gen.+Stanis%C5%82awowi+Taczakowi+w+Muzeum+Miasta+Malborka\" data-nid=\"2\" data-name=\"\" data-pid=\"1\" data-post-id=\"9633\" data-url=\"http:\/\/powstaniewielkopolskie.pl\/nowa\/wp-admin\/admin-ajax.php\" data-url=\"http:\/\/powstaniewielkopolskie.pl\/nowa\/wp-admin\/admin-ajax.php\" data-description=\"Wystawa po\u015bwi\u0119cona Gen. Stanis\u0142awowi Taczakowi w Muzeum Miasta Malborka\" rel=\"nofollow\"><i class=\"fa fa-fw fa-twitter\"><\/i><div class=\"counter-wrap standard\"><span class=\"counter\">0<\/span><\/div><\/a><a class=\"social-sharing-button sharer-flat sharer-flat-2 counter-standard googleplus\" target=\"_blank\" title=\"Google+\" href=\"https:\/\/plus.google.com\/share?url=http%3A%2F%2Fpowstaniewielkopolskie.pl%2Fnowa%2F%3Fp%3D9633\" data-nid=\"3\" data-name=\"\" data-pid=\"1\" data-post-id=\"9633\" data-url=\"http:\/\/powstaniewielkopolskie.pl\/nowa\/wp-admin\/admin-ajax.php\" data-url=\"http:\/\/powstaniewielkopolskie.pl\/nowa\/wp-admin\/admin-ajax.php\" data-description=\"Wystawa po\u015bwi\u0119cona Gen. Stanis\u0142awowi Taczakowi w Muzeum Miasta Malborka\" rel=\"nofollow\"><i class=\"fa fa-fw fa-google-plus\"><\/i><div class=\"counter-wrap standard\"><span class=\"counter\">0<\/span><\/div><\/a><\/div>","protected":false},"author":4,"featured_media":9653,"comment_status":"closed","ping_status":"open","sticky":false,"template":"","format":"standard","meta":{"footnotes":""},"categories":[3],"tags":[],"_links":{"self":[{"href":"http:\/\/powstaniewielkopolskie.pl\/nowa\/index.php?rest_route=\/wp\/v2\/posts\/9633"}],"collection":[{"href":"http:\/\/powstaniewielkopolskie.pl\/nowa\/index.php?rest_route=\/wp\/v2\/posts"}],"about":[{"href":"http:\/\/powstaniewielkopolskie.pl\/nowa\/index.php?rest_route=\/wp\/v2\/types\/post"}],"author":[{"embeddable":true,"href":"http:\/\/powstaniewielkopolskie.pl\/nowa\/index.php?rest_route=\/wp\/v2\/users\/4"}],"replies":[{"embeddable":true,"href":"http:\/\/powstaniewielkopolskie.pl\/nowa\/index.php?rest_route=%2Fwp%2Fv2%2Fcomments&post=9633"}],"version-history":[{"count":7,"href":"http:\/\/powstaniewielkopolskie.pl\/nowa\/index.php?rest_route=\/wp\/v2\/posts\/9633\/revisions"}],"predecessor-version":[{"id":9659,"href":"http:\/\/powstaniewielkopolskie.pl\/nowa\/index.php?rest_route=\/wp\/v2\/posts\/9633\/revisions\/9659"}],"wp:featuredmedia":[{"embeddable":true,"href":"http:\/\/powstaniewielkopolskie.pl\/nowa\/index.php?rest_route=\/wp\/v2\/media\/9653"}],"wp:attachment":[{"href":"http:\/\/powstaniewielkopolskie.pl\/nowa\/index.php?rest_route=%2Fwp%2Fv2%2Fmedia&parent=9633"}],"wp:term":[{"taxonomy":"category","embeddable":true,"href":"http:\/\/powstaniewielkopolskie.pl\/nowa\/index.php?rest_route=%2Fwp%2Fv2%2Fcategories&post=9633"},{"taxonomy":"post_tag","embeddable":true,"href":"http:\/\/powstaniewielkopolskie.pl\/nowa\/index.php?rest_route=%2Fwp%2Fv2%2Ftags&post=9633"}],"curies":[{"name":"wp","href":"https:\/\/api.w.org\/{rel}","templated":true}]}}