{"id":9625,"date":"2024-11-23T12:15:00","date_gmt":"2024-11-23T11:15:00","guid":{"rendered":"https:\/\/powstaniewielkopolskie.pl\/nowa\/?p=9625"},"modified":"2024-11-23T12:15:02","modified_gmt":"2024-11-23T11:15:02","slug":"kolo-swarzedz-tppw-rozpoczelo-obchody-rocznicowe","status":"publish","type":"post","link":"http:\/\/powstaniewielkopolskie.pl\/nowa\/?p=9625","title":{"rendered":"Ko\u0142o Swarz\u0119dz TPPW rozpocz\u0119\u0142o obchody rocznicowe"},"content":{"rendered":"<div class=\"wp-block-image\">\n<figure class=\"aligncenter size-full\"><img loading=\"lazy\" decoding=\"async\" width=\"202\" height=\"300\" src=\"http:\/\/powstaniewielkopolskie.pl\/nowa\/wp-content\/uploads\/2024\/11\/1.-fot.-Anna-Malyszka-bis.jpg\" alt=\"\" class=\"wp-image-9627\"\/><\/figure><\/div>\n\n\n<p><\/p>\n\n\n\n<p><strong>17 listopada 2024 r.<\/strong> &#8211; cz\u0142onkowie Ko\u0142a Swarz\u0119dz Towarzystwa Pami\u0119ci Powstania Wielkopolskiego 1918\/1919 rozpocz\u0119li obchody kolejnej rocznicy wybuchu Powstania Wielkopolskiego. W niedziel\u0119 podczas po mszy \u015bwi\u0119tej, w ko\u015bciele pw. Matki Bo\u017cej Wspomo\u017cycielki Wiernych w Swarz\u0119dzu, zostali wspomniani w modlitwie wszyscy powsta\u0144cy pochowani na parafialnym cmentarzu przy ul. Pozna\u0144skiej. Po mszy cz\u0142onkowie TPPW oraz rodziny powsta\u0144c\u00f3w spotkali si\u0119 na cmentarzu przy grobach, kt\u00f3re zosta\u0142y wpisane do <em>Ewidencji grob\u00f3w weteran\u00f3w walk o wolno\u015b\u0107 i<\/em> <em>niepodleg\u0142o\u015b\u0107 Polski. <\/em>Mogi\u0142y te oznaczone s\u0105 tabliczk\u0105 <em>Weteran walk o niepodleg\u0142o\u015b\u0107<\/em>, udekorowan\u0105 barwami narodowymi. Informacja o wpisaniu do ewidencji wpisana zosta\u0142a, przez zarz\u0105dc\u0119 cmentarza, do Ksi\u0119gi cmentarnej.<\/p>\n\n\n\n<p class=\"has-text-align-right\">Fot. Anna Ma\u0142yszka<\/p>\n\n\n\n<p>Szerzej o obchodach: <a href=\"https:\/\/powstaniewielkopolskie.pl\/nowa\/?page_id=132\">Z dzia\u0142alno\u015bci K\u00f3\u0142 i Klub\u00f3w M\u0142odzie\u017cowych \u2013 Towarzystwo Pami\u0119ci Powstania Wielkopolskiego 1918\/1919<\/a><\/p>\n<div data-animation=\"pulse\" data-icons-animation=\"no-animation\" data-overlay=\"on\" data-change-size=\"\" data-button-size=\"0.7\" style=\"font-size:0.7em;display:none;\" class=\"supsystic-social-sharing supsystic-social-sharing-package-flat supsystic-social-sharing-hide-on-homepage supsystic-social-sharing-content supsystic-social-sharing-content-align-center\" data-text=\"\"><a class=\"social-sharing-button sharer-flat sharer-flat-2 counter-standard digg\" target=\"_blank\" title=\"Digg\" href=\"http:\/\/digg.com\/submit?url=http%3A%2F%2Fpowstaniewielkopolskie.pl%2Fnowa%2F%3Fp%3D9625&title=Ko%C5%82o+Swarz%C4%99dz+TPPW+rozpocz%C4%99%C5%82o+obchody+rocznicowe\" data-nid=\"8\" data-name=\"\" data-pid=\"1\" data-post-id=\"9625\" data-url=\"http:\/\/powstaniewielkopolskie.pl\/nowa\/wp-admin\/admin-ajax.php\" data-url=\"http:\/\/powstaniewielkopolskie.pl\/nowa\/wp-admin\/admin-ajax.php\" data-description=\"Ko\u0142o Swarz\u0119dz TPPW rozpocz\u0119\u0142o obchody rocznicowe\" rel=\"nofollow\"><i class=\"fa fa-fw fa-digg\"><\/i><div class=\"counter-wrap standard\"><span class=\"counter\">0<\/span><\/div><\/a><a class=\"social-sharing-button sharer-flat sharer-flat-2 counter-standard mail\" target=\"_blank\" title=\"Mail\" href=\"#\" data-nid=\"16\" data-name=\"\" data-pid=\"1\" data-post-id=\"9625\" data-url=\"http:\/\/powstaniewielkopolskie.pl\/nowa\/wp-admin\/admin-ajax.php\" data-url=\"http:\/\/powstaniewielkopolskie.pl\/nowa\/wp-admin\/admin-ajax.php\" data-description=\"Ko\u0142o Swarz\u0119dz TPPW rozpocz\u0119\u0142o obchody rocznicowe\" rel=\"nofollow\"><i class=\"fa fa-fw fa-envelope-o\"><\/i><div class=\"counter-wrap standard\"><span class=\"counter\">0<\/span><\/div><\/a><a class=\"social-sharing-button sharer-flat sharer-flat-2 counter-standard facebook\" target=\"_blank\" title=\"Facebook\" href=\"http:\/\/www.facebook.com\/sharer.php?u=http%3A%2F%2Fpowstaniewielkopolskie.pl%2Fnowa%2F%3Fp%3D9625\" data-nid=\"1\" data-name=\"\" data-pid=\"1\" data-post-id=\"9625\" data-url=\"http:\/\/powstaniewielkopolskie.pl\/nowa\/wp-admin\/admin-ajax.php\" data-url=\"http:\/\/powstaniewielkopolskie.pl\/nowa\/wp-admin\/admin-ajax.php\" data-description=\"Ko\u0142o Swarz\u0119dz TPPW rozpocz\u0119\u0142o obchody rocznicowe\" rel=\"nofollow\"><i class=\"fa fa-fw fa-facebook\"><\/i><div class=\"counter-wrap standard\"><span class=\"counter\">0<\/span><\/div><\/a><a class=\"social-sharing-button sharer-flat sharer-flat-2 counter-standard whatsapp\" target=\"_blank\" title=\"WhatsApp\" href=\"whatsapp:\/\/send?text=http%3A%2F%2Fpowstaniewielkopolskie.pl%2Fnowa%2F%3Fp%3D9625\" data-nid=\"18\" data-name=\"\" data-pid=\"1\" data-post-id=\"9625\" data-url=\"http:\/\/powstaniewielkopolskie.pl\/nowa\/wp-admin\/admin-ajax.php\" data-url=\"http:\/\/powstaniewielkopolskie.pl\/nowa\/wp-admin\/admin-ajax.php\" data-description=\"Ko\u0142o Swarz\u0119dz TPPW rozpocz\u0119\u0142o obchody rocznicowe\" rel=\"nofollow\"><i class=\"fa fa-fw fa-whatsapp\"><\/i><div class=\"counter-wrap standard\"><span class=\"counter\">0<\/span><\/div><\/a><a class=\"social-sharing-button sharer-flat sharer-flat-2 counter-standard twitter\" target=\"_blank\" title=\"Twitter\" href=\"https:\/\/twitter.com\/share?url=http%3A%2F%2Fpowstaniewielkopolskie.pl%2Fnowa%2F%3Fp%3D9625&text=Ko%C5%82o+Swarz%C4%99dz+TPPW+rozpocz%C4%99%C5%82o+obchody+rocznicowe\" data-nid=\"2\" data-name=\"\" data-pid=\"1\" data-post-id=\"9625\" data-url=\"http:\/\/powstaniewielkopolskie.pl\/nowa\/wp-admin\/admin-ajax.php\" data-url=\"http:\/\/powstaniewielkopolskie.pl\/nowa\/wp-admin\/admin-ajax.php\" data-description=\"Ko\u0142o Swarz\u0119dz TPPW rozpocz\u0119\u0142o obchody rocznicowe\" rel=\"nofollow\"><i class=\"fa fa-fw fa-twitter\"><\/i><div class=\"counter-wrap standard\"><span class=\"counter\">0<\/span><\/div><\/a><a class=\"social-sharing-button sharer-flat sharer-flat-2 counter-standard googleplus\" target=\"_blank\" title=\"Google+\" href=\"https:\/\/plus.google.com\/share?url=http%3A%2F%2Fpowstaniewielkopolskie.pl%2Fnowa%2F%3Fp%3D9625\" data-nid=\"3\" data-name=\"\" data-pid=\"1\" data-post-id=\"9625\" data-url=\"http:\/\/powstaniewielkopolskie.pl\/nowa\/wp-admin\/admin-ajax.php\" data-url=\"http:\/\/powstaniewielkopolskie.pl\/nowa\/wp-admin\/admin-ajax.php\" data-description=\"Ko\u0142o Swarz\u0119dz TPPW rozpocz\u0119\u0142o obchody rocznicowe\" rel=\"nofollow\"><i class=\"fa fa-fw fa-google-plus\"><\/i><div class=\"counter-wrap standard\"><span class=\"counter\">0<\/span><\/div><\/a><\/div>","protected":false},"excerpt":{"rendered":"<p>17 listopada 2024 r. &#8211; cz\u0142onkowie Ko\u0142a Swarz\u0119dz Towarzystwa Pami\u0119ci Powstania Wielkopolskiego 1918\/1919 rozpocz\u0119li obchody kolejnej rocznicy wybuchu Powstania Wielkopolskiego. W niedziel\u0119 podczas po mszy \u015bwi\u0119tej, w ko\u015bciele pw. Matki Bo\u017cej Wspomo\u017cycielki<a class=\"moretag\" href=\"http:\/\/powstaniewielkopolskie.pl\/nowa\/?p=9625\">Czytaj wi\u0119cej&#8230;<\/a><\/p>\n<div data-animation=\"pulse\" data-icons-animation=\"no-animation\" data-overlay=\"on\" data-change-size=\"\" data-button-size=\"0.7\" style=\"font-size:0.7em;display:none;\" class=\"supsystic-social-sharing supsystic-social-sharing-package-flat supsystic-social-sharing-hide-on-homepage supsystic-social-sharing-content supsystic-social-sharing-content-align-center\" data-text=\"\"><a class=\"social-sharing-button sharer-flat sharer-flat-2 counter-standard digg\" target=\"_blank\" title=\"Digg\" href=\"http:\/\/digg.com\/submit?url=http%3A%2F%2Fpowstaniewielkopolskie.pl%2Fnowa%2F%3Fp%3D9625&title=Ko%C5%82o+Swarz%C4%99dz+TPPW+rozpocz%C4%99%C5%82o+obchody+rocznicowe\" data-nid=\"8\" data-name=\"\" data-pid=\"1\" data-post-id=\"9625\" data-url=\"http:\/\/powstaniewielkopolskie.pl\/nowa\/wp-admin\/admin-ajax.php\" data-url=\"http:\/\/powstaniewielkopolskie.pl\/nowa\/wp-admin\/admin-ajax.php\" data-description=\"Ko\u0142o Swarz\u0119dz TPPW rozpocz\u0119\u0142o obchody rocznicowe\" rel=\"nofollow\"><i class=\"fa fa-fw fa-digg\"><\/i><div class=\"counter-wrap standard\"><span class=\"counter\">0<\/span><\/div><\/a><a class=\"social-sharing-button sharer-flat sharer-flat-2 counter-standard mail\" target=\"_blank\" title=\"Mail\" href=\"#\" data-nid=\"16\" data-name=\"\" data-pid=\"1\" data-post-id=\"9625\" data-url=\"http:\/\/powstaniewielkopolskie.pl\/nowa\/wp-admin\/admin-ajax.php\" data-url=\"http:\/\/powstaniewielkopolskie.pl\/nowa\/wp-admin\/admin-ajax.php\" data-description=\"Ko\u0142o Swarz\u0119dz TPPW rozpocz\u0119\u0142o obchody rocznicowe\" rel=\"nofollow\"><i class=\"fa fa-fw fa-envelope-o\"><\/i><div class=\"counter-wrap standard\"><span class=\"counter\">0<\/span><\/div><\/a><a class=\"social-sharing-button sharer-flat sharer-flat-2 counter-standard facebook\" target=\"_blank\" title=\"Facebook\" href=\"http:\/\/www.facebook.com\/sharer.php?u=http%3A%2F%2Fpowstaniewielkopolskie.pl%2Fnowa%2F%3Fp%3D9625\" data-nid=\"1\" data-name=\"\" data-pid=\"1\" data-post-id=\"9625\" data-url=\"http:\/\/powstaniewielkopolskie.pl\/nowa\/wp-admin\/admin-ajax.php\" data-url=\"http:\/\/powstaniewielkopolskie.pl\/nowa\/wp-admin\/admin-ajax.php\" data-description=\"Ko\u0142o Swarz\u0119dz TPPW rozpocz\u0119\u0142o obchody rocznicowe\" rel=\"nofollow\"><i class=\"fa fa-fw fa-facebook\"><\/i><div class=\"counter-wrap standard\"><span class=\"counter\">0<\/span><\/div><\/a><a class=\"social-sharing-button sharer-flat sharer-flat-2 counter-standard whatsapp\" target=\"_blank\" title=\"WhatsApp\" href=\"whatsapp:\/\/send?text=http%3A%2F%2Fpowstaniewielkopolskie.pl%2Fnowa%2F%3Fp%3D9625\" data-nid=\"18\" data-name=\"\" data-pid=\"1\" data-post-id=\"9625\" data-url=\"http:\/\/powstaniewielkopolskie.pl\/nowa\/wp-admin\/admin-ajax.php\" data-url=\"http:\/\/powstaniewielkopolskie.pl\/nowa\/wp-admin\/admin-ajax.php\" data-description=\"Ko\u0142o Swarz\u0119dz TPPW rozpocz\u0119\u0142o obchody rocznicowe\" rel=\"nofollow\"><i class=\"fa fa-fw fa-whatsapp\"><\/i><div class=\"counter-wrap standard\"><span class=\"counter\">0<\/span><\/div><\/a><a class=\"social-sharing-button sharer-flat sharer-flat-2 counter-standard twitter\" target=\"_blank\" title=\"Twitter\" href=\"https:\/\/twitter.com\/share?url=http%3A%2F%2Fpowstaniewielkopolskie.pl%2Fnowa%2F%3Fp%3D9625&text=Ko%C5%82o+Swarz%C4%99dz+TPPW+rozpocz%C4%99%C5%82o+obchody+rocznicowe\" data-nid=\"2\" data-name=\"\" data-pid=\"1\" data-post-id=\"9625\" data-url=\"http:\/\/powstaniewielkopolskie.pl\/nowa\/wp-admin\/admin-ajax.php\" data-url=\"http:\/\/powstaniewielkopolskie.pl\/nowa\/wp-admin\/admin-ajax.php\" data-description=\"Ko\u0142o Swarz\u0119dz TPPW rozpocz\u0119\u0142o obchody rocznicowe\" rel=\"nofollow\"><i class=\"fa fa-fw fa-twitter\"><\/i><div class=\"counter-wrap standard\"><span class=\"counter\">0<\/span><\/div><\/a><a class=\"social-sharing-button sharer-flat sharer-flat-2 counter-standard googleplus\" target=\"_blank\" title=\"Google+\" href=\"https:\/\/plus.google.com\/share?url=http%3A%2F%2Fpowstaniewielkopolskie.pl%2Fnowa%2F%3Fp%3D9625\" data-nid=\"3\" data-name=\"\" data-pid=\"1\" data-post-id=\"9625\" data-url=\"http:\/\/powstaniewielkopolskie.pl\/nowa\/wp-admin\/admin-ajax.php\" data-url=\"http:\/\/powstaniewielkopolskie.pl\/nowa\/wp-admin\/admin-ajax.php\" data-description=\"Ko\u0142o Swarz\u0119dz TPPW rozpocz\u0119\u0142o obchody rocznicowe\" rel=\"nofollow\"><i class=\"fa fa-fw fa-google-plus\"><\/i><div class=\"counter-wrap standard\"><span class=\"counter\">0<\/span><\/div><\/a><\/div>","protected":false},"author":4,"featured_media":9631,"comment_status":"closed","ping_status":"open","sticky":false,"template":"","format":"standard","meta":{"footnotes":""},"categories":[3],"tags":[],"_links":{"self":[{"href":"http:\/\/powstaniewielkopolskie.pl\/nowa\/index.php?rest_route=\/wp\/v2\/posts\/9625"}],"collection":[{"href":"http:\/\/powstaniewielkopolskie.pl\/nowa\/index.php?rest_route=\/wp\/v2\/posts"}],"about":[{"href":"http:\/\/powstaniewielkopolskie.pl\/nowa\/index.php?rest_route=\/wp\/v2\/types\/post"}],"author":[{"embeddable":true,"href":"http:\/\/powstaniewielkopolskie.pl\/nowa\/index.php?rest_route=\/wp\/v2\/users\/4"}],"replies":[{"embeddable":true,"href":"http:\/\/powstaniewielkopolskie.pl\/nowa\/index.php?rest_route=%2Fwp%2Fv2%2Fcomments&post=9625"}],"version-history":[{"count":1,"href":"http:\/\/powstaniewielkopolskie.pl\/nowa\/index.php?rest_route=\/wp\/v2\/posts\/9625\/revisions"}],"predecessor-version":[{"id":9628,"href":"http:\/\/powstaniewielkopolskie.pl\/nowa\/index.php?rest_route=\/wp\/v2\/posts\/9625\/revisions\/9628"}],"wp:featuredmedia":[{"embeddable":true,"href":"http:\/\/powstaniewielkopolskie.pl\/nowa\/index.php?rest_route=\/wp\/v2\/media\/9631"}],"wp:attachment":[{"href":"http:\/\/powstaniewielkopolskie.pl\/nowa\/index.php?rest_route=%2Fwp%2Fv2%2Fmedia&parent=9625"}],"wp:term":[{"taxonomy":"category","embeddable":true,"href":"http:\/\/powstaniewielkopolskie.pl\/nowa\/index.php?rest_route=%2Fwp%2Fv2%2Fcategories&post=9625"},{"taxonomy":"post_tag","embeddable":true,"href":"http:\/\/powstaniewielkopolskie.pl\/nowa\/index.php?rest_route=%2Fwp%2Fv2%2Ftags&post=9625"}],"curies":[{"name":"wp","href":"https:\/\/api.w.org\/{rel}","templated":true}]}}