{"id":9549,"date":"2024-10-26T12:16:00","date_gmt":"2024-10-26T10:16:00","guid":{"rendered":"https:\/\/powstaniewielkopolskie.pl\/nowa\/?p=9549"},"modified":"2024-10-31T12:21:58","modified_gmt":"2024-10-31T11:21:58","slug":"konferencja-naukowa-w-nowym-tomyslu","status":"publish","type":"post","link":"http:\/\/powstaniewielkopolskie.pl\/nowa\/?p=9549","title":{"rendered":"Konferencja naukowa w Nowym Tomy\u015blu"},"content":{"rendered":"\n<p><\/p>\n\n\n\n<figure class=\"wp-block-gallery has-nested-images columns-default is-cropped wp-block-gallery-1 is-layout-flex wp-block-gallery-is-layout-flex\">\n<figure class=\"wp-block-image size-large\"><img loading=\"lazy\" decoding=\"async\" width=\"652\" height=\"362\" data-id=\"9552\" src=\"https:\/\/powstaniewielkopolskie.pl\/nowa\/wp-content\/uploads\/2024\/10\/1-bis.jpg\" alt=\"\" class=\"wp-image-9552\" srcset=\"http:\/\/powstaniewielkopolskie.pl\/nowa\/wp-content\/uploads\/2024\/10\/1-bis.jpg 652w, http:\/\/powstaniewielkopolskie.pl\/nowa\/wp-content\/uploads\/2024\/10\/1-bis-300x167.jpg 300w\" sizes=\"(max-width: 652px) 100vw, 652px\" \/><\/figure>\n\n\n\n<figure class=\"wp-block-image size-large\"><img loading=\"lazy\" decoding=\"async\" width=\"450\" height=\"300\" data-id=\"9553\" src=\"https:\/\/powstaniewielkopolskie.pl\/nowa\/wp-content\/uploads\/2024\/10\/8-bis.jpg\" alt=\"\" class=\"wp-image-9553\" srcset=\"http:\/\/powstaniewielkopolskie.pl\/nowa\/wp-content\/uploads\/2024\/10\/8-bis.jpg 450w, http:\/\/powstaniewielkopolskie.pl\/nowa\/wp-content\/uploads\/2024\/10\/8-bis-300x200.jpg 300w\" sizes=\"(max-width: 450px) 100vw, 450px\" \/><\/figure>\n\n\n\n<figure class=\"wp-block-image size-large\"><img loading=\"lazy\" decoding=\"async\" width=\"445\" height=\"323\" data-id=\"9554\" src=\"https:\/\/powstaniewielkopolskie.pl\/nowa\/wp-content\/uploads\/2024\/10\/11-bis.jpg\" alt=\"\" class=\"wp-image-9554\" srcset=\"http:\/\/powstaniewielkopolskie.pl\/nowa\/wp-content\/uploads\/2024\/10\/11-bis.jpg 445w, http:\/\/powstaniewielkopolskie.pl\/nowa\/wp-content\/uploads\/2024\/10\/11-bis-300x218.jpg 300w\" sizes=\"(max-width: 445px) 100vw, 445px\" \/><\/figure>\n<\/figure>\n\n\n\n<p><\/p>\n\n\n\n<p><strong>22 pa\u017adziernika 2024 r.<\/strong> &#8211; w Nowym Tomy\u015blu odby\u0142a si\u0119 konferencja naukowa \u201eStra\u017cacka niepodleg\u0142a. Powsta\u0144cy \u015bl\u0105scy i wielkopolscy &#8211; sylwetki biograficzne\u201d. Wydarzenie otworzy\u0142 dr hab. Rafa\u0142 Reczek &#8211; dyrektor Oddzia\u0142u Instytutu Pami\u0119ci Narodowej w Poznaniu. Swoje referaty zaprezentowali: dr Pawe\u0142 K. G\u0105siorczyk &#8211; \u201e\u015al\u0105scy stra\u017cacy z powsta\u0144czym \u017cyciorysem\u201d, mgr Hubert Koler &#8211; \u201eDzia\u0142ania stra\u017cackie w trakcie Powstania Wielkopolskiego\u201d i dr Zdzis\u0142aw Ko\u015bcia\u0144ski \u2013 \u201ePowsta\u0144cze \u017cyciorysy: gen. Stanis\u0142aw Taczak, patron Oddzia\u0142u Wojew\u00f3dzkiego Zwi\u0105zku OSP RP Wojew\u00f3dztwa Wielkopolskiego\u201d oraz \u201e Micha\u0142 Preisler, wieloletni prezes Ochotniczej Stra\u017cy Po\u017carnej w Nowym Tomy\u015blu\u201d, kt\u00f3ry r\u00f3wnie\u017c podsumowa\u0142 spotkanie. W konferencji uczestniczy\u0142a m\u0142odzie\u017c z nowotomyskich szk\u00f3l ponadpodstawowych: Zespo\u0142u Szk\u00f3\u0142 nr 1, Zespo\u0142u Szk\u00f3\u0142 nr 2 oraz s\u0142uchacze miejscowego Uniwersytetu Trzeciego Wieku. Organizatorami konferencji byli: Instytut Pami\u0119ci Narodowej Oddzia\u0142 w Poznaniu, Centralne Muzeum Po\u017carnictwa w Mys\u0142owicach, Pozna\u0144ska Akademia Medyczna NS im. Ksi\u0119cia Mieszka I &#8211; Filia w Nowym Tomy\u015blu, Uniwersytet Trzeciego Wieku w Nowym Tomy\u015blu, Towarzystwo Pami\u0119ci Powstania Wielkopolskiego 1918\/1919, Wielkopolskie Muzeum Po\u017carnictwa w Rakoniewicach, Zesp\u00f3\u0142 Szk\u00f3\u0142 nr 1 w Nowym Tomy\u015blu, Zesp\u00f3\u0142 Szk\u00f3\u0142 nr 2 im. dra Kazimierza Ho\u0142ogi w Nowym Tomy\u015blu. <\/p>\n\n\n\n<p class=\"has-text-align-right\">Fot. Kamil Ka\u0142ek<\/p>\n<div data-animation=\"pulse\" data-icons-animation=\"no-animation\" data-overlay=\"on\" data-change-size=\"\" data-button-size=\"0.7\" style=\"font-size:0.7em;display:none;\" class=\"supsystic-social-sharing supsystic-social-sharing-package-flat supsystic-social-sharing-hide-on-homepage supsystic-social-sharing-content supsystic-social-sharing-content-align-center\" data-text=\"\"><a class=\"social-sharing-button sharer-flat sharer-flat-2 counter-standard digg\" target=\"_blank\" title=\"Digg\" href=\"http:\/\/digg.com\/submit?url=http%3A%2F%2Fpowstaniewielkopolskie.pl%2Fnowa%2F%3Fp%3D9549&title=Konferencja+naukowa+w+Nowym+Tomy%C5%9Blu\" data-nid=\"8\" data-name=\"\" data-pid=\"1\" data-post-id=\"9549\" data-url=\"http:\/\/powstaniewielkopolskie.pl\/nowa\/wp-admin\/admin-ajax.php\" data-url=\"http:\/\/powstaniewielkopolskie.pl\/nowa\/wp-admin\/admin-ajax.php\" data-description=\"Konferencja naukowa w Nowym Tomy\u015blu\" rel=\"nofollow\"><i class=\"fa fa-fw fa-digg\"><\/i><div class=\"counter-wrap standard\"><span class=\"counter\">0<\/span><\/div><\/a><a class=\"social-sharing-button sharer-flat sharer-flat-2 counter-standard mail\" target=\"_blank\" title=\"Mail\" href=\"#\" data-nid=\"16\" data-name=\"\" data-pid=\"1\" data-post-id=\"9549\" data-url=\"http:\/\/powstaniewielkopolskie.pl\/nowa\/wp-admin\/admin-ajax.php\" data-url=\"http:\/\/powstaniewielkopolskie.pl\/nowa\/wp-admin\/admin-ajax.php\" data-description=\"Konferencja naukowa w Nowym Tomy\u015blu\" rel=\"nofollow\"><i class=\"fa fa-fw fa-envelope-o\"><\/i><div class=\"counter-wrap standard\"><span class=\"counter\">0<\/span><\/div><\/a><a class=\"social-sharing-button sharer-flat sharer-flat-2 counter-standard facebook\" target=\"_blank\" title=\"Facebook\" href=\"http:\/\/www.facebook.com\/sharer.php?u=http%3A%2F%2Fpowstaniewielkopolskie.pl%2Fnowa%2F%3Fp%3D9549\" data-nid=\"1\" data-name=\"\" data-pid=\"1\" data-post-id=\"9549\" data-url=\"http:\/\/powstaniewielkopolskie.pl\/nowa\/wp-admin\/admin-ajax.php\" data-url=\"http:\/\/powstaniewielkopolskie.pl\/nowa\/wp-admin\/admin-ajax.php\" data-description=\"Konferencja naukowa w Nowym Tomy\u015blu\" rel=\"nofollow\"><i class=\"fa fa-fw fa-facebook\"><\/i><div class=\"counter-wrap standard\"><span class=\"counter\">0<\/span><\/div><\/a><a class=\"social-sharing-button sharer-flat sharer-flat-2 counter-standard whatsapp\" target=\"_blank\" title=\"WhatsApp\" href=\"whatsapp:\/\/send?text=http%3A%2F%2Fpowstaniewielkopolskie.pl%2Fnowa%2F%3Fp%3D9549\" data-nid=\"18\" data-name=\"\" data-pid=\"1\" data-post-id=\"9549\" data-url=\"http:\/\/powstaniewielkopolskie.pl\/nowa\/wp-admin\/admin-ajax.php\" data-url=\"http:\/\/powstaniewielkopolskie.pl\/nowa\/wp-admin\/admin-ajax.php\" data-description=\"Konferencja naukowa w Nowym Tomy\u015blu\" rel=\"nofollow\"><i class=\"fa fa-fw fa-whatsapp\"><\/i><div class=\"counter-wrap standard\"><span class=\"counter\">0<\/span><\/div><\/a><a class=\"social-sharing-button sharer-flat sharer-flat-2 counter-standard twitter\" target=\"_blank\" title=\"Twitter\" href=\"https:\/\/twitter.com\/share?url=http%3A%2F%2Fpowstaniewielkopolskie.pl%2Fnowa%2F%3Fp%3D9549&text=Konferencja+naukowa+w+Nowym+Tomy%C5%9Blu\" data-nid=\"2\" data-name=\"\" data-pid=\"1\" data-post-id=\"9549\" data-url=\"http:\/\/powstaniewielkopolskie.pl\/nowa\/wp-admin\/admin-ajax.php\" data-url=\"http:\/\/powstaniewielkopolskie.pl\/nowa\/wp-admin\/admin-ajax.php\" data-description=\"Konferencja naukowa w Nowym Tomy\u015blu\" rel=\"nofollow\"><i class=\"fa fa-fw fa-twitter\"><\/i><div class=\"counter-wrap standard\"><span class=\"counter\">0<\/span><\/div><\/a><a class=\"social-sharing-button sharer-flat sharer-flat-2 counter-standard googleplus\" target=\"_blank\" title=\"Google+\" href=\"https:\/\/plus.google.com\/share?url=http%3A%2F%2Fpowstaniewielkopolskie.pl%2Fnowa%2F%3Fp%3D9549\" data-nid=\"3\" data-name=\"\" data-pid=\"1\" data-post-id=\"9549\" data-url=\"http:\/\/powstaniewielkopolskie.pl\/nowa\/wp-admin\/admin-ajax.php\" data-url=\"http:\/\/powstaniewielkopolskie.pl\/nowa\/wp-admin\/admin-ajax.php\" data-description=\"Konferencja naukowa w Nowym Tomy\u015blu\" rel=\"nofollow\"><i class=\"fa fa-fw fa-google-plus\"><\/i><div class=\"counter-wrap standard\"><span class=\"counter\">0<\/span><\/div><\/a><\/div>","protected":false},"excerpt":{"rendered":"<p>22 pa\u017adziernika 2024 r. &#8211; w Nowym Tomy\u015blu odby\u0142a si\u0119 konferencja naukowa \u201eStra\u017cacka niepodleg\u0142a. Powsta\u0144cy \u015bl\u0105scy i wielkopolscy &#8211; sylwetki biograficzne\u201d. Wydarzenie otworzy\u0142 dr hab. Rafa\u0142 Reczek &#8211; dyrektor Oddzia\u0142u Instytutu Pami\u0119ci<a class=\"moretag\" href=\"http:\/\/powstaniewielkopolskie.pl\/nowa\/?p=9549\">Czytaj wi\u0119cej&#8230;<\/a><\/p>\n<div data-animation=\"pulse\" data-icons-animation=\"no-animation\" data-overlay=\"on\" data-change-size=\"\" data-button-size=\"0.7\" style=\"font-size:0.7em;display:none;\" class=\"supsystic-social-sharing supsystic-social-sharing-package-flat supsystic-social-sharing-hide-on-homepage supsystic-social-sharing-content supsystic-social-sharing-content-align-center\" data-text=\"\"><a class=\"social-sharing-button sharer-flat sharer-flat-2 counter-standard digg\" target=\"_blank\" title=\"Digg\" href=\"http:\/\/digg.com\/submit?url=http%3A%2F%2Fpowstaniewielkopolskie.pl%2Fnowa%2F%3Fp%3D9549&title=Konferencja+naukowa+w+Nowym+Tomy%C5%9Blu\" data-nid=\"8\" data-name=\"\" data-pid=\"1\" data-post-id=\"9549\" data-url=\"http:\/\/powstaniewielkopolskie.pl\/nowa\/wp-admin\/admin-ajax.php\" data-url=\"http:\/\/powstaniewielkopolskie.pl\/nowa\/wp-admin\/admin-ajax.php\" data-description=\"Konferencja naukowa w Nowym Tomy\u015blu\" rel=\"nofollow\"><i class=\"fa fa-fw fa-digg\"><\/i><div class=\"counter-wrap standard\"><span class=\"counter\">0<\/span><\/div><\/a><a class=\"social-sharing-button sharer-flat sharer-flat-2 counter-standard mail\" target=\"_blank\" title=\"Mail\" href=\"#\" data-nid=\"16\" data-name=\"\" data-pid=\"1\" data-post-id=\"9549\" data-url=\"http:\/\/powstaniewielkopolskie.pl\/nowa\/wp-admin\/admin-ajax.php\" data-url=\"http:\/\/powstaniewielkopolskie.pl\/nowa\/wp-admin\/admin-ajax.php\" data-description=\"Konferencja naukowa w Nowym Tomy\u015blu\" rel=\"nofollow\"><i class=\"fa fa-fw fa-envelope-o\"><\/i><div class=\"counter-wrap standard\"><span class=\"counter\">0<\/span><\/div><\/a><a class=\"social-sharing-button sharer-flat sharer-flat-2 counter-standard facebook\" target=\"_blank\" title=\"Facebook\" href=\"http:\/\/www.facebook.com\/sharer.php?u=http%3A%2F%2Fpowstaniewielkopolskie.pl%2Fnowa%2F%3Fp%3D9549\" data-nid=\"1\" data-name=\"\" data-pid=\"1\" data-post-id=\"9549\" data-url=\"http:\/\/powstaniewielkopolskie.pl\/nowa\/wp-admin\/admin-ajax.php\" data-url=\"http:\/\/powstaniewielkopolskie.pl\/nowa\/wp-admin\/admin-ajax.php\" data-description=\"Konferencja naukowa w Nowym Tomy\u015blu\" rel=\"nofollow\"><i class=\"fa fa-fw fa-facebook\"><\/i><div class=\"counter-wrap standard\"><span class=\"counter\">0<\/span><\/div><\/a><a class=\"social-sharing-button sharer-flat sharer-flat-2 counter-standard whatsapp\" target=\"_blank\" title=\"WhatsApp\" href=\"whatsapp:\/\/send?text=http%3A%2F%2Fpowstaniewielkopolskie.pl%2Fnowa%2F%3Fp%3D9549\" data-nid=\"18\" data-name=\"\" data-pid=\"1\" data-post-id=\"9549\" data-url=\"http:\/\/powstaniewielkopolskie.pl\/nowa\/wp-admin\/admin-ajax.php\" data-url=\"http:\/\/powstaniewielkopolskie.pl\/nowa\/wp-admin\/admin-ajax.php\" data-description=\"Konferencja naukowa w Nowym Tomy\u015blu\" rel=\"nofollow\"><i class=\"fa fa-fw fa-whatsapp\"><\/i><div class=\"counter-wrap standard\"><span class=\"counter\">0<\/span><\/div><\/a><a class=\"social-sharing-button sharer-flat sharer-flat-2 counter-standard twitter\" target=\"_blank\" title=\"Twitter\" href=\"https:\/\/twitter.com\/share?url=http%3A%2F%2Fpowstaniewielkopolskie.pl%2Fnowa%2F%3Fp%3D9549&text=Konferencja+naukowa+w+Nowym+Tomy%C5%9Blu\" data-nid=\"2\" data-name=\"\" data-pid=\"1\" data-post-id=\"9549\" data-url=\"http:\/\/powstaniewielkopolskie.pl\/nowa\/wp-admin\/admin-ajax.php\" data-url=\"http:\/\/powstaniewielkopolskie.pl\/nowa\/wp-admin\/admin-ajax.php\" data-description=\"Konferencja naukowa w Nowym Tomy\u015blu\" rel=\"nofollow\"><i class=\"fa fa-fw fa-twitter\"><\/i><div class=\"counter-wrap standard\"><span class=\"counter\">0<\/span><\/div><\/a><a class=\"social-sharing-button sharer-flat sharer-flat-2 counter-standard googleplus\" target=\"_blank\" title=\"Google+\" href=\"https:\/\/plus.google.com\/share?url=http%3A%2F%2Fpowstaniewielkopolskie.pl%2Fnowa%2F%3Fp%3D9549\" data-nid=\"3\" data-name=\"\" data-pid=\"1\" data-post-id=\"9549\" data-url=\"http:\/\/powstaniewielkopolskie.pl\/nowa\/wp-admin\/admin-ajax.php\" data-url=\"http:\/\/powstaniewielkopolskie.pl\/nowa\/wp-admin\/admin-ajax.php\" data-description=\"Konferencja naukowa w Nowym Tomy\u015blu\" rel=\"nofollow\"><i class=\"fa fa-fw fa-google-plus\"><\/i><div class=\"counter-wrap standard\"><span class=\"counter\">0<\/span><\/div><\/a><\/div>","protected":false},"author":4,"featured_media":9550,"comment_status":"closed","ping_status":"open","sticky":false,"template":"","format":"standard","meta":{"footnotes":""},"categories":[3],"tags":[],"_links":{"self":[{"href":"http:\/\/powstaniewielkopolskie.pl\/nowa\/index.php?rest_route=\/wp\/v2\/posts\/9549"}],"collection":[{"href":"http:\/\/powstaniewielkopolskie.pl\/nowa\/index.php?rest_route=\/wp\/v2\/posts"}],"about":[{"href":"http:\/\/powstaniewielkopolskie.pl\/nowa\/index.php?rest_route=\/wp\/v2\/types\/post"}],"author":[{"embeddable":true,"href":"http:\/\/powstaniewielkopolskie.pl\/nowa\/index.php?rest_route=\/wp\/v2\/users\/4"}],"replies":[{"embeddable":true,"href":"http:\/\/powstaniewielkopolskie.pl\/nowa\/index.php?rest_route=%2Fwp%2Fv2%2Fcomments&post=9549"}],"version-history":[{"count":2,"href":"http:\/\/powstaniewielkopolskie.pl\/nowa\/index.php?rest_route=\/wp\/v2\/posts\/9549\/revisions"}],"predecessor-version":[{"id":9555,"href":"http:\/\/powstaniewielkopolskie.pl\/nowa\/index.php?rest_route=\/wp\/v2\/posts\/9549\/revisions\/9555"}],"wp:featuredmedia":[{"embeddable":true,"href":"http:\/\/powstaniewielkopolskie.pl\/nowa\/index.php?rest_route=\/wp\/v2\/media\/9550"}],"wp:attachment":[{"href":"http:\/\/powstaniewielkopolskie.pl\/nowa\/index.php?rest_route=%2Fwp%2Fv2%2Fmedia&parent=9549"}],"wp:term":[{"taxonomy":"category","embeddable":true,"href":"http:\/\/powstaniewielkopolskie.pl\/nowa\/index.php?rest_route=%2Fwp%2Fv2%2Fcategories&post=9549"},{"taxonomy":"post_tag","embeddable":true,"href":"http:\/\/powstaniewielkopolskie.pl\/nowa\/index.php?rest_route=%2Fwp%2Fv2%2Ftags&post=9549"}],"curies":[{"name":"wp","href":"https:\/\/api.w.org\/{rel}","templated":true}]}}