{"id":9375,"date":"2024-09-21T17:00:35","date_gmt":"2024-09-21T15:00:35","guid":{"rendered":"https:\/\/powstaniewielkopolskie.pl\/nowa\/?p=9375"},"modified":"2024-09-21T17:00:37","modified_gmt":"2024-09-21T15:00:37","slug":"rajd-szlakiem-pamieci-weteranow-walk-o-wolnosc-i-niepodleglosc","status":"publish","type":"post","link":"http:\/\/powstaniewielkopolskie.pl\/nowa\/?p=9375","title":{"rendered":"Rajd Szlakiem Pami\u0119ci Weteran\u00f3w Walk o Wolno\u015b\u0107 i Niepodleg\u0142o\u015b\u0107"},"content":{"rendered":"\n<figure class=\"wp-block-gallery has-nested-images columns-default is-cropped wp-block-gallery-1 is-layout-flex wp-block-gallery-is-layout-flex\">\n<figure class=\"wp-block-image\"><img decoding=\"async\" src=\"blob:https:\/\/powstaniewielkopolskie.pl\/92af0ad5-4f10-46e8-ac92-89b8dba76acb\" alt=\"\"\/><\/figure>\n<\/figure>\n\n\n\n<figure class=\"wp-block-gallery has-nested-images columns-default is-cropped wp-block-gallery-2 is-layout-flex wp-block-gallery-is-layout-flex\">\n<figure class=\"wp-block-image size-large\"><img loading=\"lazy\" decoding=\"async\" width=\"396\" height=\"528\" data-id=\"9378\" src=\"https:\/\/powstaniewielkopolskie.pl\/nowa\/wp-content\/uploads\/2024\/09\/20240428_173236-bis.jpg\" alt=\"\" class=\"wp-image-9378\" srcset=\"http:\/\/powstaniewielkopolskie.pl\/nowa\/wp-content\/uploads\/2024\/09\/20240428_173236-bis.jpg 396w, http:\/\/powstaniewielkopolskie.pl\/nowa\/wp-content\/uploads\/2024\/09\/20240428_173236-bis-225x300.jpg 225w\" sizes=\"(max-width: 396px) 100vw, 396px\" \/><\/figure>\n\n\n\n<figure class=\"wp-block-image size-large\"><img loading=\"lazy\" decoding=\"async\" width=\"396\" height=\"528\" data-id=\"9379\" src=\"https:\/\/powstaniewielkopolskie.pl\/nowa\/wp-content\/uploads\/2024\/09\/20240428_175437-bis.jpg\" alt=\"\" class=\"wp-image-9379\" srcset=\"http:\/\/powstaniewielkopolskie.pl\/nowa\/wp-content\/uploads\/2024\/09\/20240428_175437-bis.jpg 396w, http:\/\/powstaniewielkopolskie.pl\/nowa\/wp-content\/uploads\/2024\/09\/20240428_175437-bis-225x300.jpg 225w\" sizes=\"(max-width: 396px) 100vw, 396px\" \/><\/figure>\n<\/figure>\n\n\n\n<p><\/p>\n\n\n\n<p><strong>20 wrze\u015bnia 2024 r.<\/strong> &#8211; podczas tegorocznych K\u00f3rnickich Dni Nauki trwaj\u0105cych od 19 do 21 wrze\u015bnia sw\u00f3j udzia\u0142, po raz pierwszy, zaznaczy\u0142o K\u00f3rnickie Ko\u0142o Towarzystwa Pami\u0119ci Powstania Wielkopolskiego 1918\/1919, organizuj\u0105c Rajd Szlakiem Pami\u0119ci Weteran\u00f3w Walk o Wolno\u015b\u0107 i Niepodleg\u0142o\u015b\u0107. Do udzia\u0142u zaproszono szko\u0142y z terenu gminy K\u00f3rnik. Ka\u017cda ze szk\u00f3\u0142 wystawi\u0142a 10-osobowy zesp\u00f3\u0142 uczni\u00f3w pod opiek\u0105 nauczyciela. Rajd wi\u00f3d\u0142 od Pomnika Powsta\u0144c\u00f3w Wielkopolskich przez Dzie\u0107mierowo, Le\u015bnictwo Drapa\u0142ka, Pomnik Ofiar czas\u00f3w stalinowskich w Lesie Drapa\u0142ka, a ko\u0144czy\u0142 si\u0119 w Szkole Podstawowej im. Powsta\u0144c\u00f3w Wielkopolskich w Robakowie. Podczas rajdu, na podstawie odnalezionych kod\u00f3w QR i po wprowadzeniu ich do telefon\u00f3w kom\u00f3rkowych, uczestnicy zapoznali si\u0119 z histori\u0105 mijanych miejsc, w szczeg\u00f3lno\u015bci za\u015b uzyskali informacje o 13 Powsta\u0144cach Wielkopolskich pochodz\u0105cych z Dzie\u0107mierowa oraz uczestnikach ruchu oporu dzia\u0142aj\u0105cych na terenie K\u00f3rnika, Dzie\u0107mierowa, Dachowy, Robakowa z okresu II wojny \u015bwiatowej, dla kt\u00f3rych Le\u015bnicz\u00f3wka Drapa\u0142ka by\u0142a miejscem spotka\u0144 i punktem kontaktowym pod kryptonimem \u201ePlac\u00f3wka Topola\u201d. Kolejne miejsce to pomnik ofiar ponurych czas\u00f3w stalinizmu znajduj\u0105cy si\u0119 w Lesie Drapa\u0142ka. W latach 1946-1948 wykonywano tam potajemnie wyroki \u015bmierci na skazanych przez powojenne w\u0142adze komunistyczne w fikcyjnych procesach. Zako\u0144czenie i podsumowanie rajdu nast\u0105pi\u0142o w Szkole Podstawowej im. Powsta\u0144c\u00f3w Wielkopolskich w Robakowie, gdzie dru\u017cyny uczestnicz\u0105ce w rajdzie prezentowa\u0142y swoje wcze\u015bniej przygotowane prace graficzne zwi\u0105zane z tematyk\u0105 rajdu. Uroczysto\u015b\u0107 zako\u0144czono od\u015bpiewaniem Roty.  Wsp\u00f3\u0142organizatorami tego rajdu by\u0142a Szko\u0142a Podstawowa im. Powsta\u0144c\u00f3w Wielkopolskich w Robakowie oraz Urz\u0105d Miasta i Gminy w K\u00f3rniku.<\/p>\n\n\n\n<p class=\"has-text-align-right\">Fot. Piotr Guzik<\/p>\n<div data-animation=\"pulse\" data-icons-animation=\"no-animation\" data-overlay=\"on\" data-change-size=\"\" data-button-size=\"0.7\" style=\"font-size:0.7em;display:none;\" class=\"supsystic-social-sharing supsystic-social-sharing-package-flat supsystic-social-sharing-hide-on-homepage supsystic-social-sharing-content supsystic-social-sharing-content-align-center\" data-text=\"\"><a class=\"social-sharing-button sharer-flat sharer-flat-2 counter-standard digg\" target=\"_blank\" title=\"Digg\" href=\"http:\/\/digg.com\/submit?url=http%3A%2F%2Fpowstaniewielkopolskie.pl%2Fnowa%2F%3Fp%3D9375&title=Rajd+Szlakiem+Pami%C4%99ci+Weteran%C3%B3w+Walk+o+Wolno%C5%9B%C4%87+i+Niepodleg%C5%82o%C5%9B%C4%87\" data-nid=\"8\" data-name=\"\" data-pid=\"1\" data-post-id=\"9375\" data-url=\"http:\/\/powstaniewielkopolskie.pl\/nowa\/wp-admin\/admin-ajax.php\" data-url=\"http:\/\/powstaniewielkopolskie.pl\/nowa\/wp-admin\/admin-ajax.php\" data-description=\"Rajd Szlakiem Pami\u0119ci Weteran\u00f3w Walk o Wolno\u015b\u0107 i Niepodleg\u0142o\u015b\u0107\" rel=\"nofollow\"><i class=\"fa fa-fw fa-digg\"><\/i><div class=\"counter-wrap standard\"><span class=\"counter\">0<\/span><\/div><\/a><a class=\"social-sharing-button sharer-flat sharer-flat-2 counter-standard mail\" target=\"_blank\" title=\"Mail\" href=\"#\" data-nid=\"16\" data-name=\"\" data-pid=\"1\" data-post-id=\"9375\" data-url=\"http:\/\/powstaniewielkopolskie.pl\/nowa\/wp-admin\/admin-ajax.php\" data-url=\"http:\/\/powstaniewielkopolskie.pl\/nowa\/wp-admin\/admin-ajax.php\" data-description=\"Rajd Szlakiem Pami\u0119ci Weteran\u00f3w Walk o Wolno\u015b\u0107 i Niepodleg\u0142o\u015b\u0107\" rel=\"nofollow\"><i class=\"fa fa-fw fa-envelope-o\"><\/i><div class=\"counter-wrap standard\"><span class=\"counter\">0<\/span><\/div><\/a><a class=\"social-sharing-button sharer-flat sharer-flat-2 counter-standard facebook\" target=\"_blank\" title=\"Facebook\" href=\"http:\/\/www.facebook.com\/sharer.php?u=http%3A%2F%2Fpowstaniewielkopolskie.pl%2Fnowa%2F%3Fp%3D9375\" data-nid=\"1\" data-name=\"\" data-pid=\"1\" data-post-id=\"9375\" data-url=\"http:\/\/powstaniewielkopolskie.pl\/nowa\/wp-admin\/admin-ajax.php\" data-url=\"http:\/\/powstaniewielkopolskie.pl\/nowa\/wp-admin\/admin-ajax.php\" data-description=\"Rajd Szlakiem Pami\u0119ci Weteran\u00f3w Walk o Wolno\u015b\u0107 i Niepodleg\u0142o\u015b\u0107\" rel=\"nofollow\"><i class=\"fa fa-fw fa-facebook\"><\/i><div class=\"counter-wrap standard\"><span class=\"counter\">0<\/span><\/div><\/a><a class=\"social-sharing-button sharer-flat sharer-flat-2 counter-standard whatsapp\" target=\"_blank\" title=\"WhatsApp\" href=\"whatsapp:\/\/send?text=http%3A%2F%2Fpowstaniewielkopolskie.pl%2Fnowa%2F%3Fp%3D9375\" data-nid=\"18\" data-name=\"\" data-pid=\"1\" data-post-id=\"9375\" data-url=\"http:\/\/powstaniewielkopolskie.pl\/nowa\/wp-admin\/admin-ajax.php\" data-url=\"http:\/\/powstaniewielkopolskie.pl\/nowa\/wp-admin\/admin-ajax.php\" data-description=\"Rajd Szlakiem Pami\u0119ci Weteran\u00f3w Walk o Wolno\u015b\u0107 i Niepodleg\u0142o\u015b\u0107\" rel=\"nofollow\"><i class=\"fa fa-fw fa-whatsapp\"><\/i><div class=\"counter-wrap standard\"><span class=\"counter\">0<\/span><\/div><\/a><a class=\"social-sharing-button sharer-flat sharer-flat-2 counter-standard twitter\" target=\"_blank\" title=\"Twitter\" href=\"https:\/\/twitter.com\/share?url=http%3A%2F%2Fpowstaniewielkopolskie.pl%2Fnowa%2F%3Fp%3D9375&text=Rajd+Szlakiem+Pami%C4%99ci+Weteran%C3%B3w+Walk+o+Wolno%C5%9B%C4%87+i+Niepodleg%C5%82o%C5%9B%C4%87\" data-nid=\"2\" data-name=\"\" data-pid=\"1\" data-post-id=\"9375\" data-url=\"http:\/\/powstaniewielkopolskie.pl\/nowa\/wp-admin\/admin-ajax.php\" data-url=\"http:\/\/powstaniewielkopolskie.pl\/nowa\/wp-admin\/admin-ajax.php\" data-description=\"Rajd Szlakiem Pami\u0119ci Weteran\u00f3w Walk o Wolno\u015b\u0107 i Niepodleg\u0142o\u015b\u0107\" rel=\"nofollow\"><i class=\"fa fa-fw fa-twitter\"><\/i><div class=\"counter-wrap standard\"><span class=\"counter\">0<\/span><\/div><\/a><a class=\"social-sharing-button sharer-flat sharer-flat-2 counter-standard googleplus\" target=\"_blank\" title=\"Google+\" href=\"https:\/\/plus.google.com\/share?url=http%3A%2F%2Fpowstaniewielkopolskie.pl%2Fnowa%2F%3Fp%3D9375\" data-nid=\"3\" data-name=\"\" data-pid=\"1\" data-post-id=\"9375\" data-url=\"http:\/\/powstaniewielkopolskie.pl\/nowa\/wp-admin\/admin-ajax.php\" data-url=\"http:\/\/powstaniewielkopolskie.pl\/nowa\/wp-admin\/admin-ajax.php\" data-description=\"Rajd Szlakiem Pami\u0119ci Weteran\u00f3w Walk o Wolno\u015b\u0107 i Niepodleg\u0142o\u015b\u0107\" rel=\"nofollow\"><i class=\"fa fa-fw fa-google-plus\"><\/i><div class=\"counter-wrap standard\"><span class=\"counter\">0<\/span><\/div><\/a><\/div>","protected":false},"excerpt":{"rendered":"<p>20 wrze\u015bnia 2024 r. &#8211; podczas tegorocznych K\u00f3rnickich Dni Nauki trwaj\u0105cych od 19 do 21 wrze\u015bnia sw\u00f3j udzia\u0142, po raz pierwszy, zaznaczy\u0142o K\u00f3rnickie Ko\u0142o Towarzystwa Pami\u0119ci Powstania Wielkopolskiego 1918\/1919, organizuj\u0105c Rajd Szlakiem<a class=\"moretag\" href=\"http:\/\/powstaniewielkopolskie.pl\/nowa\/?p=9375\">Czytaj wi\u0119cej&#8230;<\/a><\/p>\n<div data-animation=\"pulse\" data-icons-animation=\"no-animation\" data-overlay=\"on\" data-change-size=\"\" data-button-size=\"0.7\" style=\"font-size:0.7em;display:none;\" class=\"supsystic-social-sharing supsystic-social-sharing-package-flat supsystic-social-sharing-hide-on-homepage supsystic-social-sharing-content supsystic-social-sharing-content-align-center\" data-text=\"\"><a class=\"social-sharing-button sharer-flat sharer-flat-2 counter-standard digg\" target=\"_blank\" title=\"Digg\" href=\"http:\/\/digg.com\/submit?url=http%3A%2F%2Fpowstaniewielkopolskie.pl%2Fnowa%2F%3Fp%3D9375&title=Rajd+Szlakiem+Pami%C4%99ci+Weteran%C3%B3w+Walk+o+Wolno%C5%9B%C4%87+i+Niepodleg%C5%82o%C5%9B%C4%87\" data-nid=\"8\" data-name=\"\" data-pid=\"1\" data-post-id=\"9375\" data-url=\"http:\/\/powstaniewielkopolskie.pl\/nowa\/wp-admin\/admin-ajax.php\" data-url=\"http:\/\/powstaniewielkopolskie.pl\/nowa\/wp-admin\/admin-ajax.php\" data-description=\"Rajd Szlakiem Pami\u0119ci Weteran\u00f3w Walk o Wolno\u015b\u0107 i Niepodleg\u0142o\u015b\u0107\" rel=\"nofollow\"><i class=\"fa fa-fw fa-digg\"><\/i><div class=\"counter-wrap standard\"><span class=\"counter\">0<\/span><\/div><\/a><a class=\"social-sharing-button sharer-flat sharer-flat-2 counter-standard mail\" target=\"_blank\" title=\"Mail\" href=\"#\" data-nid=\"16\" data-name=\"\" data-pid=\"1\" data-post-id=\"9375\" data-url=\"http:\/\/powstaniewielkopolskie.pl\/nowa\/wp-admin\/admin-ajax.php\" data-url=\"http:\/\/powstaniewielkopolskie.pl\/nowa\/wp-admin\/admin-ajax.php\" data-description=\"Rajd Szlakiem Pami\u0119ci Weteran\u00f3w Walk o Wolno\u015b\u0107 i Niepodleg\u0142o\u015b\u0107\" rel=\"nofollow\"><i class=\"fa fa-fw fa-envelope-o\"><\/i><div class=\"counter-wrap standard\"><span class=\"counter\">0<\/span><\/div><\/a><a class=\"social-sharing-button sharer-flat sharer-flat-2 counter-standard facebook\" target=\"_blank\" title=\"Facebook\" href=\"http:\/\/www.facebook.com\/sharer.php?u=http%3A%2F%2Fpowstaniewielkopolskie.pl%2Fnowa%2F%3Fp%3D9375\" data-nid=\"1\" data-name=\"\" data-pid=\"1\" data-post-id=\"9375\" data-url=\"http:\/\/powstaniewielkopolskie.pl\/nowa\/wp-admin\/admin-ajax.php\" data-url=\"http:\/\/powstaniewielkopolskie.pl\/nowa\/wp-admin\/admin-ajax.php\" data-description=\"Rajd Szlakiem Pami\u0119ci Weteran\u00f3w Walk o Wolno\u015b\u0107 i Niepodleg\u0142o\u015b\u0107\" rel=\"nofollow\"><i class=\"fa fa-fw fa-facebook\"><\/i><div class=\"counter-wrap standard\"><span class=\"counter\">0<\/span><\/div><\/a><a class=\"social-sharing-button sharer-flat sharer-flat-2 counter-standard whatsapp\" target=\"_blank\" title=\"WhatsApp\" href=\"whatsapp:\/\/send?text=http%3A%2F%2Fpowstaniewielkopolskie.pl%2Fnowa%2F%3Fp%3D9375\" data-nid=\"18\" data-name=\"\" data-pid=\"1\" data-post-id=\"9375\" data-url=\"http:\/\/powstaniewielkopolskie.pl\/nowa\/wp-admin\/admin-ajax.php\" data-url=\"http:\/\/powstaniewielkopolskie.pl\/nowa\/wp-admin\/admin-ajax.php\" data-description=\"Rajd Szlakiem Pami\u0119ci Weteran\u00f3w Walk o Wolno\u015b\u0107 i Niepodleg\u0142o\u015b\u0107\" rel=\"nofollow\"><i class=\"fa fa-fw fa-whatsapp\"><\/i><div class=\"counter-wrap standard\"><span class=\"counter\">0<\/span><\/div><\/a><a class=\"social-sharing-button sharer-flat sharer-flat-2 counter-standard twitter\" target=\"_blank\" title=\"Twitter\" href=\"https:\/\/twitter.com\/share?url=http%3A%2F%2Fpowstaniewielkopolskie.pl%2Fnowa%2F%3Fp%3D9375&text=Rajd+Szlakiem+Pami%C4%99ci+Weteran%C3%B3w+Walk+o+Wolno%C5%9B%C4%87+i+Niepodleg%C5%82o%C5%9B%C4%87\" data-nid=\"2\" data-name=\"\" data-pid=\"1\" data-post-id=\"9375\" data-url=\"http:\/\/powstaniewielkopolskie.pl\/nowa\/wp-admin\/admin-ajax.php\" data-url=\"http:\/\/powstaniewielkopolskie.pl\/nowa\/wp-admin\/admin-ajax.php\" data-description=\"Rajd Szlakiem Pami\u0119ci Weteran\u00f3w Walk o Wolno\u015b\u0107 i Niepodleg\u0142o\u015b\u0107\" rel=\"nofollow\"><i class=\"fa fa-fw fa-twitter\"><\/i><div class=\"counter-wrap standard\"><span class=\"counter\">0<\/span><\/div><\/a><a class=\"social-sharing-button sharer-flat sharer-flat-2 counter-standard googleplus\" target=\"_blank\" title=\"Google+\" href=\"https:\/\/plus.google.com\/share?url=http%3A%2F%2Fpowstaniewielkopolskie.pl%2Fnowa%2F%3Fp%3D9375\" data-nid=\"3\" data-name=\"\" data-pid=\"1\" data-post-id=\"9375\" data-url=\"http:\/\/powstaniewielkopolskie.pl\/nowa\/wp-admin\/admin-ajax.php\" data-url=\"http:\/\/powstaniewielkopolskie.pl\/nowa\/wp-admin\/admin-ajax.php\" data-description=\"Rajd Szlakiem Pami\u0119ci Weteran\u00f3w Walk o Wolno\u015b\u0107 i Niepodleg\u0142o\u015b\u0107\" rel=\"nofollow\"><i class=\"fa fa-fw fa-google-plus\"><\/i><div class=\"counter-wrap standard\"><span class=\"counter\">0<\/span><\/div><\/a><\/div>","protected":false},"author":4,"featured_media":9372,"comment_status":"closed","ping_status":"open","sticky":false,"template":"","format":"standard","meta":{"footnotes":""},"categories":[3],"tags":[],"_links":{"self":[{"href":"http:\/\/powstaniewielkopolskie.pl\/nowa\/index.php?rest_route=\/wp\/v2\/posts\/9375"}],"collection":[{"href":"http:\/\/powstaniewielkopolskie.pl\/nowa\/index.php?rest_route=\/wp\/v2\/posts"}],"about":[{"href":"http:\/\/powstaniewielkopolskie.pl\/nowa\/index.php?rest_route=\/wp\/v2\/types\/post"}],"author":[{"embeddable":true,"href":"http:\/\/powstaniewielkopolskie.pl\/nowa\/index.php?rest_route=\/wp\/v2\/users\/4"}],"replies":[{"embeddable":true,"href":"http:\/\/powstaniewielkopolskie.pl\/nowa\/index.php?rest_route=%2Fwp%2Fv2%2Fcomments&post=9375"}],"version-history":[{"count":4,"href":"http:\/\/powstaniewielkopolskie.pl\/nowa\/index.php?rest_route=\/wp\/v2\/posts\/9375\/revisions"}],"predecessor-version":[{"id":9383,"href":"http:\/\/powstaniewielkopolskie.pl\/nowa\/index.php?rest_route=\/wp\/v2\/posts\/9375\/revisions\/9383"}],"wp:featuredmedia":[{"embeddable":true,"href":"http:\/\/powstaniewielkopolskie.pl\/nowa\/index.php?rest_route=\/wp\/v2\/media\/9372"}],"wp:attachment":[{"href":"http:\/\/powstaniewielkopolskie.pl\/nowa\/index.php?rest_route=%2Fwp%2Fv2%2Fmedia&parent=9375"}],"wp:term":[{"taxonomy":"category","embeddable":true,"href":"http:\/\/powstaniewielkopolskie.pl\/nowa\/index.php?rest_route=%2Fwp%2Fv2%2Fcategories&post=9375"},{"taxonomy":"post_tag","embeddable":true,"href":"http:\/\/powstaniewielkopolskie.pl\/nowa\/index.php?rest_route=%2Fwp%2Fv2%2Ftags&post=9375"}],"curies":[{"name":"wp","href":"https:\/\/api.w.org\/{rel}","templated":true}]}}