{"id":9341,"date":"2024-09-01T13:56:27","date_gmt":"2024-09-01T11:56:27","guid":{"rendered":"https:\/\/powstaniewielkopolskie.pl\/nowa\/?p=9341"},"modified":"2024-09-01T14:00:45","modified_gmt":"2024-09-01T12:00:45","slug":"uroczystosc-w-muzeum-woldenberczykow-w-dobiegniewie","status":"publish","type":"post","link":"http:\/\/powstaniewielkopolskie.pl\/nowa\/?p=9341","title":{"rendered":"Uroczysto\u015b\u0107 w Muzeum Woldenberczyk\u00f3w w Dobiegniewie"},"content":{"rendered":"\n<p><strong>31 sierpnia 2024 r. <\/strong>&#8211; w Muzeum Woldenberczyk\u00f3w w Dobiegniewie odby\u0142a si\u0119 uroczysto\u015b\u0107 przekazania pami\u0105tek po je\u0144cach hitlerowskiego Oflagu II C Woldenberg. Zbi\u00f3r zawiera zdj\u0119cia i korespondencj\u0119 wysy\u0142an\u0105 z obozu przez dw\u00f3ch \u017co\u0142nierzy z 56. i 69. Pu\u0142ku Piechoty Wielkopolskiej, w szeregach kt\u00f3rych w kampanii wrze\u015bniowej walczyli m.in. dawni Powsta\u0144cy Wielkopolscy. Ppor. Marian Preiss oraz ppor. Aleksander Sierszulski pisali listy z obozu do krewnej gen. Boles\u0142awa Roja, jednego z dow\u00f3dc\u00f3w legionowych, sygnatariusza rozkazu o powo\u0142aniu niepodleg\u0142ego Wojska Polskiego II RP. Obozowe listy zosta\u0142y odnalezione przypadkowo na \u015bmietniku. Odzyskali je cz\u0142onkowie Lubuskiej Grupy Eksploracyjnej &#8222;Nadodrze&#8221;. Po 80 latach wr\u00f3ci\u0142y do miejsca, w kt\u00f3rym powsta\u0142y. Po opracowaniu i konserwacji zbi\u00f3r uzupe\u0142ni zbiory Muzeum Woldenberczyk\u00f3w. Dokumentuje ono histori\u0119 Oflagu II C Woldenberg, obozu przeznaczonego dla polskich oficer\u00f3w wzi\u0119tych do niewoli w czasie II wojny \u015bwiatowej.<br>Uroczysto\u015b\u0107 odby\u0142a si\u0119 w asy\u015bcie wojskowej z udzia\u0142em pocztu sztandarowego 17. Wielkopolskiej Brygady Zmechanizowanej im. gen. J\u00f3zefa Dowbor &#8211; Mu\u015bnickiego, kt\u00f3ra kultywuje tradycje pu\u0142k\u00f3w piechoty wielkopolskiej. Poczet zaprezentowa\u0142 si\u0119 z honorow\u0105 replik\u0105 sztandaru 56. Pu\u0142ku.<\/p>\n\n\n\n<p class=\"has-text-align-right\">Fot. Kamil Hypki<\/p>\n<div data-animation=\"pulse\" data-icons-animation=\"no-animation\" data-overlay=\"on\" data-change-size=\"\" data-button-size=\"0.7\" style=\"font-size:0.7em;display:none;\" class=\"supsystic-social-sharing supsystic-social-sharing-package-flat supsystic-social-sharing-hide-on-homepage supsystic-social-sharing-content supsystic-social-sharing-content-align-center\" data-text=\"\"><a class=\"social-sharing-button sharer-flat sharer-flat-2 counter-standard digg\" target=\"_blank\" title=\"Digg\" href=\"http:\/\/digg.com\/submit?url=http%3A%2F%2Fpowstaniewielkopolskie.pl%2Fnowa%2F%3Fp%3D9341&title=Uroczysto%C5%9B%C4%87+w+Muzeum+Woldenberczyk%C3%B3w+w+Dobiegniewie\" data-nid=\"8\" data-name=\"\" data-pid=\"1\" data-post-id=\"9341\" data-url=\"http:\/\/powstaniewielkopolskie.pl\/nowa\/wp-admin\/admin-ajax.php\" data-url=\"http:\/\/powstaniewielkopolskie.pl\/nowa\/wp-admin\/admin-ajax.php\" data-description=\"Uroczysto\u015b\u0107 w Muzeum Woldenberczyk\u00f3w w Dobiegniewie\" rel=\"nofollow\"><i class=\"fa fa-fw fa-digg\"><\/i><div class=\"counter-wrap standard\"><span class=\"counter\">0<\/span><\/div><\/a><a class=\"social-sharing-button sharer-flat sharer-flat-2 counter-standard mail\" target=\"_blank\" title=\"Mail\" href=\"#\" data-nid=\"16\" data-name=\"\" data-pid=\"1\" data-post-id=\"9341\" data-url=\"http:\/\/powstaniewielkopolskie.pl\/nowa\/wp-admin\/admin-ajax.php\" data-url=\"http:\/\/powstaniewielkopolskie.pl\/nowa\/wp-admin\/admin-ajax.php\" data-description=\"Uroczysto\u015b\u0107 w Muzeum Woldenberczyk\u00f3w w Dobiegniewie\" rel=\"nofollow\"><i class=\"fa fa-fw fa-envelope-o\"><\/i><div class=\"counter-wrap standard\"><span class=\"counter\">0<\/span><\/div><\/a><a class=\"social-sharing-button sharer-flat sharer-flat-2 counter-standard facebook\" target=\"_blank\" title=\"Facebook\" href=\"http:\/\/www.facebook.com\/sharer.php?u=http%3A%2F%2Fpowstaniewielkopolskie.pl%2Fnowa%2F%3Fp%3D9341\" data-nid=\"1\" data-name=\"\" data-pid=\"1\" data-post-id=\"9341\" data-url=\"http:\/\/powstaniewielkopolskie.pl\/nowa\/wp-admin\/admin-ajax.php\" data-url=\"http:\/\/powstaniewielkopolskie.pl\/nowa\/wp-admin\/admin-ajax.php\" data-description=\"Uroczysto\u015b\u0107 w Muzeum Woldenberczyk\u00f3w w Dobiegniewie\" rel=\"nofollow\"><i class=\"fa fa-fw fa-facebook\"><\/i><div class=\"counter-wrap standard\"><span class=\"counter\">0<\/span><\/div><\/a><a class=\"social-sharing-button sharer-flat sharer-flat-2 counter-standard whatsapp\" target=\"_blank\" title=\"WhatsApp\" href=\"whatsapp:\/\/send?text=http%3A%2F%2Fpowstaniewielkopolskie.pl%2Fnowa%2F%3Fp%3D9341\" data-nid=\"18\" data-name=\"\" data-pid=\"1\" data-post-id=\"9341\" data-url=\"http:\/\/powstaniewielkopolskie.pl\/nowa\/wp-admin\/admin-ajax.php\" data-url=\"http:\/\/powstaniewielkopolskie.pl\/nowa\/wp-admin\/admin-ajax.php\" data-description=\"Uroczysto\u015b\u0107 w Muzeum Woldenberczyk\u00f3w w Dobiegniewie\" rel=\"nofollow\"><i class=\"fa fa-fw fa-whatsapp\"><\/i><div class=\"counter-wrap standard\"><span class=\"counter\">0<\/span><\/div><\/a><a class=\"social-sharing-button sharer-flat sharer-flat-2 counter-standard twitter\" target=\"_blank\" title=\"Twitter\" href=\"https:\/\/twitter.com\/share?url=http%3A%2F%2Fpowstaniewielkopolskie.pl%2Fnowa%2F%3Fp%3D9341&text=Uroczysto%C5%9B%C4%87+w+Muzeum+Woldenberczyk%C3%B3w+w+Dobiegniewie\" data-nid=\"2\" data-name=\"\" data-pid=\"1\" data-post-id=\"9341\" data-url=\"http:\/\/powstaniewielkopolskie.pl\/nowa\/wp-admin\/admin-ajax.php\" data-url=\"http:\/\/powstaniewielkopolskie.pl\/nowa\/wp-admin\/admin-ajax.php\" data-description=\"Uroczysto\u015b\u0107 w Muzeum Woldenberczyk\u00f3w w Dobiegniewie\" rel=\"nofollow\"><i class=\"fa fa-fw fa-twitter\"><\/i><div class=\"counter-wrap standard\"><span class=\"counter\">0<\/span><\/div><\/a><a class=\"social-sharing-button sharer-flat sharer-flat-2 counter-standard googleplus\" target=\"_blank\" title=\"Google+\" href=\"https:\/\/plus.google.com\/share?url=http%3A%2F%2Fpowstaniewielkopolskie.pl%2Fnowa%2F%3Fp%3D9341\" data-nid=\"3\" data-name=\"\" data-pid=\"1\" data-post-id=\"9341\" data-url=\"http:\/\/powstaniewielkopolskie.pl\/nowa\/wp-admin\/admin-ajax.php\" data-url=\"http:\/\/powstaniewielkopolskie.pl\/nowa\/wp-admin\/admin-ajax.php\" data-description=\"Uroczysto\u015b\u0107 w Muzeum Woldenberczyk\u00f3w w Dobiegniewie\" rel=\"nofollow\"><i class=\"fa fa-fw fa-google-plus\"><\/i><div class=\"counter-wrap standard\"><span class=\"counter\">0<\/span><\/div><\/a><\/div>","protected":false},"excerpt":{"rendered":"<p>31 sierpnia 2024 r. &#8211; w Muzeum Woldenberczyk\u00f3w w Dobiegniewie odby\u0142a si\u0119 uroczysto\u015b\u0107 przekazania pami\u0105tek po je\u0144cach hitlerowskiego Oflagu II C Woldenberg. Zbi\u00f3r zawiera zdj\u0119cia i korespondencj\u0119 wysy\u0142an\u0105 z obozu przez dw\u00f3ch<a class=\"moretag\" href=\"http:\/\/powstaniewielkopolskie.pl\/nowa\/?p=9341\">Czytaj wi\u0119cej&#8230;<\/a><\/p>\n<div data-animation=\"pulse\" data-icons-animation=\"no-animation\" data-overlay=\"on\" data-change-size=\"\" data-button-size=\"0.7\" style=\"font-size:0.7em;display:none;\" class=\"supsystic-social-sharing supsystic-social-sharing-package-flat supsystic-social-sharing-hide-on-homepage supsystic-social-sharing-content supsystic-social-sharing-content-align-center\" data-text=\"\"><a class=\"social-sharing-button sharer-flat sharer-flat-2 counter-standard digg\" target=\"_blank\" title=\"Digg\" href=\"http:\/\/digg.com\/submit?url=http%3A%2F%2Fpowstaniewielkopolskie.pl%2Fnowa%2F%3Fp%3D9341&title=Uroczysto%C5%9B%C4%87+w+Muzeum+Woldenberczyk%C3%B3w+w+Dobiegniewie\" data-nid=\"8\" data-name=\"\" data-pid=\"1\" data-post-id=\"9341\" data-url=\"http:\/\/powstaniewielkopolskie.pl\/nowa\/wp-admin\/admin-ajax.php\" data-url=\"http:\/\/powstaniewielkopolskie.pl\/nowa\/wp-admin\/admin-ajax.php\" data-description=\"Uroczysto\u015b\u0107 w Muzeum Woldenberczyk\u00f3w w Dobiegniewie\" rel=\"nofollow\"><i class=\"fa fa-fw fa-digg\"><\/i><div class=\"counter-wrap standard\"><span class=\"counter\">0<\/span><\/div><\/a><a class=\"social-sharing-button sharer-flat sharer-flat-2 counter-standard mail\" target=\"_blank\" title=\"Mail\" href=\"#\" data-nid=\"16\" data-name=\"\" data-pid=\"1\" data-post-id=\"9341\" data-url=\"http:\/\/powstaniewielkopolskie.pl\/nowa\/wp-admin\/admin-ajax.php\" data-url=\"http:\/\/powstaniewielkopolskie.pl\/nowa\/wp-admin\/admin-ajax.php\" data-description=\"Uroczysto\u015b\u0107 w Muzeum Woldenberczyk\u00f3w w Dobiegniewie\" rel=\"nofollow\"><i class=\"fa fa-fw fa-envelope-o\"><\/i><div class=\"counter-wrap standard\"><span class=\"counter\">0<\/span><\/div><\/a><a class=\"social-sharing-button sharer-flat sharer-flat-2 counter-standard facebook\" target=\"_blank\" title=\"Facebook\" href=\"http:\/\/www.facebook.com\/sharer.php?u=http%3A%2F%2Fpowstaniewielkopolskie.pl%2Fnowa%2F%3Fp%3D9341\" data-nid=\"1\" data-name=\"\" data-pid=\"1\" data-post-id=\"9341\" data-url=\"http:\/\/powstaniewielkopolskie.pl\/nowa\/wp-admin\/admin-ajax.php\" data-url=\"http:\/\/powstaniewielkopolskie.pl\/nowa\/wp-admin\/admin-ajax.php\" data-description=\"Uroczysto\u015b\u0107 w Muzeum Woldenberczyk\u00f3w w Dobiegniewie\" rel=\"nofollow\"><i class=\"fa fa-fw fa-facebook\"><\/i><div class=\"counter-wrap standard\"><span class=\"counter\">0<\/span><\/div><\/a><a class=\"social-sharing-button sharer-flat sharer-flat-2 counter-standard whatsapp\" target=\"_blank\" title=\"WhatsApp\" href=\"whatsapp:\/\/send?text=http%3A%2F%2Fpowstaniewielkopolskie.pl%2Fnowa%2F%3Fp%3D9341\" data-nid=\"18\" data-name=\"\" data-pid=\"1\" data-post-id=\"9341\" data-url=\"http:\/\/powstaniewielkopolskie.pl\/nowa\/wp-admin\/admin-ajax.php\" data-url=\"http:\/\/powstaniewielkopolskie.pl\/nowa\/wp-admin\/admin-ajax.php\" data-description=\"Uroczysto\u015b\u0107 w Muzeum Woldenberczyk\u00f3w w Dobiegniewie\" rel=\"nofollow\"><i class=\"fa fa-fw fa-whatsapp\"><\/i><div class=\"counter-wrap standard\"><span class=\"counter\">0<\/span><\/div><\/a><a class=\"social-sharing-button sharer-flat sharer-flat-2 counter-standard twitter\" target=\"_blank\" title=\"Twitter\" href=\"https:\/\/twitter.com\/share?url=http%3A%2F%2Fpowstaniewielkopolskie.pl%2Fnowa%2F%3Fp%3D9341&text=Uroczysto%C5%9B%C4%87+w+Muzeum+Woldenberczyk%C3%B3w+w+Dobiegniewie\" data-nid=\"2\" data-name=\"\" data-pid=\"1\" data-post-id=\"9341\" data-url=\"http:\/\/powstaniewielkopolskie.pl\/nowa\/wp-admin\/admin-ajax.php\" data-url=\"http:\/\/powstaniewielkopolskie.pl\/nowa\/wp-admin\/admin-ajax.php\" data-description=\"Uroczysto\u015b\u0107 w Muzeum Woldenberczyk\u00f3w w Dobiegniewie\" rel=\"nofollow\"><i class=\"fa fa-fw fa-twitter\"><\/i><div class=\"counter-wrap standard\"><span class=\"counter\">0<\/span><\/div><\/a><a class=\"social-sharing-button sharer-flat sharer-flat-2 counter-standard googleplus\" target=\"_blank\" title=\"Google+\" href=\"https:\/\/plus.google.com\/share?url=http%3A%2F%2Fpowstaniewielkopolskie.pl%2Fnowa%2F%3Fp%3D9341\" data-nid=\"3\" data-name=\"\" data-pid=\"1\" data-post-id=\"9341\" data-url=\"http:\/\/powstaniewielkopolskie.pl\/nowa\/wp-admin\/admin-ajax.php\" data-url=\"http:\/\/powstaniewielkopolskie.pl\/nowa\/wp-admin\/admin-ajax.php\" data-description=\"Uroczysto\u015b\u0107 w Muzeum Woldenberczyk\u00f3w w Dobiegniewie\" rel=\"nofollow\"><i class=\"fa fa-fw fa-google-plus\"><\/i><div class=\"counter-wrap standard\"><span class=\"counter\">0<\/span><\/div><\/a><\/div>","protected":false},"author":4,"featured_media":9344,"comment_status":"closed","ping_status":"open","sticky":false,"template":"","format":"standard","meta":{"footnotes":""},"categories":[3],"tags":[],"_links":{"self":[{"href":"http:\/\/powstaniewielkopolskie.pl\/nowa\/index.php?rest_route=\/wp\/v2\/posts\/9341"}],"collection":[{"href":"http:\/\/powstaniewielkopolskie.pl\/nowa\/index.php?rest_route=\/wp\/v2\/posts"}],"about":[{"href":"http:\/\/powstaniewielkopolskie.pl\/nowa\/index.php?rest_route=\/wp\/v2\/types\/post"}],"author":[{"embeddable":true,"href":"http:\/\/powstaniewielkopolskie.pl\/nowa\/index.php?rest_route=\/wp\/v2\/users\/4"}],"replies":[{"embeddable":true,"href":"http:\/\/powstaniewielkopolskie.pl\/nowa\/index.php?rest_route=%2Fwp%2Fv2%2Fcomments&post=9341"}],"version-history":[{"count":1,"href":"http:\/\/powstaniewielkopolskie.pl\/nowa\/index.php?rest_route=\/wp\/v2\/posts\/9341\/revisions"}],"predecessor-version":[{"id":9343,"href":"http:\/\/powstaniewielkopolskie.pl\/nowa\/index.php?rest_route=\/wp\/v2\/posts\/9341\/revisions\/9343"}],"wp:featuredmedia":[{"embeddable":true,"href":"http:\/\/powstaniewielkopolskie.pl\/nowa\/index.php?rest_route=\/wp\/v2\/media\/9344"}],"wp:attachment":[{"href":"http:\/\/powstaniewielkopolskie.pl\/nowa\/index.php?rest_route=%2Fwp%2Fv2%2Fmedia&parent=9341"}],"wp:term":[{"taxonomy":"category","embeddable":true,"href":"http:\/\/powstaniewielkopolskie.pl\/nowa\/index.php?rest_route=%2Fwp%2Fv2%2Fcategories&post=9341"},{"taxonomy":"post_tag","embeddable":true,"href":"http:\/\/powstaniewielkopolskie.pl\/nowa\/index.php?rest_route=%2Fwp%2Fv2%2Ftags&post=9341"}],"curies":[{"name":"wp","href":"https:\/\/api.w.org\/{rel}","templated":true}]}}