{"id":8273,"date":"2023-11-18T21:41:49","date_gmt":"2023-11-18T20:41:49","guid":{"rendered":"http:\/\/powstaniewielkopolskie.pl\/nowa\/?p=8273"},"modified":"2023-11-19T23:28:16","modified_gmt":"2023-11-19T22:28:16","slug":"koncert-muzyki-polskiej-i-wspolne-spiewanie-w-sali-koncertowej-posm","status":"publish","type":"post","link":"http:\/\/powstaniewielkopolskie.pl\/nowa\/?p=8273","title":{"rendered":"\u201eKoncert Muzyki Polskiej i Wsp\u00f3lne \u015apiewanie&#8221; w sali koncertowej POSM"},"content":{"rendered":"<div class=\"elementToProof\" style=\"text-align: justify;\"><strong>18 listopada 2023 r.<\/strong> &#8211; w sali koncertowej POSM I i II stopnia w Poznaniu przy ul. Solnej 12 odby\u0142 si\u0119, ju\u017c po raz pi\u0105ty,\u00a0<em>Koncert Muzyki Polskiej i Wsp\u00f3lne \u015apiewanie<\/em>. Organizatorami byli: Oddzia\u0142 Wielkopolski TPPW z prezesem Wawrzy\u0144cem Wierzejewskim, Komisja Historyczna Chor\u0105gwi Wielkopolskiej ZHP oraz Pozna\u0144ska Og\u00f3lnokszta\u0142c\u0105ca Szko\u0142a Muzyczna I stopnia nr 1 im. Henryka Wieniawskiego i Pozna\u0144ska Og\u00f3lnokszta\u0142c\u0105ca Szko\u0142a Muzyczna II stopnia im. Mieczys\u0142awa Kar\u0142owicza. Koncert w wykonaniu uczni\u00f3w i pedagog\u00f3w oraz z udzia\u0142em publiczno\u015bci obejmowa\u0142 m.in. recytacj\u0119 patriotycznych wierszy Marii Konopnickiej, Wis\u0142awy Szymborskiej, Krzysztofa Kamila Baczy\u0144skiego, wykonanie pie\u015bni ch\u00f3ralnych i utwor\u00f3w muzycznych W. Lutos\u0142awskiego, E. Severna, E. M\u0142ynarskiego, F. Chopina, a tak\u017ce pie\u015bni harcerskich i zwi\u0105zanych z Powstaniem Wielkopolskim 1918-1919. Zar\u00f3wno soli\u015bci jak i zespo\u0142y ch\u00f3ralne zaprezentowali wysoki profesjonalny kunszt, kt\u00f3ry dope\u0142nia\u0142 doskona\u0142y akompaniament. W\u015br\u00f3d publiczno\u015bci, opr\u00f3cz rodzin licznie wyst\u0119puj\u0105cych uczni\u00f3w, znajdowali si\u0119 cz\u0142onkowie TPPW i ZHP. Wszystko zwie\u0144czy\u0142 harcerski kr\u0105g przyja\u017ani. Koncerty odbywaj\u0105 si\u0119 z inicjatywy nauczycielki Joanny Majewskiej przy wsparciu ca\u0142ego szkolnego grona pedagogicznego.<\/div>\n<div class=\"elementToProof\" style=\"text-align: center;\"><img loading=\"lazy\" decoding=\"async\" class=\"alignnone wp-image-8275\" src=\"http:\/\/powstaniewielkopolskie.pl\/nowa\/wp-content\/uploads\/2023\/11\/IMG-20231118-WA0006.jpgmaxwidth1860.375maxheight928-300x226.jpeg\" alt=\"IMG-20231118-WA0006.jpg,maxwidth,1860.375,maxheight,928\" width=\"504\" height=\"380\" srcset=\"http:\/\/powstaniewielkopolskie.pl\/nowa\/wp-content\/uploads\/2023\/11\/IMG-20231118-WA0006.jpgmaxwidth1860.375maxheight928-300x226.jpeg 300w, http:\/\/powstaniewielkopolskie.pl\/nowa\/wp-content\/uploads\/2023\/11\/IMG-20231118-WA0006.jpgmaxwidth1860.375maxheight928-768x578.jpeg 768w, http:\/\/powstaniewielkopolskie.pl\/nowa\/wp-content\/uploads\/2023\/11\/IMG-20231118-WA0006.jpgmaxwidth1860.375maxheight928.jpeg 1233w\" sizes=\"(max-width: 504px) 100vw, 504px\" \/><\/div>\n<div class=\"elementToProof\" style=\"text-align: left;\"><\/div>\n<div class=\"elementToProof\" style=\"text-align: right;\">\u00a0Fot. Piotr Pers<\/div>\n<div class=\"elementToProof\" style=\"text-align: justify;\">W\u00a0holu wystaw\u0119 artefakt\u00f3w powsta\u0144czych, w tym pierwsze wydania Roty, zaprezentowa\u0142 Marcin Kentzer-Nowakowski.<\/div>\n<div class=\"elementToProof\" style=\"text-align: center;\">\n<div class=\"elementToProof\">\u00a0<img loading=\"lazy\" decoding=\"async\" class=\"alignnone  wp-image-8280\" src=\"http:\/\/powstaniewielkopolskie.pl\/nowa\/wp-content\/uploads\/2023\/11\/Pe\u0142nomocnictwo-ZG-06.2023-1.jpeg-1-167x300.jpeg\" alt=\"Pe\u0142nomocnictwo ZG 06.2023.jpeg\" width=\"498\" height=\"895\" srcset=\"http:\/\/powstaniewielkopolskie.pl\/nowa\/wp-content\/uploads\/2023\/11\/Pe\u0142nomocnictwo-ZG-06.2023-1.jpeg-1-167x300.jpeg 167w, http:\/\/powstaniewielkopolskie.pl\/nowa\/wp-content\/uploads\/2023\/11\/Pe\u0142nomocnictwo-ZG-06.2023-1.jpeg-1-768x1382.jpeg 768w, http:\/\/powstaniewielkopolskie.pl\/nowa\/wp-content\/uploads\/2023\/11\/Pe\u0142nomocnictwo-ZG-06.2023-1.jpeg-1-778x1400.jpeg 778w, http:\/\/powstaniewielkopolskie.pl\/nowa\/wp-content\/uploads\/2023\/11\/Pe\u0142nomocnictwo-ZG-06.2023-1.jpeg-1.jpeg 838w\" sizes=\"(max-width: 498px) 100vw, 498px\" \/><\/div>\n<div class=\"elementToProof\">Fot. M.\u00a0Kentzer-Nowakowski<\/div>\n<\/div>\n<p>&nbsp;<\/p>\n<div data-animation=\"pulse\" data-icons-animation=\"no-animation\" data-overlay=\"on\" data-change-size=\"\" data-button-size=\"0.7\" style=\"font-size:0.7em;display:none;\" class=\"supsystic-social-sharing supsystic-social-sharing-package-flat supsystic-social-sharing-hide-on-homepage supsystic-social-sharing-content supsystic-social-sharing-content-align-center\" data-text=\"\"><a class=\"social-sharing-button sharer-flat sharer-flat-2 counter-standard digg\" target=\"_blank\" title=\"Digg\" href=\"http:\/\/digg.com\/submit?url=http%3A%2F%2Fpowstaniewielkopolskie.pl%2Fnowa%2F%3Fp%3D8273&title=%E2%80%9EKoncert+Muzyki+Polskiej+i+Wsp%C3%B3lne+%C5%9Apiewanie%26%238221%3B+w+sali+koncertowej+POSM\" data-nid=\"8\" data-name=\"\" data-pid=\"1\" data-post-id=\"8273\" data-url=\"http:\/\/powstaniewielkopolskie.pl\/nowa\/wp-admin\/admin-ajax.php\" data-url=\"http:\/\/powstaniewielkopolskie.pl\/nowa\/wp-admin\/admin-ajax.php\" data-description=\"\u201eKoncert Muzyki Polskiej i Wsp\u00f3lne \u015apiewanie\\\" w sali koncertowej POSM\" rel=\"nofollow\"><i class=\"fa fa-fw fa-digg\"><\/i><div class=\"counter-wrap standard\"><span class=\"counter\">0<\/span><\/div><\/a><a class=\"social-sharing-button sharer-flat sharer-flat-2 counter-standard mail\" target=\"_blank\" title=\"Mail\" href=\"#\" data-nid=\"16\" data-name=\"\" data-pid=\"1\" data-post-id=\"8273\" data-url=\"http:\/\/powstaniewielkopolskie.pl\/nowa\/wp-admin\/admin-ajax.php\" data-url=\"http:\/\/powstaniewielkopolskie.pl\/nowa\/wp-admin\/admin-ajax.php\" data-description=\"\u201eKoncert Muzyki Polskiej i Wsp\u00f3lne \u015apiewanie\\\" w sali koncertowej POSM\" rel=\"nofollow\"><i class=\"fa fa-fw fa-envelope-o\"><\/i><div class=\"counter-wrap standard\"><span class=\"counter\">0<\/span><\/div><\/a><a class=\"social-sharing-button sharer-flat sharer-flat-2 counter-standard facebook\" target=\"_blank\" title=\"Facebook\" href=\"http:\/\/www.facebook.com\/sharer.php?u=http%3A%2F%2Fpowstaniewielkopolskie.pl%2Fnowa%2F%3Fp%3D8273\" data-nid=\"1\" data-name=\"\" data-pid=\"1\" data-post-id=\"8273\" data-url=\"http:\/\/powstaniewielkopolskie.pl\/nowa\/wp-admin\/admin-ajax.php\" data-url=\"http:\/\/powstaniewielkopolskie.pl\/nowa\/wp-admin\/admin-ajax.php\" data-description=\"\u201eKoncert Muzyki Polskiej i Wsp\u00f3lne \u015apiewanie\\\" w sali koncertowej POSM\" rel=\"nofollow\"><i class=\"fa fa-fw fa-facebook\"><\/i><div class=\"counter-wrap standard\"><span class=\"counter\">0<\/span><\/div><\/a><a class=\"social-sharing-button sharer-flat sharer-flat-2 counter-standard whatsapp\" target=\"_blank\" title=\"WhatsApp\" href=\"whatsapp:\/\/send?text=http%3A%2F%2Fpowstaniewielkopolskie.pl%2Fnowa%2F%3Fp%3D8273\" data-nid=\"18\" data-name=\"\" data-pid=\"1\" data-post-id=\"8273\" data-url=\"http:\/\/powstaniewielkopolskie.pl\/nowa\/wp-admin\/admin-ajax.php\" data-url=\"http:\/\/powstaniewielkopolskie.pl\/nowa\/wp-admin\/admin-ajax.php\" data-description=\"\u201eKoncert Muzyki Polskiej i Wsp\u00f3lne \u015apiewanie\\\" w sali koncertowej POSM\" rel=\"nofollow\"><i class=\"fa fa-fw fa-whatsapp\"><\/i><div class=\"counter-wrap standard\"><span class=\"counter\">0<\/span><\/div><\/a><a class=\"social-sharing-button sharer-flat sharer-flat-2 counter-standard twitter\" target=\"_blank\" title=\"Twitter\" href=\"https:\/\/twitter.com\/share?url=http%3A%2F%2Fpowstaniewielkopolskie.pl%2Fnowa%2F%3Fp%3D8273&text=%E2%80%9EKoncert+Muzyki+Polskiej+i+Wsp%C3%B3lne+%C5%9Apiewanie%26%238221%3B+w+sali+koncertowej+POSM\" data-nid=\"2\" data-name=\"\" data-pid=\"1\" data-post-id=\"8273\" data-url=\"http:\/\/powstaniewielkopolskie.pl\/nowa\/wp-admin\/admin-ajax.php\" data-url=\"http:\/\/powstaniewielkopolskie.pl\/nowa\/wp-admin\/admin-ajax.php\" data-description=\"\u201eKoncert Muzyki Polskiej i Wsp\u00f3lne \u015apiewanie\\\" w sali koncertowej POSM\" rel=\"nofollow\"><i class=\"fa fa-fw fa-twitter\"><\/i><div class=\"counter-wrap standard\"><span class=\"counter\">0<\/span><\/div><\/a><a class=\"social-sharing-button sharer-flat sharer-flat-2 counter-standard googleplus\" target=\"_blank\" title=\"Google+\" href=\"https:\/\/plus.google.com\/share?url=http%3A%2F%2Fpowstaniewielkopolskie.pl%2Fnowa%2F%3Fp%3D8273\" data-nid=\"3\" data-name=\"\" data-pid=\"1\" data-post-id=\"8273\" data-url=\"http:\/\/powstaniewielkopolskie.pl\/nowa\/wp-admin\/admin-ajax.php\" data-url=\"http:\/\/powstaniewielkopolskie.pl\/nowa\/wp-admin\/admin-ajax.php\" data-description=\"\u201eKoncert Muzyki Polskiej i Wsp\u00f3lne \u015apiewanie\\\" w sali koncertowej POSM\" rel=\"nofollow\"><i class=\"fa fa-fw fa-google-plus\"><\/i><div class=\"counter-wrap standard\"><span class=\"counter\">1<\/span><\/div><\/a><\/div>","protected":false},"excerpt":{"rendered":"<p>18 listopada 2023 r. &#8211; w sali koncertowej POSM I i II stopnia w Poznaniu przy ul. Solnej 12 odby\u0142 si\u0119, ju\u017c po raz pi\u0105ty,\u00a0Koncert Muzyki Polskiej i Wsp\u00f3lne \u015apiewanie. Organizatorami byli:<a class=\"moretag\" href=\"http:\/\/powstaniewielkopolskie.pl\/nowa\/?p=8273\">Czytaj wi\u0119cej&#8230;<\/a><\/p>\n<div data-animation=\"pulse\" data-icons-animation=\"no-animation\" data-overlay=\"on\" data-change-size=\"\" data-button-size=\"0.7\" style=\"font-size:0.7em;display:none;\" class=\"supsystic-social-sharing supsystic-social-sharing-package-flat supsystic-social-sharing-hide-on-homepage supsystic-social-sharing-content supsystic-social-sharing-content-align-center\" data-text=\"\"><a class=\"social-sharing-button sharer-flat sharer-flat-2 counter-standard digg\" target=\"_blank\" title=\"Digg\" href=\"http:\/\/digg.com\/submit?url=http%3A%2F%2Fpowstaniewielkopolskie.pl%2Fnowa%2F%3Fp%3D8273&title=%E2%80%9EKoncert+Muzyki+Polskiej+i+Wsp%C3%B3lne+%C5%9Apiewanie%26%238221%3B+w+sali+koncertowej+POSM\" data-nid=\"8\" data-name=\"\" data-pid=\"1\" data-post-id=\"8273\" data-url=\"http:\/\/powstaniewielkopolskie.pl\/nowa\/wp-admin\/admin-ajax.php\" data-url=\"http:\/\/powstaniewielkopolskie.pl\/nowa\/wp-admin\/admin-ajax.php\" data-description=\"\u201eKoncert Muzyki Polskiej i Wsp\u00f3lne \u015apiewanie\\\" w sali koncertowej POSM\" rel=\"nofollow\"><i class=\"fa fa-fw fa-digg\"><\/i><div class=\"counter-wrap standard\"><span class=\"counter\">0<\/span><\/div><\/a><a class=\"social-sharing-button sharer-flat sharer-flat-2 counter-standard mail\" target=\"_blank\" title=\"Mail\" href=\"#\" data-nid=\"16\" data-name=\"\" data-pid=\"1\" data-post-id=\"8273\" data-url=\"http:\/\/powstaniewielkopolskie.pl\/nowa\/wp-admin\/admin-ajax.php\" data-url=\"http:\/\/powstaniewielkopolskie.pl\/nowa\/wp-admin\/admin-ajax.php\" data-description=\"\u201eKoncert Muzyki Polskiej i Wsp\u00f3lne \u015apiewanie\\\" w sali koncertowej POSM\" rel=\"nofollow\"><i class=\"fa fa-fw fa-envelope-o\"><\/i><div class=\"counter-wrap standard\"><span class=\"counter\">0<\/span><\/div><\/a><a class=\"social-sharing-button sharer-flat sharer-flat-2 counter-standard facebook\" target=\"_blank\" title=\"Facebook\" href=\"http:\/\/www.facebook.com\/sharer.php?u=http%3A%2F%2Fpowstaniewielkopolskie.pl%2Fnowa%2F%3Fp%3D8273\" data-nid=\"1\" data-name=\"\" data-pid=\"1\" data-post-id=\"8273\" data-url=\"http:\/\/powstaniewielkopolskie.pl\/nowa\/wp-admin\/admin-ajax.php\" data-url=\"http:\/\/powstaniewielkopolskie.pl\/nowa\/wp-admin\/admin-ajax.php\" data-description=\"\u201eKoncert Muzyki Polskiej i Wsp\u00f3lne \u015apiewanie\\\" w sali koncertowej POSM\" rel=\"nofollow\"><i class=\"fa fa-fw fa-facebook\"><\/i><div class=\"counter-wrap standard\"><span class=\"counter\">0<\/span><\/div><\/a><a class=\"social-sharing-button sharer-flat sharer-flat-2 counter-standard whatsapp\" target=\"_blank\" title=\"WhatsApp\" href=\"whatsapp:\/\/send?text=http%3A%2F%2Fpowstaniewielkopolskie.pl%2Fnowa%2F%3Fp%3D8273\" data-nid=\"18\" data-name=\"\" data-pid=\"1\" data-post-id=\"8273\" data-url=\"http:\/\/powstaniewielkopolskie.pl\/nowa\/wp-admin\/admin-ajax.php\" data-url=\"http:\/\/powstaniewielkopolskie.pl\/nowa\/wp-admin\/admin-ajax.php\" data-description=\"\u201eKoncert Muzyki Polskiej i Wsp\u00f3lne \u015apiewanie\\\" w sali koncertowej POSM\" rel=\"nofollow\"><i class=\"fa fa-fw fa-whatsapp\"><\/i><div class=\"counter-wrap standard\"><span class=\"counter\">0<\/span><\/div><\/a><a class=\"social-sharing-button sharer-flat sharer-flat-2 counter-standard twitter\" target=\"_blank\" title=\"Twitter\" href=\"https:\/\/twitter.com\/share?url=http%3A%2F%2Fpowstaniewielkopolskie.pl%2Fnowa%2F%3Fp%3D8273&text=%E2%80%9EKoncert+Muzyki+Polskiej+i+Wsp%C3%B3lne+%C5%9Apiewanie%26%238221%3B+w+sali+koncertowej+POSM\" data-nid=\"2\" data-name=\"\" data-pid=\"1\" data-post-id=\"8273\" data-url=\"http:\/\/powstaniewielkopolskie.pl\/nowa\/wp-admin\/admin-ajax.php\" data-url=\"http:\/\/powstaniewielkopolskie.pl\/nowa\/wp-admin\/admin-ajax.php\" data-description=\"\u201eKoncert Muzyki Polskiej i Wsp\u00f3lne \u015apiewanie\\\" w sali koncertowej POSM\" rel=\"nofollow\"><i class=\"fa fa-fw fa-twitter\"><\/i><div class=\"counter-wrap standard\"><span class=\"counter\">0<\/span><\/div><\/a><a class=\"social-sharing-button sharer-flat sharer-flat-2 counter-standard googleplus\" target=\"_blank\" title=\"Google+\" href=\"https:\/\/plus.google.com\/share?url=http%3A%2F%2Fpowstaniewielkopolskie.pl%2Fnowa%2F%3Fp%3D8273\" data-nid=\"3\" data-name=\"\" data-pid=\"1\" data-post-id=\"8273\" data-url=\"http:\/\/powstaniewielkopolskie.pl\/nowa\/wp-admin\/admin-ajax.php\" data-url=\"http:\/\/powstaniewielkopolskie.pl\/nowa\/wp-admin\/admin-ajax.php\" data-description=\"\u201eKoncert Muzyki Polskiej i Wsp\u00f3lne \u015apiewanie\\\" w sali koncertowej POSM\" rel=\"nofollow\"><i class=\"fa fa-fw fa-google-plus\"><\/i><div class=\"counter-wrap standard\"><span class=\"counter\">1<\/span><\/div><\/a><\/div>","protected":false},"author":4,"featured_media":8274,"comment_status":"closed","ping_status":"open","sticky":false,"template":"","format":"standard","meta":{"footnotes":""},"categories":[3],"tags":[],"_links":{"self":[{"href":"http:\/\/powstaniewielkopolskie.pl\/nowa\/index.php?rest_route=\/wp\/v2\/posts\/8273"}],"collection":[{"href":"http:\/\/powstaniewielkopolskie.pl\/nowa\/index.php?rest_route=\/wp\/v2\/posts"}],"about":[{"href":"http:\/\/powstaniewielkopolskie.pl\/nowa\/index.php?rest_route=\/wp\/v2\/types\/post"}],"author":[{"embeddable":true,"href":"http:\/\/powstaniewielkopolskie.pl\/nowa\/index.php?rest_route=\/wp\/v2\/users\/4"}],"replies":[{"embeddable":true,"href":"http:\/\/powstaniewielkopolskie.pl\/nowa\/index.php?rest_route=%2Fwp%2Fv2%2Fcomments&post=8273"}],"version-history":[{"count":4,"href":"http:\/\/powstaniewielkopolskie.pl\/nowa\/index.php?rest_route=\/wp\/v2\/posts\/8273\/revisions"}],"predecessor-version":[{"id":8281,"href":"http:\/\/powstaniewielkopolskie.pl\/nowa\/index.php?rest_route=\/wp\/v2\/posts\/8273\/revisions\/8281"}],"wp:featuredmedia":[{"embeddable":true,"href":"http:\/\/powstaniewielkopolskie.pl\/nowa\/index.php?rest_route=\/wp\/v2\/media\/8274"}],"wp:attachment":[{"href":"http:\/\/powstaniewielkopolskie.pl\/nowa\/index.php?rest_route=%2Fwp%2Fv2%2Fmedia&parent=8273"}],"wp:term":[{"taxonomy":"category","embeddable":true,"href":"http:\/\/powstaniewielkopolskie.pl\/nowa\/index.php?rest_route=%2Fwp%2Fv2%2Fcategories&post=8273"},{"taxonomy":"post_tag","embeddable":true,"href":"http:\/\/powstaniewielkopolskie.pl\/nowa\/index.php?rest_route=%2Fwp%2Fv2%2Ftags&post=8273"}],"curies":[{"name":"wp","href":"https:\/\/api.w.org\/{rel}","templated":true}]}}