{"id":7761,"date":"2023-04-21T13:55:30","date_gmt":"2023-04-21T11:55:30","guid":{"rendered":"http:\/\/powstaniewielkopolskie.pl\/nowa\/?p=7761"},"modified":"2023-04-21T17:28:21","modified_gmt":"2023-04-21T15:28:21","slug":"uroczyste-zakonczenie-konkursu-dzieci-o-powstaniu-wielkopolskim","status":"publish","type":"post","link":"http:\/\/powstaniewielkopolskie.pl\/nowa\/?p=7761","title":{"rendered":"Uroczyste zako\u0144czenie konkursu \u201eDzieci o Powstaniu Wielkopolskim&#8221;"},"content":{"rendered":"<p align=\"CENTER\"><span style=\"font-size: xx-large;\">Uroczyste zako\u0144czenie i wr\u0119czenie nagr\u00f3d<br \/>\nw Wojew\u00f3dzkim Konkursie Plastycznym<br \/>\n\u201eDzieci o Powstaniu\u00a0 Wielkopolskim\u201d<br \/>\nodb\u0119dzie si\u0119 <\/span><\/p>\n<p align=\"CENTER\"><span style=\"font-size: xx-large;\"><strong>12 maja 2023 roku, o godzinie 12.00,<\/strong><br \/>\n<strong>w Muzeum Powstania Wielkopolskiego, <\/strong><br \/>\n<strong>Pozna\u0144, Stary Rynek 3 . <\/strong><\/span><\/p>\n<p align=\"CENTER\"><span style=\"font-size: xx-large;\">Gratulujemy laureatom i dzi\u0119kujemy<br \/>\nwszystkim uczestnikom za udzia\u0142 w Konkursie.<\/span>t<\/p>\n<p align=\"CENTER\"><span style=\"font-size: xx-large;\">Organizatorzy<\/span><\/p>\n<p align=\"CENTER\"><img loading=\"lazy\" decoding=\"async\" class=\"alignnone size-medium wp-image-7773\" src=\"http:\/\/powstaniewielkopolskie.pl\/nowa\/wp-content\/uploads\/2023\/04\/logo-bezpieczny-obszar-2-300x91.png\" alt=\"logo bezpieczny obszar-2\" width=\"300\" height=\"91\" srcset=\"http:\/\/powstaniewielkopolskie.pl\/nowa\/wp-content\/uploads\/2023\/04\/logo-bezpieczny-obszar-2-300x91.png 300w, http:\/\/powstaniewielkopolskie.pl\/nowa\/wp-content\/uploads\/2023\/04\/logo-bezpieczny-obszar-2-768x234.png 768w, http:\/\/powstaniewielkopolskie.pl\/nowa\/wp-content\/uploads\/2023\/04\/logo-bezpieczny-obszar-2-1400x427.png 1400w, http:\/\/powstaniewielkopolskie.pl\/nowa\/wp-content\/uploads\/2023\/04\/logo-bezpieczny-obszar-2.png 1500w\" sizes=\"(max-width: 300px) 100vw, 300px\" \/><img loading=\"lazy\" decoding=\"async\" class=\"size-medium wp-image-7770 alignnone\" src=\"http:\/\/powstaniewielkopolskie.pl\/nowa\/wp-content\/uploads\/2023\/04\/TPPW_Logotyp-300x69.jpg\" alt=\"TPPW_Logotyp\" width=\"300\" height=\"69\" srcset=\"http:\/\/powstaniewielkopolskie.pl\/nowa\/wp-content\/uploads\/2023\/04\/TPPW_Logotyp-300x69.jpg 300w, http:\/\/powstaniewielkopolskie.pl\/nowa\/wp-content\/uploads\/2023\/04\/TPPW_Logotyp-768x178.jpg 768w, http:\/\/powstaniewielkopolskie.pl\/nowa\/wp-content\/uploads\/2023\/04\/TPPW_Logotyp-1400x324.jpg 1400w\" sizes=\"(max-width: 300px) 100vw, 300px\" \/><\/p>\n<div data-animation=\"pulse\" data-icons-animation=\"no-animation\" data-overlay=\"on\" data-change-size=\"\" data-button-size=\"0.7\" style=\"font-size:0.7em;display:none;\" class=\"supsystic-social-sharing supsystic-social-sharing-package-flat supsystic-social-sharing-hide-on-homepage supsystic-social-sharing-content supsystic-social-sharing-content-align-center\" data-text=\"\"><a class=\"social-sharing-button sharer-flat sharer-flat-2 counter-standard digg\" target=\"_blank\" title=\"Digg\" href=\"http:\/\/digg.com\/submit?url=http%3A%2F%2Fpowstaniewielkopolskie.pl%2Fnowa%2F%3Fp%3D7761&title=Uroczyste+zako%C5%84czenie+konkursu+%E2%80%9EDzieci+o+Powstaniu+Wielkopolskim%26%238221%3B\" data-nid=\"8\" data-name=\"\" data-pid=\"1\" data-post-id=\"7761\" data-url=\"http:\/\/powstaniewielkopolskie.pl\/nowa\/wp-admin\/admin-ajax.php\" data-url=\"http:\/\/powstaniewielkopolskie.pl\/nowa\/wp-admin\/admin-ajax.php\" data-description=\"Uroczyste zako\u0144czenie konkursu \u201eDzieci o Powstaniu Wielkopolskim\\\"\" rel=\"nofollow\"><i class=\"fa fa-fw fa-digg\"><\/i><div class=\"counter-wrap standard\"><span class=\"counter\">0<\/span><\/div><\/a><a class=\"social-sharing-button sharer-flat sharer-flat-2 counter-standard mail\" target=\"_blank\" title=\"Mail\" href=\"#\" data-nid=\"16\" data-name=\"\" data-pid=\"1\" data-post-id=\"7761\" data-url=\"http:\/\/powstaniewielkopolskie.pl\/nowa\/wp-admin\/admin-ajax.php\" data-url=\"http:\/\/powstaniewielkopolskie.pl\/nowa\/wp-admin\/admin-ajax.php\" data-description=\"Uroczyste zako\u0144czenie konkursu \u201eDzieci o Powstaniu Wielkopolskim\\\"\" rel=\"nofollow\"><i class=\"fa fa-fw fa-envelope-o\"><\/i><div class=\"counter-wrap standard\"><span class=\"counter\">0<\/span><\/div><\/a><a class=\"social-sharing-button sharer-flat sharer-flat-2 counter-standard facebook\" target=\"_blank\" title=\"Facebook\" href=\"http:\/\/www.facebook.com\/sharer.php?u=http%3A%2F%2Fpowstaniewielkopolskie.pl%2Fnowa%2F%3Fp%3D7761\" data-nid=\"1\" data-name=\"\" data-pid=\"1\" data-post-id=\"7761\" data-url=\"http:\/\/powstaniewielkopolskie.pl\/nowa\/wp-admin\/admin-ajax.php\" data-url=\"http:\/\/powstaniewielkopolskie.pl\/nowa\/wp-admin\/admin-ajax.php\" data-description=\"Uroczyste zako\u0144czenie konkursu \u201eDzieci o Powstaniu Wielkopolskim\\\"\" rel=\"nofollow\"><i class=\"fa fa-fw fa-facebook\"><\/i><div class=\"counter-wrap standard\"><span class=\"counter\">1<\/span><\/div><\/a><a class=\"social-sharing-button sharer-flat sharer-flat-2 counter-standard whatsapp\" target=\"_blank\" title=\"WhatsApp\" href=\"whatsapp:\/\/send?text=http%3A%2F%2Fpowstaniewielkopolskie.pl%2Fnowa%2F%3Fp%3D7761\" data-nid=\"18\" data-name=\"\" data-pid=\"1\" data-post-id=\"7761\" data-url=\"http:\/\/powstaniewielkopolskie.pl\/nowa\/wp-admin\/admin-ajax.php\" data-url=\"http:\/\/powstaniewielkopolskie.pl\/nowa\/wp-admin\/admin-ajax.php\" data-description=\"Uroczyste zako\u0144czenie konkursu \u201eDzieci o Powstaniu Wielkopolskim\\\"\" rel=\"nofollow\"><i class=\"fa fa-fw fa-whatsapp\"><\/i><div class=\"counter-wrap standard\"><span class=\"counter\">0<\/span><\/div><\/a><a class=\"social-sharing-button sharer-flat sharer-flat-2 counter-standard twitter\" target=\"_blank\" title=\"Twitter\" href=\"https:\/\/twitter.com\/share?url=http%3A%2F%2Fpowstaniewielkopolskie.pl%2Fnowa%2F%3Fp%3D7761&text=Uroczyste+zako%C5%84czenie+konkursu+%E2%80%9EDzieci+o+Powstaniu+Wielkopolskim%26%238221%3B\" data-nid=\"2\" data-name=\"\" data-pid=\"1\" data-post-id=\"7761\" data-url=\"http:\/\/powstaniewielkopolskie.pl\/nowa\/wp-admin\/admin-ajax.php\" data-url=\"http:\/\/powstaniewielkopolskie.pl\/nowa\/wp-admin\/admin-ajax.php\" data-description=\"Uroczyste zako\u0144czenie konkursu \u201eDzieci o Powstaniu Wielkopolskim\\\"\" rel=\"nofollow\"><i class=\"fa fa-fw fa-twitter\"><\/i><div class=\"counter-wrap standard\"><span class=\"counter\">0<\/span><\/div><\/a><a class=\"social-sharing-button sharer-flat sharer-flat-2 counter-standard googleplus\" target=\"_blank\" title=\"Google+\" href=\"https:\/\/plus.google.com\/share?url=http%3A%2F%2Fpowstaniewielkopolskie.pl%2Fnowa%2F%3Fp%3D7761\" data-nid=\"3\" data-name=\"\" data-pid=\"1\" data-post-id=\"7761\" data-url=\"http:\/\/powstaniewielkopolskie.pl\/nowa\/wp-admin\/admin-ajax.php\" data-url=\"http:\/\/powstaniewielkopolskie.pl\/nowa\/wp-admin\/admin-ajax.php\" data-description=\"Uroczyste zako\u0144czenie konkursu \u201eDzieci o Powstaniu Wielkopolskim\\\"\" rel=\"nofollow\"><i class=\"fa fa-fw fa-google-plus\"><\/i><div class=\"counter-wrap standard\"><span class=\"counter\">0<\/span><\/div><\/a><\/div>","protected":false},"excerpt":{"rendered":"<p>Uroczyste zako\u0144czenie i wr\u0119czenie nagr\u00f3d w Wojew\u00f3dzkim Konkursie Plastycznym \u201eDzieci o Powstaniu\u00a0 Wielkopolskim\u201d odb\u0119dzie si\u0119 12 maja 2023 roku, o godzinie 12.00, w Muzeum Powstania Wielkopolskiego, Pozna\u0144, Stary Rynek 3 . Gratulujemy<a class=\"moretag\" href=\"http:\/\/powstaniewielkopolskie.pl\/nowa\/?p=7761\">Czytaj wi\u0119cej&#8230;<\/a><\/p>\n<div data-animation=\"pulse\" data-icons-animation=\"no-animation\" data-overlay=\"on\" data-change-size=\"\" data-button-size=\"0.7\" style=\"font-size:0.7em;display:none;\" class=\"supsystic-social-sharing supsystic-social-sharing-package-flat supsystic-social-sharing-hide-on-homepage supsystic-social-sharing-content supsystic-social-sharing-content-align-center\" data-text=\"\"><a class=\"social-sharing-button sharer-flat sharer-flat-2 counter-standard digg\" target=\"_blank\" title=\"Digg\" href=\"http:\/\/digg.com\/submit?url=http%3A%2F%2Fpowstaniewielkopolskie.pl%2Fnowa%2F%3Fp%3D7761&title=Uroczyste+zako%C5%84czenie+konkursu+%E2%80%9EDzieci+o+Powstaniu+Wielkopolskim%26%238221%3B\" data-nid=\"8\" data-name=\"\" data-pid=\"1\" data-post-id=\"7761\" data-url=\"http:\/\/powstaniewielkopolskie.pl\/nowa\/wp-admin\/admin-ajax.php\" data-url=\"http:\/\/powstaniewielkopolskie.pl\/nowa\/wp-admin\/admin-ajax.php\" data-description=\"Uroczyste zako\u0144czenie konkursu \u201eDzieci o Powstaniu Wielkopolskim\\\"\" rel=\"nofollow\"><i class=\"fa fa-fw fa-digg\"><\/i><div class=\"counter-wrap standard\"><span class=\"counter\">0<\/span><\/div><\/a><a class=\"social-sharing-button sharer-flat sharer-flat-2 counter-standard mail\" target=\"_blank\" title=\"Mail\" href=\"#\" data-nid=\"16\" data-name=\"\" data-pid=\"1\" data-post-id=\"7761\" data-url=\"http:\/\/powstaniewielkopolskie.pl\/nowa\/wp-admin\/admin-ajax.php\" data-url=\"http:\/\/powstaniewielkopolskie.pl\/nowa\/wp-admin\/admin-ajax.php\" data-description=\"Uroczyste zako\u0144czenie konkursu \u201eDzieci o Powstaniu Wielkopolskim\\\"\" rel=\"nofollow\"><i class=\"fa fa-fw fa-envelope-o\"><\/i><div class=\"counter-wrap standard\"><span class=\"counter\">0<\/span><\/div><\/a><a class=\"social-sharing-button sharer-flat sharer-flat-2 counter-standard facebook\" target=\"_blank\" title=\"Facebook\" href=\"http:\/\/www.facebook.com\/sharer.php?u=http%3A%2F%2Fpowstaniewielkopolskie.pl%2Fnowa%2F%3Fp%3D7761\" data-nid=\"1\" data-name=\"\" data-pid=\"1\" data-post-id=\"7761\" data-url=\"http:\/\/powstaniewielkopolskie.pl\/nowa\/wp-admin\/admin-ajax.php\" data-url=\"http:\/\/powstaniewielkopolskie.pl\/nowa\/wp-admin\/admin-ajax.php\" data-description=\"Uroczyste zako\u0144czenie konkursu \u201eDzieci o Powstaniu Wielkopolskim\\\"\" rel=\"nofollow\"><i class=\"fa fa-fw fa-facebook\"><\/i><div class=\"counter-wrap standard\"><span class=\"counter\">1<\/span><\/div><\/a><a class=\"social-sharing-button sharer-flat sharer-flat-2 counter-standard whatsapp\" target=\"_blank\" title=\"WhatsApp\" href=\"whatsapp:\/\/send?text=http%3A%2F%2Fpowstaniewielkopolskie.pl%2Fnowa%2F%3Fp%3D7761\" data-nid=\"18\" data-name=\"\" data-pid=\"1\" data-post-id=\"7761\" data-url=\"http:\/\/powstaniewielkopolskie.pl\/nowa\/wp-admin\/admin-ajax.php\" data-url=\"http:\/\/powstaniewielkopolskie.pl\/nowa\/wp-admin\/admin-ajax.php\" data-description=\"Uroczyste zako\u0144czenie konkursu \u201eDzieci o Powstaniu Wielkopolskim\\\"\" rel=\"nofollow\"><i class=\"fa fa-fw fa-whatsapp\"><\/i><div class=\"counter-wrap standard\"><span class=\"counter\">0<\/span><\/div><\/a><a class=\"social-sharing-button sharer-flat sharer-flat-2 counter-standard twitter\" target=\"_blank\" title=\"Twitter\" href=\"https:\/\/twitter.com\/share?url=http%3A%2F%2Fpowstaniewielkopolskie.pl%2Fnowa%2F%3Fp%3D7761&text=Uroczyste+zako%C5%84czenie+konkursu+%E2%80%9EDzieci+o+Powstaniu+Wielkopolskim%26%238221%3B\" data-nid=\"2\" data-name=\"\" data-pid=\"1\" data-post-id=\"7761\" data-url=\"http:\/\/powstaniewielkopolskie.pl\/nowa\/wp-admin\/admin-ajax.php\" data-url=\"http:\/\/powstaniewielkopolskie.pl\/nowa\/wp-admin\/admin-ajax.php\" data-description=\"Uroczyste zako\u0144czenie konkursu \u201eDzieci o Powstaniu Wielkopolskim\\\"\" rel=\"nofollow\"><i class=\"fa fa-fw fa-twitter\"><\/i><div class=\"counter-wrap standard\"><span class=\"counter\">0<\/span><\/div><\/a><a class=\"social-sharing-button sharer-flat sharer-flat-2 counter-standard googleplus\" target=\"_blank\" title=\"Google+\" href=\"https:\/\/plus.google.com\/share?url=http%3A%2F%2Fpowstaniewielkopolskie.pl%2Fnowa%2F%3Fp%3D7761\" data-nid=\"3\" data-name=\"\" data-pid=\"1\" data-post-id=\"7761\" data-url=\"http:\/\/powstaniewielkopolskie.pl\/nowa\/wp-admin\/admin-ajax.php\" data-url=\"http:\/\/powstaniewielkopolskie.pl\/nowa\/wp-admin\/admin-ajax.php\" data-description=\"Uroczyste zako\u0144czenie konkursu \u201eDzieci o Powstaniu Wielkopolskim\\\"\" rel=\"nofollow\"><i class=\"fa fa-fw fa-google-plus\"><\/i><div class=\"counter-wrap standard\"><span class=\"counter\">0<\/span><\/div><\/a><\/div>","protected":false},"author":4,"featured_media":0,"comment_status":"closed","ping_status":"open","sticky":false,"template":"","format":"standard","meta":{"footnotes":""},"categories":[7,8],"tags":[],"_links":{"self":[{"href":"http:\/\/powstaniewielkopolskie.pl\/nowa\/index.php?rest_route=\/wp\/v2\/posts\/7761"}],"collection":[{"href":"http:\/\/powstaniewielkopolskie.pl\/nowa\/index.php?rest_route=\/wp\/v2\/posts"}],"about":[{"href":"http:\/\/powstaniewielkopolskie.pl\/nowa\/index.php?rest_route=\/wp\/v2\/types\/post"}],"author":[{"embeddable":true,"href":"http:\/\/powstaniewielkopolskie.pl\/nowa\/index.php?rest_route=\/wp\/v2\/users\/4"}],"replies":[{"embeddable":true,"href":"http:\/\/powstaniewielkopolskie.pl\/nowa\/index.php?rest_route=%2Fwp%2Fv2%2Fcomments&post=7761"}],"version-history":[{"count":9,"href":"http:\/\/powstaniewielkopolskie.pl\/nowa\/index.php?rest_route=\/wp\/v2\/posts\/7761\/revisions"}],"predecessor-version":[{"id":7774,"href":"http:\/\/powstaniewielkopolskie.pl\/nowa\/index.php?rest_route=\/wp\/v2\/posts\/7761\/revisions\/7774"}],"wp:attachment":[{"href":"http:\/\/powstaniewielkopolskie.pl\/nowa\/index.php?rest_route=%2Fwp%2Fv2%2Fmedia&parent=7761"}],"wp:term":[{"taxonomy":"category","embeddable":true,"href":"http:\/\/powstaniewielkopolskie.pl\/nowa\/index.php?rest_route=%2Fwp%2Fv2%2Fcategories&post=7761"},{"taxonomy":"post_tag","embeddable":true,"href":"http:\/\/powstaniewielkopolskie.pl\/nowa\/index.php?rest_route=%2Fwp%2Fv2%2Ftags&post=7761"}],"curies":[{"name":"wp","href":"https:\/\/api.w.org\/{rel}","templated":true}]}}