{"id":7753,"date":"2023-04-19T19:55:42","date_gmt":"2023-04-19T17:55:42","guid":{"rendered":"http:\/\/powstaniewielkopolskie.pl\/nowa\/?p=7753"},"modified":"2023-04-19T19:55:42","modified_gmt":"2023-04-19T17:55:42","slug":"zaproszenie-na-spotkanie-w-muzeum-powstania-wielkopolskiego","status":"publish","type":"post","link":"http:\/\/powstaniewielkopolskie.pl\/nowa\/?p=7753","title":{"rendered":"Zaproszenie na spotkanie w Muzeum Powstania Wielkopolskiego"},"content":{"rendered":"<p align=\"CENTER\"><img loading=\"lazy\" decoding=\"async\" class=\"alignnone wp-image-7756\" src=\"http:\/\/powstaniewielkopolskie.pl\/nowa\/wp-content\/uploads\/2023\/04\/Florian-Dzi\u0119cio\u0142-po\u015brodku-najwi\u0119kszy-z-powsta\u0144c\u00f3w-300x171.jpg\" alt=\"Florian Dzi\u0119cio\u0142 po\u015brodku najwi\u0119kszy z powsta\u0144c\u00f3w\" width=\"812\" height=\"463\" srcset=\"http:\/\/powstaniewielkopolskie.pl\/nowa\/wp-content\/uploads\/2023\/04\/Florian-Dzi\u0119cio\u0142-po\u015brodku-najwi\u0119kszy-z-powsta\u0144c\u00f3w-300x171.jpg 300w, http:\/\/powstaniewielkopolskie.pl\/nowa\/wp-content\/uploads\/2023\/04\/Florian-Dzi\u0119cio\u0142-po\u015brodku-najwi\u0119kszy-z-powsta\u0144c\u00f3w-768x438.jpg 768w, http:\/\/powstaniewielkopolskie.pl\/nowa\/wp-content\/uploads\/2023\/04\/Florian-Dzi\u0119cio\u0142-po\u015brodku-najwi\u0119kszy-z-powsta\u0144c\u00f3w.jpg 1184w\" sizes=\"(max-width: 812px) 100vw, 812px\" \/><\/p>\n<p align=\"CENTER\"><strong><span style=\"font-size: large; color: #000000;\">Jak przekazywa\u0107 w rodzinie pami\u0119\u0107 o przodkach? <\/span><\/strong><\/p>\n<p align=\"CENTER\"><span style=\"color: #000000;\"><span style=\"font-size: large;\">Zapraszamy do Muzeum Powstania Wielkopolskiego 1918 &#8211; 1919,<br \/>\n<\/span><span style=\"font-size: large;\">oddzia\u0142 WMN<br \/>\n<\/span><span style=\"font-size: large;\">na spotkanie z Tomaszem Jazdonem, wnukiem Floriana Dzi\u0119cio\u0142a, powsta\u0144ca wielkopolskiego 1918-1919, uczestnika wojny polsko-bolszewickiej 1920-1921 i \u017co\u0142nierza wrze\u015bnia 1939 roku.<br \/>\n<\/span><span style=\"font-size: large;\">W jego rodzinie z pokolenia na pokolenie przekazuje si\u0119 \u015bwiadectwo pami\u0119ci\u00a0<\/span><span style=\"font-size: large;\">o dziadku-bohaterze i liczne pami\u0105tki, kt\u00f3re po sobie zostawi\u0142.<\/span><\/span><\/p>\n<p align=\"CENTER\"><span style=\"font-size: large; color: #000000;\"><b>26 kwietnia (\u015broda) 2023 r. o godz. 16.30<\/b><\/span><\/p>\n<p align=\"CENTER\"><span style=\"font-size: large; color: #000000;\"><b>Spotkanie z Tomaszem Jazdonem <\/b><\/span><\/p>\n<p align=\"CENTER\"><span style=\"font-size: large; color: #000000;\"><b>w cyklu: Historia w Odwachu<\/b><\/span><\/p>\n<p align=\"CENTER\"><img loading=\"lazy\" decoding=\"async\" class=\"alignnone wp-image-7758\" src=\"http:\/\/powstaniewielkopolskie.pl\/nowa\/wp-content\/uploads\/2023\/04\/Florian-Dzi\u0119cio\u0142-z-brod\u0105--193x300.jpg\" alt=\"Florian Dzi\u0119cio\u0142 ( z brod\u0105 )\" width=\"352\" height=\"547\" srcset=\"http:\/\/powstaniewielkopolskie.pl\/nowa\/wp-content\/uploads\/2023\/04\/Florian-Dzi\u0119cio\u0142-z-brod\u0105--193x300.jpg 193w, http:\/\/powstaniewielkopolskie.pl\/nowa\/wp-content\/uploads\/2023\/04\/Florian-Dzi\u0119cio\u0142-z-brod\u0105-.jpg 558w\" sizes=\"(max-width: 352px) 100vw, 352px\" \/><\/p>\n<p align=\"CENTER\"><strong><span style=\"font-size: large; color: #000000;\">N\u026a\u1d07 \u0280\u1d22\u1d1c\u1d04\u026a\u1d0d \u1d22\u026a\u1d07\u1d0d\u026a s\u1d0b\u1d00\u0328\u1d05 \u0274\u1d00s\u1d22 \u0280\u1d0f\u0301\u1d05 &#8211; \u1d21s\u1d18\u1d0f\u1d0d\u0274\u026a\u1d07\u0274\u026a\u1d00 F\u029f\u1d0f\u0280\u026a\u1d00\u0274\u1d00 D\u1d22\u026a\u1d07\u0328\u1d04\u026a\u1d0f\u0142\u1d00<br \/>\n\u1d22 P\u1d0f\u1d21s\u1d1b\u1d00\u0274\u026a\u1d00 W\u026a\u1d07\u029f\u1d0b\u1d0f\u1d18\u1d0f\u029fs\u1d0b\u026a\u1d07\u0262\u1d0f 1918-1919 <\/span><\/strong><\/p>\n<p align=\"CENTER\"><span style=\"font-size: large; color: #000000;\"><b>Muzeum Powstania Wielkopolskiego 1918-1919<br \/>\n(Odwach) Pozna\u0144, Stary Rynek 3 <\/b><\/span><\/p>\n<p align=\"CENTER\"><span style=\"font-size: large; color: #000000;\">Wst\u0119p wolny<\/span><\/p>\n<p align=\"CENTER\"><span style=\"font-size: large; color: #000000;\">Organizatorzy:<br \/>\n<\/span><span style=\"color: #000000; font-size: large;\">MUZEUM POWSTANIA WIELKOPOLSKIEGO 1918-1919<br \/>\n<\/span><span style=\"color: #000000; font-size: large;\">TOWARZYSTWO PAMI\u0118CI POWSTANIA WIELKOPOLSKIEGO 1918-1919<\/span><\/p>\n<p align=\"CENTER\"><span style=\"color: #000000;\"><span style=\"font-family: inherit;\"><span style=\"font-size: medium;\">Historyczne fotografie: Ze zbior\u00f3w Zdzis\u0142awa Ko\u015bcia\u0144skiego<\/span><\/span><\/span><\/p>\n<div data-animation=\"pulse\" data-icons-animation=\"no-animation\" data-overlay=\"on\" data-change-size=\"\" data-button-size=\"0.7\" style=\"font-size:0.7em;display:none;\" class=\"supsystic-social-sharing supsystic-social-sharing-package-flat supsystic-social-sharing-hide-on-homepage supsystic-social-sharing-content supsystic-social-sharing-content-align-center\" data-text=\"\"><a class=\"social-sharing-button sharer-flat sharer-flat-2 counter-standard digg\" target=\"_blank\" title=\"Digg\" href=\"http:\/\/digg.com\/submit?url=http%3A%2F%2Fpowstaniewielkopolskie.pl%2Fnowa%2F%3Fp%3D7753&title=Zaproszenie+na+spotkanie+w+Muzeum+Powstania+Wielkopolskiego\" data-nid=\"8\" data-name=\"\" data-pid=\"1\" data-post-id=\"7753\" data-url=\"http:\/\/powstaniewielkopolskie.pl\/nowa\/wp-admin\/admin-ajax.php\" data-url=\"http:\/\/powstaniewielkopolskie.pl\/nowa\/wp-admin\/admin-ajax.php\" data-description=\"Zaproszenie na spotkanie w Muzeum Powstania Wielkopolskiego\" rel=\"nofollow\"><i class=\"fa fa-fw fa-digg\"><\/i><div class=\"counter-wrap standard\"><span class=\"counter\">0<\/span><\/div><\/a><a class=\"social-sharing-button sharer-flat sharer-flat-2 counter-standard mail\" target=\"_blank\" title=\"Mail\" href=\"#\" data-nid=\"16\" data-name=\"\" data-pid=\"1\" data-post-id=\"7753\" data-url=\"http:\/\/powstaniewielkopolskie.pl\/nowa\/wp-admin\/admin-ajax.php\" data-url=\"http:\/\/powstaniewielkopolskie.pl\/nowa\/wp-admin\/admin-ajax.php\" data-description=\"Zaproszenie na spotkanie w Muzeum Powstania Wielkopolskiego\" rel=\"nofollow\"><i class=\"fa fa-fw fa-envelope-o\"><\/i><div class=\"counter-wrap standard\"><span class=\"counter\">0<\/span><\/div><\/a><a class=\"social-sharing-button sharer-flat sharer-flat-2 counter-standard facebook\" target=\"_blank\" title=\"Facebook\" href=\"http:\/\/www.facebook.com\/sharer.php?u=http%3A%2F%2Fpowstaniewielkopolskie.pl%2Fnowa%2F%3Fp%3D7753\" data-nid=\"1\" data-name=\"\" data-pid=\"1\" data-post-id=\"7753\" data-url=\"http:\/\/powstaniewielkopolskie.pl\/nowa\/wp-admin\/admin-ajax.php\" data-url=\"http:\/\/powstaniewielkopolskie.pl\/nowa\/wp-admin\/admin-ajax.php\" data-description=\"Zaproszenie na spotkanie w Muzeum Powstania Wielkopolskiego\" rel=\"nofollow\"><i class=\"fa fa-fw fa-facebook\"><\/i><div class=\"counter-wrap standard\"><span class=\"counter\">0<\/span><\/div><\/a><a class=\"social-sharing-button sharer-flat sharer-flat-2 counter-standard whatsapp\" target=\"_blank\" title=\"WhatsApp\" href=\"whatsapp:\/\/send?text=http%3A%2F%2Fpowstaniewielkopolskie.pl%2Fnowa%2F%3Fp%3D7753\" data-nid=\"18\" data-name=\"\" data-pid=\"1\" data-post-id=\"7753\" data-url=\"http:\/\/powstaniewielkopolskie.pl\/nowa\/wp-admin\/admin-ajax.php\" data-url=\"http:\/\/powstaniewielkopolskie.pl\/nowa\/wp-admin\/admin-ajax.php\" data-description=\"Zaproszenie na spotkanie w Muzeum Powstania Wielkopolskiego\" rel=\"nofollow\"><i class=\"fa fa-fw fa-whatsapp\"><\/i><div class=\"counter-wrap standard\"><span class=\"counter\">0<\/span><\/div><\/a><a class=\"social-sharing-button sharer-flat sharer-flat-2 counter-standard twitter\" target=\"_blank\" title=\"Twitter\" href=\"https:\/\/twitter.com\/share?url=http%3A%2F%2Fpowstaniewielkopolskie.pl%2Fnowa%2F%3Fp%3D7753&text=Zaproszenie+na+spotkanie+w+Muzeum+Powstania+Wielkopolskiego\" data-nid=\"2\" data-name=\"\" data-pid=\"1\" data-post-id=\"7753\" data-url=\"http:\/\/powstaniewielkopolskie.pl\/nowa\/wp-admin\/admin-ajax.php\" data-url=\"http:\/\/powstaniewielkopolskie.pl\/nowa\/wp-admin\/admin-ajax.php\" data-description=\"Zaproszenie na spotkanie w Muzeum Powstania Wielkopolskiego\" rel=\"nofollow\"><i class=\"fa fa-fw fa-twitter\"><\/i><div class=\"counter-wrap standard\"><span class=\"counter\">0<\/span><\/div><\/a><a class=\"social-sharing-button sharer-flat sharer-flat-2 counter-standard googleplus\" target=\"_blank\" title=\"Google+\" href=\"https:\/\/plus.google.com\/share?url=http%3A%2F%2Fpowstaniewielkopolskie.pl%2Fnowa%2F%3Fp%3D7753\" data-nid=\"3\" data-name=\"\" data-pid=\"1\" data-post-id=\"7753\" data-url=\"http:\/\/powstaniewielkopolskie.pl\/nowa\/wp-admin\/admin-ajax.php\" data-url=\"http:\/\/powstaniewielkopolskie.pl\/nowa\/wp-admin\/admin-ajax.php\" data-description=\"Zaproszenie na spotkanie w Muzeum Powstania Wielkopolskiego\" rel=\"nofollow\"><i class=\"fa fa-fw fa-google-plus\"><\/i><div class=\"counter-wrap standard\"><span class=\"counter\">0<\/span><\/div><\/a><\/div>","protected":false},"excerpt":{"rendered":"<p>Jak przekazywa\u0107 w rodzinie pami\u0119\u0107 o przodkach? Zapraszamy do Muzeum Powstania Wielkopolskiego 1918 &#8211; 1919, oddzia\u0142 WMN na spotkanie z Tomaszem Jazdonem, wnukiem Floriana Dzi\u0119cio\u0142a, powsta\u0144ca wielkopolskiego 1918-1919, uczestnika wojny polsko-bolszewickiej 1920-1921<a class=\"moretag\" href=\"http:\/\/powstaniewielkopolskie.pl\/nowa\/?p=7753\">Czytaj wi\u0119cej&#8230;<\/a><\/p>\n<div data-animation=\"pulse\" data-icons-animation=\"no-animation\" data-overlay=\"on\" data-change-size=\"\" data-button-size=\"0.7\" style=\"font-size:0.7em;display:none;\" class=\"supsystic-social-sharing supsystic-social-sharing-package-flat supsystic-social-sharing-hide-on-homepage supsystic-social-sharing-content supsystic-social-sharing-content-align-center\" data-text=\"\"><a class=\"social-sharing-button sharer-flat sharer-flat-2 counter-standard digg\" target=\"_blank\" title=\"Digg\" href=\"http:\/\/digg.com\/submit?url=http%3A%2F%2Fpowstaniewielkopolskie.pl%2Fnowa%2F%3Fp%3D7753&title=Zaproszenie+na+spotkanie+w+Muzeum+Powstania+Wielkopolskiego\" data-nid=\"8\" data-name=\"\" data-pid=\"1\" data-post-id=\"7753\" data-url=\"http:\/\/powstaniewielkopolskie.pl\/nowa\/wp-admin\/admin-ajax.php\" data-url=\"http:\/\/powstaniewielkopolskie.pl\/nowa\/wp-admin\/admin-ajax.php\" data-description=\"Zaproszenie na spotkanie w Muzeum Powstania Wielkopolskiego\" rel=\"nofollow\"><i class=\"fa fa-fw fa-digg\"><\/i><div class=\"counter-wrap standard\"><span class=\"counter\">0<\/span><\/div><\/a><a class=\"social-sharing-button sharer-flat sharer-flat-2 counter-standard mail\" target=\"_blank\" title=\"Mail\" href=\"#\" data-nid=\"16\" data-name=\"\" data-pid=\"1\" data-post-id=\"7753\" data-url=\"http:\/\/powstaniewielkopolskie.pl\/nowa\/wp-admin\/admin-ajax.php\" data-url=\"http:\/\/powstaniewielkopolskie.pl\/nowa\/wp-admin\/admin-ajax.php\" data-description=\"Zaproszenie na spotkanie w Muzeum Powstania Wielkopolskiego\" rel=\"nofollow\"><i class=\"fa fa-fw fa-envelope-o\"><\/i><div class=\"counter-wrap standard\"><span class=\"counter\">0<\/span><\/div><\/a><a class=\"social-sharing-button sharer-flat sharer-flat-2 counter-standard facebook\" target=\"_blank\" title=\"Facebook\" href=\"http:\/\/www.facebook.com\/sharer.php?u=http%3A%2F%2Fpowstaniewielkopolskie.pl%2Fnowa%2F%3Fp%3D7753\" data-nid=\"1\" data-name=\"\" data-pid=\"1\" data-post-id=\"7753\" data-url=\"http:\/\/powstaniewielkopolskie.pl\/nowa\/wp-admin\/admin-ajax.php\" data-url=\"http:\/\/powstaniewielkopolskie.pl\/nowa\/wp-admin\/admin-ajax.php\" data-description=\"Zaproszenie na spotkanie w Muzeum Powstania Wielkopolskiego\" rel=\"nofollow\"><i class=\"fa fa-fw fa-facebook\"><\/i><div class=\"counter-wrap standard\"><span class=\"counter\">0<\/span><\/div><\/a><a class=\"social-sharing-button sharer-flat sharer-flat-2 counter-standard whatsapp\" target=\"_blank\" title=\"WhatsApp\" href=\"whatsapp:\/\/send?text=http%3A%2F%2Fpowstaniewielkopolskie.pl%2Fnowa%2F%3Fp%3D7753\" data-nid=\"18\" data-name=\"\" data-pid=\"1\" data-post-id=\"7753\" data-url=\"http:\/\/powstaniewielkopolskie.pl\/nowa\/wp-admin\/admin-ajax.php\" data-url=\"http:\/\/powstaniewielkopolskie.pl\/nowa\/wp-admin\/admin-ajax.php\" data-description=\"Zaproszenie na spotkanie w Muzeum Powstania Wielkopolskiego\" rel=\"nofollow\"><i class=\"fa fa-fw fa-whatsapp\"><\/i><div class=\"counter-wrap standard\"><span class=\"counter\">0<\/span><\/div><\/a><a class=\"social-sharing-button sharer-flat sharer-flat-2 counter-standard twitter\" target=\"_blank\" title=\"Twitter\" href=\"https:\/\/twitter.com\/share?url=http%3A%2F%2Fpowstaniewielkopolskie.pl%2Fnowa%2F%3Fp%3D7753&text=Zaproszenie+na+spotkanie+w+Muzeum+Powstania+Wielkopolskiego\" data-nid=\"2\" data-name=\"\" data-pid=\"1\" data-post-id=\"7753\" data-url=\"http:\/\/powstaniewielkopolskie.pl\/nowa\/wp-admin\/admin-ajax.php\" data-url=\"http:\/\/powstaniewielkopolskie.pl\/nowa\/wp-admin\/admin-ajax.php\" data-description=\"Zaproszenie na spotkanie w Muzeum Powstania Wielkopolskiego\" rel=\"nofollow\"><i class=\"fa fa-fw fa-twitter\"><\/i><div class=\"counter-wrap standard\"><span class=\"counter\">0<\/span><\/div><\/a><a class=\"social-sharing-button sharer-flat sharer-flat-2 counter-standard googleplus\" target=\"_blank\" title=\"Google+\" href=\"https:\/\/plus.google.com\/share?url=http%3A%2F%2Fpowstaniewielkopolskie.pl%2Fnowa%2F%3Fp%3D7753\" data-nid=\"3\" data-name=\"\" data-pid=\"1\" data-post-id=\"7753\" data-url=\"http:\/\/powstaniewielkopolskie.pl\/nowa\/wp-admin\/admin-ajax.php\" data-url=\"http:\/\/powstaniewielkopolskie.pl\/nowa\/wp-admin\/admin-ajax.php\" data-description=\"Zaproszenie na spotkanie w Muzeum Powstania Wielkopolskiego\" rel=\"nofollow\"><i class=\"fa fa-fw fa-google-plus\"><\/i><div class=\"counter-wrap standard\"><span class=\"counter\">0<\/span><\/div><\/a><\/div>","protected":false},"author":4,"featured_media":0,"comment_status":"closed","ping_status":"open","sticky":false,"template":"","format":"standard","meta":{"footnotes":""},"categories":[7],"tags":[],"_links":{"self":[{"href":"http:\/\/powstaniewielkopolskie.pl\/nowa\/index.php?rest_route=\/wp\/v2\/posts\/7753"}],"collection":[{"href":"http:\/\/powstaniewielkopolskie.pl\/nowa\/index.php?rest_route=\/wp\/v2\/posts"}],"about":[{"href":"http:\/\/powstaniewielkopolskie.pl\/nowa\/index.php?rest_route=\/wp\/v2\/types\/post"}],"author":[{"embeddable":true,"href":"http:\/\/powstaniewielkopolskie.pl\/nowa\/index.php?rest_route=\/wp\/v2\/users\/4"}],"replies":[{"embeddable":true,"href":"http:\/\/powstaniewielkopolskie.pl\/nowa\/index.php?rest_route=%2Fwp%2Fv2%2Fcomments&post=7753"}],"version-history":[{"count":5,"href":"http:\/\/powstaniewielkopolskie.pl\/nowa\/index.php?rest_route=\/wp\/v2\/posts\/7753\/revisions"}],"predecessor-version":[{"id":7760,"href":"http:\/\/powstaniewielkopolskie.pl\/nowa\/index.php?rest_route=\/wp\/v2\/posts\/7753\/revisions\/7760"}],"wp:attachment":[{"href":"http:\/\/powstaniewielkopolskie.pl\/nowa\/index.php?rest_route=%2Fwp%2Fv2%2Fmedia&parent=7753"}],"wp:term":[{"taxonomy":"category","embeddable":true,"href":"http:\/\/powstaniewielkopolskie.pl\/nowa\/index.php?rest_route=%2Fwp%2Fv2%2Fcategories&post=7753"},{"taxonomy":"post_tag","embeddable":true,"href":"http:\/\/powstaniewielkopolskie.pl\/nowa\/index.php?rest_route=%2Fwp%2Fv2%2Ftags&post=7753"}],"curies":[{"name":"wp","href":"https:\/\/api.w.org\/{rel}","templated":true}]}}