{"id":7360,"date":"2023-01-12T22:27:11","date_gmt":"2023-01-12T21:27:11","guid":{"rendered":"http:\/\/powstaniewielkopolskie.pl\/nowa\/?p=7360"},"modified":"2023-01-12T22:27:11","modified_gmt":"2023-01-12T21:27:11","slug":"podsumowanie-obchodow-setnej-rocznicy-odzyskania-przez-polske-niepodleglosci","status":"publish","type":"post","link":"http:\/\/powstaniewielkopolskie.pl\/nowa\/?p=7360","title":{"rendered":"Podsumowanie obchod\u00f3w setnej rocznicy odzyskania przez Polsk\u0119 niepodleg\u0142o\u015bci"},"content":{"rendered":"<p><span style=\"font-size: large;\"><b>9 stycznia 2023 r.<\/b><\/span><span style=\"font-size: large;\"> &#8211; w Pa\u0142acu Prezydenckim w Warszawie odby\u0142a si\u0119 uroczysto\u015b\u0107 Polonia Rediviva wie\u0144cz\u0105ca pi\u0119cioletnie obchody setnej rocznicy odzyskania przez Polsk\u0119 niepodleg\u0142o\u015bci. W swoim wyst\u0105pieniu Prezydent RP Andrzej Duda dokona\u0142 podsumowania tych obchod\u00f3w, dzi\u0119kuj\u0105c za \u201ewszystkie wydarzenia, wszystkie uroczysto\u015bci \u2013 i te wielkie i te mniejsze i te, kt\u00f3re pozostawi\u0142y po sobie trwa\u0142y \u015blad w postaci r\u00f3\u017cnego rodzaju tablic i monument\u00f3w, i odnowionych nagrobk\u00f3w, i odnowionych miejsc. A\u017c poprzez te, kt\u00f3re pozostawiaj\u0105 swoje \u015bwiadectwo w pami\u0119ci \u2013 w tym, czego nauczyli\u015bmy si\u0119 przez te pi\u0119\u0107 lat obchod\u00f3w stulecia odzyskania niepodleg\u0142o\u015bci\u201d. Prezydent podkre\u015bli\u0142 \u201eto niezwyk\u0142e, wspania\u0142e, oddolne inicjatywy wszystkich tych, kt\u00f3rzy chcieli upami\u0119tnienia powstania wielkopolskiego i powsta\u0144c\u00f3w wielkopolskich. To wielkopolska, pozna\u0144ska inicjatywa Narodowego Dnia Zwyci\u0119skiego \u2013 jak tu twardo argumentowali \u2013 Powstania Wielkopolskiego. Domagali si\u0119, \u017ceby w tej nazwie by\u0142o \u201ezwyci\u0119skie\u201d. Wielkopolanie, poznaniacy wsz\u0119dzie zbierali podpisy. I obchodzili w ka\u017cdej najmniejszej miejscowo\u015bci kolejne rocznice\u201d. W uroczysto\u015bci uczestniczyli m.in. przedstawiciele inicjator\u00f3w Apelu do Prezydenta RP o ustanowienie dnia 27 grudnia \u015bwi\u0119tem narodowym Dnia Zwyci\u0119skiego Powstania Wielkopolskiego.<\/span><\/p>\n<div data-animation=\"pulse\" data-icons-animation=\"no-animation\" data-overlay=\"on\" data-change-size=\"\" data-button-size=\"0.7\" style=\"font-size:0.7em;display:none;\" class=\"supsystic-social-sharing supsystic-social-sharing-package-flat supsystic-social-sharing-hide-on-homepage supsystic-social-sharing-content supsystic-social-sharing-content-align-center\" data-text=\"\"><a class=\"social-sharing-button sharer-flat sharer-flat-2 counter-standard digg\" target=\"_blank\" title=\"Digg\" href=\"http:\/\/digg.com\/submit?url=http%3A%2F%2Fpowstaniewielkopolskie.pl%2Fnowa%2F%3Fp%3D7360&title=Podsumowanie+obchod%C3%B3w+setnej+rocznicy+odzyskania+przez+Polsk%C4%99+niepodleg%C5%82o%C5%9Bci\" data-nid=\"8\" data-name=\"\" data-pid=\"1\" data-post-id=\"7360\" data-url=\"http:\/\/powstaniewielkopolskie.pl\/nowa\/wp-admin\/admin-ajax.php\" data-url=\"http:\/\/powstaniewielkopolskie.pl\/nowa\/wp-admin\/admin-ajax.php\" data-description=\"Podsumowanie obchod\u00f3w setnej rocznicy odzyskania przez Polsk\u0119 niepodleg\u0142o\u015bci\" rel=\"nofollow\"><i class=\"fa fa-fw fa-digg\"><\/i><div class=\"counter-wrap standard\"><span class=\"counter\">0<\/span><\/div><\/a><a class=\"social-sharing-button sharer-flat sharer-flat-2 counter-standard mail\" target=\"_blank\" title=\"Mail\" href=\"#\" data-nid=\"16\" data-name=\"\" data-pid=\"1\" data-post-id=\"7360\" data-url=\"http:\/\/powstaniewielkopolskie.pl\/nowa\/wp-admin\/admin-ajax.php\" data-url=\"http:\/\/powstaniewielkopolskie.pl\/nowa\/wp-admin\/admin-ajax.php\" data-description=\"Podsumowanie obchod\u00f3w setnej rocznicy odzyskania przez Polsk\u0119 niepodleg\u0142o\u015bci\" rel=\"nofollow\"><i class=\"fa fa-fw fa-envelope-o\"><\/i><div class=\"counter-wrap standard\"><span class=\"counter\">0<\/span><\/div><\/a><a class=\"social-sharing-button sharer-flat sharer-flat-2 counter-standard facebook\" target=\"_blank\" title=\"Facebook\" href=\"http:\/\/www.facebook.com\/sharer.php?u=http%3A%2F%2Fpowstaniewielkopolskie.pl%2Fnowa%2F%3Fp%3D7360\" data-nid=\"1\" data-name=\"\" data-pid=\"1\" data-post-id=\"7360\" data-url=\"http:\/\/powstaniewielkopolskie.pl\/nowa\/wp-admin\/admin-ajax.php\" data-url=\"http:\/\/powstaniewielkopolskie.pl\/nowa\/wp-admin\/admin-ajax.php\" data-description=\"Podsumowanie obchod\u00f3w setnej rocznicy odzyskania przez Polsk\u0119 niepodleg\u0142o\u015bci\" rel=\"nofollow\"><i class=\"fa fa-fw fa-facebook\"><\/i><div class=\"counter-wrap standard\"><span class=\"counter\">0<\/span><\/div><\/a><a class=\"social-sharing-button sharer-flat sharer-flat-2 counter-standard whatsapp\" target=\"_blank\" title=\"WhatsApp\" href=\"whatsapp:\/\/send?text=http%3A%2F%2Fpowstaniewielkopolskie.pl%2Fnowa%2F%3Fp%3D7360\" data-nid=\"18\" data-name=\"\" data-pid=\"1\" data-post-id=\"7360\" data-url=\"http:\/\/powstaniewielkopolskie.pl\/nowa\/wp-admin\/admin-ajax.php\" data-url=\"http:\/\/powstaniewielkopolskie.pl\/nowa\/wp-admin\/admin-ajax.php\" data-description=\"Podsumowanie obchod\u00f3w setnej rocznicy odzyskania przez Polsk\u0119 niepodleg\u0142o\u015bci\" rel=\"nofollow\"><i class=\"fa fa-fw fa-whatsapp\"><\/i><div class=\"counter-wrap standard\"><span class=\"counter\">0<\/span><\/div><\/a><a class=\"social-sharing-button sharer-flat sharer-flat-2 counter-standard twitter\" target=\"_blank\" title=\"Twitter\" href=\"https:\/\/twitter.com\/share?url=http%3A%2F%2Fpowstaniewielkopolskie.pl%2Fnowa%2F%3Fp%3D7360&text=Podsumowanie+obchod%C3%B3w+setnej+rocznicy+odzyskania+przez+Polsk%C4%99+niepodleg%C5%82o%C5%9Bci\" data-nid=\"2\" data-name=\"\" data-pid=\"1\" data-post-id=\"7360\" data-url=\"http:\/\/powstaniewielkopolskie.pl\/nowa\/wp-admin\/admin-ajax.php\" data-url=\"http:\/\/powstaniewielkopolskie.pl\/nowa\/wp-admin\/admin-ajax.php\" data-description=\"Podsumowanie obchod\u00f3w setnej rocznicy odzyskania przez Polsk\u0119 niepodleg\u0142o\u015bci\" rel=\"nofollow\"><i class=\"fa fa-fw fa-twitter\"><\/i><div class=\"counter-wrap standard\"><span class=\"counter\">0<\/span><\/div><\/a><a class=\"social-sharing-button sharer-flat sharer-flat-2 counter-standard googleplus\" target=\"_blank\" title=\"Google+\" href=\"https:\/\/plus.google.com\/share?url=http%3A%2F%2Fpowstaniewielkopolskie.pl%2Fnowa%2F%3Fp%3D7360\" data-nid=\"3\" data-name=\"\" data-pid=\"1\" data-post-id=\"7360\" data-url=\"http:\/\/powstaniewielkopolskie.pl\/nowa\/wp-admin\/admin-ajax.php\" data-url=\"http:\/\/powstaniewielkopolskie.pl\/nowa\/wp-admin\/admin-ajax.php\" data-description=\"Podsumowanie obchod\u00f3w setnej rocznicy odzyskania przez Polsk\u0119 niepodleg\u0142o\u015bci\" rel=\"nofollow\"><i class=\"fa fa-fw fa-google-plus\"><\/i><div class=\"counter-wrap standard\"><span class=\"counter\">0<\/span><\/div><\/a><\/div>","protected":false},"excerpt":{"rendered":"<p>9 stycznia 2023 r. &#8211; w Pa\u0142acu Prezydenckim w Warszawie odby\u0142a si\u0119 uroczysto\u015b\u0107 Polonia Rediviva wie\u0144cz\u0105ca pi\u0119cioletnie obchody setnej rocznicy odzyskania przez Polsk\u0119 niepodleg\u0142o\u015bci. W swoim wyst\u0105pieniu Prezydent RP Andrzej Duda dokona\u0142<a class=\"moretag\" href=\"http:\/\/powstaniewielkopolskie.pl\/nowa\/?p=7360\">Czytaj wi\u0119cej&#8230;<\/a><\/p>\n<div data-animation=\"pulse\" data-icons-animation=\"no-animation\" data-overlay=\"on\" data-change-size=\"\" data-button-size=\"0.7\" style=\"font-size:0.7em;display:none;\" class=\"supsystic-social-sharing supsystic-social-sharing-package-flat supsystic-social-sharing-hide-on-homepage supsystic-social-sharing-content supsystic-social-sharing-content-align-center\" data-text=\"\"><a class=\"social-sharing-button sharer-flat sharer-flat-2 counter-standard digg\" target=\"_blank\" title=\"Digg\" href=\"http:\/\/digg.com\/submit?url=http%3A%2F%2Fpowstaniewielkopolskie.pl%2Fnowa%2F%3Fp%3D7360&title=Podsumowanie+obchod%C3%B3w+setnej+rocznicy+odzyskania+przez+Polsk%C4%99+niepodleg%C5%82o%C5%9Bci\" data-nid=\"8\" data-name=\"\" data-pid=\"1\" data-post-id=\"7360\" data-url=\"http:\/\/powstaniewielkopolskie.pl\/nowa\/wp-admin\/admin-ajax.php\" data-url=\"http:\/\/powstaniewielkopolskie.pl\/nowa\/wp-admin\/admin-ajax.php\" data-description=\"Podsumowanie obchod\u00f3w setnej rocznicy odzyskania przez Polsk\u0119 niepodleg\u0142o\u015bci\" rel=\"nofollow\"><i class=\"fa fa-fw fa-digg\"><\/i><div class=\"counter-wrap standard\"><span class=\"counter\">0<\/span><\/div><\/a><a class=\"social-sharing-button sharer-flat sharer-flat-2 counter-standard mail\" target=\"_blank\" title=\"Mail\" href=\"#\" data-nid=\"16\" data-name=\"\" data-pid=\"1\" data-post-id=\"7360\" data-url=\"http:\/\/powstaniewielkopolskie.pl\/nowa\/wp-admin\/admin-ajax.php\" data-url=\"http:\/\/powstaniewielkopolskie.pl\/nowa\/wp-admin\/admin-ajax.php\" data-description=\"Podsumowanie obchod\u00f3w setnej rocznicy odzyskania przez Polsk\u0119 niepodleg\u0142o\u015bci\" rel=\"nofollow\"><i class=\"fa fa-fw fa-envelope-o\"><\/i><div class=\"counter-wrap standard\"><span class=\"counter\">0<\/span><\/div><\/a><a class=\"social-sharing-button sharer-flat sharer-flat-2 counter-standard facebook\" target=\"_blank\" title=\"Facebook\" href=\"http:\/\/www.facebook.com\/sharer.php?u=http%3A%2F%2Fpowstaniewielkopolskie.pl%2Fnowa%2F%3Fp%3D7360\" data-nid=\"1\" data-name=\"\" data-pid=\"1\" data-post-id=\"7360\" data-url=\"http:\/\/powstaniewielkopolskie.pl\/nowa\/wp-admin\/admin-ajax.php\" data-url=\"http:\/\/powstaniewielkopolskie.pl\/nowa\/wp-admin\/admin-ajax.php\" data-description=\"Podsumowanie obchod\u00f3w setnej rocznicy odzyskania przez Polsk\u0119 niepodleg\u0142o\u015bci\" rel=\"nofollow\"><i class=\"fa fa-fw fa-facebook\"><\/i><div class=\"counter-wrap standard\"><span class=\"counter\">0<\/span><\/div><\/a><a class=\"social-sharing-button sharer-flat sharer-flat-2 counter-standard whatsapp\" target=\"_blank\" title=\"WhatsApp\" href=\"whatsapp:\/\/send?text=http%3A%2F%2Fpowstaniewielkopolskie.pl%2Fnowa%2F%3Fp%3D7360\" data-nid=\"18\" data-name=\"\" data-pid=\"1\" data-post-id=\"7360\" data-url=\"http:\/\/powstaniewielkopolskie.pl\/nowa\/wp-admin\/admin-ajax.php\" data-url=\"http:\/\/powstaniewielkopolskie.pl\/nowa\/wp-admin\/admin-ajax.php\" data-description=\"Podsumowanie obchod\u00f3w setnej rocznicy odzyskania przez Polsk\u0119 niepodleg\u0142o\u015bci\" rel=\"nofollow\"><i class=\"fa fa-fw fa-whatsapp\"><\/i><div class=\"counter-wrap standard\"><span class=\"counter\">0<\/span><\/div><\/a><a class=\"social-sharing-button sharer-flat sharer-flat-2 counter-standard twitter\" target=\"_blank\" title=\"Twitter\" href=\"https:\/\/twitter.com\/share?url=http%3A%2F%2Fpowstaniewielkopolskie.pl%2Fnowa%2F%3Fp%3D7360&text=Podsumowanie+obchod%C3%B3w+setnej+rocznicy+odzyskania+przez+Polsk%C4%99+niepodleg%C5%82o%C5%9Bci\" data-nid=\"2\" data-name=\"\" data-pid=\"1\" data-post-id=\"7360\" data-url=\"http:\/\/powstaniewielkopolskie.pl\/nowa\/wp-admin\/admin-ajax.php\" data-url=\"http:\/\/powstaniewielkopolskie.pl\/nowa\/wp-admin\/admin-ajax.php\" data-description=\"Podsumowanie obchod\u00f3w setnej rocznicy odzyskania przez Polsk\u0119 niepodleg\u0142o\u015bci\" rel=\"nofollow\"><i class=\"fa fa-fw fa-twitter\"><\/i><div class=\"counter-wrap standard\"><span class=\"counter\">0<\/span><\/div><\/a><a class=\"social-sharing-button sharer-flat sharer-flat-2 counter-standard googleplus\" target=\"_blank\" title=\"Google+\" href=\"https:\/\/plus.google.com\/share?url=http%3A%2F%2Fpowstaniewielkopolskie.pl%2Fnowa%2F%3Fp%3D7360\" data-nid=\"3\" data-name=\"\" data-pid=\"1\" data-post-id=\"7360\" data-url=\"http:\/\/powstaniewielkopolskie.pl\/nowa\/wp-admin\/admin-ajax.php\" data-url=\"http:\/\/powstaniewielkopolskie.pl\/nowa\/wp-admin\/admin-ajax.php\" data-description=\"Podsumowanie obchod\u00f3w setnej rocznicy odzyskania przez Polsk\u0119 niepodleg\u0142o\u015bci\" rel=\"nofollow\"><i class=\"fa fa-fw fa-google-plus\"><\/i><div class=\"counter-wrap standard\"><span class=\"counter\">0<\/span><\/div><\/a><\/div>","protected":false},"author":4,"featured_media":7361,"comment_status":"closed","ping_status":"open","sticky":false,"template":"","format":"standard","meta":{"footnotes":""},"categories":[3],"tags":[],"_links":{"self":[{"href":"http:\/\/powstaniewielkopolskie.pl\/nowa\/index.php?rest_route=\/wp\/v2\/posts\/7360"}],"collection":[{"href":"http:\/\/powstaniewielkopolskie.pl\/nowa\/index.php?rest_route=\/wp\/v2\/posts"}],"about":[{"href":"http:\/\/powstaniewielkopolskie.pl\/nowa\/index.php?rest_route=\/wp\/v2\/types\/post"}],"author":[{"embeddable":true,"href":"http:\/\/powstaniewielkopolskie.pl\/nowa\/index.php?rest_route=\/wp\/v2\/users\/4"}],"replies":[{"embeddable":true,"href":"http:\/\/powstaniewielkopolskie.pl\/nowa\/index.php?rest_route=%2Fwp%2Fv2%2Fcomments&post=7360"}],"version-history":[{"count":1,"href":"http:\/\/powstaniewielkopolskie.pl\/nowa\/index.php?rest_route=\/wp\/v2\/posts\/7360\/revisions"}],"predecessor-version":[{"id":7362,"href":"http:\/\/powstaniewielkopolskie.pl\/nowa\/index.php?rest_route=\/wp\/v2\/posts\/7360\/revisions\/7362"}],"wp:featuredmedia":[{"embeddable":true,"href":"http:\/\/powstaniewielkopolskie.pl\/nowa\/index.php?rest_route=\/wp\/v2\/media\/7361"}],"wp:attachment":[{"href":"http:\/\/powstaniewielkopolskie.pl\/nowa\/index.php?rest_route=%2Fwp%2Fv2%2Fmedia&parent=7360"}],"wp:term":[{"taxonomy":"category","embeddable":true,"href":"http:\/\/powstaniewielkopolskie.pl\/nowa\/index.php?rest_route=%2Fwp%2Fv2%2Fcategories&post=7360"},{"taxonomy":"post_tag","embeddable":true,"href":"http:\/\/powstaniewielkopolskie.pl\/nowa\/index.php?rest_route=%2Fwp%2Fv2%2Ftags&post=7360"}],"curies":[{"name":"wp","href":"https:\/\/api.w.org\/{rel}","templated":true}]}}