{"id":7128,"date":"2022-12-22T21:21:44","date_gmt":"2022-12-22T20:21:44","guid":{"rendered":"http:\/\/powstaniewielkopolskie.pl\/nowa\/?p=7128"},"modified":"2022-12-22T21:21:44","modified_gmt":"2022-12-22T20:21:44","slug":"uroczystosc-rocznicowa-w-wiechlicach-kolo-szprotawy","status":"publish","type":"post","link":"http:\/\/powstaniewielkopolskie.pl\/nowa\/?p=7128","title":{"rendered":"Uroczysto\u015b\u0107 rocznicowa w Wiechlicach ko\u0142o Szprotawy"},"content":{"rendered":"<p><span style=\"font-size: large;\"><b>22 grudnia 2022 r.<\/b> &#8211; w Wiechlicach ko\u0142o Szprotawy zorganizowano uroczysto\u015bci z okazji zbli\u017caj\u0105cej si\u0119 104. rocznicy wybuchu Powstania Wielkopolskiego. Odby\u0142y si\u0119 one na terenie by\u0142ego obozu jenieckiego. Powstaje tu Park Narod\u00f3w upami\u0119tniaj\u0105cy je\u0144c\u00f3w wielu narodowo\u015bci, kt\u00f3rzy przebywali tu po zako\u0144czeniu I wojny \u015bwiatowej. Byli w\u015br\u00f3d nich m.in. Powsta\u0144cy. &#8211; Dzi\u015b jeste\u015bmy depozytariuszami pami\u0119ci historycznej. Dbanie o pami\u0119\u0107 o Powsta\u0144cach jest naszym obowi\u0105zkiem &#8211; powiedzia\u0142 w trakcie uroczysto\u015bci burmistrz Szprotawy Miros\u0142aw G\u0105sik. Od 2017 roku w Wiechlicach stoi obelisk ustawiony z inicjatywy Towarzystwa Pami\u0119ci Powstania Wielkopolskiego oraz w\u0142adz gminy. W ubieg\u0142ym roku otwarto Alej\u0119 Pami\u0119ci. Kolejnym krokiem ma by\u0107 rewitalizacja ca\u0142ego okolicznego parku wraz z oznaczeniem terenu dawnego obozu. Podczas uroczysto\u015bci obecny by\u0142 Krzysztof Mazur z Instytutu Pami\u0119ci Narodowej, kt\u00f3ry w imieniu dyrektora pozna\u0144skiego oddzia\u0142u IPN z\u0142o\u017cy\u0142 wi\u0105zank\u0119 kwiat\u00f3w pod obeliskiem. Lubuski oddzia\u0142 TPPW reprezentowali prezes Kamil Hypki oraz prezes honorowy Jerzy Przybecki.<\/span><\/p>\n<p style=\"text-align: right;\"><em><span style=\"font-size: large;\"> Fot. Kamil Hypki<\/span><\/em><\/p>\n<div data-animation=\"pulse\" data-icons-animation=\"no-animation\" data-overlay=\"on\" data-change-size=\"\" data-button-size=\"0.7\" style=\"font-size:0.7em;display:none;\" class=\"supsystic-social-sharing supsystic-social-sharing-package-flat supsystic-social-sharing-hide-on-homepage supsystic-social-sharing-content supsystic-social-sharing-content-align-center\" data-text=\"\"><a class=\"social-sharing-button sharer-flat sharer-flat-2 counter-standard digg\" target=\"_blank\" title=\"Digg\" href=\"http:\/\/digg.com\/submit?url=http%3A%2F%2Fpowstaniewielkopolskie.pl%2Fnowa%2F%3Fp%3D7128&title=Uroczysto%C5%9B%C4%87+rocznicowa+w+Wiechlicach+ko%C5%82o+Szprotawy\" data-nid=\"8\" data-name=\"\" data-pid=\"1\" data-post-id=\"7128\" data-url=\"http:\/\/powstaniewielkopolskie.pl\/nowa\/wp-admin\/admin-ajax.php\" data-url=\"http:\/\/powstaniewielkopolskie.pl\/nowa\/wp-admin\/admin-ajax.php\" data-description=\"Uroczysto\u015b\u0107 rocznicowa w Wiechlicach ko\u0142o Szprotawy\" rel=\"nofollow\"><i class=\"fa fa-fw fa-digg\"><\/i><div class=\"counter-wrap standard\"><span class=\"counter\">0<\/span><\/div><\/a><a class=\"social-sharing-button sharer-flat sharer-flat-2 counter-standard mail\" target=\"_blank\" title=\"Mail\" href=\"#\" data-nid=\"16\" data-name=\"\" data-pid=\"1\" data-post-id=\"7128\" data-url=\"http:\/\/powstaniewielkopolskie.pl\/nowa\/wp-admin\/admin-ajax.php\" data-url=\"http:\/\/powstaniewielkopolskie.pl\/nowa\/wp-admin\/admin-ajax.php\" data-description=\"Uroczysto\u015b\u0107 rocznicowa w Wiechlicach ko\u0142o Szprotawy\" rel=\"nofollow\"><i class=\"fa fa-fw fa-envelope-o\"><\/i><div class=\"counter-wrap standard\"><span class=\"counter\">0<\/span><\/div><\/a><a class=\"social-sharing-button sharer-flat sharer-flat-2 counter-standard facebook\" target=\"_blank\" title=\"Facebook\" href=\"http:\/\/www.facebook.com\/sharer.php?u=http%3A%2F%2Fpowstaniewielkopolskie.pl%2Fnowa%2F%3Fp%3D7128\" data-nid=\"1\" data-name=\"\" data-pid=\"1\" data-post-id=\"7128\" data-url=\"http:\/\/powstaniewielkopolskie.pl\/nowa\/wp-admin\/admin-ajax.php\" data-url=\"http:\/\/powstaniewielkopolskie.pl\/nowa\/wp-admin\/admin-ajax.php\" data-description=\"Uroczysto\u015b\u0107 rocznicowa w Wiechlicach ko\u0142o Szprotawy\" rel=\"nofollow\"><i class=\"fa fa-fw fa-facebook\"><\/i><div class=\"counter-wrap standard\"><span class=\"counter\">0<\/span><\/div><\/a><a class=\"social-sharing-button sharer-flat sharer-flat-2 counter-standard whatsapp\" target=\"_blank\" title=\"WhatsApp\" href=\"whatsapp:\/\/send?text=http%3A%2F%2Fpowstaniewielkopolskie.pl%2Fnowa%2F%3Fp%3D7128\" data-nid=\"18\" data-name=\"\" data-pid=\"1\" data-post-id=\"7128\" data-url=\"http:\/\/powstaniewielkopolskie.pl\/nowa\/wp-admin\/admin-ajax.php\" data-url=\"http:\/\/powstaniewielkopolskie.pl\/nowa\/wp-admin\/admin-ajax.php\" data-description=\"Uroczysto\u015b\u0107 rocznicowa w Wiechlicach ko\u0142o Szprotawy\" rel=\"nofollow\"><i class=\"fa fa-fw fa-whatsapp\"><\/i><div class=\"counter-wrap standard\"><span class=\"counter\">0<\/span><\/div><\/a><a class=\"social-sharing-button sharer-flat sharer-flat-2 counter-standard twitter\" target=\"_blank\" title=\"Twitter\" href=\"https:\/\/twitter.com\/share?url=http%3A%2F%2Fpowstaniewielkopolskie.pl%2Fnowa%2F%3Fp%3D7128&text=Uroczysto%C5%9B%C4%87+rocznicowa+w+Wiechlicach+ko%C5%82o+Szprotawy\" data-nid=\"2\" data-name=\"\" data-pid=\"1\" data-post-id=\"7128\" data-url=\"http:\/\/powstaniewielkopolskie.pl\/nowa\/wp-admin\/admin-ajax.php\" data-url=\"http:\/\/powstaniewielkopolskie.pl\/nowa\/wp-admin\/admin-ajax.php\" data-description=\"Uroczysto\u015b\u0107 rocznicowa w Wiechlicach ko\u0142o Szprotawy\" rel=\"nofollow\"><i class=\"fa fa-fw fa-twitter\"><\/i><div class=\"counter-wrap standard\"><span class=\"counter\">0<\/span><\/div><\/a><a class=\"social-sharing-button sharer-flat sharer-flat-2 counter-standard googleplus\" target=\"_blank\" title=\"Google+\" href=\"https:\/\/plus.google.com\/share?url=http%3A%2F%2Fpowstaniewielkopolskie.pl%2Fnowa%2F%3Fp%3D7128\" data-nid=\"3\" data-name=\"\" data-pid=\"1\" data-post-id=\"7128\" data-url=\"http:\/\/powstaniewielkopolskie.pl\/nowa\/wp-admin\/admin-ajax.php\" data-url=\"http:\/\/powstaniewielkopolskie.pl\/nowa\/wp-admin\/admin-ajax.php\" data-description=\"Uroczysto\u015b\u0107 rocznicowa w Wiechlicach ko\u0142o Szprotawy\" rel=\"nofollow\"><i class=\"fa fa-fw fa-google-plus\"><\/i><div class=\"counter-wrap standard\"><span class=\"counter\">0<\/span><\/div><\/a><\/div>","protected":false},"excerpt":{"rendered":"<p>22 grudnia 2022 r. &#8211; w Wiechlicach ko\u0142o Szprotawy zorganizowano uroczysto\u015bci z okazji zbli\u017caj\u0105cej si\u0119 104. rocznicy wybuchu Powstania Wielkopolskiego. Odby\u0142y si\u0119 one na terenie by\u0142ego obozu jenieckiego. Powstaje tu Park Narod\u00f3w<a class=\"moretag\" href=\"http:\/\/powstaniewielkopolskie.pl\/nowa\/?p=7128\">Czytaj wi\u0119cej&#8230;<\/a><\/p>\n<div data-animation=\"pulse\" data-icons-animation=\"no-animation\" data-overlay=\"on\" data-change-size=\"\" data-button-size=\"0.7\" style=\"font-size:0.7em;display:none;\" class=\"supsystic-social-sharing supsystic-social-sharing-package-flat supsystic-social-sharing-hide-on-homepage supsystic-social-sharing-content supsystic-social-sharing-content-align-center\" data-text=\"\"><a class=\"social-sharing-button sharer-flat sharer-flat-2 counter-standard digg\" target=\"_blank\" title=\"Digg\" href=\"http:\/\/digg.com\/submit?url=http%3A%2F%2Fpowstaniewielkopolskie.pl%2Fnowa%2F%3Fp%3D7128&title=Uroczysto%C5%9B%C4%87+rocznicowa+w+Wiechlicach+ko%C5%82o+Szprotawy\" data-nid=\"8\" data-name=\"\" data-pid=\"1\" data-post-id=\"7128\" data-url=\"http:\/\/powstaniewielkopolskie.pl\/nowa\/wp-admin\/admin-ajax.php\" data-url=\"http:\/\/powstaniewielkopolskie.pl\/nowa\/wp-admin\/admin-ajax.php\" data-description=\"Uroczysto\u015b\u0107 rocznicowa w Wiechlicach ko\u0142o Szprotawy\" rel=\"nofollow\"><i class=\"fa fa-fw fa-digg\"><\/i><div class=\"counter-wrap standard\"><span class=\"counter\">0<\/span><\/div><\/a><a class=\"social-sharing-button sharer-flat sharer-flat-2 counter-standard mail\" target=\"_blank\" title=\"Mail\" href=\"#\" data-nid=\"16\" data-name=\"\" data-pid=\"1\" data-post-id=\"7128\" data-url=\"http:\/\/powstaniewielkopolskie.pl\/nowa\/wp-admin\/admin-ajax.php\" data-url=\"http:\/\/powstaniewielkopolskie.pl\/nowa\/wp-admin\/admin-ajax.php\" data-description=\"Uroczysto\u015b\u0107 rocznicowa w Wiechlicach ko\u0142o Szprotawy\" rel=\"nofollow\"><i class=\"fa fa-fw fa-envelope-o\"><\/i><div class=\"counter-wrap standard\"><span class=\"counter\">0<\/span><\/div><\/a><a class=\"social-sharing-button sharer-flat sharer-flat-2 counter-standard facebook\" target=\"_blank\" title=\"Facebook\" href=\"http:\/\/www.facebook.com\/sharer.php?u=http%3A%2F%2Fpowstaniewielkopolskie.pl%2Fnowa%2F%3Fp%3D7128\" data-nid=\"1\" data-name=\"\" data-pid=\"1\" data-post-id=\"7128\" data-url=\"http:\/\/powstaniewielkopolskie.pl\/nowa\/wp-admin\/admin-ajax.php\" data-url=\"http:\/\/powstaniewielkopolskie.pl\/nowa\/wp-admin\/admin-ajax.php\" data-description=\"Uroczysto\u015b\u0107 rocznicowa w Wiechlicach ko\u0142o Szprotawy\" rel=\"nofollow\"><i class=\"fa fa-fw fa-facebook\"><\/i><div class=\"counter-wrap standard\"><span class=\"counter\">0<\/span><\/div><\/a><a class=\"social-sharing-button sharer-flat sharer-flat-2 counter-standard whatsapp\" target=\"_blank\" title=\"WhatsApp\" href=\"whatsapp:\/\/send?text=http%3A%2F%2Fpowstaniewielkopolskie.pl%2Fnowa%2F%3Fp%3D7128\" data-nid=\"18\" data-name=\"\" data-pid=\"1\" data-post-id=\"7128\" data-url=\"http:\/\/powstaniewielkopolskie.pl\/nowa\/wp-admin\/admin-ajax.php\" data-url=\"http:\/\/powstaniewielkopolskie.pl\/nowa\/wp-admin\/admin-ajax.php\" data-description=\"Uroczysto\u015b\u0107 rocznicowa w Wiechlicach ko\u0142o Szprotawy\" rel=\"nofollow\"><i class=\"fa fa-fw fa-whatsapp\"><\/i><div class=\"counter-wrap standard\"><span class=\"counter\">0<\/span><\/div><\/a><a class=\"social-sharing-button sharer-flat sharer-flat-2 counter-standard twitter\" target=\"_blank\" title=\"Twitter\" href=\"https:\/\/twitter.com\/share?url=http%3A%2F%2Fpowstaniewielkopolskie.pl%2Fnowa%2F%3Fp%3D7128&text=Uroczysto%C5%9B%C4%87+rocznicowa+w+Wiechlicach+ko%C5%82o+Szprotawy\" data-nid=\"2\" data-name=\"\" data-pid=\"1\" data-post-id=\"7128\" data-url=\"http:\/\/powstaniewielkopolskie.pl\/nowa\/wp-admin\/admin-ajax.php\" data-url=\"http:\/\/powstaniewielkopolskie.pl\/nowa\/wp-admin\/admin-ajax.php\" data-description=\"Uroczysto\u015b\u0107 rocznicowa w Wiechlicach ko\u0142o Szprotawy\" rel=\"nofollow\"><i class=\"fa fa-fw fa-twitter\"><\/i><div class=\"counter-wrap standard\"><span class=\"counter\">0<\/span><\/div><\/a><a class=\"social-sharing-button sharer-flat sharer-flat-2 counter-standard googleplus\" target=\"_blank\" title=\"Google+\" href=\"https:\/\/plus.google.com\/share?url=http%3A%2F%2Fpowstaniewielkopolskie.pl%2Fnowa%2F%3Fp%3D7128\" data-nid=\"3\" data-name=\"\" data-pid=\"1\" data-post-id=\"7128\" data-url=\"http:\/\/powstaniewielkopolskie.pl\/nowa\/wp-admin\/admin-ajax.php\" data-url=\"http:\/\/powstaniewielkopolskie.pl\/nowa\/wp-admin\/admin-ajax.php\" data-description=\"Uroczysto\u015b\u0107 rocznicowa w Wiechlicach ko\u0142o Szprotawy\" rel=\"nofollow\"><i class=\"fa fa-fw fa-google-plus\"><\/i><div class=\"counter-wrap standard\"><span class=\"counter\">0<\/span><\/div><\/a><\/div>","protected":false},"author":4,"featured_media":7131,"comment_status":"closed","ping_status":"open","sticky":false,"template":"","format":"standard","meta":{"footnotes":""},"categories":[3],"tags":[],"_links":{"self":[{"href":"http:\/\/powstaniewielkopolskie.pl\/nowa\/index.php?rest_route=\/wp\/v2\/posts\/7128"}],"collection":[{"href":"http:\/\/powstaniewielkopolskie.pl\/nowa\/index.php?rest_route=\/wp\/v2\/posts"}],"about":[{"href":"http:\/\/powstaniewielkopolskie.pl\/nowa\/index.php?rest_route=\/wp\/v2\/types\/post"}],"author":[{"embeddable":true,"href":"http:\/\/powstaniewielkopolskie.pl\/nowa\/index.php?rest_route=\/wp\/v2\/users\/4"}],"replies":[{"embeddable":true,"href":"http:\/\/powstaniewielkopolskie.pl\/nowa\/index.php?rest_route=%2Fwp%2Fv2%2Fcomments&post=7128"}],"version-history":[{"count":3,"href":"http:\/\/powstaniewielkopolskie.pl\/nowa\/index.php?rest_route=\/wp\/v2\/posts\/7128\/revisions"}],"predecessor-version":[{"id":7132,"href":"http:\/\/powstaniewielkopolskie.pl\/nowa\/index.php?rest_route=\/wp\/v2\/posts\/7128\/revisions\/7132"}],"wp:featuredmedia":[{"embeddable":true,"href":"http:\/\/powstaniewielkopolskie.pl\/nowa\/index.php?rest_route=\/wp\/v2\/media\/7131"}],"wp:attachment":[{"href":"http:\/\/powstaniewielkopolskie.pl\/nowa\/index.php?rest_route=%2Fwp%2Fv2%2Fmedia&parent=7128"}],"wp:term":[{"taxonomy":"category","embeddable":true,"href":"http:\/\/powstaniewielkopolskie.pl\/nowa\/index.php?rest_route=%2Fwp%2Fv2%2Fcategories&post=7128"},{"taxonomy":"post_tag","embeddable":true,"href":"http:\/\/powstaniewielkopolskie.pl\/nowa\/index.php?rest_route=%2Fwp%2Fv2%2Ftags&post=7128"}],"curies":[{"name":"wp","href":"https:\/\/api.w.org\/{rel}","templated":true}]}}