{"id":6777,"date":"2022-10-14T00:15:47","date_gmt":"2022-10-13T22:15:47","guid":{"rendered":"http:\/\/powstaniewielkopolskie.pl\/nowa\/?p=6777"},"modified":"2022-10-14T00:15:47","modified_gmt":"2022-10-13T22:15:47","slug":"wybrano-wladze-wielkopolskiego-zarzadu-wojewodzkiego-zkrp-i-bwp","status":"publish","type":"post","link":"http:\/\/powstaniewielkopolskie.pl\/nowa\/?p=6777","title":{"rendered":"Wybrano w\u0142adze Wielkopolskiego Zarz\u0105du Wojew\u00f3dzkiego ZKRP i BWP"},"content":{"rendered":"<p><span style=\"font-size: large;\"><b>6 pa\u017adziernika 2022 r.<\/b> &#8211; w Poznaniu mia\u0142a miejsce VIII Wojew\u00f3dzka Konferencja Sprawozdawczo-Wyborcza Wielkopolskiego Zarz\u0105du Wojew\u00f3dzkiego Zwi\u0105zku Kombatant\u00f3w RP i By\u0142ych Wi\u0119\u017ani\u00f3w Politycznych. W\u015br\u00f3d go\u015bci byli: marsza\u0142ek wojew\u00f3dztwa wielkopolskiego Marek Wo\u017aniak i wicemarsza\u0142ek Wojciech Jankowiak oraz przedstawiciele wielu miast, powiat\u00f3w i gmin, zaprzyja\u017anionych organizacji kombatanckich oraz m\u0142odzie\u017c szkolna. W trakcie konferencji podsumowano dotychczasow\u0105 dzia\u0142alno\u015b\u0107 i dokonano wyboru w\u0142adz na kolejn\u0105 kadencj\u0119. Prezesem Zarz\u0105du Wojew\u00f3dzkiego ponownie wybrano Miros\u0142awa Grz\u0119dowskiego. W trakcie konferencji zaprezentowano delegatom i zaproszonym go\u015bciom kolejn\u0105 publikacj\u0119 po\u015bwi\u0119con\u0105 losom Wielkopolan w czasie II wojny \u015bwiatowej pt. \u201eW cieniu swastyki. Okupacja niemiecka w Kraju Warty\u201d. W konferencji uczestniczy\u0142o grono cz\u0142onk\u00f3w Towarzystwa z prezesem Zarz\u0105du G\u0142\u00f3wnego Tadeuszem Musia\u0142em i prezesem Oddzia\u0142u Wielkopolskiego Wawrzy\u0144cem Wierzejewskim.<\/span><\/p>\n<div data-animation=\"pulse\" data-icons-animation=\"no-animation\" data-overlay=\"on\" data-change-size=\"\" data-button-size=\"0.7\" style=\"font-size:0.7em;display:none;\" class=\"supsystic-social-sharing supsystic-social-sharing-package-flat supsystic-social-sharing-hide-on-homepage supsystic-social-sharing-content supsystic-social-sharing-content-align-center\" data-text=\"\"><a class=\"social-sharing-button sharer-flat sharer-flat-2 counter-standard digg\" target=\"_blank\" title=\"Digg\" href=\"http:\/\/digg.com\/submit?url=http%3A%2F%2Fpowstaniewielkopolskie.pl%2Fnowa%2F%3Fp%3D6777&title=Wybrano+w%C5%82adze+Wielkopolskiego+Zarz%C4%85du+Wojew%C3%B3dzkiego+ZKRP+i+BWP\" data-nid=\"8\" data-name=\"\" data-pid=\"1\" data-post-id=\"6777\" data-url=\"http:\/\/powstaniewielkopolskie.pl\/nowa\/wp-admin\/admin-ajax.php\" data-url=\"http:\/\/powstaniewielkopolskie.pl\/nowa\/wp-admin\/admin-ajax.php\" data-description=\"Wybrano w\u0142adze Wielkopolskiego Zarz\u0105du Wojew\u00f3dzkiego ZKRP i BWP\" rel=\"nofollow\"><i class=\"fa fa-fw fa-digg\"><\/i><div class=\"counter-wrap standard\"><span class=\"counter\">0<\/span><\/div><\/a><a class=\"social-sharing-button sharer-flat sharer-flat-2 counter-standard mail\" target=\"_blank\" title=\"Mail\" href=\"#\" data-nid=\"16\" data-name=\"\" data-pid=\"1\" data-post-id=\"6777\" data-url=\"http:\/\/powstaniewielkopolskie.pl\/nowa\/wp-admin\/admin-ajax.php\" data-url=\"http:\/\/powstaniewielkopolskie.pl\/nowa\/wp-admin\/admin-ajax.php\" data-description=\"Wybrano w\u0142adze Wielkopolskiego Zarz\u0105du Wojew\u00f3dzkiego ZKRP i BWP\" rel=\"nofollow\"><i class=\"fa fa-fw fa-envelope-o\"><\/i><div class=\"counter-wrap standard\"><span class=\"counter\">0<\/span><\/div><\/a><a class=\"social-sharing-button sharer-flat sharer-flat-2 counter-standard facebook\" target=\"_blank\" title=\"Facebook\" href=\"http:\/\/www.facebook.com\/sharer.php?u=http%3A%2F%2Fpowstaniewielkopolskie.pl%2Fnowa%2F%3Fp%3D6777\" data-nid=\"1\" data-name=\"\" data-pid=\"1\" data-post-id=\"6777\" data-url=\"http:\/\/powstaniewielkopolskie.pl\/nowa\/wp-admin\/admin-ajax.php\" data-url=\"http:\/\/powstaniewielkopolskie.pl\/nowa\/wp-admin\/admin-ajax.php\" data-description=\"Wybrano w\u0142adze Wielkopolskiego Zarz\u0105du Wojew\u00f3dzkiego ZKRP i BWP\" rel=\"nofollow\"><i class=\"fa fa-fw fa-facebook\"><\/i><div class=\"counter-wrap standard\"><span class=\"counter\">0<\/span><\/div><\/a><a class=\"social-sharing-button sharer-flat sharer-flat-2 counter-standard whatsapp\" target=\"_blank\" title=\"WhatsApp\" href=\"whatsapp:\/\/send?text=http%3A%2F%2Fpowstaniewielkopolskie.pl%2Fnowa%2F%3Fp%3D6777\" data-nid=\"18\" data-name=\"\" data-pid=\"1\" data-post-id=\"6777\" data-url=\"http:\/\/powstaniewielkopolskie.pl\/nowa\/wp-admin\/admin-ajax.php\" data-url=\"http:\/\/powstaniewielkopolskie.pl\/nowa\/wp-admin\/admin-ajax.php\" data-description=\"Wybrano w\u0142adze Wielkopolskiego Zarz\u0105du Wojew\u00f3dzkiego ZKRP i BWP\" rel=\"nofollow\"><i class=\"fa fa-fw fa-whatsapp\"><\/i><div class=\"counter-wrap standard\"><span class=\"counter\">0<\/span><\/div><\/a><a class=\"social-sharing-button sharer-flat sharer-flat-2 counter-standard twitter\" target=\"_blank\" title=\"Twitter\" href=\"https:\/\/twitter.com\/share?url=http%3A%2F%2Fpowstaniewielkopolskie.pl%2Fnowa%2F%3Fp%3D6777&text=Wybrano+w%C5%82adze+Wielkopolskiego+Zarz%C4%85du+Wojew%C3%B3dzkiego+ZKRP+i+BWP\" data-nid=\"2\" data-name=\"\" data-pid=\"1\" data-post-id=\"6777\" data-url=\"http:\/\/powstaniewielkopolskie.pl\/nowa\/wp-admin\/admin-ajax.php\" data-url=\"http:\/\/powstaniewielkopolskie.pl\/nowa\/wp-admin\/admin-ajax.php\" data-description=\"Wybrano w\u0142adze Wielkopolskiego Zarz\u0105du Wojew\u00f3dzkiego ZKRP i BWP\" rel=\"nofollow\"><i class=\"fa fa-fw fa-twitter\"><\/i><div class=\"counter-wrap standard\"><span class=\"counter\">0<\/span><\/div><\/a><a class=\"social-sharing-button sharer-flat sharer-flat-2 counter-standard googleplus\" target=\"_blank\" title=\"Google+\" href=\"https:\/\/plus.google.com\/share?url=http%3A%2F%2Fpowstaniewielkopolskie.pl%2Fnowa%2F%3Fp%3D6777\" data-nid=\"3\" data-name=\"\" data-pid=\"1\" data-post-id=\"6777\" data-url=\"http:\/\/powstaniewielkopolskie.pl\/nowa\/wp-admin\/admin-ajax.php\" data-url=\"http:\/\/powstaniewielkopolskie.pl\/nowa\/wp-admin\/admin-ajax.php\" data-description=\"Wybrano w\u0142adze Wielkopolskiego Zarz\u0105du Wojew\u00f3dzkiego ZKRP i BWP\" rel=\"nofollow\"><i class=\"fa fa-fw fa-google-plus\"><\/i><div class=\"counter-wrap standard\"><span class=\"counter\">0<\/span><\/div><\/a><\/div>","protected":false},"excerpt":{"rendered":"<p>6 pa\u017adziernika 2022 r. &#8211; w Poznaniu mia\u0142a miejsce VIII Wojew\u00f3dzka Konferencja Sprawozdawczo-Wyborcza Wielkopolskiego Zarz\u0105du Wojew\u00f3dzkiego Zwi\u0105zku Kombatant\u00f3w RP i By\u0142ych Wi\u0119\u017ani\u00f3w Politycznych. W\u015br\u00f3d go\u015bci byli: marsza\u0142ek wojew\u00f3dztwa wielkopolskiego Marek Wo\u017aniak i<a class=\"moretag\" href=\"http:\/\/powstaniewielkopolskie.pl\/nowa\/?p=6777\">Czytaj wi\u0119cej&#8230;<\/a><\/p>\n<div data-animation=\"pulse\" data-icons-animation=\"no-animation\" data-overlay=\"on\" data-change-size=\"\" data-button-size=\"0.7\" style=\"font-size:0.7em;display:none;\" class=\"supsystic-social-sharing supsystic-social-sharing-package-flat supsystic-social-sharing-hide-on-homepage supsystic-social-sharing-content supsystic-social-sharing-content-align-center\" data-text=\"\"><a class=\"social-sharing-button sharer-flat sharer-flat-2 counter-standard digg\" target=\"_blank\" title=\"Digg\" href=\"http:\/\/digg.com\/submit?url=http%3A%2F%2Fpowstaniewielkopolskie.pl%2Fnowa%2F%3Fp%3D6777&title=Wybrano+w%C5%82adze+Wielkopolskiego+Zarz%C4%85du+Wojew%C3%B3dzkiego+ZKRP+i+BWP\" data-nid=\"8\" data-name=\"\" data-pid=\"1\" data-post-id=\"6777\" data-url=\"http:\/\/powstaniewielkopolskie.pl\/nowa\/wp-admin\/admin-ajax.php\" data-url=\"http:\/\/powstaniewielkopolskie.pl\/nowa\/wp-admin\/admin-ajax.php\" data-description=\"Wybrano w\u0142adze Wielkopolskiego Zarz\u0105du Wojew\u00f3dzkiego ZKRP i BWP\" rel=\"nofollow\"><i class=\"fa fa-fw fa-digg\"><\/i><div class=\"counter-wrap standard\"><span class=\"counter\">0<\/span><\/div><\/a><a class=\"social-sharing-button sharer-flat sharer-flat-2 counter-standard mail\" target=\"_blank\" title=\"Mail\" href=\"#\" data-nid=\"16\" data-name=\"\" data-pid=\"1\" data-post-id=\"6777\" data-url=\"http:\/\/powstaniewielkopolskie.pl\/nowa\/wp-admin\/admin-ajax.php\" data-url=\"http:\/\/powstaniewielkopolskie.pl\/nowa\/wp-admin\/admin-ajax.php\" data-description=\"Wybrano w\u0142adze Wielkopolskiego Zarz\u0105du Wojew\u00f3dzkiego ZKRP i BWP\" rel=\"nofollow\"><i class=\"fa fa-fw fa-envelope-o\"><\/i><div class=\"counter-wrap standard\"><span class=\"counter\">0<\/span><\/div><\/a><a class=\"social-sharing-button sharer-flat sharer-flat-2 counter-standard facebook\" target=\"_blank\" title=\"Facebook\" href=\"http:\/\/www.facebook.com\/sharer.php?u=http%3A%2F%2Fpowstaniewielkopolskie.pl%2Fnowa%2F%3Fp%3D6777\" data-nid=\"1\" data-name=\"\" data-pid=\"1\" data-post-id=\"6777\" data-url=\"http:\/\/powstaniewielkopolskie.pl\/nowa\/wp-admin\/admin-ajax.php\" data-url=\"http:\/\/powstaniewielkopolskie.pl\/nowa\/wp-admin\/admin-ajax.php\" data-description=\"Wybrano w\u0142adze Wielkopolskiego Zarz\u0105du Wojew\u00f3dzkiego ZKRP i BWP\" rel=\"nofollow\"><i class=\"fa fa-fw fa-facebook\"><\/i><div class=\"counter-wrap standard\"><span class=\"counter\">0<\/span><\/div><\/a><a class=\"social-sharing-button sharer-flat sharer-flat-2 counter-standard whatsapp\" target=\"_blank\" title=\"WhatsApp\" href=\"whatsapp:\/\/send?text=http%3A%2F%2Fpowstaniewielkopolskie.pl%2Fnowa%2F%3Fp%3D6777\" data-nid=\"18\" data-name=\"\" data-pid=\"1\" data-post-id=\"6777\" data-url=\"http:\/\/powstaniewielkopolskie.pl\/nowa\/wp-admin\/admin-ajax.php\" data-url=\"http:\/\/powstaniewielkopolskie.pl\/nowa\/wp-admin\/admin-ajax.php\" data-description=\"Wybrano w\u0142adze Wielkopolskiego Zarz\u0105du Wojew\u00f3dzkiego ZKRP i BWP\" rel=\"nofollow\"><i class=\"fa fa-fw fa-whatsapp\"><\/i><div class=\"counter-wrap standard\"><span class=\"counter\">0<\/span><\/div><\/a><a class=\"social-sharing-button sharer-flat sharer-flat-2 counter-standard twitter\" target=\"_blank\" title=\"Twitter\" href=\"https:\/\/twitter.com\/share?url=http%3A%2F%2Fpowstaniewielkopolskie.pl%2Fnowa%2F%3Fp%3D6777&text=Wybrano+w%C5%82adze+Wielkopolskiego+Zarz%C4%85du+Wojew%C3%B3dzkiego+ZKRP+i+BWP\" data-nid=\"2\" data-name=\"\" data-pid=\"1\" data-post-id=\"6777\" data-url=\"http:\/\/powstaniewielkopolskie.pl\/nowa\/wp-admin\/admin-ajax.php\" data-url=\"http:\/\/powstaniewielkopolskie.pl\/nowa\/wp-admin\/admin-ajax.php\" data-description=\"Wybrano w\u0142adze Wielkopolskiego Zarz\u0105du Wojew\u00f3dzkiego ZKRP i BWP\" rel=\"nofollow\"><i class=\"fa fa-fw fa-twitter\"><\/i><div class=\"counter-wrap standard\"><span class=\"counter\">0<\/span><\/div><\/a><a class=\"social-sharing-button sharer-flat sharer-flat-2 counter-standard googleplus\" target=\"_blank\" title=\"Google+\" href=\"https:\/\/plus.google.com\/share?url=http%3A%2F%2Fpowstaniewielkopolskie.pl%2Fnowa%2F%3Fp%3D6777\" data-nid=\"3\" data-name=\"\" data-pid=\"1\" data-post-id=\"6777\" data-url=\"http:\/\/powstaniewielkopolskie.pl\/nowa\/wp-admin\/admin-ajax.php\" data-url=\"http:\/\/powstaniewielkopolskie.pl\/nowa\/wp-admin\/admin-ajax.php\" data-description=\"Wybrano w\u0142adze Wielkopolskiego Zarz\u0105du Wojew\u00f3dzkiego ZKRP i BWP\" rel=\"nofollow\"><i class=\"fa fa-fw fa-google-plus\"><\/i><div class=\"counter-wrap standard\"><span class=\"counter\">0<\/span><\/div><\/a><\/div>","protected":false},"author":4,"featured_media":0,"comment_status":"closed","ping_status":"open","sticky":false,"template":"","format":"standard","meta":{"footnotes":""},"categories":[3],"tags":[],"_links":{"self":[{"href":"http:\/\/powstaniewielkopolskie.pl\/nowa\/index.php?rest_route=\/wp\/v2\/posts\/6777"}],"collection":[{"href":"http:\/\/powstaniewielkopolskie.pl\/nowa\/index.php?rest_route=\/wp\/v2\/posts"}],"about":[{"href":"http:\/\/powstaniewielkopolskie.pl\/nowa\/index.php?rest_route=\/wp\/v2\/types\/post"}],"author":[{"embeddable":true,"href":"http:\/\/powstaniewielkopolskie.pl\/nowa\/index.php?rest_route=\/wp\/v2\/users\/4"}],"replies":[{"embeddable":true,"href":"http:\/\/powstaniewielkopolskie.pl\/nowa\/index.php?rest_route=%2Fwp%2Fv2%2Fcomments&post=6777"}],"version-history":[{"count":1,"href":"http:\/\/powstaniewielkopolskie.pl\/nowa\/index.php?rest_route=\/wp\/v2\/posts\/6777\/revisions"}],"predecessor-version":[{"id":6778,"href":"http:\/\/powstaniewielkopolskie.pl\/nowa\/index.php?rest_route=\/wp\/v2\/posts\/6777\/revisions\/6778"}],"wp:attachment":[{"href":"http:\/\/powstaniewielkopolskie.pl\/nowa\/index.php?rest_route=%2Fwp%2Fv2%2Fmedia&parent=6777"}],"wp:term":[{"taxonomy":"category","embeddable":true,"href":"http:\/\/powstaniewielkopolskie.pl\/nowa\/index.php?rest_route=%2Fwp%2Fv2%2Fcategories&post=6777"},{"taxonomy":"post_tag","embeddable":true,"href":"http:\/\/powstaniewielkopolskie.pl\/nowa\/index.php?rest_route=%2Fwp%2Fv2%2Ftags&post=6777"}],"curies":[{"name":"wp","href":"https:\/\/api.w.org\/{rel}","templated":true}]}}