{"id":6745,"date":"2022-09-26T13:44:46","date_gmt":"2022-09-26T11:44:46","guid":{"rendered":"http:\/\/powstaniewielkopolskie.pl\/nowa\/?p=6745"},"modified":"2022-09-26T13:44:46","modified_gmt":"2022-09-26T11:44:46","slug":"obchody-stulecia-utworzenia-zwiazku-polakow-w-niemczech-rodlo","status":"publish","type":"post","link":"http:\/\/powstaniewielkopolskie.pl\/nowa\/?p=6745","title":{"rendered":"Obchody stulecia utworzenia Zwi\u0105zku Polak\u00f3w w Niemczech \u201eRod\u0142o\u201d"},"content":{"rendered":"<style>\r\n\/*===== general options =========*\/\r\na {\r\n    box-shadow: none !important;\r\n}\r\n\r\n.view *, .album_categories *, .album_back_button *, #album_disabled_layer {\r\n    font-family: sans-serif, Arial, Verdana, Sylfaen !important;\r\n}\r\n\r\n#album_disabled_layer {\r\n    display: none;\r\n    position: absolute;\r\n    width: 100%;\r\n    height: 100%;\r\n    text-align: center;\r\n    background-color: transparent;\r\n    z-index: 10;\r\n    padding-top: 20px;\r\n    color: #fff;\r\n}\r\n\r\n#album_list_container {\r\n    position: relative;\r\n}\r\n\r\n\/* ====================== album onhover styles ==========================*\/\r\n\r\n#album_list .view {\r\n    -webkit-box-sizing: border-box;\r\n    -moz-box-sizing: border-box;\r\n    -o-box-sizing: border-box;\r\n    display: none;\r\n\r\n}\r\n\r\n.view .mask,\r\n.view .content {\r\n    width: 100%;\r\n    height: 100%;\r\n    position: absolute;\r\n    overflow: hidden;\r\n    top: 0;\r\n    left: 0;\r\n}\r\n\r\n.view h2 {\r\n    text-transform: uppercase;\r\n    color: #fff;\r\n    text-align: center;\r\n    position: relative;\r\n    font-size: 17px;\r\n    font-family: Raleway, serif;\r\n    padding: 10px;\r\n    \/*background: rgba(0, 0, 0, 0.8);*\/\r\n    margin: 20px 0 0 0;\r\n\r\n}\r\n\r\n.album_back_button a, .view a {\r\n    text-decoration: none !important;\r\n}\r\n\r\n.view p {\r\n    font-family: Merriweather, serif;\r\n    font-style: italic;\r\n    font-size: 14px;\r\n    position: relative;\r\n    color: #fff;\r\n    padding: 0px 20px 0px;\r\n    text-align: center;\r\n\r\n}\r\n\r\n.view a.info {\r\n    display: inline-block;\r\n    text-decoration: none;\r\n    font-size: 13px;\r\n    padding: 2px 14px;\r\n    margin-bottom: 3px;\r\n    background: #000;\r\n    color: #fff;\r\n    font-family: Raleway, serif;\r\n    text-transform: uppercase;\r\n    box-shadow: 0 0 1px #000\r\n}\r\n\r\n.mask-text h2 {\r\n    font-size: 20px !important;\r\n}\r\n\r\n.view a.info:hover {\r\n    box-shadow: 0 0 5px #000\r\n}\r\n\r\n.view .mask-bg {\r\n    height: 100%;\r\n}\r\n\r\n.view .album_social {\r\n    color: #fff;\r\n    position: absolute;\r\n    bottom: 3px;\r\n    left: 3px;\r\n    border: 1px solid #ffffff;\r\n    -webkit-border-radius: 3px;\r\n    -moz-border-radius: 3px;\r\n    border-radius: 3px;\r\n    padding: 3px 5px;\r\n\r\n}\r\n\r\n.view .album_social:active, .view .album_social:focus, .view .album_social:hover {\r\n    color: #ffffff;\r\n    outline: none;\r\n}\r\n\r\n\/*1*\/\r\n\r\n.view .info {\r\n    margin-top: 5px;\r\n}\r\n\r\n.view-first .mask {\r\n    opacity: 0;\r\n    background-color: rgba(0, 0, 0, 0.7);\r\n    transition: all 0.4s ease-in-out;\r\n\r\n}\r\n\r\n.view-first h2 {\r\n    transform: translateY(-100px);\r\n    opacity: 0;\r\n    font-family: Raleway, serif;\r\n    transition: all 0.2s ease-in-out;\r\n}\r\n\r\n.view-first p {\r\n    transform: translateY(100px);\r\n    opacity: 0;\r\n    transition: all 0.2s linear;\r\n}\r\n\r\n.view-first a.info {\r\n    opacity: 0;\r\n    transition: all 0.2s ease-in-out;\r\n}\r\n\r\n\/* *\/\r\n\r\n.view-first:hover img {\r\n    \/*transform: scale(1.1);*\/\r\n}\r\n\r\n.view-first:hover .mask {\r\n    opacity: 1;\r\n}\r\n\r\n.view-first:hover h2,\r\n.view-first:hover p,\r\n.view-first:hover a.info {\r\n    opacity: 1;\r\n    transform: translateY(0px);\r\n}\r\n\r\n.view-first:hover p {\r\n    transition-delay: 0.1s;\r\n}\r\n\r\n.view-first:hover a.info {\r\n    transition-delay: 0.2s;\r\n}\r\n\r\n\/*2*\/\r\n.view-second img {\r\n    -webkit-filter: grayscale(0) blur(0);\r\n    filter: grayscale(0) blur(0);\r\n    -webkit-transition: .3s ease-in-out;\r\n    transition: .3s ease-in-out;\r\n}\r\n\r\n.view-second .mask {\r\n    background-color: rgba(226, 200, 127, 0.2);\r\n    transition: all 0.5s linear;\r\n    opacity: 0;\r\n}\r\n\r\n.view-second h2 {\r\n    background: transparent;\r\n    margin: 20px 40px 0px 40px;\r\n    transform: scale(0);\r\n    color: #333;\r\n    transition: all 0.5s linear;\r\n    opacity: 0;\r\n}\r\n\r\n.view-second p {\r\n    opacity: 0;\r\n    transform: scale(0);\r\n    transition: all 0.5s linear;\r\n}\r\n\r\n.view-second a.info {\r\n    opacity: 0;\r\n    transform: scale(0);\r\n    transition: all 0.5s linear;\r\n}\r\n\r\n.view-second:hover img {\r\n    -webkit-filter: grayscale(100%) blur(3px);\r\n    filter: grayscale(100%) blur(3px);\r\n}\r\n\r\n.view-second:hover .mask {\r\n    opacity: 1;\r\n}\r\n\r\n.view-second:hover h2,\r\n.view-second:hover p,\r\n.view-second:hover a.info {\r\n    transform: scale(1);\r\n    opacity: 1;\r\n}\r\n\r\n.view-second img {\r\n    -webkit-filter: grayscale(0) blur(0);\r\n    filter: grayscale(0) blur(0);\r\n    -webkit-transition: .3s ease-in-out;\r\n    transition: .3s ease-in-out;\r\n}\r\n\r\n.view-second:hover img {\r\n    -webkit-filter: grayscale(100%) blur(3px);\r\n    filter: grayscale(100%) blur(3px);\r\n}\r\n\r\n\/*3*\/\r\n\r\n.view-third img {\r\n    transform: scaleY(1);\r\n    transition: all .7s ease-in-out;\r\n}\r\n\r\n.view-third a.info {\r\n    opacity: 0;\r\n    transform: scale(0);\r\n    transition: all 0.5s linear;\r\n}\r\n\r\n.view-third:hover img {\r\n    -webkit-transform: scale(10);\r\n    transform: scale(10);\r\n    opacity: 0;\r\n}\r\n\r\n.view-third:hover .mask {\r\n    opacity: 1;\r\n}\r\n\r\n.view-third:hover h2,\r\n.view-third:hover p,\r\n.view-third:hover a.info {\r\n    transform: scale(1);\r\n    opacity: 1;\r\n}\r\n\r\n\/* ==== view 4 ===*\/\r\n\r\n.view-forth-wrapper {\r\n    overflow: hidden;\r\n    position: relative !important;\r\n    height: 100%;\r\n    \/* cursor: pointer;*\/\r\n}\r\n\r\n.view-forth img {\r\n    max-width: 100%;\r\n    position: relative;\r\n    top: 0;\r\n    -webkit-transition: all 600ms cubic-bezier(0.645, 0.045, 0.355, 1);\r\n    transition: all 600ms cubic-bezier(0.645, 0.045, 0.355, 1);\r\n}\r\n\r\n.view-forth .mask {\r\n    position: absolute;\r\n    width: 100%;\r\n    \/*    height: 70px;*\/\r\n    \/*    bottom: -70px;*\/\r\n    height: 50%;\r\n    bottom: -50%;\r\n    -webkit-transition: all 300ms cubic-bezier(0.645, 0.045, 0.355, 1);\r\n    transition: all 300ms cubic-bezier(0.645, 0.045, 0.355, 1);\r\n    top: inherit;\r\n}\r\n\r\n.view-forth:hover .mask {\r\n    bottom: 0;\r\n}\r\n\r\n.view-forth:hover img {\r\n    top: -30px;\r\n}\r\n\r\n\/*==  view 5 ==*\/\r\n\r\n.view-fifth .view-fifth-wrapper,\r\n.view-fifth .view-fifth-wrapper img {\r\n    display: block;\r\n    position: relative;\r\n}\r\n\r\n.view-fifth .view-fifth-wrapper {\r\n    overflow: hidden;\r\n    height: 100%;\r\n}\r\n\r\n.view-fifth .view-fifth-wrapper .mask {\r\n    display: none;\r\n    position: absolute;\r\n    background: #333;\r\n    background: rgba(75, 75, 75, 0.7);\r\n    width: 100%;\r\n    height: 100%;\r\n}\r\n\r\n\/* ====================== album category styles ==========================*\/\r\n\r\n#filters {\r\n    margin: 1% 0;\r\n    padding: 0;\r\n    list-style: none;\r\n    list-style-type: none !important;\r\n\r\n}\r\n\r\n#filters li {\r\n    float: left;\r\n    list-style-type: none !important;\r\n}\r\n\r\n#filters li:first-child span {\r\n    margin-left: 0px;\r\n}\r\n\r\n#filters li span {\r\n    display: block;\r\n    text-decoration: none;\r\n    cursor: pointer;\r\n}\r\n\r\n.album_categories {\r\n    list-style-type: none;\r\n    margin: 0;\r\n    padding: 0;\r\n    overflow: hidden;\r\n    padding-top: 5px;\r\n}\r\n\r\n\/*=========  sharing buttons  ============*\/\r\n\r\n.album_socials {\r\n    position: relative;\r\n    top: 3px;\r\n    width: 100px;\r\n    height: 28px;\r\n    margin: 0 auto;\r\n}\r\n\r\n.album_socials .rwd-share-buttons {\r\n    top: 0px !important;\r\n    width: 100% !important;\r\n    margin: 0px !important;\r\n}\r\n\r\n.album_socials a {\r\n    text-decoration: underline !important;\r\n}\r\n\r\n.gallery_images, .album_image_place {\r\n    margin-top: 15px;\r\n    margin-top: 15px;\r\n}\r\n\r\n#rwd-share-facebook:hover {\r\n    background-position: 0 -31px !important;\r\n}\r\n\r\n#rwd-share-twitter:hover {\r\n    background-position: -31px 32px !important;\r\n}\r\n\r\n#rwd-share-googleplus:hover {\r\n    background-position: -66px -31px !important;\r\n}\r\n\r\n.rwd-share-buttons li, .rwd-share-buttons li a {\r\n    width: 26px !important;\r\n    border: 0px !important;\r\n}\r\n\r\n.rwd-share-buttons {\r\n    top: 0 !important;\r\n}\r\n\r\n.img_link_btn {\r\n    position: absolute;\r\n    z-index: 99999;\r\n    bottom: 0;\r\n    left: 0;\r\n    right: 0;\r\n    width: 100%;\r\n    padding: 8px;\r\n}\r\n\r\n.rwd-title {\r\n    padding: 10px 0px !important;\r\n}\r\n\r\n@media only screen and (max-width: 475px) {\r\n    .rwd-share-buttons {\r\n        top: -25px !important;\r\n    }\r\n\r\n    .rwd-title-text {\r\n        line-height: 15px;\r\n    }\r\n}\r\n\r\n\/*=========  hover style ===========*\/\r\n\r\n#hover {\r\n    color: rgba(188, 175, 204, 0.9);\r\n}\r\n\r\nh2#testimonials {\r\n    color: #fffae3;\r\n}\r\n\r\ndiv#all {\r\n    width: 100%;\r\n    height: 100%;\r\n}\r\n\r\n.view img {\r\n    height: auto;\r\n}\r\n\r\n.view {\r\n    color: #fff;\r\n    margin: 0 10px 10px 0;\r\n    overflow: hidden;\r\n    position: relative;\r\n    text-align: center;\r\n    float: left;\r\n    cursor: default;\r\n    border: 1px solid #ccc;\r\n}\r\n\r\n.view-wrapper {\r\n    height: 100%;\r\n}\r\n\r\n.view img {\r\n    display: block;\r\n    position: relative;\r\n    transition: all 0.2s linear;\r\n    height: 100%;\r\n    width: auto;\r\n    max-width: 100%;\r\n    margin: 0 auto;\r\n}\r\n\r\n.mask-text h2 {\r\n    font-size: 20px !important;\r\n    margin-top: 20px !important;\r\n}\r\n\r\n\/* view 1 *\/\r\n\r\n.view-first .text-category, .view-first .mask-text h2, .view-first .mask-text p {\r\n    color: #fff;\r\n}\r\n\r\n\/*  view 2 *\/\r\n.view-second .text-category, .view-second .mask-text h2, .view-second p {\r\n    color: #333;\r\n}\r\n\r\n.view-second .mask-text h2 {\r\n    border-bottom: 1px solid #333;\r\n}\r\n\r\n\/* view 3*\/\r\n.view-third .mask {\r\n    background-color: #ccc;\r\n    transition: all 0.5s linear;\r\n    opacity: 0;\r\n    color: #333;\r\n}\r\n\r\n.view-third h2 {\r\n    border-bottom: 1px solid #333;\r\n    background: transparent;\r\n    margin: 20px 40px 0px 40px;\r\n    transform: scale(0);\r\n    color: #333;\r\n    transition: all 0.5s linear;\r\n    opacity: 0;\r\n}\r\n\r\n.view-third p {\r\n    color: #333;\r\n    opacity: 0;\r\n    transform: scale(0);\r\n    transition: all 0.5s linear;\r\n}\r\n\r\n.view-third .text-category {\r\n    color: #333;\r\n}\r\n\r\n\/* view 4 *\/\r\n\r\n.view-forth .mask-bg {\r\n    background: #333;\r\n    width: 100%;\r\n    height: 100%;\r\n    position: absolute;\r\n    top: 0;\r\n    left: 0;\r\n}\r\n\r\n.view-forth .mask-text {\r\n    color: #fff;\r\n    position: relative;\r\n    z-index: 500;\r\n    padding: 5px 8px;\r\n}\r\n\r\n.view-forth .mask-text h2 {\r\n    margin: 0px;\r\n    font-size: 13px;\r\n    padding: 2px;\r\n    color: #fff;\r\n}\r\n\r\n.view-forth .mask-text h2:hover {\r\n    cursor: pointer;\r\n}\r\n\r\n.view-forth .text-category {\r\n    display: block;\r\n    font-size: 15px;\r\n    color: #fff;\r\n}\r\n\r\n.view-forth p {\r\n    color: #fff;\r\n}\r\n\r\n\/* view 5 *\/\r\n.view-fifth .text-category, .view-fifth .text-category *, .view-fifth .mask-text h2, .view-fifth .mask-text p {\r\n    color: #fff;\r\n}\r\n\r\n<\/style>\r\n    <input type=\"hidden\" name=\"view_style\" value=\"view-first\">\r\n    <section id=\"thumbwrapper329\" class=\"gallery-img-content\"\r\n             data-gallery-id=\"329\" data-content-per-page=\"5\"\r\n             data-rating-type=\"off\">\r\n        <input type=\"hidden\" class=\"pagenum\" value=\"1\"\/>\r\n        <ul id=\"huge_it_gallery329\" class=\"huge_it_gallery view-thumbnails\">\r\n            <li id=\"fullPreview\"><\/li>\r\n                        <input type=\"hidden\" id=\"total\" value=\"2\"\/>\r\n                            <div class=\"huge_it_big_li view  view-first\">\r\n                    <div class=\"view-first-wrapper view-wrapper\">\r\n\r\n                        \r\n                                <a class=\"gallery_group329\" href=\"http:\/\/powstaniewielkopolskie.pl\/nowa\/wp-content\/uploads\/2022\/09\/IMG-20220926-WA00521-bis.jpg\"\r\n                                   title=\"\">\r\n                                    <img decoding=\"async\"\r\n                                            src=\"http:\/\/powstaniewielkopolskie.pl\/nowa\/wp-content\/uploads\/2022\/09\/IMG-20220926-WA00521-bis.jpg\"\r\n                                            alt=\"\"\/>\r\n                                    <div class=\"mask\">\r\n                                        <div class=\"mask-text\">\r\n                                                                                        <span class=\"text-category\"><\/span>\r\n                                        <\/div>\r\n                                        <div class=\"mask-bg\"><\/div>\r\n                                    <\/div>\r\n                                <\/a>\r\n\r\n                                                    <\/div>\r\n                                    <\/div>\r\n                            <div class=\"huge_it_big_li view  view-first\">\r\n                    <div class=\"view-first-wrapper view-wrapper\">\r\n\r\n                        \r\n                                <a class=\"gallery_group329\" href=\"http:\/\/powstaniewielkopolskie.pl\/nowa\/wp-content\/uploads\/2022\/09\/IMG-20220926-WA0026-bis.jpg\"\r\n                                   title=\"\">\r\n                                    <img decoding=\"async\"\r\n                                            src=\"http:\/\/powstaniewielkopolskie.pl\/nowa\/wp-content\/uploads\/2022\/09\/IMG-20220926-WA0026-bis.jpg\"\r\n                                            alt=\"\"\/>\r\n                                    <div class=\"mask\">\r\n                                        <div class=\"mask-text\">\r\n                                                                                        <span class=\"text-category\"><\/span>\r\n                                        <\/div>\r\n                                        <div class=\"mask-bg\"><\/div>\r\n                                    <\/div>\r\n                                <\/a>\r\n\r\n                                                    <\/div>\r\n                                    <\/div>\r\n                            <div class=\"huge_it_big_li view  view-first\">\r\n                    <div class=\"view-first-wrapper view-wrapper\">\r\n\r\n                        \r\n                                <a class=\"gallery_group329\" href=\"http:\/\/powstaniewielkopolskie.pl\/nowa\/wp-content\/uploads\/2022\/09\/IMG-20220926-WA0047-bis.jpg\"\r\n                                   title=\"\">\r\n                                    <img decoding=\"async\"\r\n                                            src=\"http:\/\/powstaniewielkopolskie.pl\/nowa\/wp-content\/uploads\/2022\/09\/IMG-20220926-WA0047-bis.jpg\"\r\n                                            alt=\"\"\/>\r\n                                    <div class=\"mask\">\r\n                                        <div class=\"mask-text\">\r\n                                                                                        <span class=\"text-category\"><\/span>\r\n                                        <\/div>\r\n                                        <div class=\"mask-bg\"><\/div>\r\n                                    <\/div>\r\n                                <\/a>\r\n\r\n                                                    <\/div>\r\n                                    <\/div>\r\n                            <div class=\"huge_it_big_li view  view-first\">\r\n                    <div class=\"view-first-wrapper view-wrapper\">\r\n\r\n                        \r\n                                <a class=\"gallery_group329\" href=\"http:\/\/powstaniewielkopolskie.pl\/nowa\/wp-content\/uploads\/2022\/09\/IMG-20220926-WA0002-bis.jpg\"\r\n                                   title=\"\">\r\n                                    <img decoding=\"async\"\r\n                                            src=\"http:\/\/powstaniewielkopolskie.pl\/nowa\/wp-content\/uploads\/2022\/09\/IMG-20220926-WA0002-bis.jpg\"\r\n                                            alt=\"\"\/>\r\n                                    <div class=\"mask\">\r\n                                        <div class=\"mask-text\">\r\n                                                                                        <span class=\"text-category\"><\/span>\r\n                                        <\/div>\r\n                                        <div class=\"mask-bg\"><\/div>\r\n                                    <\/div>\r\n                                <\/a>\r\n\r\n                                                    <\/div>\r\n                                    <\/div>\r\n                            <div class=\"huge_it_big_li view  view-first\">\r\n                    <div class=\"view-first-wrapper view-wrapper\">\r\n\r\n                        \r\n                                <a class=\"gallery_group329\" href=\"http:\/\/powstaniewielkopolskie.pl\/nowa\/wp-content\/uploads\/2022\/09\/IMG-20220926-WA00291-bis.jpg\"\r\n                                   title=\"\">\r\n                                    <img decoding=\"async\"\r\n                                            src=\"http:\/\/powstaniewielkopolskie.pl\/nowa\/wp-content\/uploads\/2022\/09\/IMG-20220926-WA00291-bis.jpg\"\r\n                                            alt=\"\"\/>\r\n                                    <div class=\"mask\">\r\n                                        <div class=\"mask-text\">\r\n                                                                                        <span class=\"text-category\"><\/span>\r\n                                        <\/div>\r\n                                        <div class=\"mask-bg\"><\/div>\r\n                                    <\/div>\r\n                                <\/a>\r\n\r\n                                                    <\/div>\r\n                                    <\/div>\r\n                            <div class=\"huge_it_big_li view  view-first\">\r\n                    <div class=\"view-first-wrapper view-wrapper\">\r\n\r\n                        \r\n                                <a class=\"gallery_group329\" href=\"http:\/\/powstaniewielkopolskie.pl\/nowa\/wp-content\/uploads\/2022\/09\/IMG-20220926-WA0019-bis.jpg\"\r\n                                   title=\"\">\r\n                                    <img decoding=\"async\"\r\n                                            src=\"http:\/\/powstaniewielkopolskie.pl\/nowa\/wp-content\/uploads\/2022\/09\/IMG-20220926-WA0019-bis.jpg\"\r\n                                            alt=\"\"\/>\r\n                                    <div class=\"mask\">\r\n                                        <div class=\"mask-text\">\r\n                                                                                        <span class=\"text-category\"><\/span>\r\n                                        <\/div>\r\n                                        <div class=\"mask-bg\"><\/div>\r\n                                    <\/div>\r\n                                <\/a>\r\n\r\n                                                    <\/div>\r\n                                    <\/div>\r\n                    <\/ul>\r\n            <\/section>\r\n\r\n<style>\r\nsection #huge_it_gallery329 {\r\n    padding: 28px !important;\r\n    min-width: 100%;\r\n    width: 100%;\r\n    min-height: 100%;\r\n    text-align: center;\r\n    margin: 0;\r\n    margin-bottom: 30px;\r\n  background-color: #333333; box-shadow: 0 0 10px;}\r\n#huge_it_gallery329 .huge_it_big_li {\r\n    overflow:hidden;\r\n    width: 100%;\r\n    max-width: 242px;\r\n    height: 152px;\r\n    margin: 1px -1px !important;\r\n    border-radius: 5px;\r\n    padding:0 !important;\r\n    border-radius: 5px;\r\n    border: 1px solid #444444;\r\n    box-sizing: border-box;\r\n    position: relative;\r\n    display: inline-block;\r\n}\r\n#huge_it_gallery329 li img {\r\n    width: 100%;\r\n    max-width: 240px;\r\n    height: 150px;\r\n    margin:0 !important;\r\n    border-radius: 0px;\r\n}\r\nsection #huge_it_gallery329 li .overLayer ul li h2,\r\nsection #huge_it_gallery329 li .infoLayer ul li h2 {\r\n    font-size: 16px;\r\n    color: #FFFFFF;\r\n}\r\nsection #huge_it_gallery329 li .infoLayer ul li p {\r\n    color: #FFFFFF;\r\n}\r\nsection #huge_it_gallery329 li .overLayer,\r\nsection #huge_it_gallery329 li .infoLayer {\r\n    -webkit-transition: opacity 0.3s linear;\r\n    -moz-transition: opacity 0.3s linear;\r\n    -ms-transition: opacity 0.3s linear;\r\n    -o-transition: opacity 0.3s linear;\r\n    transition: opacity 0.3s linear;\r\n    width: 100%;\r\n    max-width: 242px;\r\n    height: 152px;\r\n    position: absolute;\r\n    text-align: center;\r\n    opacity: 0;\r\n    top: 0;\r\n    left: 0;\r\n    z-index: 4;\r\n    max-height: 100%;\r\n    border-radius: 0px;\r\n}\r\nsection #huge_it_gallery329 li a {\r\n    position: absolute;\r\n    display: block;\r\n    width: 100%;\r\n    max-width: 242px;\r\n    height: 152px;\r\n    top: 0;\r\n    left: 0;\r\n    z-index: 6;\r\n    max-height: 100%;\r\n}\r\nli#fullPreview{\r\n    list-style: none;\r\n}\r\n.load_more3 {\r\n    margin: 10px 0;\r\n    position:relative;\r\n    text-align:center;\r\n    width:100%;\r\n}\r\n.load_more_button3 {\r\n    border-radius: 10px;\r\n    display:inline-block;\r\n    padding:5px 15px;\r\n    font-size:19px !important;;\r\n    color:#CCCCCC !important;;\r\n    background:#333333 !important;\r\n    cursor:pointer;\r\n}\r\n.load_more_button3:hover{\r\n    color:#D9D9D9 !important;\r\n    background:#8F827C !important;\r\n}\r\n.loading3 {\r\n    display:none;\r\n}\r\n.paginate3{\r\n    font-size:22px !important;\r\n    color:#0A0202 !important;\r\n    text-align: center;\r\n}\r\n.paginate3 a{\r\n    border-bottom: none !important;\r\n}\r\n.icon-style3{\r\n    font-size: 22px !important;\r\n    color:#333333 !important;\r\n}\r\n.clear{\r\n    clear:both;\r\n}\r\nsection #huge_it_gallery329 li:hover .overLayer {\r\n    -webkit-transition: opacity 0.3s linear;\r\n    -moz-transition: opacity 0.3s linear;\r\n    -ms-transition: opacity 0.3s linear;\r\n    -o-transition: opacity 0.3s linear;\r\n    transition: opacity 0.3s linear;\r\n    opacity: 0.801;\r\n    display: block;\r\n    background: #CCCCCC;\r\n}\r\nsection #huge_it_gallery329 li:hover .infoLayer {\r\n    -webkit-transition: opacity 0.3s linear;\r\n    -moz-transition: opacity 0.3s linear;\r\n    -ms-transition: opacity 0.3s linear;\r\n    -o-transition: opacity 0.3s linear;\r\n    transition: opacity 0.3s linear;\r\n    opacity: 1;\r\n    display: block;\r\n}\r\nsection #huge_it_gallery329 p {text-align:center;}\r\n\r\n.view {float:none;}\r\n<\/style>\n<p><span style=\"color: #000000;\"><span style=\"font-size: large;\"><b>24 wrze\u015bnia 2022 r.<\/b> &#8211; w Zakrzewie, powiat Z\u0142otowski odby\u0142y si\u0119 g\u0142\u00f3wne uroczysto\u015bci zwi\u0105zane ze stuleciem utworzenia Zwi\u0105zku Polak\u00f3w w Niemczech \u201eRod\u0142o\u201d. Obchody mia\u0142y charakter mi\u0119dzyregionalny. G\u0142\u00f3wnym gospodarzem tych uroczysto\u015bci by\u0142 marsza\u0142ek wojew\u00f3dztwa wielkopolskiego Marek Wo\u017aniak, a patronat honorowy obj\u0105\u0142 marsza\u0142ek Senatu RP prof. Tomasz Grodzki. Uroczysto\u015bci rozpocz\u0119\u0142y si\u0119 przy pomniku \u201eBojownik\u00f3w o Polsko\u015b\u0107 Ziemi Z\u0142otowskiej 1772-1945\u201d w Zakrzewie, gdzie delegacje z\u0142o\u017cy\u0142y wie\u0144ce i wi\u0105zanki kwiat\u00f3w. W miejscowym ko\u015bciele odby\u0142a si\u0119 uroczysta msza \u015bw. kt\u00f3r\u0105 celebrowa\u0142 biskup bydgoski Krzysztof W\u0142odarczyk. Po jej zako\u0144czeniu delegacje i mieszka\u0144cy Zakrzewa zgromadzili si\u0119 przy grobie patrona Zwi\u0105zku Polak\u00f3w w Niemczech &#8211; ksi\u0119dza dr. Boles\u0142awa Doma\u0144skiego. Ods\u0142oni\u0119to r\u00f3wnie\u017c pami\u0105tkow\u0105 tablic\u0119 na \u015bcianie urz\u0119du gminy. W Domu Polskim &#8211; Centrum Idei Rod\u0142a mia\u0142a miejsce debata \u201e\u0141\u0105czy nas historia\u201d, w kt\u00f3rej uczestniczyli m. in.: marsza\u0142ek senatu RP prof. Grodzki, senator Adam Szejnfeld oraz marsza\u0142kowie wojew\u00f3dztw: opolskiego, pomorskiego, warmi\u0144sko \u2013 mazurskiego i wielkopolskiego. Moderatorem debaty by\u0142 prof. Waldemar \u0141azuga.\u00a0Zarz\u0105d G\u0142\u00f3wny i Zarz\u0105d Oddzia\u0142u Wielkopolskiego TPPW reprezentowali Piotr Stachecki, cz\u0142onek ZG TPPW i Piotr Pers, jednocze\u015bnie cz\u0142onek Komisji Historycznej Chor\u0105gwi Wielkopolskiej ZHP.\u00a0<\/span><\/span><\/p>\n<p style=\"text-align: right;\"><em><span style=\"color: #000000;\"><span style=\"font-size: large;\">Fot. Piotr Pers<\/span><\/span><\/em><\/p>\n<div data-animation=\"pulse\" data-icons-animation=\"no-animation\" data-overlay=\"on\" data-change-size=\"\" data-button-size=\"0.7\" style=\"font-size:0.7em;display:none;\" class=\"supsystic-social-sharing supsystic-social-sharing-package-flat supsystic-social-sharing-hide-on-homepage supsystic-social-sharing-content supsystic-social-sharing-content-align-center\" data-text=\"\"><a class=\"social-sharing-button sharer-flat sharer-flat-2 counter-standard digg\" target=\"_blank\" title=\"Digg\" href=\"http:\/\/digg.com\/submit?url=http%3A%2F%2Fpowstaniewielkopolskie.pl%2Fnowa%2F%3Fp%3D6745&title=Obchody+stulecia+utworzenia+Zwi%C4%85zku+Polak%C3%B3w+w+Niemczech+%E2%80%9ERod%C5%82o%E2%80%9D\" data-nid=\"8\" data-name=\"\" data-pid=\"1\" data-post-id=\"6745\" data-url=\"http:\/\/powstaniewielkopolskie.pl\/nowa\/wp-admin\/admin-ajax.php\" data-url=\"http:\/\/powstaniewielkopolskie.pl\/nowa\/wp-admin\/admin-ajax.php\" data-description=\"Obchody stulecia utworzenia Zwi\u0105zku Polak\u00f3w w Niemczech \u201eRod\u0142o\u201d\" rel=\"nofollow\"><i class=\"fa fa-fw fa-digg\"><\/i><div class=\"counter-wrap standard\"><span class=\"counter\">0<\/span><\/div><\/a><a class=\"social-sharing-button sharer-flat sharer-flat-2 counter-standard mail\" target=\"_blank\" title=\"Mail\" href=\"#\" data-nid=\"16\" data-name=\"\" data-pid=\"1\" data-post-id=\"6745\" data-url=\"http:\/\/powstaniewielkopolskie.pl\/nowa\/wp-admin\/admin-ajax.php\" data-url=\"http:\/\/powstaniewielkopolskie.pl\/nowa\/wp-admin\/admin-ajax.php\" data-description=\"Obchody stulecia utworzenia Zwi\u0105zku Polak\u00f3w w Niemczech \u201eRod\u0142o\u201d\" rel=\"nofollow\"><i class=\"fa fa-fw fa-envelope-o\"><\/i><div class=\"counter-wrap standard\"><span class=\"counter\">0<\/span><\/div><\/a><a class=\"social-sharing-button sharer-flat sharer-flat-2 counter-standard facebook\" target=\"_blank\" title=\"Facebook\" href=\"http:\/\/www.facebook.com\/sharer.php?u=http%3A%2F%2Fpowstaniewielkopolskie.pl%2Fnowa%2F%3Fp%3D6745\" data-nid=\"1\" data-name=\"\" data-pid=\"1\" data-post-id=\"6745\" data-url=\"http:\/\/powstaniewielkopolskie.pl\/nowa\/wp-admin\/admin-ajax.php\" data-url=\"http:\/\/powstaniewielkopolskie.pl\/nowa\/wp-admin\/admin-ajax.php\" data-description=\"Obchody stulecia utworzenia Zwi\u0105zku Polak\u00f3w w Niemczech \u201eRod\u0142o\u201d\" rel=\"nofollow\"><i class=\"fa fa-fw fa-facebook\"><\/i><div class=\"counter-wrap standard\"><span class=\"counter\">0<\/span><\/div><\/a><a class=\"social-sharing-button sharer-flat sharer-flat-2 counter-standard whatsapp\" target=\"_blank\" title=\"WhatsApp\" href=\"whatsapp:\/\/send?text=http%3A%2F%2Fpowstaniewielkopolskie.pl%2Fnowa%2F%3Fp%3D6745\" data-nid=\"18\" data-name=\"\" data-pid=\"1\" data-post-id=\"6745\" data-url=\"http:\/\/powstaniewielkopolskie.pl\/nowa\/wp-admin\/admin-ajax.php\" data-url=\"http:\/\/powstaniewielkopolskie.pl\/nowa\/wp-admin\/admin-ajax.php\" data-description=\"Obchody stulecia utworzenia Zwi\u0105zku Polak\u00f3w w Niemczech \u201eRod\u0142o\u201d\" rel=\"nofollow\"><i class=\"fa fa-fw fa-whatsapp\"><\/i><div class=\"counter-wrap standard\"><span class=\"counter\">0<\/span><\/div><\/a><a class=\"social-sharing-button sharer-flat sharer-flat-2 counter-standard twitter\" target=\"_blank\" title=\"Twitter\" href=\"https:\/\/twitter.com\/share?url=http%3A%2F%2Fpowstaniewielkopolskie.pl%2Fnowa%2F%3Fp%3D6745&text=Obchody+stulecia+utworzenia+Zwi%C4%85zku+Polak%C3%B3w+w+Niemczech+%E2%80%9ERod%C5%82o%E2%80%9D\" data-nid=\"2\" data-name=\"\" data-pid=\"1\" data-post-id=\"6745\" data-url=\"http:\/\/powstaniewielkopolskie.pl\/nowa\/wp-admin\/admin-ajax.php\" data-url=\"http:\/\/powstaniewielkopolskie.pl\/nowa\/wp-admin\/admin-ajax.php\" data-description=\"Obchody stulecia utworzenia Zwi\u0105zku Polak\u00f3w w Niemczech \u201eRod\u0142o\u201d\" rel=\"nofollow\"><i class=\"fa fa-fw fa-twitter\"><\/i><div class=\"counter-wrap standard\"><span class=\"counter\">0<\/span><\/div><\/a><a class=\"social-sharing-button sharer-flat sharer-flat-2 counter-standard googleplus\" target=\"_blank\" title=\"Google+\" href=\"https:\/\/plus.google.com\/share?url=http%3A%2F%2Fpowstaniewielkopolskie.pl%2Fnowa%2F%3Fp%3D6745\" data-nid=\"3\" data-name=\"\" data-pid=\"1\" data-post-id=\"6745\" data-url=\"http:\/\/powstaniewielkopolskie.pl\/nowa\/wp-admin\/admin-ajax.php\" data-url=\"http:\/\/powstaniewielkopolskie.pl\/nowa\/wp-admin\/admin-ajax.php\" data-description=\"Obchody stulecia utworzenia Zwi\u0105zku Polak\u00f3w w Niemczech \u201eRod\u0142o\u201d\" rel=\"nofollow\"><i class=\"fa fa-fw fa-google-plus\"><\/i><div class=\"counter-wrap standard\"><span class=\"counter\">0<\/span><\/div><\/a><\/div>","protected":false},"excerpt":{"rendered":"<p>24 wrze\u015bnia 2022 r. &#8211; w Zakrzewie, powiat Z\u0142otowski odby\u0142y si\u0119 g\u0142\u00f3wne uroczysto\u015bci zwi\u0105zane ze stuleciem utworzenia Zwi\u0105zku Polak\u00f3w w Niemczech \u201eRod\u0142o\u201d. Obchody mia\u0142y charakter mi\u0119dzyregionalny. G\u0142\u00f3wnym gospodarzem tych uroczysto\u015bci by\u0142 marsza\u0142ek<a class=\"moretag\" href=\"http:\/\/powstaniewielkopolskie.pl\/nowa\/?p=6745\">Czytaj wi\u0119cej&#8230;<\/a><\/p>\n<div data-animation=\"pulse\" data-icons-animation=\"no-animation\" data-overlay=\"on\" data-change-size=\"\" data-button-size=\"0.7\" style=\"font-size:0.7em;display:none;\" class=\"supsystic-social-sharing supsystic-social-sharing-package-flat supsystic-social-sharing-hide-on-homepage supsystic-social-sharing-content supsystic-social-sharing-content-align-center\" data-text=\"\"><a class=\"social-sharing-button sharer-flat sharer-flat-2 counter-standard digg\" target=\"_blank\" title=\"Digg\" href=\"http:\/\/digg.com\/submit?url=http%3A%2F%2Fpowstaniewielkopolskie.pl%2Fnowa%2F%3Fp%3D6745&title=Obchody+stulecia+utworzenia+Zwi%C4%85zku+Polak%C3%B3w+w+Niemczech+%E2%80%9ERod%C5%82o%E2%80%9D\" data-nid=\"8\" data-name=\"\" data-pid=\"1\" data-post-id=\"6745\" data-url=\"http:\/\/powstaniewielkopolskie.pl\/nowa\/wp-admin\/admin-ajax.php\" data-url=\"http:\/\/powstaniewielkopolskie.pl\/nowa\/wp-admin\/admin-ajax.php\" data-description=\"Obchody stulecia utworzenia Zwi\u0105zku Polak\u00f3w w Niemczech \u201eRod\u0142o\u201d\" rel=\"nofollow\"><i class=\"fa fa-fw fa-digg\"><\/i><div class=\"counter-wrap standard\"><span class=\"counter\">0<\/span><\/div><\/a><a class=\"social-sharing-button sharer-flat sharer-flat-2 counter-standard mail\" target=\"_blank\" title=\"Mail\" href=\"#\" data-nid=\"16\" data-name=\"\" data-pid=\"1\" data-post-id=\"6745\" data-url=\"http:\/\/powstaniewielkopolskie.pl\/nowa\/wp-admin\/admin-ajax.php\" data-url=\"http:\/\/powstaniewielkopolskie.pl\/nowa\/wp-admin\/admin-ajax.php\" data-description=\"Obchody stulecia utworzenia Zwi\u0105zku Polak\u00f3w w Niemczech \u201eRod\u0142o\u201d\" rel=\"nofollow\"><i class=\"fa fa-fw fa-envelope-o\"><\/i><div class=\"counter-wrap standard\"><span class=\"counter\">0<\/span><\/div><\/a><a class=\"social-sharing-button sharer-flat sharer-flat-2 counter-standard facebook\" target=\"_blank\" title=\"Facebook\" href=\"http:\/\/www.facebook.com\/sharer.php?u=http%3A%2F%2Fpowstaniewielkopolskie.pl%2Fnowa%2F%3Fp%3D6745\" data-nid=\"1\" data-name=\"\" data-pid=\"1\" data-post-id=\"6745\" data-url=\"http:\/\/powstaniewielkopolskie.pl\/nowa\/wp-admin\/admin-ajax.php\" data-url=\"http:\/\/powstaniewielkopolskie.pl\/nowa\/wp-admin\/admin-ajax.php\" data-description=\"Obchody stulecia utworzenia Zwi\u0105zku Polak\u00f3w w Niemczech \u201eRod\u0142o\u201d\" rel=\"nofollow\"><i class=\"fa fa-fw fa-facebook\"><\/i><div class=\"counter-wrap standard\"><span class=\"counter\">0<\/span><\/div><\/a><a class=\"social-sharing-button sharer-flat sharer-flat-2 counter-standard whatsapp\" target=\"_blank\" title=\"WhatsApp\" href=\"whatsapp:\/\/send?text=http%3A%2F%2Fpowstaniewielkopolskie.pl%2Fnowa%2F%3Fp%3D6745\" data-nid=\"18\" data-name=\"\" data-pid=\"1\" data-post-id=\"6745\" data-url=\"http:\/\/powstaniewielkopolskie.pl\/nowa\/wp-admin\/admin-ajax.php\" data-url=\"http:\/\/powstaniewielkopolskie.pl\/nowa\/wp-admin\/admin-ajax.php\" data-description=\"Obchody stulecia utworzenia Zwi\u0105zku Polak\u00f3w w Niemczech \u201eRod\u0142o\u201d\" rel=\"nofollow\"><i class=\"fa fa-fw fa-whatsapp\"><\/i><div class=\"counter-wrap standard\"><span class=\"counter\">0<\/span><\/div><\/a><a class=\"social-sharing-button sharer-flat sharer-flat-2 counter-standard twitter\" target=\"_blank\" title=\"Twitter\" href=\"https:\/\/twitter.com\/share?url=http%3A%2F%2Fpowstaniewielkopolskie.pl%2Fnowa%2F%3Fp%3D6745&text=Obchody+stulecia+utworzenia+Zwi%C4%85zku+Polak%C3%B3w+w+Niemczech+%E2%80%9ERod%C5%82o%E2%80%9D\" data-nid=\"2\" data-name=\"\" data-pid=\"1\" data-post-id=\"6745\" data-url=\"http:\/\/powstaniewielkopolskie.pl\/nowa\/wp-admin\/admin-ajax.php\" data-url=\"http:\/\/powstaniewielkopolskie.pl\/nowa\/wp-admin\/admin-ajax.php\" data-description=\"Obchody stulecia utworzenia Zwi\u0105zku Polak\u00f3w w Niemczech \u201eRod\u0142o\u201d\" rel=\"nofollow\"><i class=\"fa fa-fw fa-twitter\"><\/i><div class=\"counter-wrap standard\"><span class=\"counter\">0<\/span><\/div><\/a><a class=\"social-sharing-button sharer-flat sharer-flat-2 counter-standard googleplus\" target=\"_blank\" title=\"Google+\" href=\"https:\/\/plus.google.com\/share?url=http%3A%2F%2Fpowstaniewielkopolskie.pl%2Fnowa%2F%3Fp%3D6745\" data-nid=\"3\" data-name=\"\" data-pid=\"1\" data-post-id=\"6745\" data-url=\"http:\/\/powstaniewielkopolskie.pl\/nowa\/wp-admin\/admin-ajax.php\" data-url=\"http:\/\/powstaniewielkopolskie.pl\/nowa\/wp-admin\/admin-ajax.php\" data-description=\"Obchody stulecia utworzenia Zwi\u0105zku Polak\u00f3w w Niemczech \u201eRod\u0142o\u201d\" rel=\"nofollow\"><i class=\"fa fa-fw fa-google-plus\"><\/i><div class=\"counter-wrap standard\"><span class=\"counter\">0<\/span><\/div><\/a><\/div>","protected":false},"author":4,"featured_media":6747,"comment_status":"closed","ping_status":"open","sticky":false,"template":"","format":"standard","meta":{"footnotes":""},"categories":[3],"tags":[],"_links":{"self":[{"href":"http:\/\/powstaniewielkopolskie.pl\/nowa\/index.php?rest_route=\/wp\/v2\/posts\/6745"}],"collection":[{"href":"http:\/\/powstaniewielkopolskie.pl\/nowa\/index.php?rest_route=\/wp\/v2\/posts"}],"about":[{"href":"http:\/\/powstaniewielkopolskie.pl\/nowa\/index.php?rest_route=\/wp\/v2\/types\/post"}],"author":[{"embeddable":true,"href":"http:\/\/powstaniewielkopolskie.pl\/nowa\/index.php?rest_route=\/wp\/v2\/users\/4"}],"replies":[{"embeddable":true,"href":"http:\/\/powstaniewielkopolskie.pl\/nowa\/index.php?rest_route=%2Fwp%2Fv2%2Fcomments&post=6745"}],"version-history":[{"count":4,"href":"http:\/\/powstaniewielkopolskie.pl\/nowa\/index.php?rest_route=\/wp\/v2\/posts\/6745\/revisions"}],"predecessor-version":[{"id":6758,"href":"http:\/\/powstaniewielkopolskie.pl\/nowa\/index.php?rest_route=\/wp\/v2\/posts\/6745\/revisions\/6758"}],"wp:featuredmedia":[{"embeddable":true,"href":"http:\/\/powstaniewielkopolskie.pl\/nowa\/index.php?rest_route=\/wp\/v2\/media\/6747"}],"wp:attachment":[{"href":"http:\/\/powstaniewielkopolskie.pl\/nowa\/index.php?rest_route=%2Fwp%2Fv2%2Fmedia&parent=6745"}],"wp:term":[{"taxonomy":"category","embeddable":true,"href":"http:\/\/powstaniewielkopolskie.pl\/nowa\/index.php?rest_route=%2Fwp%2Fv2%2Fcategories&post=6745"},{"taxonomy":"post_tag","embeddable":true,"href":"http:\/\/powstaniewielkopolskie.pl\/nowa\/index.php?rest_route=%2Fwp%2Fv2%2Ftags&post=6745"}],"curies":[{"name":"wp","href":"https:\/\/api.w.org\/{rel}","templated":true}]}}