{"id":6694,"date":"2022-09-04T20:51:50","date_gmt":"2022-09-04T18:51:50","guid":{"rendered":"http:\/\/powstaniewielkopolskie.pl\/nowa\/?p=6694"},"modified":"2022-09-04T21:02:56","modified_gmt":"2022-09-04T19:02:56","slug":"83-rocznica-wybuchu-ii-wojny-swiatowej","status":"publish","type":"post","link":"http:\/\/powstaniewielkopolskie.pl\/nowa\/?p=6694","title":{"rendered":"83. rocznica wybuchu II wojny \u015bwiatowej"},"content":{"rendered":"<p><img loading=\"lazy\" decoding=\"async\" class=\"wp-image-6704 aligncenter\" src=\"http:\/\/powstaniewielkopolskie.pl\/nowa\/wp-content\/uploads\/2022\/09\/IMG-20220902-WA0006-bis-226x300.jpg\" alt=\"IMG-20220902-WA0006 bis\" width=\"427\" height=\"568\" srcset=\"http:\/\/powstaniewielkopolskie.pl\/nowa\/wp-content\/uploads\/2022\/09\/IMG-20220902-WA0006-bis-226x300.jpg 226w, http:\/\/powstaniewielkopolskie.pl\/nowa\/wp-content\/uploads\/2022\/09\/IMG-20220902-WA0006-bis.jpg 634w\" sizes=\"(max-width: 427px) 100vw, 427px\" \/><\/p>\n<p><span style=\"font-size: large;\"><b>1 wrze\u015bnia 2022 r.<\/b> &#8211; w 83. rocznic\u0119 napa\u015bci hitlerowskich Niemiec na Polsk\u0119, co zapocz\u0105tkowa\u0142o II wojn\u0119 \u015bwiatow\u0105, odby\u0142y si\u0119 w Poznaniu uroczysto\u015bci upami\u0119tniaj\u0105ce ofiary agresji. Rozpocz\u0119\u0142a je msza \u015bw. w Bazylice pw. \u015bw. J\u00f3zefa w intencji ofiar \u2013 poleg\u0142ych i zamordowanych. Nast\u0119pnie uczestnicy udali si\u0119 pod pomnik Armii Pozna\u0144, gdzie delegacje z\u0142o\u017cy\u0142y wie\u0144ce. W uroczysto\u015bciach wzi\u0119li udzia\u0142 m.in. przedstawiciele wojew\u00f3dzkiej administracji rz\u0105dowej, wojew\u00f3dzkich i miejskich w\u0142adz samorz\u0105dowych, s\u0142u\u017cb mundurowych i zwi\u0105zk\u00f3w kombatanckich. Podczas uroczysto\u015bci odczytano Apel Poleg\u0142ych, a ca\u0142o\u015b\u0107 odby\u0142a si\u0119 w asy\u015bcie honorowej Wojska Polskiego.<br \/>\n<\/span><span style=\"font-size: large;\">W imieniu Towarzystwa Pami\u0119ci Powstania Wielkopolskiego wi\u0105zank\u0119 kwiat\u00f3w z\u0142o\u017cyli prezes Zarz\u0105du G\u0142\u00f3wnego Tadeusz Musia\u0142 oraz prezes Oddzia\u0142u Wielkopolskiego Wawrzyniec Wierzejewski. <\/span><\/p>\n<p style=\"text-align: right;\"><em><span style=\"font-size: large;\">Fot. Piotr Pers<\/span><\/em><\/p>\n<p>&nbsp;<\/p>\n<div data-animation=\"pulse\" data-icons-animation=\"no-animation\" data-overlay=\"on\" data-change-size=\"\" data-button-size=\"0.7\" style=\"font-size:0.7em;display:none;\" class=\"supsystic-social-sharing supsystic-social-sharing-package-flat supsystic-social-sharing-hide-on-homepage supsystic-social-sharing-content supsystic-social-sharing-content-align-center\" data-text=\"\"><a class=\"social-sharing-button sharer-flat sharer-flat-2 counter-standard digg\" target=\"_blank\" title=\"Digg\" href=\"http:\/\/digg.com\/submit?url=http%3A%2F%2Fpowstaniewielkopolskie.pl%2Fnowa%2F%3Fp%3D6694&title=83.+rocznica+wybuchu+II+wojny+%C5%9Bwiatowej\" data-nid=\"8\" data-name=\"\" data-pid=\"1\" data-post-id=\"6694\" data-url=\"http:\/\/powstaniewielkopolskie.pl\/nowa\/wp-admin\/admin-ajax.php\" data-url=\"http:\/\/powstaniewielkopolskie.pl\/nowa\/wp-admin\/admin-ajax.php\" data-description=\"83. rocznica wybuchu II wojny \u015bwiatowej\" rel=\"nofollow\"><i class=\"fa fa-fw fa-digg\"><\/i><div class=\"counter-wrap standard\"><span class=\"counter\">0<\/span><\/div><\/a><a class=\"social-sharing-button sharer-flat sharer-flat-2 counter-standard mail\" target=\"_blank\" title=\"Mail\" href=\"#\" data-nid=\"16\" data-name=\"\" data-pid=\"1\" data-post-id=\"6694\" data-url=\"http:\/\/powstaniewielkopolskie.pl\/nowa\/wp-admin\/admin-ajax.php\" data-url=\"http:\/\/powstaniewielkopolskie.pl\/nowa\/wp-admin\/admin-ajax.php\" data-description=\"83. rocznica wybuchu II wojny \u015bwiatowej\" rel=\"nofollow\"><i class=\"fa fa-fw fa-envelope-o\"><\/i><div class=\"counter-wrap standard\"><span class=\"counter\">0<\/span><\/div><\/a><a class=\"social-sharing-button sharer-flat sharer-flat-2 counter-standard facebook\" target=\"_blank\" title=\"Facebook\" href=\"http:\/\/www.facebook.com\/sharer.php?u=http%3A%2F%2Fpowstaniewielkopolskie.pl%2Fnowa%2F%3Fp%3D6694\" data-nid=\"1\" data-name=\"\" data-pid=\"1\" data-post-id=\"6694\" data-url=\"http:\/\/powstaniewielkopolskie.pl\/nowa\/wp-admin\/admin-ajax.php\" data-url=\"http:\/\/powstaniewielkopolskie.pl\/nowa\/wp-admin\/admin-ajax.php\" data-description=\"83. rocznica wybuchu II wojny \u015bwiatowej\" rel=\"nofollow\"><i class=\"fa fa-fw fa-facebook\"><\/i><div class=\"counter-wrap standard\"><span class=\"counter\">0<\/span><\/div><\/a><a class=\"social-sharing-button sharer-flat sharer-flat-2 counter-standard whatsapp\" target=\"_blank\" title=\"WhatsApp\" href=\"whatsapp:\/\/send?text=http%3A%2F%2Fpowstaniewielkopolskie.pl%2Fnowa%2F%3Fp%3D6694\" data-nid=\"18\" data-name=\"\" data-pid=\"1\" data-post-id=\"6694\" data-url=\"http:\/\/powstaniewielkopolskie.pl\/nowa\/wp-admin\/admin-ajax.php\" data-url=\"http:\/\/powstaniewielkopolskie.pl\/nowa\/wp-admin\/admin-ajax.php\" data-description=\"83. rocznica wybuchu II wojny \u015bwiatowej\" rel=\"nofollow\"><i class=\"fa fa-fw fa-whatsapp\"><\/i><div class=\"counter-wrap standard\"><span class=\"counter\">0<\/span><\/div><\/a><a class=\"social-sharing-button sharer-flat sharer-flat-2 counter-standard twitter\" target=\"_blank\" title=\"Twitter\" href=\"https:\/\/twitter.com\/share?url=http%3A%2F%2Fpowstaniewielkopolskie.pl%2Fnowa%2F%3Fp%3D6694&text=83.+rocznica+wybuchu+II+wojny+%C5%9Bwiatowej\" data-nid=\"2\" data-name=\"\" data-pid=\"1\" data-post-id=\"6694\" data-url=\"http:\/\/powstaniewielkopolskie.pl\/nowa\/wp-admin\/admin-ajax.php\" data-url=\"http:\/\/powstaniewielkopolskie.pl\/nowa\/wp-admin\/admin-ajax.php\" data-description=\"83. rocznica wybuchu II wojny \u015bwiatowej\" rel=\"nofollow\"><i class=\"fa fa-fw fa-twitter\"><\/i><div class=\"counter-wrap standard\"><span class=\"counter\">0<\/span><\/div><\/a><a class=\"social-sharing-button sharer-flat sharer-flat-2 counter-standard googleplus\" target=\"_blank\" title=\"Google+\" href=\"https:\/\/plus.google.com\/share?url=http%3A%2F%2Fpowstaniewielkopolskie.pl%2Fnowa%2F%3Fp%3D6694\" data-nid=\"3\" data-name=\"\" data-pid=\"1\" data-post-id=\"6694\" data-url=\"http:\/\/powstaniewielkopolskie.pl\/nowa\/wp-admin\/admin-ajax.php\" data-url=\"http:\/\/powstaniewielkopolskie.pl\/nowa\/wp-admin\/admin-ajax.php\" data-description=\"83. rocznica wybuchu II wojny \u015bwiatowej\" rel=\"nofollow\"><i class=\"fa fa-fw fa-google-plus\"><\/i><div class=\"counter-wrap standard\"><span class=\"counter\">0<\/span><\/div><\/a><\/div>","protected":false},"excerpt":{"rendered":"<p>1 wrze\u015bnia 2022 r. &#8211; w 83. rocznic\u0119 napa\u015bci hitlerowskich Niemiec na Polsk\u0119, co zapocz\u0105tkowa\u0142o II wojn\u0119 \u015bwiatow\u0105, odby\u0142y si\u0119 w Poznaniu uroczysto\u015bci upami\u0119tniaj\u0105ce ofiary agresji. Rozpocz\u0119\u0142a je msza \u015bw. w Bazylice<a class=\"moretag\" href=\"http:\/\/powstaniewielkopolskie.pl\/nowa\/?p=6694\">Czytaj wi\u0119cej&#8230;<\/a><\/p>\n<div data-animation=\"pulse\" data-icons-animation=\"no-animation\" data-overlay=\"on\" data-change-size=\"\" data-button-size=\"0.7\" style=\"font-size:0.7em;display:none;\" class=\"supsystic-social-sharing supsystic-social-sharing-package-flat supsystic-social-sharing-hide-on-homepage supsystic-social-sharing-content supsystic-social-sharing-content-align-center\" data-text=\"\"><a class=\"social-sharing-button sharer-flat sharer-flat-2 counter-standard digg\" target=\"_blank\" title=\"Digg\" href=\"http:\/\/digg.com\/submit?url=http%3A%2F%2Fpowstaniewielkopolskie.pl%2Fnowa%2F%3Fp%3D6694&title=83.+rocznica+wybuchu+II+wojny+%C5%9Bwiatowej\" data-nid=\"8\" data-name=\"\" data-pid=\"1\" data-post-id=\"6694\" data-url=\"http:\/\/powstaniewielkopolskie.pl\/nowa\/wp-admin\/admin-ajax.php\" data-url=\"http:\/\/powstaniewielkopolskie.pl\/nowa\/wp-admin\/admin-ajax.php\" data-description=\"83. rocznica wybuchu II wojny \u015bwiatowej\" rel=\"nofollow\"><i class=\"fa fa-fw fa-digg\"><\/i><div class=\"counter-wrap standard\"><span class=\"counter\">0<\/span><\/div><\/a><a class=\"social-sharing-button sharer-flat sharer-flat-2 counter-standard mail\" target=\"_blank\" title=\"Mail\" href=\"#\" data-nid=\"16\" data-name=\"\" data-pid=\"1\" data-post-id=\"6694\" data-url=\"http:\/\/powstaniewielkopolskie.pl\/nowa\/wp-admin\/admin-ajax.php\" data-url=\"http:\/\/powstaniewielkopolskie.pl\/nowa\/wp-admin\/admin-ajax.php\" data-description=\"83. rocznica wybuchu II wojny \u015bwiatowej\" rel=\"nofollow\"><i class=\"fa fa-fw fa-envelope-o\"><\/i><div class=\"counter-wrap standard\"><span class=\"counter\">0<\/span><\/div><\/a><a class=\"social-sharing-button sharer-flat sharer-flat-2 counter-standard facebook\" target=\"_blank\" title=\"Facebook\" href=\"http:\/\/www.facebook.com\/sharer.php?u=http%3A%2F%2Fpowstaniewielkopolskie.pl%2Fnowa%2F%3Fp%3D6694\" data-nid=\"1\" data-name=\"\" data-pid=\"1\" data-post-id=\"6694\" data-url=\"http:\/\/powstaniewielkopolskie.pl\/nowa\/wp-admin\/admin-ajax.php\" data-url=\"http:\/\/powstaniewielkopolskie.pl\/nowa\/wp-admin\/admin-ajax.php\" data-description=\"83. rocznica wybuchu II wojny \u015bwiatowej\" rel=\"nofollow\"><i class=\"fa fa-fw fa-facebook\"><\/i><div class=\"counter-wrap standard\"><span class=\"counter\">0<\/span><\/div><\/a><a class=\"social-sharing-button sharer-flat sharer-flat-2 counter-standard whatsapp\" target=\"_blank\" title=\"WhatsApp\" href=\"whatsapp:\/\/send?text=http%3A%2F%2Fpowstaniewielkopolskie.pl%2Fnowa%2F%3Fp%3D6694\" data-nid=\"18\" data-name=\"\" data-pid=\"1\" data-post-id=\"6694\" data-url=\"http:\/\/powstaniewielkopolskie.pl\/nowa\/wp-admin\/admin-ajax.php\" data-url=\"http:\/\/powstaniewielkopolskie.pl\/nowa\/wp-admin\/admin-ajax.php\" data-description=\"83. rocznica wybuchu II wojny \u015bwiatowej\" rel=\"nofollow\"><i class=\"fa fa-fw fa-whatsapp\"><\/i><div class=\"counter-wrap standard\"><span class=\"counter\">0<\/span><\/div><\/a><a class=\"social-sharing-button sharer-flat sharer-flat-2 counter-standard twitter\" target=\"_blank\" title=\"Twitter\" href=\"https:\/\/twitter.com\/share?url=http%3A%2F%2Fpowstaniewielkopolskie.pl%2Fnowa%2F%3Fp%3D6694&text=83.+rocznica+wybuchu+II+wojny+%C5%9Bwiatowej\" data-nid=\"2\" data-name=\"\" data-pid=\"1\" data-post-id=\"6694\" data-url=\"http:\/\/powstaniewielkopolskie.pl\/nowa\/wp-admin\/admin-ajax.php\" data-url=\"http:\/\/powstaniewielkopolskie.pl\/nowa\/wp-admin\/admin-ajax.php\" data-description=\"83. rocznica wybuchu II wojny \u015bwiatowej\" rel=\"nofollow\"><i class=\"fa fa-fw fa-twitter\"><\/i><div class=\"counter-wrap standard\"><span class=\"counter\">0<\/span><\/div><\/a><a class=\"social-sharing-button sharer-flat sharer-flat-2 counter-standard googleplus\" target=\"_blank\" title=\"Google+\" href=\"https:\/\/plus.google.com\/share?url=http%3A%2F%2Fpowstaniewielkopolskie.pl%2Fnowa%2F%3Fp%3D6694\" data-nid=\"3\" data-name=\"\" data-pid=\"1\" data-post-id=\"6694\" data-url=\"http:\/\/powstaniewielkopolskie.pl\/nowa\/wp-admin\/admin-ajax.php\" data-url=\"http:\/\/powstaniewielkopolskie.pl\/nowa\/wp-admin\/admin-ajax.php\" data-description=\"83. rocznica wybuchu II wojny \u015bwiatowej\" rel=\"nofollow\"><i class=\"fa fa-fw fa-google-plus\"><\/i><div class=\"counter-wrap standard\"><span class=\"counter\">0<\/span><\/div><\/a><\/div>","protected":false},"author":4,"featured_media":0,"comment_status":"closed","ping_status":"open","sticky":false,"template":"","format":"standard","meta":{"footnotes":""},"categories":[3],"tags":[],"_links":{"self":[{"href":"http:\/\/powstaniewielkopolskie.pl\/nowa\/index.php?rest_route=\/wp\/v2\/posts\/6694"}],"collection":[{"href":"http:\/\/powstaniewielkopolskie.pl\/nowa\/index.php?rest_route=\/wp\/v2\/posts"}],"about":[{"href":"http:\/\/powstaniewielkopolskie.pl\/nowa\/index.php?rest_route=\/wp\/v2\/types\/post"}],"author":[{"embeddable":true,"href":"http:\/\/powstaniewielkopolskie.pl\/nowa\/index.php?rest_route=\/wp\/v2\/users\/4"}],"replies":[{"embeddable":true,"href":"http:\/\/powstaniewielkopolskie.pl\/nowa\/index.php?rest_route=%2Fwp%2Fv2%2Fcomments&post=6694"}],"version-history":[{"count":5,"href":"http:\/\/powstaniewielkopolskie.pl\/nowa\/index.php?rest_route=\/wp\/v2\/posts\/6694\/revisions"}],"predecessor-version":[{"id":6707,"href":"http:\/\/powstaniewielkopolskie.pl\/nowa\/index.php?rest_route=\/wp\/v2\/posts\/6694\/revisions\/6707"}],"wp:attachment":[{"href":"http:\/\/powstaniewielkopolskie.pl\/nowa\/index.php?rest_route=%2Fwp%2Fv2%2Fmedia&parent=6694"}],"wp:term":[{"taxonomy":"category","embeddable":true,"href":"http:\/\/powstaniewielkopolskie.pl\/nowa\/index.php?rest_route=%2Fwp%2Fv2%2Fcategories&post=6694"},{"taxonomy":"post_tag","embeddable":true,"href":"http:\/\/powstaniewielkopolskie.pl\/nowa\/index.php?rest_route=%2Fwp%2Fv2%2Ftags&post=6694"}],"curies":[{"name":"wp","href":"https:\/\/api.w.org\/{rel}","templated":true}]}}