{"id":6691,"date":"2022-08-25T13:13:58","date_gmt":"2022-08-25T11:13:58","guid":{"rendered":"http:\/\/powstaniewielkopolskie.pl\/nowa\/?p=6691"},"modified":"2022-08-25T13:13:58","modified_gmt":"2022-08-25T11:13:58","slug":"w-srodzie-wlkp-uroczyscie-odslonieto-nowa-tablice-pamiatkowa-na-kwaterze-powstanczej","status":"publish","type":"post","link":"http:\/\/powstaniewielkopolskie.pl\/nowa\/?p=6691","title":{"rendered":"W \u015arodzie Wlkp. uroczy\u015bcie ods\u0142oni\u0119to now\u0105 tablic\u0119 pami\u0105tkow\u0105 na kwaterze powsta\u0144czej"},"content":{"rendered":"<p><span style=\"font-size: large;\"><strong>15 sierpnia 2022 r.<\/strong> &#8211; w \u015arodzie Wielkopolskiej obchodzono, podobnie jak w wielu innych wielkopolskich miastach i gminach, 102. rocznic\u0119 zwyci\u0119stwa w wojnie polsko \u2013 bolszewickiej. W Bazylice Mniejszej odby\u0142a si\u0119 msza \u015bw. za Ojczyzn\u0119, kt\u00f3rej przewodniczy\u0142 ks. kanonik Janusz \u015amigiel. Po jej zako\u0144czeniu zgromadzeni \u015bredzianie i go\u015bcie z gmin wojew\u00f3dztwa wielkopolskiego przemaszerowali w asy\u015bcie licznych poczt\u00f3w sztandarowych i \u015aredzkiej Orkiestry D\u0119tej na Kwater\u0119 Powsta\u0144c\u00f3w Wielkopolskich na cmentarzu parafialnym, gdzie mia\u0142a miejsce dalsza cz\u0119\u015b\u0107 uroczysto\u015bci. Podczas niej Piotr Mieloch &#8211; burmistrz Miasta \u015aroda Wielkopolska i Maria Mielcarzewicz &#8211; prezes Zarz\u0105du Stowarzyszenia Rodzin Powsta\u0144c\u00f3w Wielkopolskich ods\u0142onili kolejn\u0105 cz\u0119\u015b\u0107 tablicy \u201ePowsta\u0144cy Wielkopolscy 1918\/1919\u201d. Aktu po\u015bwi\u0119cenia nowej tablicy zawieraj\u0105cej 147 nazwisk Powsta\u0144c\u00f3w Wielkopolskich dokona\u0142 proboszcz parafii pw. \u015bw. J\u00f3zefa w \u015arodzie Wielkopolskiej ks. Pawe\u0142 Pospieszny.<\/span><\/p>\n<div data-animation=\"pulse\" data-icons-animation=\"no-animation\" data-overlay=\"on\" data-change-size=\"\" data-button-size=\"0.7\" style=\"font-size:0.7em;display:none;\" class=\"supsystic-social-sharing supsystic-social-sharing-package-flat supsystic-social-sharing-hide-on-homepage supsystic-social-sharing-content supsystic-social-sharing-content-align-center\" data-text=\"\"><a class=\"social-sharing-button sharer-flat sharer-flat-2 counter-standard digg\" target=\"_blank\" title=\"Digg\" href=\"http:\/\/digg.com\/submit?url=http%3A%2F%2Fpowstaniewielkopolskie.pl%2Fnowa%2F%3Fp%3D6691&title=W+%C5%9Arodzie+Wlkp.+uroczy%C5%9Bcie+ods%C5%82oni%C4%99to+now%C4%85+tablic%C4%99+pami%C4%85tkow%C4%85+na+kwaterze+powsta%C5%84czej\" data-nid=\"8\" data-name=\"\" data-pid=\"1\" data-post-id=\"6691\" data-url=\"http:\/\/powstaniewielkopolskie.pl\/nowa\/wp-admin\/admin-ajax.php\" data-url=\"http:\/\/powstaniewielkopolskie.pl\/nowa\/wp-admin\/admin-ajax.php\" data-description=\"W \u015arodzie Wlkp. uroczy\u015bcie ods\u0142oni\u0119to now\u0105 tablic\u0119 pami\u0105tkow\u0105 na kwaterze powsta\u0144czej\" rel=\"nofollow\"><i class=\"fa fa-fw fa-digg\"><\/i><div class=\"counter-wrap standard\"><span class=\"counter\">0<\/span><\/div><\/a><a class=\"social-sharing-button sharer-flat sharer-flat-2 counter-standard mail\" target=\"_blank\" title=\"Mail\" href=\"#\" data-nid=\"16\" data-name=\"\" data-pid=\"1\" data-post-id=\"6691\" data-url=\"http:\/\/powstaniewielkopolskie.pl\/nowa\/wp-admin\/admin-ajax.php\" data-url=\"http:\/\/powstaniewielkopolskie.pl\/nowa\/wp-admin\/admin-ajax.php\" data-description=\"W \u015arodzie Wlkp. uroczy\u015bcie ods\u0142oni\u0119to now\u0105 tablic\u0119 pami\u0105tkow\u0105 na kwaterze powsta\u0144czej\" rel=\"nofollow\"><i class=\"fa fa-fw fa-envelope-o\"><\/i><div class=\"counter-wrap standard\"><span class=\"counter\">0<\/span><\/div><\/a><a class=\"social-sharing-button sharer-flat sharer-flat-2 counter-standard facebook\" target=\"_blank\" title=\"Facebook\" href=\"http:\/\/www.facebook.com\/sharer.php?u=http%3A%2F%2Fpowstaniewielkopolskie.pl%2Fnowa%2F%3Fp%3D6691\" data-nid=\"1\" data-name=\"\" data-pid=\"1\" data-post-id=\"6691\" data-url=\"http:\/\/powstaniewielkopolskie.pl\/nowa\/wp-admin\/admin-ajax.php\" data-url=\"http:\/\/powstaniewielkopolskie.pl\/nowa\/wp-admin\/admin-ajax.php\" data-description=\"W \u015arodzie Wlkp. uroczy\u015bcie ods\u0142oni\u0119to now\u0105 tablic\u0119 pami\u0105tkow\u0105 na kwaterze powsta\u0144czej\" rel=\"nofollow\"><i class=\"fa fa-fw fa-facebook\"><\/i><div class=\"counter-wrap standard\"><span class=\"counter\">0<\/span><\/div><\/a><a class=\"social-sharing-button sharer-flat sharer-flat-2 counter-standard whatsapp\" target=\"_blank\" title=\"WhatsApp\" href=\"whatsapp:\/\/send?text=http%3A%2F%2Fpowstaniewielkopolskie.pl%2Fnowa%2F%3Fp%3D6691\" data-nid=\"18\" data-name=\"\" data-pid=\"1\" data-post-id=\"6691\" data-url=\"http:\/\/powstaniewielkopolskie.pl\/nowa\/wp-admin\/admin-ajax.php\" data-url=\"http:\/\/powstaniewielkopolskie.pl\/nowa\/wp-admin\/admin-ajax.php\" data-description=\"W \u015arodzie Wlkp. uroczy\u015bcie ods\u0142oni\u0119to now\u0105 tablic\u0119 pami\u0105tkow\u0105 na kwaterze powsta\u0144czej\" rel=\"nofollow\"><i class=\"fa fa-fw fa-whatsapp\"><\/i><div class=\"counter-wrap standard\"><span class=\"counter\">0<\/span><\/div><\/a><a class=\"social-sharing-button sharer-flat sharer-flat-2 counter-standard twitter\" target=\"_blank\" title=\"Twitter\" href=\"https:\/\/twitter.com\/share?url=http%3A%2F%2Fpowstaniewielkopolskie.pl%2Fnowa%2F%3Fp%3D6691&text=W+%C5%9Arodzie+Wlkp.+uroczy%C5%9Bcie+ods%C5%82oni%C4%99to+now%C4%85+tablic%C4%99+pami%C4%85tkow%C4%85+na+kwaterze+powsta%C5%84czej\" data-nid=\"2\" data-name=\"\" data-pid=\"1\" data-post-id=\"6691\" data-url=\"http:\/\/powstaniewielkopolskie.pl\/nowa\/wp-admin\/admin-ajax.php\" data-url=\"http:\/\/powstaniewielkopolskie.pl\/nowa\/wp-admin\/admin-ajax.php\" data-description=\"W \u015arodzie Wlkp. uroczy\u015bcie ods\u0142oni\u0119to now\u0105 tablic\u0119 pami\u0105tkow\u0105 na kwaterze powsta\u0144czej\" rel=\"nofollow\"><i class=\"fa fa-fw fa-twitter\"><\/i><div class=\"counter-wrap standard\"><span class=\"counter\">0<\/span><\/div><\/a><a class=\"social-sharing-button sharer-flat sharer-flat-2 counter-standard googleplus\" target=\"_blank\" title=\"Google+\" href=\"https:\/\/plus.google.com\/share?url=http%3A%2F%2Fpowstaniewielkopolskie.pl%2Fnowa%2F%3Fp%3D6691\" data-nid=\"3\" data-name=\"\" data-pid=\"1\" data-post-id=\"6691\" data-url=\"http:\/\/powstaniewielkopolskie.pl\/nowa\/wp-admin\/admin-ajax.php\" data-url=\"http:\/\/powstaniewielkopolskie.pl\/nowa\/wp-admin\/admin-ajax.php\" data-description=\"W \u015arodzie Wlkp. uroczy\u015bcie ods\u0142oni\u0119to now\u0105 tablic\u0119 pami\u0105tkow\u0105 na kwaterze powsta\u0144czej\" rel=\"nofollow\"><i class=\"fa fa-fw fa-google-plus\"><\/i><div class=\"counter-wrap standard\"><span class=\"counter\">0<\/span><\/div><\/a><\/div>","protected":false},"excerpt":{"rendered":"<p>15 sierpnia 2022 r. &#8211; w \u015arodzie Wielkopolskiej obchodzono, podobnie jak w wielu innych wielkopolskich miastach i gminach, 102. rocznic\u0119 zwyci\u0119stwa w wojnie polsko \u2013 bolszewickiej. W Bazylice Mniejszej odby\u0142a si\u0119 msza<a class=\"moretag\" href=\"http:\/\/powstaniewielkopolskie.pl\/nowa\/?p=6691\">Czytaj wi\u0119cej&#8230;<\/a><\/p>\n<div data-animation=\"pulse\" data-icons-animation=\"no-animation\" data-overlay=\"on\" data-change-size=\"\" data-button-size=\"0.7\" style=\"font-size:0.7em;display:none;\" class=\"supsystic-social-sharing supsystic-social-sharing-package-flat supsystic-social-sharing-hide-on-homepage supsystic-social-sharing-content supsystic-social-sharing-content-align-center\" data-text=\"\"><a class=\"social-sharing-button sharer-flat sharer-flat-2 counter-standard digg\" target=\"_blank\" title=\"Digg\" href=\"http:\/\/digg.com\/submit?url=http%3A%2F%2Fpowstaniewielkopolskie.pl%2Fnowa%2F%3Fp%3D6691&title=W+%C5%9Arodzie+Wlkp.+uroczy%C5%9Bcie+ods%C5%82oni%C4%99to+now%C4%85+tablic%C4%99+pami%C4%85tkow%C4%85+na+kwaterze+powsta%C5%84czej\" data-nid=\"8\" data-name=\"\" data-pid=\"1\" data-post-id=\"6691\" data-url=\"http:\/\/powstaniewielkopolskie.pl\/nowa\/wp-admin\/admin-ajax.php\" data-url=\"http:\/\/powstaniewielkopolskie.pl\/nowa\/wp-admin\/admin-ajax.php\" data-description=\"W \u015arodzie Wlkp. uroczy\u015bcie ods\u0142oni\u0119to now\u0105 tablic\u0119 pami\u0105tkow\u0105 na kwaterze powsta\u0144czej\" rel=\"nofollow\"><i class=\"fa fa-fw fa-digg\"><\/i><div class=\"counter-wrap standard\"><span class=\"counter\">0<\/span><\/div><\/a><a class=\"social-sharing-button sharer-flat sharer-flat-2 counter-standard mail\" target=\"_blank\" title=\"Mail\" href=\"#\" data-nid=\"16\" data-name=\"\" data-pid=\"1\" data-post-id=\"6691\" data-url=\"http:\/\/powstaniewielkopolskie.pl\/nowa\/wp-admin\/admin-ajax.php\" data-url=\"http:\/\/powstaniewielkopolskie.pl\/nowa\/wp-admin\/admin-ajax.php\" data-description=\"W \u015arodzie Wlkp. uroczy\u015bcie ods\u0142oni\u0119to now\u0105 tablic\u0119 pami\u0105tkow\u0105 na kwaterze powsta\u0144czej\" rel=\"nofollow\"><i class=\"fa fa-fw fa-envelope-o\"><\/i><div class=\"counter-wrap standard\"><span class=\"counter\">0<\/span><\/div><\/a><a class=\"social-sharing-button sharer-flat sharer-flat-2 counter-standard facebook\" target=\"_blank\" title=\"Facebook\" href=\"http:\/\/www.facebook.com\/sharer.php?u=http%3A%2F%2Fpowstaniewielkopolskie.pl%2Fnowa%2F%3Fp%3D6691\" data-nid=\"1\" data-name=\"\" data-pid=\"1\" data-post-id=\"6691\" data-url=\"http:\/\/powstaniewielkopolskie.pl\/nowa\/wp-admin\/admin-ajax.php\" data-url=\"http:\/\/powstaniewielkopolskie.pl\/nowa\/wp-admin\/admin-ajax.php\" data-description=\"W \u015arodzie Wlkp. uroczy\u015bcie ods\u0142oni\u0119to now\u0105 tablic\u0119 pami\u0105tkow\u0105 na kwaterze powsta\u0144czej\" rel=\"nofollow\"><i class=\"fa fa-fw fa-facebook\"><\/i><div class=\"counter-wrap standard\"><span class=\"counter\">0<\/span><\/div><\/a><a class=\"social-sharing-button sharer-flat sharer-flat-2 counter-standard whatsapp\" target=\"_blank\" title=\"WhatsApp\" href=\"whatsapp:\/\/send?text=http%3A%2F%2Fpowstaniewielkopolskie.pl%2Fnowa%2F%3Fp%3D6691\" data-nid=\"18\" data-name=\"\" data-pid=\"1\" data-post-id=\"6691\" data-url=\"http:\/\/powstaniewielkopolskie.pl\/nowa\/wp-admin\/admin-ajax.php\" data-url=\"http:\/\/powstaniewielkopolskie.pl\/nowa\/wp-admin\/admin-ajax.php\" data-description=\"W \u015arodzie Wlkp. uroczy\u015bcie ods\u0142oni\u0119to now\u0105 tablic\u0119 pami\u0105tkow\u0105 na kwaterze powsta\u0144czej\" rel=\"nofollow\"><i class=\"fa fa-fw fa-whatsapp\"><\/i><div class=\"counter-wrap standard\"><span class=\"counter\">0<\/span><\/div><\/a><a class=\"social-sharing-button sharer-flat sharer-flat-2 counter-standard twitter\" target=\"_blank\" title=\"Twitter\" href=\"https:\/\/twitter.com\/share?url=http%3A%2F%2Fpowstaniewielkopolskie.pl%2Fnowa%2F%3Fp%3D6691&text=W+%C5%9Arodzie+Wlkp.+uroczy%C5%9Bcie+ods%C5%82oni%C4%99to+now%C4%85+tablic%C4%99+pami%C4%85tkow%C4%85+na+kwaterze+powsta%C5%84czej\" data-nid=\"2\" data-name=\"\" data-pid=\"1\" data-post-id=\"6691\" data-url=\"http:\/\/powstaniewielkopolskie.pl\/nowa\/wp-admin\/admin-ajax.php\" data-url=\"http:\/\/powstaniewielkopolskie.pl\/nowa\/wp-admin\/admin-ajax.php\" data-description=\"W \u015arodzie Wlkp. uroczy\u015bcie ods\u0142oni\u0119to now\u0105 tablic\u0119 pami\u0105tkow\u0105 na kwaterze powsta\u0144czej\" rel=\"nofollow\"><i class=\"fa fa-fw fa-twitter\"><\/i><div class=\"counter-wrap standard\"><span class=\"counter\">0<\/span><\/div><\/a><a class=\"social-sharing-button sharer-flat sharer-flat-2 counter-standard googleplus\" target=\"_blank\" title=\"Google+\" href=\"https:\/\/plus.google.com\/share?url=http%3A%2F%2Fpowstaniewielkopolskie.pl%2Fnowa%2F%3Fp%3D6691\" data-nid=\"3\" data-name=\"\" data-pid=\"1\" data-post-id=\"6691\" data-url=\"http:\/\/powstaniewielkopolskie.pl\/nowa\/wp-admin\/admin-ajax.php\" data-url=\"http:\/\/powstaniewielkopolskie.pl\/nowa\/wp-admin\/admin-ajax.php\" data-description=\"W \u015arodzie Wlkp. uroczy\u015bcie ods\u0142oni\u0119to now\u0105 tablic\u0119 pami\u0105tkow\u0105 na kwaterze powsta\u0144czej\" rel=\"nofollow\"><i class=\"fa fa-fw fa-google-plus\"><\/i><div class=\"counter-wrap standard\"><span class=\"counter\">0<\/span><\/div><\/a><\/div>","protected":false},"author":4,"featured_media":0,"comment_status":"closed","ping_status":"open","sticky":false,"template":"","format":"standard","meta":{"footnotes":""},"categories":[3],"tags":[],"_links":{"self":[{"href":"http:\/\/powstaniewielkopolskie.pl\/nowa\/index.php?rest_route=\/wp\/v2\/posts\/6691"}],"collection":[{"href":"http:\/\/powstaniewielkopolskie.pl\/nowa\/index.php?rest_route=\/wp\/v2\/posts"}],"about":[{"href":"http:\/\/powstaniewielkopolskie.pl\/nowa\/index.php?rest_route=\/wp\/v2\/types\/post"}],"author":[{"embeddable":true,"href":"http:\/\/powstaniewielkopolskie.pl\/nowa\/index.php?rest_route=\/wp\/v2\/users\/4"}],"replies":[{"embeddable":true,"href":"http:\/\/powstaniewielkopolskie.pl\/nowa\/index.php?rest_route=%2Fwp%2Fv2%2Fcomments&post=6691"}],"version-history":[{"count":1,"href":"http:\/\/powstaniewielkopolskie.pl\/nowa\/index.php?rest_route=\/wp\/v2\/posts\/6691\/revisions"}],"predecessor-version":[{"id":6692,"href":"http:\/\/powstaniewielkopolskie.pl\/nowa\/index.php?rest_route=\/wp\/v2\/posts\/6691\/revisions\/6692"}],"wp:attachment":[{"href":"http:\/\/powstaniewielkopolskie.pl\/nowa\/index.php?rest_route=%2Fwp%2Fv2%2Fmedia&parent=6691"}],"wp:term":[{"taxonomy":"category","embeddable":true,"href":"http:\/\/powstaniewielkopolskie.pl\/nowa\/index.php?rest_route=%2Fwp%2Fv2%2Fcategories&post=6691"},{"taxonomy":"post_tag","embeddable":true,"href":"http:\/\/powstaniewielkopolskie.pl\/nowa\/index.php?rest_route=%2Fwp%2Fv2%2Ftags&post=6691"}],"curies":[{"name":"wp","href":"https:\/\/api.w.org\/{rel}","templated":true}]}}