{"id":6625,"date":"2022-06-12T20:19:30","date_gmt":"2022-06-12T18:19:30","guid":{"rendered":"http:\/\/powstaniewielkopolskie.pl\/nowa\/?p=6625"},"modified":"2022-06-22T00:44:39","modified_gmt":"2022-06-21T22:44:39","slug":"nadanie-sztandaru-szkole-podstawowej-im-powstancow-wielkopolskich-w-tulcach","status":"publish","type":"post","link":"http:\/\/powstaniewielkopolskie.pl\/nowa\/?p=6625","title":{"rendered":"Nadanie sztandaru Szkole Podstawowej im. Powsta\u0144c\u00f3w Wielkopolskich w Tulcach"},"content":{"rendered":"<p><span style=\"font-size: large;\"><strong>8 czerwca 2022 r.<\/strong> &#8211; w Szkole Podstawowej im. Powsta\u0144c\u00f3w Wielkopolskich w Tulcach odby\u0142a si\u0119 uroczysto\u015b\u0107 nadania i po\u015bwi\u0119cenia sztandaru. W wydarzeniu wzi\u0119li udzia\u0142 zaproszeni go\u015bcie m.in.: wicekurator o\u015bwiaty Zbigniew Talaga, w\u00f3jt Gminy Kleszczewo Bogdan Kemnitz oraz prezes Ko\u0142a Towarzystwa Pami\u0119ci Powstania Wielkopolskiego 1918\/19 Halina Kowalewska. Uroczysto\u015b\u0107 rozpocz\u0119\u0142a msza \u015bw. w miejscom ko\u015bciele. Cz\u0119\u015b\u0107 oficjalna mia\u0142a miejsce w hali sportowej. Po symbolicznym przybiciu gwo\u017adzi do drzewca, sztandar zosta\u0142 przekazany dyrektorowi Szko\u0142y Andrzejowi Szymczakowi, a nast\u0119pnie w r\u0119ce uczni\u00f3w. Przyj\u0119cie sztandaru to wa\u017cny symbol maj\u0105cy na celu upami\u0119tnienie Powsta\u0144c\u00f3w Wielkopolskich wywodz\u0105cych si\u0119 z regionu gminy Kleszczewo. <\/span><\/p>\n<p style=\"text-align: right;\"><em><span style=\"font-size: large;\">Fot. Magdalena Socha <\/span><\/em><\/p>\n<p style=\"text-align: left;\"><em><span style=\"font-size: large;\">Wi\u0119cej informacji w zak\u0142adce Z dzia\u0142alno\u015bci K\u00f3\u0142 i Klub\u00f3w M\u0142odzie\u017cowych pod linkiem:\u00a0<a href=\"http:\/\/powstaniewielkopolskie.pl\/nowa\/?page_id=132\">Z dzia\u0142alno\u015bci K\u00f3\u0142 i Klub\u00f3w M\u0142odzie\u017cowych \u2013 Towarzystwo Pami\u0119ci Powstania Wielkopolskiego 1918\/1919 (powstaniewielkopolskie.pl)<\/a><\/span><\/em><\/p>\n<p style=\"text-align: right;\">\n<div data-animation=\"pulse\" data-icons-animation=\"no-animation\" data-overlay=\"on\" data-change-size=\"\" data-button-size=\"0.7\" style=\"font-size:0.7em;display:none;\" class=\"supsystic-social-sharing supsystic-social-sharing-package-flat supsystic-social-sharing-hide-on-homepage supsystic-social-sharing-content supsystic-social-sharing-content-align-center\" data-text=\"\"><a class=\"social-sharing-button sharer-flat sharer-flat-2 counter-standard digg\" target=\"_blank\" title=\"Digg\" href=\"http:\/\/digg.com\/submit?url=http%3A%2F%2Fpowstaniewielkopolskie.pl%2Fnowa%2F%3Fp%3D6625&title=Nadanie+sztandaru+Szkole+Podstawowej+im.+Powsta%C5%84c%C3%B3w+Wielkopolskich+w+Tulcach\" data-nid=\"8\" data-name=\"\" data-pid=\"1\" data-post-id=\"6625\" data-url=\"http:\/\/powstaniewielkopolskie.pl\/nowa\/wp-admin\/admin-ajax.php\" data-url=\"http:\/\/powstaniewielkopolskie.pl\/nowa\/wp-admin\/admin-ajax.php\" data-description=\"Nadanie sztandaru Szkole Podstawowej im. Powsta\u0144c\u00f3w Wielkopolskich w Tulcach\" rel=\"nofollow\"><i class=\"fa fa-fw fa-digg\"><\/i><div class=\"counter-wrap standard\"><span class=\"counter\">0<\/span><\/div><\/a><a class=\"social-sharing-button sharer-flat sharer-flat-2 counter-standard mail\" target=\"_blank\" title=\"Mail\" href=\"#\" data-nid=\"16\" data-name=\"\" data-pid=\"1\" data-post-id=\"6625\" data-url=\"http:\/\/powstaniewielkopolskie.pl\/nowa\/wp-admin\/admin-ajax.php\" data-url=\"http:\/\/powstaniewielkopolskie.pl\/nowa\/wp-admin\/admin-ajax.php\" data-description=\"Nadanie sztandaru Szkole Podstawowej im. Powsta\u0144c\u00f3w Wielkopolskich w Tulcach\" rel=\"nofollow\"><i class=\"fa fa-fw fa-envelope-o\"><\/i><div class=\"counter-wrap standard\"><span class=\"counter\">0<\/span><\/div><\/a><a class=\"social-sharing-button sharer-flat sharer-flat-2 counter-standard facebook\" target=\"_blank\" title=\"Facebook\" href=\"http:\/\/www.facebook.com\/sharer.php?u=http%3A%2F%2Fpowstaniewielkopolskie.pl%2Fnowa%2F%3Fp%3D6625\" data-nid=\"1\" data-name=\"\" data-pid=\"1\" data-post-id=\"6625\" data-url=\"http:\/\/powstaniewielkopolskie.pl\/nowa\/wp-admin\/admin-ajax.php\" data-url=\"http:\/\/powstaniewielkopolskie.pl\/nowa\/wp-admin\/admin-ajax.php\" data-description=\"Nadanie sztandaru Szkole Podstawowej im. Powsta\u0144c\u00f3w Wielkopolskich w Tulcach\" rel=\"nofollow\"><i class=\"fa fa-fw fa-facebook\"><\/i><div class=\"counter-wrap standard\"><span class=\"counter\">0<\/span><\/div><\/a><a class=\"social-sharing-button sharer-flat sharer-flat-2 counter-standard whatsapp\" target=\"_blank\" title=\"WhatsApp\" href=\"whatsapp:\/\/send?text=http%3A%2F%2Fpowstaniewielkopolskie.pl%2Fnowa%2F%3Fp%3D6625\" data-nid=\"18\" data-name=\"\" data-pid=\"1\" data-post-id=\"6625\" data-url=\"http:\/\/powstaniewielkopolskie.pl\/nowa\/wp-admin\/admin-ajax.php\" data-url=\"http:\/\/powstaniewielkopolskie.pl\/nowa\/wp-admin\/admin-ajax.php\" data-description=\"Nadanie sztandaru Szkole Podstawowej im. Powsta\u0144c\u00f3w Wielkopolskich w Tulcach\" rel=\"nofollow\"><i class=\"fa fa-fw fa-whatsapp\"><\/i><div class=\"counter-wrap standard\"><span class=\"counter\">0<\/span><\/div><\/a><a class=\"social-sharing-button sharer-flat sharer-flat-2 counter-standard twitter\" target=\"_blank\" title=\"Twitter\" href=\"https:\/\/twitter.com\/share?url=http%3A%2F%2Fpowstaniewielkopolskie.pl%2Fnowa%2F%3Fp%3D6625&text=Nadanie+sztandaru+Szkole+Podstawowej+im.+Powsta%C5%84c%C3%B3w+Wielkopolskich+w+Tulcach\" data-nid=\"2\" data-name=\"\" data-pid=\"1\" data-post-id=\"6625\" data-url=\"http:\/\/powstaniewielkopolskie.pl\/nowa\/wp-admin\/admin-ajax.php\" data-url=\"http:\/\/powstaniewielkopolskie.pl\/nowa\/wp-admin\/admin-ajax.php\" data-description=\"Nadanie sztandaru Szkole Podstawowej im. Powsta\u0144c\u00f3w Wielkopolskich w Tulcach\" rel=\"nofollow\"><i class=\"fa fa-fw fa-twitter\"><\/i><div class=\"counter-wrap standard\"><span class=\"counter\">0<\/span><\/div><\/a><a class=\"social-sharing-button sharer-flat sharer-flat-2 counter-standard googleplus\" target=\"_blank\" title=\"Google+\" href=\"https:\/\/plus.google.com\/share?url=http%3A%2F%2Fpowstaniewielkopolskie.pl%2Fnowa%2F%3Fp%3D6625\" data-nid=\"3\" data-name=\"\" data-pid=\"1\" data-post-id=\"6625\" data-url=\"http:\/\/powstaniewielkopolskie.pl\/nowa\/wp-admin\/admin-ajax.php\" data-url=\"http:\/\/powstaniewielkopolskie.pl\/nowa\/wp-admin\/admin-ajax.php\" data-description=\"Nadanie sztandaru Szkole Podstawowej im. Powsta\u0144c\u00f3w Wielkopolskich w Tulcach\" rel=\"nofollow\"><i class=\"fa fa-fw fa-google-plus\"><\/i><div class=\"counter-wrap standard\"><span class=\"counter\">0<\/span><\/div><\/a><\/div>","protected":false},"excerpt":{"rendered":"<p>8 czerwca 2022 r. &#8211; w Szkole Podstawowej im. Powsta\u0144c\u00f3w Wielkopolskich w Tulcach odby\u0142a si\u0119 uroczysto\u015b\u0107 nadania i po\u015bwi\u0119cenia sztandaru. W wydarzeniu wzi\u0119li udzia\u0142 zaproszeni go\u015bcie m.in.: wicekurator o\u015bwiaty Zbigniew Talaga, w\u00f3jt<a class=\"moretag\" href=\"http:\/\/powstaniewielkopolskie.pl\/nowa\/?p=6625\">Czytaj wi\u0119cej&#8230;<\/a><\/p>\n<div data-animation=\"pulse\" data-icons-animation=\"no-animation\" data-overlay=\"on\" data-change-size=\"\" data-button-size=\"0.7\" style=\"font-size:0.7em;display:none;\" class=\"supsystic-social-sharing supsystic-social-sharing-package-flat supsystic-social-sharing-hide-on-homepage supsystic-social-sharing-content supsystic-social-sharing-content-align-center\" data-text=\"\"><a class=\"social-sharing-button sharer-flat sharer-flat-2 counter-standard digg\" target=\"_blank\" title=\"Digg\" href=\"http:\/\/digg.com\/submit?url=http%3A%2F%2Fpowstaniewielkopolskie.pl%2Fnowa%2F%3Fp%3D6625&title=Nadanie+sztandaru+Szkole+Podstawowej+im.+Powsta%C5%84c%C3%B3w+Wielkopolskich+w+Tulcach\" data-nid=\"8\" data-name=\"\" data-pid=\"1\" data-post-id=\"6625\" data-url=\"http:\/\/powstaniewielkopolskie.pl\/nowa\/wp-admin\/admin-ajax.php\" data-url=\"http:\/\/powstaniewielkopolskie.pl\/nowa\/wp-admin\/admin-ajax.php\" data-description=\"Nadanie sztandaru Szkole Podstawowej im. Powsta\u0144c\u00f3w Wielkopolskich w Tulcach\" rel=\"nofollow\"><i class=\"fa fa-fw fa-digg\"><\/i><div class=\"counter-wrap standard\"><span class=\"counter\">0<\/span><\/div><\/a><a class=\"social-sharing-button sharer-flat sharer-flat-2 counter-standard mail\" target=\"_blank\" title=\"Mail\" href=\"#\" data-nid=\"16\" data-name=\"\" data-pid=\"1\" data-post-id=\"6625\" data-url=\"http:\/\/powstaniewielkopolskie.pl\/nowa\/wp-admin\/admin-ajax.php\" data-url=\"http:\/\/powstaniewielkopolskie.pl\/nowa\/wp-admin\/admin-ajax.php\" data-description=\"Nadanie sztandaru Szkole Podstawowej im. Powsta\u0144c\u00f3w Wielkopolskich w Tulcach\" rel=\"nofollow\"><i class=\"fa fa-fw fa-envelope-o\"><\/i><div class=\"counter-wrap standard\"><span class=\"counter\">0<\/span><\/div><\/a><a class=\"social-sharing-button sharer-flat sharer-flat-2 counter-standard facebook\" target=\"_blank\" title=\"Facebook\" href=\"http:\/\/www.facebook.com\/sharer.php?u=http%3A%2F%2Fpowstaniewielkopolskie.pl%2Fnowa%2F%3Fp%3D6625\" data-nid=\"1\" data-name=\"\" data-pid=\"1\" data-post-id=\"6625\" data-url=\"http:\/\/powstaniewielkopolskie.pl\/nowa\/wp-admin\/admin-ajax.php\" data-url=\"http:\/\/powstaniewielkopolskie.pl\/nowa\/wp-admin\/admin-ajax.php\" data-description=\"Nadanie sztandaru Szkole Podstawowej im. Powsta\u0144c\u00f3w Wielkopolskich w Tulcach\" rel=\"nofollow\"><i class=\"fa fa-fw fa-facebook\"><\/i><div class=\"counter-wrap standard\"><span class=\"counter\">0<\/span><\/div><\/a><a class=\"social-sharing-button sharer-flat sharer-flat-2 counter-standard whatsapp\" target=\"_blank\" title=\"WhatsApp\" href=\"whatsapp:\/\/send?text=http%3A%2F%2Fpowstaniewielkopolskie.pl%2Fnowa%2F%3Fp%3D6625\" data-nid=\"18\" data-name=\"\" data-pid=\"1\" data-post-id=\"6625\" data-url=\"http:\/\/powstaniewielkopolskie.pl\/nowa\/wp-admin\/admin-ajax.php\" data-url=\"http:\/\/powstaniewielkopolskie.pl\/nowa\/wp-admin\/admin-ajax.php\" data-description=\"Nadanie sztandaru Szkole Podstawowej im. Powsta\u0144c\u00f3w Wielkopolskich w Tulcach\" rel=\"nofollow\"><i class=\"fa fa-fw fa-whatsapp\"><\/i><div class=\"counter-wrap standard\"><span class=\"counter\">0<\/span><\/div><\/a><a class=\"social-sharing-button sharer-flat sharer-flat-2 counter-standard twitter\" target=\"_blank\" title=\"Twitter\" href=\"https:\/\/twitter.com\/share?url=http%3A%2F%2Fpowstaniewielkopolskie.pl%2Fnowa%2F%3Fp%3D6625&text=Nadanie+sztandaru+Szkole+Podstawowej+im.+Powsta%C5%84c%C3%B3w+Wielkopolskich+w+Tulcach\" data-nid=\"2\" data-name=\"\" data-pid=\"1\" data-post-id=\"6625\" data-url=\"http:\/\/powstaniewielkopolskie.pl\/nowa\/wp-admin\/admin-ajax.php\" data-url=\"http:\/\/powstaniewielkopolskie.pl\/nowa\/wp-admin\/admin-ajax.php\" data-description=\"Nadanie sztandaru Szkole Podstawowej im. Powsta\u0144c\u00f3w Wielkopolskich w Tulcach\" rel=\"nofollow\"><i class=\"fa fa-fw fa-twitter\"><\/i><div class=\"counter-wrap standard\"><span class=\"counter\">0<\/span><\/div><\/a><a class=\"social-sharing-button sharer-flat sharer-flat-2 counter-standard googleplus\" target=\"_blank\" title=\"Google+\" href=\"https:\/\/plus.google.com\/share?url=http%3A%2F%2Fpowstaniewielkopolskie.pl%2Fnowa%2F%3Fp%3D6625\" data-nid=\"3\" data-name=\"\" data-pid=\"1\" data-post-id=\"6625\" data-url=\"http:\/\/powstaniewielkopolskie.pl\/nowa\/wp-admin\/admin-ajax.php\" data-url=\"http:\/\/powstaniewielkopolskie.pl\/nowa\/wp-admin\/admin-ajax.php\" data-description=\"Nadanie sztandaru Szkole Podstawowej im. Powsta\u0144c\u00f3w Wielkopolskich w Tulcach\" rel=\"nofollow\"><i class=\"fa fa-fw fa-google-plus\"><\/i><div class=\"counter-wrap standard\"><span class=\"counter\">0<\/span><\/div><\/a><\/div>","protected":false},"author":4,"featured_media":6628,"comment_status":"closed","ping_status":"open","sticky":false,"template":"","format":"standard","meta":{"footnotes":""},"categories":[3],"tags":[],"_links":{"self":[{"href":"http:\/\/powstaniewielkopolskie.pl\/nowa\/index.php?rest_route=\/wp\/v2\/posts\/6625"}],"collection":[{"href":"http:\/\/powstaniewielkopolskie.pl\/nowa\/index.php?rest_route=\/wp\/v2\/posts"}],"about":[{"href":"http:\/\/powstaniewielkopolskie.pl\/nowa\/index.php?rest_route=\/wp\/v2\/types\/post"}],"author":[{"embeddable":true,"href":"http:\/\/powstaniewielkopolskie.pl\/nowa\/index.php?rest_route=\/wp\/v2\/users\/4"}],"replies":[{"embeddable":true,"href":"http:\/\/powstaniewielkopolskie.pl\/nowa\/index.php?rest_route=%2Fwp%2Fv2%2Fcomments&post=6625"}],"version-history":[{"count":6,"href":"http:\/\/powstaniewielkopolskie.pl\/nowa\/index.php?rest_route=\/wp\/v2\/posts\/6625\/revisions"}],"predecessor-version":[{"id":6635,"href":"http:\/\/powstaniewielkopolskie.pl\/nowa\/index.php?rest_route=\/wp\/v2\/posts\/6625\/revisions\/6635"}],"wp:featuredmedia":[{"embeddable":true,"href":"http:\/\/powstaniewielkopolskie.pl\/nowa\/index.php?rest_route=\/wp\/v2\/media\/6628"}],"wp:attachment":[{"href":"http:\/\/powstaniewielkopolskie.pl\/nowa\/index.php?rest_route=%2Fwp%2Fv2%2Fmedia&parent=6625"}],"wp:term":[{"taxonomy":"category","embeddable":true,"href":"http:\/\/powstaniewielkopolskie.pl\/nowa\/index.php?rest_route=%2Fwp%2Fv2%2Fcategories&post=6625"},{"taxonomy":"post_tag","embeddable":true,"href":"http:\/\/powstaniewielkopolskie.pl\/nowa\/index.php?rest_route=%2Fwp%2Fv2%2Ftags&post=6625"}],"curies":[{"name":"wp","href":"https:\/\/api.w.org\/{rel}","templated":true}]}}