{"id":6582,"date":"2022-06-13T12:28:07","date_gmt":"2022-06-13T10:28:07","guid":{"rendered":"http:\/\/powstaniewielkopolskie.pl\/nowa\/?p=6582"},"modified":"2022-06-20T19:04:41","modified_gmt":"2022-06-20T17:04:41","slug":"nadanie-imienia-szkole-podstawowej-w-nieparcie","status":"publish","type":"post","link":"http:\/\/powstaniewielkopolskie.pl\/nowa\/?p=6582","title":{"rendered":"Nadanie imienia Szkole Podstawowej w Nieparcie"},"content":{"rendered":"<p><img loading=\"lazy\" decoding=\"async\" class=\"wp-image-6585 aligncenter\" src=\"http:\/\/powstaniewielkopolskie.pl\/nowa\/wp-content\/uploads\/2022\/06\/IMG_5654-bis-300x168.jpg\" alt=\"IMG_5654 bis\" width=\"571\" height=\"320\" srcset=\"http:\/\/powstaniewielkopolskie.pl\/nowa\/wp-content\/uploads\/2022\/06\/IMG_5654-bis-300x168.jpg 300w, http:\/\/powstaniewielkopolskie.pl\/nowa\/wp-content\/uploads\/2022\/06\/IMG_5654-bis.jpg 683w\" sizes=\"(max-width: 571px) 100vw, 571px\" \/><\/p>\n<p style=\"text-align: justify;\"><span style=\"font-size: large;\"><b>11 czerwca 2022 r.<\/b> &#8211; msz\u0105 \u015bw. w ko\u015bciele parafialnym pw. \u015bw. Aposto\u0142\u00f3w Piotra i Paw\u0142a rozpocz\u0119\u0142a si\u0119 uroczysto\u015b\u0107 nadania Szkole Podstawowej\u00a0w Nieparcie imienia Powsta\u0144c\u00f3w Wielkopolskich oraz przekazania\u00a0i po\u015bwi\u0119cenia sztandaru. Go\u015b\u0107mi wydarzenia byli mi\u0119dzy innymi: sekretarz stanu w Kancelarii Rady Ministr\u00f3w, pose\u0142 RP Jan Dziedziczak, wizytator Delegatury w Lesznie Ewa Marczy\u0144ska-Siepka, burmistrz Krobi \u0141ukasz Kubiak, burmistrz Miejskiej G\u00f3rki Karol Skrzypczak, przewodnicz\u0105cy Zgromadzenia EZMG-N Sebastian Czwojda, przewodnicz\u0105ca Zarz\u0105du EZMG-N Maria Antkowiak, przewodnicz\u0105cy Rady Miejskiej Mariusz Duda, przewodnicz\u0105ca Organizacji Mi\u0119dzyzak\u0142adowych ,,Solidarno\u015b\u0107\u2019\u2019 Ewa Andrzejewska, prezes Zarz\u0105du G\u0142\u00f3wnego TPPW Tadeusz Musia\u0142, prezes Zarz\u0105du Oddzia\u0142u Wielkopolskiego Wawrzyniec Wierzejewski, prezes Ko\u0142a TPPW w Krobi El\u017cbieta Dopiera\u0142a, proboszcz Parafii pw. \u015bw. Aposto\u0142\u00f3w Piotra i Paw\u0142a ks. J\u00f3zef Dutkowiak, dyrekcja, nauczyciele, pracownicy szko\u0142y, uczniowie, rodzice i lokalna spo\u0142eczno\u015b\u0107. Udzia\u0142 wzi\u0119\u0142y r\u00f3wnie\u017c delegacje szk\u00f3\u0142 wraz z pocztami sztandarowymi z Gminy Krobia i Miejska G\u00f3rka oraz poczty sztandarowe zaprzyja\u017anionych szk\u00f3\u0142, nosz\u0105cych to samo imi\u0119 z Bodzewa oraz ze Skoraszewic.\u00a0<\/span><span style=\"font-size: large;\">Oficjaln\u0105 cz\u0119\u015b\u0107 uroczysto\u015bci, kt\u00f3ra odby\u0142a si\u0119 na boisku szko\u0142y w Gostkowie, poprzedzi\u0142o z\u0142o\u017cenie wi\u0105zanek i wie\u0144c\u00f3w na mogile Powsta\u0144c\u00f3w Wielkopolskich na miejscowym cmentarzu.\u00a0<\/span><span style=\"font-size: large;\">Akt nadania Szkole w Nieparcie imienia Powsta\u0144c\u00f3w Wielkopolskich odczyta\u0142 Przewodnicz\u0105cy EZMG-N Sebastian Czwojda,\u00a0w obecno\u015bci przewodnicz\u0105cej Zarz\u0105du EZMG-N Marii Antkowiak. Dyrektor Szko\u0142y Dominika Str\u00f3\u017cyk odebra\u0142a sztandar z r\u0105k przedstawicieli Rady Rodzic\u00f3w i przekaza\u0142a go uczniom w poczcie sztandarowym.\u00a0Po prezentacji sztandaru i wyst\u0105pieniu dyrektora Szko\u0142y nast\u0105pi\u0142o uroczyste \u015blubowanie spo\u0142eczno\u015bci szkolnej.<br \/>\n<\/span><span style=\"font-size: large;\">W uznaniu dorobku w kultywowaniu pami\u0119ci i tradycji Powstania Wielkopolskiego 1918-1919 Prezes Zarz\u0105du G\u0142\u00f3wnego TPPW Tadeusz Musia\u0142, w asy\u015bcie prezesa Oddzia\u0142u Wielkopolskiego Wawrzy\u0144ca Wierzejewskiego, przekaza\u0142 Szkole odznak\u0119 honorow\u0105 \u201eWierni Tradycji\u201d.<\/span><\/p>\n<p style=\"text-align: right;\"><em><span style=\"font-size: large;\">Fot. Hubert Urbaniak i Lucyna Grzesiak<\/span><\/em><\/p>\n<div data-animation=\"pulse\" data-icons-animation=\"no-animation\" data-overlay=\"on\" data-change-size=\"\" data-button-size=\"0.7\" style=\"font-size:0.7em;display:none;\" class=\"supsystic-social-sharing supsystic-social-sharing-package-flat supsystic-social-sharing-hide-on-homepage supsystic-social-sharing-content supsystic-social-sharing-content-align-center\" data-text=\"\"><a class=\"social-sharing-button sharer-flat sharer-flat-2 counter-standard digg\" target=\"_blank\" title=\"Digg\" href=\"http:\/\/digg.com\/submit?url=http%3A%2F%2Fpowstaniewielkopolskie.pl%2Fnowa%2F%3Fp%3D6582&title=Nadanie+imienia+Szkole+Podstawowej+w+Nieparcie\" data-nid=\"8\" data-name=\"\" data-pid=\"1\" data-post-id=\"6582\" data-url=\"http:\/\/powstaniewielkopolskie.pl\/nowa\/wp-admin\/admin-ajax.php\" data-url=\"http:\/\/powstaniewielkopolskie.pl\/nowa\/wp-admin\/admin-ajax.php\" data-description=\"Nadanie imienia Szkole Podstawowej w Nieparcie\" rel=\"nofollow\"><i class=\"fa fa-fw fa-digg\"><\/i><div class=\"counter-wrap standard\"><span class=\"counter\">0<\/span><\/div><\/a><a class=\"social-sharing-button sharer-flat sharer-flat-2 counter-standard mail\" target=\"_blank\" title=\"Mail\" href=\"#\" data-nid=\"16\" data-name=\"\" data-pid=\"1\" data-post-id=\"6582\" data-url=\"http:\/\/powstaniewielkopolskie.pl\/nowa\/wp-admin\/admin-ajax.php\" data-url=\"http:\/\/powstaniewielkopolskie.pl\/nowa\/wp-admin\/admin-ajax.php\" data-description=\"Nadanie imienia Szkole Podstawowej w Nieparcie\" rel=\"nofollow\"><i class=\"fa fa-fw fa-envelope-o\"><\/i><div class=\"counter-wrap standard\"><span class=\"counter\">0<\/span><\/div><\/a><a class=\"social-sharing-button sharer-flat sharer-flat-2 counter-standard facebook\" target=\"_blank\" title=\"Facebook\" href=\"http:\/\/www.facebook.com\/sharer.php?u=http%3A%2F%2Fpowstaniewielkopolskie.pl%2Fnowa%2F%3Fp%3D6582\" data-nid=\"1\" data-name=\"\" data-pid=\"1\" data-post-id=\"6582\" data-url=\"http:\/\/powstaniewielkopolskie.pl\/nowa\/wp-admin\/admin-ajax.php\" data-url=\"http:\/\/powstaniewielkopolskie.pl\/nowa\/wp-admin\/admin-ajax.php\" data-description=\"Nadanie imienia Szkole Podstawowej w Nieparcie\" rel=\"nofollow\"><i class=\"fa fa-fw fa-facebook\"><\/i><div class=\"counter-wrap standard\"><span class=\"counter\">0<\/span><\/div><\/a><a class=\"social-sharing-button sharer-flat sharer-flat-2 counter-standard whatsapp\" target=\"_blank\" title=\"WhatsApp\" href=\"whatsapp:\/\/send?text=http%3A%2F%2Fpowstaniewielkopolskie.pl%2Fnowa%2F%3Fp%3D6582\" data-nid=\"18\" data-name=\"\" data-pid=\"1\" data-post-id=\"6582\" data-url=\"http:\/\/powstaniewielkopolskie.pl\/nowa\/wp-admin\/admin-ajax.php\" data-url=\"http:\/\/powstaniewielkopolskie.pl\/nowa\/wp-admin\/admin-ajax.php\" data-description=\"Nadanie imienia Szkole Podstawowej w Nieparcie\" rel=\"nofollow\"><i class=\"fa fa-fw fa-whatsapp\"><\/i><div class=\"counter-wrap standard\"><span class=\"counter\">0<\/span><\/div><\/a><a class=\"social-sharing-button sharer-flat sharer-flat-2 counter-standard twitter\" target=\"_blank\" title=\"Twitter\" href=\"https:\/\/twitter.com\/share?url=http%3A%2F%2Fpowstaniewielkopolskie.pl%2Fnowa%2F%3Fp%3D6582&text=Nadanie+imienia+Szkole+Podstawowej+w+Nieparcie\" data-nid=\"2\" data-name=\"\" data-pid=\"1\" data-post-id=\"6582\" data-url=\"http:\/\/powstaniewielkopolskie.pl\/nowa\/wp-admin\/admin-ajax.php\" data-url=\"http:\/\/powstaniewielkopolskie.pl\/nowa\/wp-admin\/admin-ajax.php\" data-description=\"Nadanie imienia Szkole Podstawowej w Nieparcie\" rel=\"nofollow\"><i class=\"fa fa-fw fa-twitter\"><\/i><div class=\"counter-wrap standard\"><span class=\"counter\">0<\/span><\/div><\/a><a class=\"social-sharing-button sharer-flat sharer-flat-2 counter-standard googleplus\" target=\"_blank\" title=\"Google+\" href=\"https:\/\/plus.google.com\/share?url=http%3A%2F%2Fpowstaniewielkopolskie.pl%2Fnowa%2F%3Fp%3D6582\" data-nid=\"3\" data-name=\"\" data-pid=\"1\" data-post-id=\"6582\" data-url=\"http:\/\/powstaniewielkopolskie.pl\/nowa\/wp-admin\/admin-ajax.php\" data-url=\"http:\/\/powstaniewielkopolskie.pl\/nowa\/wp-admin\/admin-ajax.php\" data-description=\"Nadanie imienia Szkole Podstawowej w Nieparcie\" rel=\"nofollow\"><i class=\"fa fa-fw fa-google-plus\"><\/i><div class=\"counter-wrap standard\"><span class=\"counter\">0<\/span><\/div><\/a><\/div>","protected":false},"excerpt":{"rendered":"<p>11 czerwca 2022 r. &#8211; msz\u0105 \u015bw. w ko\u015bciele parafialnym pw. \u015bw. Aposto\u0142\u00f3w Piotra i Paw\u0142a rozpocz\u0119\u0142a si\u0119 uroczysto\u015b\u0107 nadania Szkole Podstawowej\u00a0w Nieparcie imienia Powsta\u0144c\u00f3w Wielkopolskich oraz przekazania\u00a0i po\u015bwi\u0119cenia sztandaru. Go\u015b\u0107mi wydarzenia<a class=\"moretag\" href=\"http:\/\/powstaniewielkopolskie.pl\/nowa\/?p=6582\">Czytaj wi\u0119cej&#8230;<\/a><\/p>\n<div data-animation=\"pulse\" data-icons-animation=\"no-animation\" data-overlay=\"on\" data-change-size=\"\" data-button-size=\"0.7\" style=\"font-size:0.7em;display:none;\" class=\"supsystic-social-sharing supsystic-social-sharing-package-flat supsystic-social-sharing-hide-on-homepage supsystic-social-sharing-content supsystic-social-sharing-content-align-center\" data-text=\"\"><a class=\"social-sharing-button sharer-flat sharer-flat-2 counter-standard digg\" target=\"_blank\" title=\"Digg\" href=\"http:\/\/digg.com\/submit?url=http%3A%2F%2Fpowstaniewielkopolskie.pl%2Fnowa%2F%3Fp%3D6582&title=Nadanie+imienia+Szkole+Podstawowej+w+Nieparcie\" data-nid=\"8\" data-name=\"\" data-pid=\"1\" data-post-id=\"6582\" data-url=\"http:\/\/powstaniewielkopolskie.pl\/nowa\/wp-admin\/admin-ajax.php\" data-url=\"http:\/\/powstaniewielkopolskie.pl\/nowa\/wp-admin\/admin-ajax.php\" data-description=\"Nadanie imienia Szkole Podstawowej w Nieparcie\" rel=\"nofollow\"><i class=\"fa fa-fw fa-digg\"><\/i><div class=\"counter-wrap standard\"><span class=\"counter\">0<\/span><\/div><\/a><a class=\"social-sharing-button sharer-flat sharer-flat-2 counter-standard mail\" target=\"_blank\" title=\"Mail\" href=\"#\" data-nid=\"16\" data-name=\"\" data-pid=\"1\" data-post-id=\"6582\" data-url=\"http:\/\/powstaniewielkopolskie.pl\/nowa\/wp-admin\/admin-ajax.php\" data-url=\"http:\/\/powstaniewielkopolskie.pl\/nowa\/wp-admin\/admin-ajax.php\" data-description=\"Nadanie imienia Szkole Podstawowej w Nieparcie\" rel=\"nofollow\"><i class=\"fa fa-fw fa-envelope-o\"><\/i><div class=\"counter-wrap standard\"><span class=\"counter\">0<\/span><\/div><\/a><a class=\"social-sharing-button sharer-flat sharer-flat-2 counter-standard facebook\" target=\"_blank\" title=\"Facebook\" href=\"http:\/\/www.facebook.com\/sharer.php?u=http%3A%2F%2Fpowstaniewielkopolskie.pl%2Fnowa%2F%3Fp%3D6582\" data-nid=\"1\" data-name=\"\" data-pid=\"1\" data-post-id=\"6582\" data-url=\"http:\/\/powstaniewielkopolskie.pl\/nowa\/wp-admin\/admin-ajax.php\" data-url=\"http:\/\/powstaniewielkopolskie.pl\/nowa\/wp-admin\/admin-ajax.php\" data-description=\"Nadanie imienia Szkole Podstawowej w Nieparcie\" rel=\"nofollow\"><i class=\"fa fa-fw fa-facebook\"><\/i><div class=\"counter-wrap standard\"><span class=\"counter\">0<\/span><\/div><\/a><a class=\"social-sharing-button sharer-flat sharer-flat-2 counter-standard whatsapp\" target=\"_blank\" title=\"WhatsApp\" href=\"whatsapp:\/\/send?text=http%3A%2F%2Fpowstaniewielkopolskie.pl%2Fnowa%2F%3Fp%3D6582\" data-nid=\"18\" data-name=\"\" data-pid=\"1\" data-post-id=\"6582\" data-url=\"http:\/\/powstaniewielkopolskie.pl\/nowa\/wp-admin\/admin-ajax.php\" data-url=\"http:\/\/powstaniewielkopolskie.pl\/nowa\/wp-admin\/admin-ajax.php\" data-description=\"Nadanie imienia Szkole Podstawowej w Nieparcie\" rel=\"nofollow\"><i class=\"fa fa-fw fa-whatsapp\"><\/i><div class=\"counter-wrap standard\"><span class=\"counter\">0<\/span><\/div><\/a><a class=\"social-sharing-button sharer-flat sharer-flat-2 counter-standard twitter\" target=\"_blank\" title=\"Twitter\" href=\"https:\/\/twitter.com\/share?url=http%3A%2F%2Fpowstaniewielkopolskie.pl%2Fnowa%2F%3Fp%3D6582&text=Nadanie+imienia+Szkole+Podstawowej+w+Nieparcie\" data-nid=\"2\" data-name=\"\" data-pid=\"1\" data-post-id=\"6582\" data-url=\"http:\/\/powstaniewielkopolskie.pl\/nowa\/wp-admin\/admin-ajax.php\" data-url=\"http:\/\/powstaniewielkopolskie.pl\/nowa\/wp-admin\/admin-ajax.php\" data-description=\"Nadanie imienia Szkole Podstawowej w Nieparcie\" rel=\"nofollow\"><i class=\"fa fa-fw fa-twitter\"><\/i><div class=\"counter-wrap standard\"><span class=\"counter\">0<\/span><\/div><\/a><a class=\"social-sharing-button sharer-flat sharer-flat-2 counter-standard googleplus\" target=\"_blank\" title=\"Google+\" href=\"https:\/\/plus.google.com\/share?url=http%3A%2F%2Fpowstaniewielkopolskie.pl%2Fnowa%2F%3Fp%3D6582\" data-nid=\"3\" data-name=\"\" data-pid=\"1\" data-post-id=\"6582\" data-url=\"http:\/\/powstaniewielkopolskie.pl\/nowa\/wp-admin\/admin-ajax.php\" data-url=\"http:\/\/powstaniewielkopolskie.pl\/nowa\/wp-admin\/admin-ajax.php\" data-description=\"Nadanie imienia Szkole Podstawowej w Nieparcie\" rel=\"nofollow\"><i class=\"fa fa-fw fa-google-plus\"><\/i><div class=\"counter-wrap standard\"><span class=\"counter\">0<\/span><\/div><\/a><\/div>","protected":false},"author":4,"featured_media":6584,"comment_status":"closed","ping_status":"open","sticky":false,"template":"","format":"standard","meta":{"footnotes":""},"categories":[3],"tags":[],"_links":{"self":[{"href":"http:\/\/powstaniewielkopolskie.pl\/nowa\/index.php?rest_route=\/wp\/v2\/posts\/6582"}],"collection":[{"href":"http:\/\/powstaniewielkopolskie.pl\/nowa\/index.php?rest_route=\/wp\/v2\/posts"}],"about":[{"href":"http:\/\/powstaniewielkopolskie.pl\/nowa\/index.php?rest_route=\/wp\/v2\/types\/post"}],"author":[{"embeddable":true,"href":"http:\/\/powstaniewielkopolskie.pl\/nowa\/index.php?rest_route=\/wp\/v2\/users\/4"}],"replies":[{"embeddable":true,"href":"http:\/\/powstaniewielkopolskie.pl\/nowa\/index.php?rest_route=%2Fwp%2Fv2%2Fcomments&post=6582"}],"version-history":[{"count":10,"href":"http:\/\/powstaniewielkopolskie.pl\/nowa\/index.php?rest_route=\/wp\/v2\/posts\/6582\/revisions"}],"predecessor-version":[{"id":6607,"href":"http:\/\/powstaniewielkopolskie.pl\/nowa\/index.php?rest_route=\/wp\/v2\/posts\/6582\/revisions\/6607"}],"wp:featuredmedia":[{"embeddable":true,"href":"http:\/\/powstaniewielkopolskie.pl\/nowa\/index.php?rest_route=\/wp\/v2\/media\/6584"}],"wp:attachment":[{"href":"http:\/\/powstaniewielkopolskie.pl\/nowa\/index.php?rest_route=%2Fwp%2Fv2%2Fmedia&parent=6582"}],"wp:term":[{"taxonomy":"category","embeddable":true,"href":"http:\/\/powstaniewielkopolskie.pl\/nowa\/index.php?rest_route=%2Fwp%2Fv2%2Fcategories&post=6582"},{"taxonomy":"post_tag","embeddable":true,"href":"http:\/\/powstaniewielkopolskie.pl\/nowa\/index.php?rest_route=%2Fwp%2Fv2%2Ftags&post=6582"}],"curies":[{"name":"wp","href":"https:\/\/api.w.org\/{rel}","templated":true}]}}