{"id":5959,"date":"2021-12-21T00:06:49","date_gmt":"2021-12-20T23:06:49","guid":{"rendered":"http:\/\/powstaniewielkopolskie.pl\/nowa\/?p=5959"},"modified":"2021-12-21T10:51:52","modified_gmt":"2021-12-21T09:51:52","slug":"wielkopolskie-muzeum-niepodleglosci-zaprasza","status":"publish","type":"post","link":"http:\/\/powstaniewielkopolskie.pl\/nowa\/?p=5959","title":{"rendered":"Wielkopolskie Muzeum Niepodleg\u0142o\u015bci zaprasza"},"content":{"rendered":"<p align=\"CENTER\"><span style=\"font-family: 'Times New Roman', serif;\"><span style=\"font-size: large;\"><b>Mamy to \u015bwi\u0119to!<br \/>\n<\/b><\/span><\/span><span style=\"font-family: 'Times New Roman', serif;\"><span style=\"font-size: large;\"><b>Dzielmy si\u0119 rado\u015bci\u0105 Narodowego \u015awi\u0119ta Zwyci\u0119skiego Powstania Wielkopolskiego.<\/b><\/span><\/span><\/p>\n<p align=\"JUSTIFY\"><span style=\"font-family: 'Times New Roman', serif;\"><span style=\"font-size: large;\"><b>26 grudnia<\/b> <b>zapraszamy na Dworzec Letni na inscenizacj\u0119 historycznego wjazdu Ignacego Jana Paderewskiego do Poznania.<\/b> <\/span><\/span><\/p>\n<p align=\"JUSTIFY\"><span style=\"font-family: 'Times New Roman', serif;\"><span style=\"font-size: large;\">Po raz kolejny Wielkopolskie Muzeum Niepodleg\u0142o\u015bci wsp\u00f3lnie z Samorz\u0105dem Wojew\u00f3dztwa Wielkopolskiego, Miastem Pozna\u0144, Kolejami Wielkopolskimi, firm\u0105 Torpol S.A. oraz Ch\u00f3rem Nauczycieli im. I.J. Paderewskiego przypomni jakie poruszenie wywo\u0142a\u0142 przyjazd mistrza Paderewskiego w 1918 roku. Dzie\u0144 p\u00f3\u017aniej wybuch\u0142o Powstanie Wielkopolskie\u2026 Nie zabraknie powsta\u0144czych pie\u015bni, kt\u00f3re za\u015bpiewamy razem z publiczno\u015bci\u0105. Opowiemy te\u017c histori\u0119 przyjazdu Paderewskiego do Poznania. A wszystkich, kt\u00f3rzy maj\u0105 ochot\u0119 na przeja\u017cd\u017ck\u0119 z Ignacym Paderewskim ( w tej roli aktor Teatru Nowego \u2013 Andrzej Lajborek) zapraszamy w podr\u00f3\u017c zabytkowym poci\u0105giem z Parowozowni Wolsztyn na trasie Pozna\u0144 \u2013 Swarz\u0119dz &#8211; Pozna\u0144. <\/span><\/span><\/p>\n<p align=\"JUSTIFY\"><span style=\"font-family: 'Times New Roman', serif;\"><span style=\"font-size: large;\">Sprzeda\u017c bilet\u00f3w od 21.12.2021 wy\u0142\u0105cznie na : www.koleje-wielkopolskie.com.pl. Z uwagi na obostrzenia sanitarne liczba dost\u0119pnych miejsc ograniczona.<\/span><\/span><\/p>\n<p align=\"JUSTIFY\"><span style=\"font-family: 'Times New Roman', serif;\"><span style=\"font-size: large;\">15.45 &#8211; rozgrzewka przed inscenizacj\u0105<\/span><\/span><\/p>\n<p align=\"JUSTIFY\"><span style=\"font-family: 'Times New Roman', serif;\"><span style=\"font-size: large;\">16.00 \u2013 wjazd zabytkowego poci\u0105gu z Ignacym Paderewskim i koncert pie\u015bni patriotycznych<\/span><\/span><\/p>\n<p align=\"JUSTIFY\"><span style=\"font-family: 'Times New Roman', serif;\"><span style=\"font-size: large;\">17.15 \u2013 odjazd poci\u0105gu do Swarz\u0119dza<\/span><\/span><\/p>\n<p align=\"JUSTIFY\"><span style=\"font-family: 'Times New Roman', serif;\"><span style=\"font-size: large;\">18.35 \u2013 przyjazd do Poznania<\/span><\/span><\/p>\n<p><span style=\"font-family: 'Times New Roman', serif;\"><span style=\"font-size: large;\"><b>27 grudnia spotkajmy si\u0119 w Muzeum Powstania Wielkopolskiego 1918-1919 w Odwachu na Starym Rynku i na placu przy ul. Ludgardy.<\/b><\/span><\/span><\/p>\n<p align=\"JUSTIFY\"><span style=\"font-family: 'Times New Roman', serif;\"><span style=\"font-size: large;\">Ze wzgl\u0119du na remont p\u0142yty Starego Rynku <b>\u201eObozowisko Powsta\u0144cze\u201d<\/b> tym razem stanie przy pomniku U\u0142ana przy ul. Ludgardy\/Paderewskiego, gdzie pojawi\u0105 si\u0119 rekonstruktorzy z powsta\u0144czych oddzia\u0142\u00f3w i zaprezentujemy samoch\u00f3d pancerny\u00a0Ehrhardt M17. O godz. 15.00 b\u0119dziemy rozdawa\u0107 flagi powsta\u0144cze i rozetki, a o 16.40 rozb\u0142ysn\u0105 race. <\/span><\/span><\/p>\n<p align=\"JUSTIFY\"><span style=\"font-family: 'Times New Roman', serif;\"><span style=\"font-size: large;\">Z placu warto przej\u015b\u0107 na Stary Rynek i zwiedzi\u0107 <b>Muzeum Powstania Wielkopolskiego 1918-1919<\/b> w Odwachu, kt\u00f3re w tym dniu b\u0119dzie czynne od godz.10.00 do 18.00 z przerw\u0105 techniczn\u0105 13.00 \u2013 14.30. <\/span><\/span><\/p>\n<p align=\"JUSTIFY\"><span style=\"font-family: 'Times New Roman', serif;\"><span style=\"font-size: large;\">Zapraszamy na now\u0105 wystaw\u0119 czasow\u0105 <b>\u201ePowsta\u0144cy Wielkopolscy kawalerowie Orderu Wojennego Virtuti Militari, ofiary ludob\u00f3jstwa w Katyniu\u201d<\/b> przygotowan\u0105 we wsp\u00f3\u0142pracy z Urz\u0119dem Marsza\u0142kowskim Wojew\u00f3dztwa Wielkopolskiego i Stowarzyszeniem \u201eKaty\u0144\u201d \u2013 autor wystawy Anna Adamska (Muzeum Armii \u201ePozna\u0144\u201d). <\/span><\/span><\/p>\n<p align=\"JUSTIFY\"><span style=\"font-family: 'Times New Roman', serif;\"><span style=\"font-size: large;\">W Sali Kinowej proponujemy pokazy film\u00f3w o historii powstania oraz prezentacje nowego Muzeum Powstania Wielkopolskiego. <\/span><\/span><\/p>\n<p align=\"JUSTIFY\"><span style=\"font-family: 'Times New Roman', serif;\"><span style=\"font-size: large;\">Na najm\u0142odszych zwiedzaj\u0105cych czekaj\u0105 specjalne ksi\u0105\u017ceczki edukacyjne \u2013 r\u00f3wnie\u017c do pobrania na stronie <a href=\"http:\/\/www.wmn.poznan.pl\/\">www.wmn.poznan.pl<\/a> w zak\u0142adce Edukacja, gdzie mo\u017cna znale\u017a\u0107 tak\u017ce inne materia\u0142y dla dzieci i m\u0142odzie\u017cy, wprowadzaj\u0105ce do historii Powstania Wielkopolskiego 1918-1919.<\/span><\/span><\/p>\n<p align=\"JUSTIFY\"><span style=\"font-family: 'Times New Roman', serif;\"><span style=\"font-size: large;\">Przed Odwachem stanie armata z okresu powstania 7,7 cm FK 96 n.A. Natomiast przy stoisku Poczty Polskiej b\u0119dzie mo\u017cna naby\u0107 <b>okoliczno\u015bciowe poczt\u00f3wki ze stemplem<\/b> z okazji Narodowego \u015awi\u0119ta Zwyci\u0119skiego Powstania Wielkopolskiego. <\/span><\/span><\/p>\n<p align=\"JUSTIFY\"><span style=\"font-family: 'Times New Roman', serif;\"><span style=\"font-size: large;\"><b>Wszystkie wydarzenia 26-27 grudnia b\u0119d\u0105 odbywa\u0107 si\u0119 zgodnie z obowi\u0105zuj\u0105cymi obostrzeniami sanitarnymi. Prosimy o zachowanie odpowiedniego dystansu, zak\u0142adanie maseczek i dezynfekcj\u0119 r\u0105k. <\/b><\/span><\/span><\/p>\n<p align=\"JUSTIFY\"><span style=\"font-family: 'Times New Roman', serif;\"><span style=\"font-size: large;\"><b>27 grudnia \u2013 Narodowy Dzie\u0144 Zwyci\u0119skiego Powstania Wielkopolskiego z Wielkopolskim Muzeum Niepodleg\u0142o\u015bci<\/b><\/span><\/span><\/p>\n<p align=\"JUSTIFY\"><span style=\"font-family: 'Times New Roman', serif;\"><span style=\"font-size: large;\">1. \u201eObozowisko powsta\u0144cze\u201d \u2013 pomnik U\u0142ana przy ul. Ludgardy\/Paderewskiego <\/span><\/span><\/p>\n<p align=\"JUSTIFY\"><span style=\"font-family: 'Times New Roman', serif;\"><span style=\"font-size: large;\">2. Wystawa czasowa \u201ePowsta\u0144cy Wielkopolscy kawalerowie Orderu Wojennego Virtuti Militari, ofiary ludob\u00f3jstwa w Katyniu\u201d \u2013 Muzeum Powstania Wielkopolskiego 1918-1919<\/span><\/span><\/p>\n<p align=\"JUSTIFY\"><span style=\"font-family: 'Times New Roman', serif;\"><span style=\"font-size: large;\">3. Pokazy film\u00f3w o historii powstania &#8211; Muzeum Powstania Wielkopolskiego 1918-1919<\/span><\/span><\/p>\n<p align=\"JUSTIFY\"><span style=\"font-family: 'Times New Roman', serif;\"><span style=\"font-size: large;\">4. Materia\u0142y edukacyjne dla dzieci &#8211; Muzeum Powstania Wielkopolskiego 1918-1919 \/ <a href=\"http:\/\/www.wmn.poznan.pl\/\">www.wmn.poznan.pl<\/a> zak\u0142adka Edukacja<\/span><\/span><\/p>\n<p align=\"JUSTIFY\"><span style=\"font-family: 'Times New Roman', serif;\"><span style=\"font-size: large;\">5. Okoliczno\u015bciowe poczt\u00f3wki i stempel \u2013 stanowisko Poczty Polskiej przed Odwachem<\/span><\/span><\/p>\n<p align=\"CENTER\"><span style=\"font-family: 'Times New Roman', serif;\"><span style=\"font-size: large;\"><b>Niech po\u0142\u0105czy nas rado\u015b\u0107 i duma!<\/b><\/span><\/span><\/p>\n<p align=\"CENTER\">\u00a0<img loading=\"lazy\" decoding=\"async\" class=\"alignnone  wp-image-5962\" src=\"http:\/\/powstaniewielkopolskie.pl\/nowa\/wp-content\/uploads\/2021\/12\/Zrzut-ekranu-2021-12-21-104835-300x45.png\" alt=\"Zrzut ekranu 2021-12-21 104835\" width=\"564\" height=\"84\" srcset=\"http:\/\/powstaniewielkopolskie.pl\/nowa\/wp-content\/uploads\/2021\/12\/Zrzut-ekranu-2021-12-21-104835-300x45.png 300w, http:\/\/powstaniewielkopolskie.pl\/nowa\/wp-content\/uploads\/2021\/12\/Zrzut-ekranu-2021-12-21-104835-768x116.png 768w, http:\/\/powstaniewielkopolskie.pl\/nowa\/wp-content\/uploads\/2021\/12\/Zrzut-ekranu-2021-12-21-104835.png 1342w\" sizes=\"(max-width: 564px) 100vw, 564px\" \/><\/p>\n<div data-animation=\"pulse\" data-icons-animation=\"no-animation\" data-overlay=\"on\" data-change-size=\"\" data-button-size=\"0.7\" style=\"font-size:0.7em;display:none;\" class=\"supsystic-social-sharing supsystic-social-sharing-package-flat supsystic-social-sharing-hide-on-homepage supsystic-social-sharing-content supsystic-social-sharing-content-align-center\" data-text=\"\"><a class=\"social-sharing-button sharer-flat sharer-flat-2 counter-standard digg\" target=\"_blank\" title=\"Digg\" href=\"http:\/\/digg.com\/submit?url=http%3A%2F%2Fpowstaniewielkopolskie.pl%2Fnowa%2F%3Fp%3D5959&title=Wielkopolskie+Muzeum+Niepodleg%C5%82o%C5%9Bci+zaprasza\" data-nid=\"8\" data-name=\"\" data-pid=\"1\" data-post-id=\"5959\" data-url=\"http:\/\/powstaniewielkopolskie.pl\/nowa\/wp-admin\/admin-ajax.php\" data-url=\"http:\/\/powstaniewielkopolskie.pl\/nowa\/wp-admin\/admin-ajax.php\" data-description=\"Wielkopolskie Muzeum Niepodleg\u0142o\u015bci zaprasza\" rel=\"nofollow\"><i class=\"fa fa-fw fa-digg\"><\/i><div class=\"counter-wrap standard\"><span class=\"counter\">0<\/span><\/div><\/a><a class=\"social-sharing-button sharer-flat sharer-flat-2 counter-standard mail\" target=\"_blank\" title=\"Mail\" href=\"#\" data-nid=\"16\" data-name=\"\" data-pid=\"1\" data-post-id=\"5959\" data-url=\"http:\/\/powstaniewielkopolskie.pl\/nowa\/wp-admin\/admin-ajax.php\" data-url=\"http:\/\/powstaniewielkopolskie.pl\/nowa\/wp-admin\/admin-ajax.php\" data-description=\"Wielkopolskie Muzeum Niepodleg\u0142o\u015bci zaprasza\" rel=\"nofollow\"><i class=\"fa fa-fw fa-envelope-o\"><\/i><div class=\"counter-wrap standard\"><span class=\"counter\">0<\/span><\/div><\/a><a class=\"social-sharing-button sharer-flat sharer-flat-2 counter-standard facebook\" target=\"_blank\" title=\"Facebook\" href=\"http:\/\/www.facebook.com\/sharer.php?u=http%3A%2F%2Fpowstaniewielkopolskie.pl%2Fnowa%2F%3Fp%3D5959\" data-nid=\"1\" data-name=\"\" data-pid=\"1\" data-post-id=\"5959\" data-url=\"http:\/\/powstaniewielkopolskie.pl\/nowa\/wp-admin\/admin-ajax.php\" data-url=\"http:\/\/powstaniewielkopolskie.pl\/nowa\/wp-admin\/admin-ajax.php\" data-description=\"Wielkopolskie Muzeum Niepodleg\u0142o\u015bci zaprasza\" rel=\"nofollow\"><i class=\"fa fa-fw fa-facebook\"><\/i><div class=\"counter-wrap standard\"><span class=\"counter\">0<\/span><\/div><\/a><a class=\"social-sharing-button sharer-flat sharer-flat-2 counter-standard whatsapp\" target=\"_blank\" title=\"WhatsApp\" href=\"whatsapp:\/\/send?text=http%3A%2F%2Fpowstaniewielkopolskie.pl%2Fnowa%2F%3Fp%3D5959\" data-nid=\"18\" data-name=\"\" data-pid=\"1\" data-post-id=\"5959\" data-url=\"http:\/\/powstaniewielkopolskie.pl\/nowa\/wp-admin\/admin-ajax.php\" data-url=\"http:\/\/powstaniewielkopolskie.pl\/nowa\/wp-admin\/admin-ajax.php\" data-description=\"Wielkopolskie Muzeum Niepodleg\u0142o\u015bci zaprasza\" rel=\"nofollow\"><i class=\"fa fa-fw fa-whatsapp\"><\/i><div class=\"counter-wrap standard\"><span class=\"counter\">0<\/span><\/div><\/a><a class=\"social-sharing-button sharer-flat sharer-flat-2 counter-standard twitter\" target=\"_blank\" title=\"Twitter\" href=\"https:\/\/twitter.com\/share?url=http%3A%2F%2Fpowstaniewielkopolskie.pl%2Fnowa%2F%3Fp%3D5959&text=Wielkopolskie+Muzeum+Niepodleg%C5%82o%C5%9Bci+zaprasza\" data-nid=\"2\" data-name=\"\" data-pid=\"1\" data-post-id=\"5959\" data-url=\"http:\/\/powstaniewielkopolskie.pl\/nowa\/wp-admin\/admin-ajax.php\" data-url=\"http:\/\/powstaniewielkopolskie.pl\/nowa\/wp-admin\/admin-ajax.php\" data-description=\"Wielkopolskie Muzeum Niepodleg\u0142o\u015bci zaprasza\" rel=\"nofollow\"><i class=\"fa fa-fw fa-twitter\"><\/i><div class=\"counter-wrap standard\"><span class=\"counter\">0<\/span><\/div><\/a><a class=\"social-sharing-button sharer-flat sharer-flat-2 counter-standard googleplus\" target=\"_blank\" title=\"Google+\" href=\"https:\/\/plus.google.com\/share?url=http%3A%2F%2Fpowstaniewielkopolskie.pl%2Fnowa%2F%3Fp%3D5959\" data-nid=\"3\" data-name=\"\" data-pid=\"1\" data-post-id=\"5959\" data-url=\"http:\/\/powstaniewielkopolskie.pl\/nowa\/wp-admin\/admin-ajax.php\" data-url=\"http:\/\/powstaniewielkopolskie.pl\/nowa\/wp-admin\/admin-ajax.php\" data-description=\"Wielkopolskie Muzeum Niepodleg\u0142o\u015bci zaprasza\" rel=\"nofollow\"><i class=\"fa fa-fw fa-google-plus\"><\/i><div class=\"counter-wrap standard\"><span class=\"counter\">0<\/span><\/div><\/a><\/div>","protected":false},"excerpt":{"rendered":"<p>Mamy to \u015bwi\u0119to! Dzielmy si\u0119 rado\u015bci\u0105 Narodowego \u015awi\u0119ta Zwyci\u0119skiego Powstania Wielkopolskiego. 26 grudnia zapraszamy na Dworzec Letni na inscenizacj\u0119 historycznego wjazdu Ignacego Jana Paderewskiego do Poznania. Po raz kolejny Wielkopolskie Muzeum Niepodleg\u0142o\u015bci<a class=\"moretag\" href=\"http:\/\/powstaniewielkopolskie.pl\/nowa\/?p=5959\">Czytaj wi\u0119cej&#8230;<\/a><\/p>\n<div data-animation=\"pulse\" data-icons-animation=\"no-animation\" data-overlay=\"on\" data-change-size=\"\" data-button-size=\"0.7\" style=\"font-size:0.7em;display:none;\" class=\"supsystic-social-sharing supsystic-social-sharing-package-flat supsystic-social-sharing-hide-on-homepage supsystic-social-sharing-content supsystic-social-sharing-content-align-center\" data-text=\"\"><a class=\"social-sharing-button sharer-flat sharer-flat-2 counter-standard digg\" target=\"_blank\" title=\"Digg\" href=\"http:\/\/digg.com\/submit?url=http%3A%2F%2Fpowstaniewielkopolskie.pl%2Fnowa%2F%3Fp%3D5959&title=Wielkopolskie+Muzeum+Niepodleg%C5%82o%C5%9Bci+zaprasza\" data-nid=\"8\" data-name=\"\" data-pid=\"1\" data-post-id=\"5959\" data-url=\"http:\/\/powstaniewielkopolskie.pl\/nowa\/wp-admin\/admin-ajax.php\" data-url=\"http:\/\/powstaniewielkopolskie.pl\/nowa\/wp-admin\/admin-ajax.php\" data-description=\"Wielkopolskie Muzeum Niepodleg\u0142o\u015bci zaprasza\" rel=\"nofollow\"><i class=\"fa fa-fw fa-digg\"><\/i><div class=\"counter-wrap standard\"><span class=\"counter\">0<\/span><\/div><\/a><a class=\"social-sharing-button sharer-flat sharer-flat-2 counter-standard mail\" target=\"_blank\" title=\"Mail\" href=\"#\" data-nid=\"16\" data-name=\"\" data-pid=\"1\" data-post-id=\"5959\" data-url=\"http:\/\/powstaniewielkopolskie.pl\/nowa\/wp-admin\/admin-ajax.php\" data-url=\"http:\/\/powstaniewielkopolskie.pl\/nowa\/wp-admin\/admin-ajax.php\" data-description=\"Wielkopolskie Muzeum Niepodleg\u0142o\u015bci zaprasza\" rel=\"nofollow\"><i class=\"fa fa-fw fa-envelope-o\"><\/i><div class=\"counter-wrap standard\"><span class=\"counter\">0<\/span><\/div><\/a><a class=\"social-sharing-button sharer-flat sharer-flat-2 counter-standard facebook\" target=\"_blank\" title=\"Facebook\" href=\"http:\/\/www.facebook.com\/sharer.php?u=http%3A%2F%2Fpowstaniewielkopolskie.pl%2Fnowa%2F%3Fp%3D5959\" data-nid=\"1\" data-name=\"\" data-pid=\"1\" data-post-id=\"5959\" data-url=\"http:\/\/powstaniewielkopolskie.pl\/nowa\/wp-admin\/admin-ajax.php\" data-url=\"http:\/\/powstaniewielkopolskie.pl\/nowa\/wp-admin\/admin-ajax.php\" data-description=\"Wielkopolskie Muzeum Niepodleg\u0142o\u015bci zaprasza\" rel=\"nofollow\"><i class=\"fa fa-fw fa-facebook\"><\/i><div class=\"counter-wrap standard\"><span class=\"counter\">0<\/span><\/div><\/a><a class=\"social-sharing-button sharer-flat sharer-flat-2 counter-standard whatsapp\" target=\"_blank\" title=\"WhatsApp\" href=\"whatsapp:\/\/send?text=http%3A%2F%2Fpowstaniewielkopolskie.pl%2Fnowa%2F%3Fp%3D5959\" data-nid=\"18\" data-name=\"\" data-pid=\"1\" data-post-id=\"5959\" data-url=\"http:\/\/powstaniewielkopolskie.pl\/nowa\/wp-admin\/admin-ajax.php\" data-url=\"http:\/\/powstaniewielkopolskie.pl\/nowa\/wp-admin\/admin-ajax.php\" data-description=\"Wielkopolskie Muzeum Niepodleg\u0142o\u015bci zaprasza\" rel=\"nofollow\"><i class=\"fa fa-fw fa-whatsapp\"><\/i><div class=\"counter-wrap standard\"><span class=\"counter\">0<\/span><\/div><\/a><a class=\"social-sharing-button sharer-flat sharer-flat-2 counter-standard twitter\" target=\"_blank\" title=\"Twitter\" href=\"https:\/\/twitter.com\/share?url=http%3A%2F%2Fpowstaniewielkopolskie.pl%2Fnowa%2F%3Fp%3D5959&text=Wielkopolskie+Muzeum+Niepodleg%C5%82o%C5%9Bci+zaprasza\" data-nid=\"2\" data-name=\"\" data-pid=\"1\" data-post-id=\"5959\" data-url=\"http:\/\/powstaniewielkopolskie.pl\/nowa\/wp-admin\/admin-ajax.php\" data-url=\"http:\/\/powstaniewielkopolskie.pl\/nowa\/wp-admin\/admin-ajax.php\" data-description=\"Wielkopolskie Muzeum Niepodleg\u0142o\u015bci zaprasza\" rel=\"nofollow\"><i class=\"fa fa-fw fa-twitter\"><\/i><div class=\"counter-wrap standard\"><span class=\"counter\">0<\/span><\/div><\/a><a class=\"social-sharing-button sharer-flat sharer-flat-2 counter-standard googleplus\" target=\"_blank\" title=\"Google+\" href=\"https:\/\/plus.google.com\/share?url=http%3A%2F%2Fpowstaniewielkopolskie.pl%2Fnowa%2F%3Fp%3D5959\" data-nid=\"3\" data-name=\"\" data-pid=\"1\" data-post-id=\"5959\" data-url=\"http:\/\/powstaniewielkopolskie.pl\/nowa\/wp-admin\/admin-ajax.php\" data-url=\"http:\/\/powstaniewielkopolskie.pl\/nowa\/wp-admin\/admin-ajax.php\" data-description=\"Wielkopolskie Muzeum Niepodleg\u0142o\u015bci zaprasza\" rel=\"nofollow\"><i class=\"fa fa-fw fa-google-plus\"><\/i><div class=\"counter-wrap standard\"><span class=\"counter\">0<\/span><\/div><\/a><\/div>","protected":false},"author":4,"featured_media":0,"comment_status":"closed","ping_status":"open","sticky":false,"template":"","format":"standard","meta":{"footnotes":""},"categories":[7],"tags":[],"_links":{"self":[{"href":"http:\/\/powstaniewielkopolskie.pl\/nowa\/index.php?rest_route=\/wp\/v2\/posts\/5959"}],"collection":[{"href":"http:\/\/powstaniewielkopolskie.pl\/nowa\/index.php?rest_route=\/wp\/v2\/posts"}],"about":[{"href":"http:\/\/powstaniewielkopolskie.pl\/nowa\/index.php?rest_route=\/wp\/v2\/types\/post"}],"author":[{"embeddable":true,"href":"http:\/\/powstaniewielkopolskie.pl\/nowa\/index.php?rest_route=\/wp\/v2\/users\/4"}],"replies":[{"embeddable":true,"href":"http:\/\/powstaniewielkopolskie.pl\/nowa\/index.php?rest_route=%2Fwp%2Fv2%2Fcomments&post=5959"}],"version-history":[{"count":4,"href":"http:\/\/powstaniewielkopolskie.pl\/nowa\/index.php?rest_route=\/wp\/v2\/posts\/5959\/revisions"}],"predecessor-version":[{"id":5964,"href":"http:\/\/powstaniewielkopolskie.pl\/nowa\/index.php?rest_route=\/wp\/v2\/posts\/5959\/revisions\/5964"}],"wp:attachment":[{"href":"http:\/\/powstaniewielkopolskie.pl\/nowa\/index.php?rest_route=%2Fwp%2Fv2%2Fmedia&parent=5959"}],"wp:term":[{"taxonomy":"category","embeddable":true,"href":"http:\/\/powstaniewielkopolskie.pl\/nowa\/index.php?rest_route=%2Fwp%2Fv2%2Fcategories&post=5959"},{"taxonomy":"post_tag","embeddable":true,"href":"http:\/\/powstaniewielkopolskie.pl\/nowa\/index.php?rest_route=%2Fwp%2Fv2%2Ftags&post=5959"}],"curies":[{"name":"wp","href":"https:\/\/api.w.org\/{rel}","templated":true}]}}