{"id":5855,"date":"2021-11-18T11:55:05","date_gmt":"2021-11-18T10:55:05","guid":{"rendered":"http:\/\/powstaniewielkopolskie.pl\/nowa\/?p=5855"},"modified":"2021-11-18T11:55:05","modified_gmt":"2021-11-18T10:55:05","slug":"o-powstaniu-wielkopolskim-w-telewizyjnym-programie-pamiec-i-tozsamosc","status":"publish","type":"post","link":"http:\/\/powstaniewielkopolskie.pl\/nowa\/?p=5855","title":{"rendered":"O Powstaniu Wielkopolskim w telewizyjnym programie \u201ePami\u0119\u0107 i to\u017csamo\u015b\u0107\u201d"},"content":{"rendered":"<p><span style=\"color: #000000;\"><span style=\"font-size: large;\"><b>17 listopada 2021 r.<\/b> &#8211; w programie \u201ePami\u0119\u0107 i to\u017csamo\u015b\u0107\u201d realizowanym przez TVP 3 Gorz\u00f3w Wielkopolski transmitowana by\u0142a rozmowa z prezesem gorzowskiego Ko\u0142a Towarzystwa Pami\u0119ci Powstania Wielkopolskiego 1918\/19 Micha\u0142em Klisi\u0144skim oraz sekretarzem ko\u0142a \u2013 Andrzejem Nawojczykiem. M\u00f3wiono m.in. o zwi\u0105zkach p\u00f3\u0142nocnej cz\u0119\u015bci wojew\u00f3dztwa lubuskiego z Powstaniem Wielkopolskim i jego uczestnikami oraz o dzia\u0142alno\u015bci ko\u0142a w zakresie upowszechniania wiedzy o powstaniu i utrwalaniu pami\u0119ci o powsta\u0144cach.<br \/>\n<\/span><\/span><span style=\"color: #000000;\"><span style=\"font-size: large;\"><a href=\"https:\/\/gorzow.tvp.pl\/33790933\/pamiec-i-tozsamosc\">https:\/\/gorzow.tvp.pl\/33790933\/pamiec-i-tozsamosc<\/a><\/span><\/span><\/p>\n<div data-animation=\"pulse\" data-icons-animation=\"no-animation\" data-overlay=\"on\" data-change-size=\"\" data-button-size=\"0.7\" style=\"font-size:0.7em;display:none;\" class=\"supsystic-social-sharing supsystic-social-sharing-package-flat supsystic-social-sharing-hide-on-homepage supsystic-social-sharing-content supsystic-social-sharing-content-align-center\" data-text=\"\"><a class=\"social-sharing-button sharer-flat sharer-flat-2 counter-standard digg\" target=\"_blank\" title=\"Digg\" href=\"http:\/\/digg.com\/submit?url=http%3A%2F%2Fpowstaniewielkopolskie.pl%2Fnowa%2F%3Fp%3D5855&title=O+Powstaniu+Wielkopolskim+w+telewizyjnym+programie+%E2%80%9EPami%C4%99%C4%87+i+to%C5%BCsamo%C5%9B%C4%87%E2%80%9D\" data-nid=\"8\" data-name=\"\" data-pid=\"1\" data-post-id=\"5855\" data-url=\"http:\/\/powstaniewielkopolskie.pl\/nowa\/wp-admin\/admin-ajax.php\" data-url=\"http:\/\/powstaniewielkopolskie.pl\/nowa\/wp-admin\/admin-ajax.php\" data-description=\"O Powstaniu Wielkopolskim w telewizyjnym programie \u201ePami\u0119\u0107 i to\u017csamo\u015b\u0107\u201d\" rel=\"nofollow\"><i class=\"fa fa-fw fa-digg\"><\/i><div class=\"counter-wrap standard\"><span class=\"counter\">1<\/span><\/div><\/a><a class=\"social-sharing-button sharer-flat sharer-flat-2 counter-standard mail\" target=\"_blank\" title=\"Mail\" href=\"#\" data-nid=\"16\" data-name=\"\" data-pid=\"1\" data-post-id=\"5855\" data-url=\"http:\/\/powstaniewielkopolskie.pl\/nowa\/wp-admin\/admin-ajax.php\" data-url=\"http:\/\/powstaniewielkopolskie.pl\/nowa\/wp-admin\/admin-ajax.php\" data-description=\"O Powstaniu Wielkopolskim w telewizyjnym programie \u201ePami\u0119\u0107 i to\u017csamo\u015b\u0107\u201d\" rel=\"nofollow\"><i class=\"fa fa-fw fa-envelope-o\"><\/i><div class=\"counter-wrap standard\"><span class=\"counter\">0<\/span><\/div><\/a><a class=\"social-sharing-button sharer-flat sharer-flat-2 counter-standard facebook\" target=\"_blank\" title=\"Facebook\" href=\"http:\/\/www.facebook.com\/sharer.php?u=http%3A%2F%2Fpowstaniewielkopolskie.pl%2Fnowa%2F%3Fp%3D5855\" data-nid=\"1\" data-name=\"\" data-pid=\"1\" data-post-id=\"5855\" data-url=\"http:\/\/powstaniewielkopolskie.pl\/nowa\/wp-admin\/admin-ajax.php\" data-url=\"http:\/\/powstaniewielkopolskie.pl\/nowa\/wp-admin\/admin-ajax.php\" data-description=\"O Powstaniu Wielkopolskim w telewizyjnym programie \u201ePami\u0119\u0107 i to\u017csamo\u015b\u0107\u201d\" rel=\"nofollow\"><i class=\"fa fa-fw fa-facebook\"><\/i><div class=\"counter-wrap standard\"><span class=\"counter\">0<\/span><\/div><\/a><a class=\"social-sharing-button sharer-flat sharer-flat-2 counter-standard whatsapp\" target=\"_blank\" title=\"WhatsApp\" href=\"whatsapp:\/\/send?text=http%3A%2F%2Fpowstaniewielkopolskie.pl%2Fnowa%2F%3Fp%3D5855\" data-nid=\"18\" data-name=\"\" data-pid=\"1\" data-post-id=\"5855\" data-url=\"http:\/\/powstaniewielkopolskie.pl\/nowa\/wp-admin\/admin-ajax.php\" data-url=\"http:\/\/powstaniewielkopolskie.pl\/nowa\/wp-admin\/admin-ajax.php\" data-description=\"O Powstaniu Wielkopolskim w telewizyjnym programie \u201ePami\u0119\u0107 i to\u017csamo\u015b\u0107\u201d\" rel=\"nofollow\"><i class=\"fa fa-fw fa-whatsapp\"><\/i><div class=\"counter-wrap standard\"><span class=\"counter\">0<\/span><\/div><\/a><a class=\"social-sharing-button sharer-flat sharer-flat-2 counter-standard twitter\" target=\"_blank\" title=\"Twitter\" href=\"https:\/\/twitter.com\/share?url=http%3A%2F%2Fpowstaniewielkopolskie.pl%2Fnowa%2F%3Fp%3D5855&text=O+Powstaniu+Wielkopolskim+w+telewizyjnym+programie+%E2%80%9EPami%C4%99%C4%87+i+to%C5%BCsamo%C5%9B%C4%87%E2%80%9D\" data-nid=\"2\" data-name=\"\" data-pid=\"1\" data-post-id=\"5855\" data-url=\"http:\/\/powstaniewielkopolskie.pl\/nowa\/wp-admin\/admin-ajax.php\" data-url=\"http:\/\/powstaniewielkopolskie.pl\/nowa\/wp-admin\/admin-ajax.php\" data-description=\"O Powstaniu Wielkopolskim w telewizyjnym programie \u201ePami\u0119\u0107 i to\u017csamo\u015b\u0107\u201d\" rel=\"nofollow\"><i class=\"fa fa-fw fa-twitter\"><\/i><div class=\"counter-wrap standard\"><span class=\"counter\">0<\/span><\/div><\/a><a class=\"social-sharing-button sharer-flat sharer-flat-2 counter-standard googleplus\" target=\"_blank\" title=\"Google+\" href=\"https:\/\/plus.google.com\/share?url=http%3A%2F%2Fpowstaniewielkopolskie.pl%2Fnowa%2F%3Fp%3D5855\" data-nid=\"3\" data-name=\"\" data-pid=\"1\" data-post-id=\"5855\" data-url=\"http:\/\/powstaniewielkopolskie.pl\/nowa\/wp-admin\/admin-ajax.php\" data-url=\"http:\/\/powstaniewielkopolskie.pl\/nowa\/wp-admin\/admin-ajax.php\" data-description=\"O Powstaniu Wielkopolskim w telewizyjnym programie \u201ePami\u0119\u0107 i to\u017csamo\u015b\u0107\u201d\" rel=\"nofollow\"><i class=\"fa fa-fw fa-google-plus\"><\/i><div class=\"counter-wrap standard\"><span class=\"counter\">0<\/span><\/div><\/a><\/div>","protected":false},"excerpt":{"rendered":"<p>17 listopada 2021 r. &#8211; w programie \u201ePami\u0119\u0107 i to\u017csamo\u015b\u0107\u201d realizowanym przez TVP 3 Gorz\u00f3w Wielkopolski transmitowana by\u0142a rozmowa z prezesem gorzowskiego Ko\u0142a Towarzystwa Pami\u0119ci Powstania Wielkopolskiego 1918\/19 Micha\u0142em Klisi\u0144skim oraz sekretarzem<a class=\"moretag\" href=\"http:\/\/powstaniewielkopolskie.pl\/nowa\/?p=5855\">Czytaj wi\u0119cej&#8230;<\/a><\/p>\n<div data-animation=\"pulse\" data-icons-animation=\"no-animation\" data-overlay=\"on\" data-change-size=\"\" data-button-size=\"0.7\" style=\"font-size:0.7em;display:none;\" class=\"supsystic-social-sharing supsystic-social-sharing-package-flat supsystic-social-sharing-hide-on-homepage supsystic-social-sharing-content supsystic-social-sharing-content-align-center\" data-text=\"\"><a class=\"social-sharing-button sharer-flat sharer-flat-2 counter-standard digg\" target=\"_blank\" title=\"Digg\" href=\"http:\/\/digg.com\/submit?url=http%3A%2F%2Fpowstaniewielkopolskie.pl%2Fnowa%2F%3Fp%3D5855&title=O+Powstaniu+Wielkopolskim+w+telewizyjnym+programie+%E2%80%9EPami%C4%99%C4%87+i+to%C5%BCsamo%C5%9B%C4%87%E2%80%9D\" data-nid=\"8\" data-name=\"\" data-pid=\"1\" data-post-id=\"5855\" data-url=\"http:\/\/powstaniewielkopolskie.pl\/nowa\/wp-admin\/admin-ajax.php\" data-url=\"http:\/\/powstaniewielkopolskie.pl\/nowa\/wp-admin\/admin-ajax.php\" data-description=\"O Powstaniu Wielkopolskim w telewizyjnym programie \u201ePami\u0119\u0107 i to\u017csamo\u015b\u0107\u201d\" rel=\"nofollow\"><i class=\"fa fa-fw fa-digg\"><\/i><div class=\"counter-wrap standard\"><span class=\"counter\">1<\/span><\/div><\/a><a class=\"social-sharing-button sharer-flat sharer-flat-2 counter-standard mail\" target=\"_blank\" title=\"Mail\" href=\"#\" data-nid=\"16\" data-name=\"\" data-pid=\"1\" data-post-id=\"5855\" data-url=\"http:\/\/powstaniewielkopolskie.pl\/nowa\/wp-admin\/admin-ajax.php\" data-url=\"http:\/\/powstaniewielkopolskie.pl\/nowa\/wp-admin\/admin-ajax.php\" data-description=\"O Powstaniu Wielkopolskim w telewizyjnym programie \u201ePami\u0119\u0107 i to\u017csamo\u015b\u0107\u201d\" rel=\"nofollow\"><i class=\"fa fa-fw fa-envelope-o\"><\/i><div class=\"counter-wrap standard\"><span class=\"counter\">0<\/span><\/div><\/a><a class=\"social-sharing-button sharer-flat sharer-flat-2 counter-standard facebook\" target=\"_blank\" title=\"Facebook\" href=\"http:\/\/www.facebook.com\/sharer.php?u=http%3A%2F%2Fpowstaniewielkopolskie.pl%2Fnowa%2F%3Fp%3D5855\" data-nid=\"1\" data-name=\"\" data-pid=\"1\" data-post-id=\"5855\" data-url=\"http:\/\/powstaniewielkopolskie.pl\/nowa\/wp-admin\/admin-ajax.php\" data-url=\"http:\/\/powstaniewielkopolskie.pl\/nowa\/wp-admin\/admin-ajax.php\" data-description=\"O Powstaniu Wielkopolskim w telewizyjnym programie \u201ePami\u0119\u0107 i to\u017csamo\u015b\u0107\u201d\" rel=\"nofollow\"><i class=\"fa fa-fw fa-facebook\"><\/i><div class=\"counter-wrap standard\"><span class=\"counter\">0<\/span><\/div><\/a><a class=\"social-sharing-button sharer-flat sharer-flat-2 counter-standard whatsapp\" target=\"_blank\" title=\"WhatsApp\" href=\"whatsapp:\/\/send?text=http%3A%2F%2Fpowstaniewielkopolskie.pl%2Fnowa%2F%3Fp%3D5855\" data-nid=\"18\" data-name=\"\" data-pid=\"1\" data-post-id=\"5855\" data-url=\"http:\/\/powstaniewielkopolskie.pl\/nowa\/wp-admin\/admin-ajax.php\" data-url=\"http:\/\/powstaniewielkopolskie.pl\/nowa\/wp-admin\/admin-ajax.php\" data-description=\"O Powstaniu Wielkopolskim w telewizyjnym programie \u201ePami\u0119\u0107 i to\u017csamo\u015b\u0107\u201d\" rel=\"nofollow\"><i class=\"fa fa-fw fa-whatsapp\"><\/i><div class=\"counter-wrap standard\"><span class=\"counter\">0<\/span><\/div><\/a><a class=\"social-sharing-button sharer-flat sharer-flat-2 counter-standard twitter\" target=\"_blank\" title=\"Twitter\" href=\"https:\/\/twitter.com\/share?url=http%3A%2F%2Fpowstaniewielkopolskie.pl%2Fnowa%2F%3Fp%3D5855&text=O+Powstaniu+Wielkopolskim+w+telewizyjnym+programie+%E2%80%9EPami%C4%99%C4%87+i+to%C5%BCsamo%C5%9B%C4%87%E2%80%9D\" data-nid=\"2\" data-name=\"\" data-pid=\"1\" data-post-id=\"5855\" data-url=\"http:\/\/powstaniewielkopolskie.pl\/nowa\/wp-admin\/admin-ajax.php\" data-url=\"http:\/\/powstaniewielkopolskie.pl\/nowa\/wp-admin\/admin-ajax.php\" data-description=\"O Powstaniu Wielkopolskim w telewizyjnym programie \u201ePami\u0119\u0107 i to\u017csamo\u015b\u0107\u201d\" rel=\"nofollow\"><i class=\"fa fa-fw fa-twitter\"><\/i><div class=\"counter-wrap standard\"><span class=\"counter\">0<\/span><\/div><\/a><a class=\"social-sharing-button sharer-flat sharer-flat-2 counter-standard googleplus\" target=\"_blank\" title=\"Google+\" href=\"https:\/\/plus.google.com\/share?url=http%3A%2F%2Fpowstaniewielkopolskie.pl%2Fnowa%2F%3Fp%3D5855\" data-nid=\"3\" data-name=\"\" data-pid=\"1\" data-post-id=\"5855\" data-url=\"http:\/\/powstaniewielkopolskie.pl\/nowa\/wp-admin\/admin-ajax.php\" data-url=\"http:\/\/powstaniewielkopolskie.pl\/nowa\/wp-admin\/admin-ajax.php\" data-description=\"O Powstaniu Wielkopolskim w telewizyjnym programie \u201ePami\u0119\u0107 i to\u017csamo\u015b\u0107\u201d\" rel=\"nofollow\"><i class=\"fa fa-fw fa-google-plus\"><\/i><div class=\"counter-wrap standard\"><span class=\"counter\">0<\/span><\/div><\/a><\/div>","protected":false},"author":4,"featured_media":0,"comment_status":"closed","ping_status":"open","sticky":false,"template":"","format":"standard","meta":{"footnotes":""},"categories":[3],"tags":[],"_links":{"self":[{"href":"http:\/\/powstaniewielkopolskie.pl\/nowa\/index.php?rest_route=\/wp\/v2\/posts\/5855"}],"collection":[{"href":"http:\/\/powstaniewielkopolskie.pl\/nowa\/index.php?rest_route=\/wp\/v2\/posts"}],"about":[{"href":"http:\/\/powstaniewielkopolskie.pl\/nowa\/index.php?rest_route=\/wp\/v2\/types\/post"}],"author":[{"embeddable":true,"href":"http:\/\/powstaniewielkopolskie.pl\/nowa\/index.php?rest_route=\/wp\/v2\/users\/4"}],"replies":[{"embeddable":true,"href":"http:\/\/powstaniewielkopolskie.pl\/nowa\/index.php?rest_route=%2Fwp%2Fv2%2Fcomments&post=5855"}],"version-history":[{"count":1,"href":"http:\/\/powstaniewielkopolskie.pl\/nowa\/index.php?rest_route=\/wp\/v2\/posts\/5855\/revisions"}],"predecessor-version":[{"id":5856,"href":"http:\/\/powstaniewielkopolskie.pl\/nowa\/index.php?rest_route=\/wp\/v2\/posts\/5855\/revisions\/5856"}],"wp:attachment":[{"href":"http:\/\/powstaniewielkopolskie.pl\/nowa\/index.php?rest_route=%2Fwp%2Fv2%2Fmedia&parent=5855"}],"wp:term":[{"taxonomy":"category","embeddable":true,"href":"http:\/\/powstaniewielkopolskie.pl\/nowa\/index.php?rest_route=%2Fwp%2Fv2%2Fcategories&post=5855"},{"taxonomy":"post_tag","embeddable":true,"href":"http:\/\/powstaniewielkopolskie.pl\/nowa\/index.php?rest_route=%2Fwp%2Fv2%2Ftags&post=5855"}],"curies":[{"name":"wp","href":"https:\/\/api.w.org\/{rel}","templated":true}]}}