{"id":5838,"date":"2021-11-13T17:46:04","date_gmt":"2021-11-13T16:46:04","guid":{"rendered":"http:\/\/powstaniewielkopolskie.pl\/nowa\/?p=5838"},"modified":"2021-11-19T10:53:04","modified_gmt":"2021-11-19T09:53:04","slug":"obchody-swieta-niepodleglosci-2","status":"publish","type":"post","link":"http:\/\/powstaniewielkopolskie.pl\/nowa\/?p=5838","title":{"rendered":"Obchody \u015awi\u0119ta Niepodleg\u0142o\u015bci"},"content":{"rendered":"<p><span style=\"font-size: large;\"><b>11 listopada 2021 r.<\/b> &#8211; w Poznaniu celebrowano dwa \u015bwi\u0119ta: obchody 103. rocznicy odzyskania przez Polsk\u0119 niepodleg\u0142o\u015bci oraz imieniny ulicy \u015awi\u0119ty Marcin. Na placu Wolno\u015bci odby\u0142y si\u0119 uroczysto\u015bci, w kt\u00f3rych wzi\u0119li udzia\u0142 przedstawiciele w\u0142adz pa\u0144stwowych i samorz\u0105dowych. Przed zebranymi przedefilowa\u0142y pododdzia\u0142y, grupy rekonstrukcyjne oraz pojazdy. Zorganizowano tak\u017ce pokaz sprz\u0119tu wojskowego oraz prezentacj\u0119 poszczeg\u00f3lnych grup wojska i s\u0142u\u017cb mundurowych.\u00a0<\/span><span style=\"font-size: large;\">G\u0142\u00f3wn\u0105 uroczysto\u015b\u0107 poprzedzi\u0142o z\u0142o\u017cenie przez delegacje kwiat\u00f3w pod pomnikami: Powsta\u0144c\u00f3w Wielkopolskich i 15. Pu\u0142ku U\u0142an\u00f3w Pozna\u0144skich oraz tablicami: marsza\u0142ka J. Pi\u0142sudskiego, Ignacego Paderewskiego i Franciszka Ratajczaka. Odprawiona zosta\u0142a tak\u017ce msza \u015bwi\u0119ta w pozna\u0144skiej Farze.<br \/>\n<\/span><span style=\"font-size: large;\">Obchody \u015awi\u0119ta Niepodleg\u0142o\u015bci odby\u0142y si\u0119 r\u00f3wnie\u017c w innych miastach i gminach. M.in.:<br \/>\n<\/span><span style=\"font-size: large;\"><span style=\"color: #000000;\">&#8211; na cmentarzu komunalnym w Gorzowie przy ul. \u017bwirowej pojawi\u0142y si\u0119 flagi, z\u0142o\u017cono kwiaty i zapalono znicze przy tablicy upami\u0119tniaj\u0105cej Powsta\u0144c\u00f3w Wielkopolskich spoczywaj\u0105cych na Gorzowskich Nekropoliach;<\/span><\/span><\/p>\n<p><img loading=\"lazy\" decoding=\"async\" class=\"size-medium wp-image-5839 aligncenter\" src=\"http:\/\/powstaniewielkopolskie.pl\/nowa\/wp-content\/uploads\/2021\/11\/20211111_083929-bis-300x225.jpg\" alt=\"20211111_083929 bis\" width=\"300\" height=\"225\" srcset=\"http:\/\/powstaniewielkopolskie.pl\/nowa\/wp-content\/uploads\/2021\/11\/20211111_083929-bis-300x225.jpg 300w, http:\/\/powstaniewielkopolskie.pl\/nowa\/wp-content\/uploads\/2021\/11\/20211111_083929-bis.jpg 591w\" sizes=\"(max-width: 300px) 100vw, 300px\" \/><\/p>\n<p style=\"text-align: right;\"><span style=\"color: #000000;\"><span style=\"font-size: large;\">Fot. Micha\u0142 Klisi\u0144ski<\/span><\/span><\/p>\n<p><span style=\"color: #000000;\"><span style=\"font-size: large;\">&#8211; w\u00f3jt gminy Miedzichowo Stanis\u0142aw Piechota zaprosi\u0142 mieszka\u0144c\u00f3w na uroczyste obchody 103. rocznicy odzyskania przez Polsk\u0119 niepodleg\u0142o\u015bci. Odprawiona zosta\u0142a uroczysta msza \u015bwi\u0119ta w Ko\u015bciele pw. Chrystusa Kr\u00f3la w Bolewicach, nast\u0119pnie mia\u0142 miejsce koncert pie\u015bni patriotycznej w wykonaniu uczni\u00f3w Zespo\u0142u Szk\u00f3\u0142 i Plac\u00f3wek O\u015bwiatowych w Bolewicach. Z\u0142o\u017cono r\u00f3wnie\u017c wie\u0144ce przed obeliskiem Powsta\u0144c\u00f3w Wielkopolskich;<br \/>\n<\/span><\/span><span style=\"color: #000000;\"><span style=\"font-size: large;\">&#8211; w. Bolewicku ods\u0142oni\u0119to tablic\u0119 informacyjn\u0105 opisuj\u0105c\u0105 tragiczne wydarzenia z lat II wojny \u015bwiatowej. W uroczysto\u015bci uczestniczy\u0142 dr Zdzis\u0142aw Ko\u015bcia\u0144ski-\u00a0 cz\u0142onek Prezydium ZG TPPW;<\/span><\/span><img loading=\"lazy\" decoding=\"async\" class=\"size-medium wp-image-5840 aligncenter\" src=\"http:\/\/powstaniewielkopolskie.pl\/nowa\/wp-content\/uploads\/2021\/11\/Bolewicko-Miejsce-Pami\u0119ci-Narodowej-11-listopada-2021-r-bis-300x200.jpg\" alt=\"Bolewicko Miejsce Pami\u0119ci Narodowej 11 listopada 2021 r bis\" width=\"300\" height=\"200\" srcset=\"http:\/\/powstaniewielkopolskie.pl\/nowa\/wp-content\/uploads\/2021\/11\/Bolewicko-Miejsce-Pami\u0119ci-Narodowej-11-listopada-2021-r-bis-300x200.jpg 300w, http:\/\/powstaniewielkopolskie.pl\/nowa\/wp-content\/uploads\/2021\/11\/Bolewicko-Miejsce-Pami\u0119ci-Narodowej-11-listopada-2021-r-bis.jpg 627w\" sizes=\"(max-width: 300px) 100vw, 300px\" \/><\/p>\n<p style=\"text-align: right;\"><span style=\"color: #000000;\"><span style=\"font-size: large;\">Fot. UG Miedzichowo<\/span><\/span><\/p>\n<p style=\"text-align: right;\">\n<p><span style=\"color: #000000;\"><span style=\"font-size: large;\">&#8211; Stowarzyszenie Grupa Historyczna\/Grupa Historyczna Zgrupowanie Rados\u0142aw wystawi\u0142o wart\u0119 honorow\u0105 w mundurach historycznych przed pomnikiem na kwaterze Powsta\u0144c\u00f3w Wielkopolskich w Warszawie<\/span><\/span><\/p>\n<p style=\"text-align: right;\">\n<p style=\"text-align: left;\"><img loading=\"lazy\" decoding=\"async\" class=\"size-medium wp-image-5853 aligncenter\" src=\"http:\/\/powstaniewielkopolskie.pl\/nowa\/wp-content\/uploads\/2021\/11\/11.11.2011-W-wa-PART_1636616321361001-225x300.jpeg\" alt=\"11.11.2011 W-wa PART_1636616321361001\" width=\"225\" height=\"300\" srcset=\"http:\/\/powstaniewielkopolskie.pl\/nowa\/wp-content\/uploads\/2021\/11\/11.11.2011-W-wa-PART_1636616321361001-225x300.jpeg 225w, http:\/\/powstaniewielkopolskie.pl\/nowa\/wp-content\/uploads\/2021\/11\/11.11.2011-W-wa-PART_1636616321361001.jpeg 416w\" sizes=\"(max-width: 225px) 100vw, 225px\" \/><\/p>\n<p style=\"text-align: right;\"><em>Fot. A. Gajda<\/em><\/p>\n<div data-animation=\"pulse\" data-icons-animation=\"no-animation\" data-overlay=\"on\" data-change-size=\"\" data-button-size=\"0.7\" style=\"font-size:0.7em;display:none;\" class=\"supsystic-social-sharing supsystic-social-sharing-package-flat supsystic-social-sharing-hide-on-homepage supsystic-social-sharing-content supsystic-social-sharing-content-align-center\" data-text=\"\"><a class=\"social-sharing-button sharer-flat sharer-flat-2 counter-standard digg\" target=\"_blank\" title=\"Digg\" href=\"http:\/\/digg.com\/submit?url=http%3A%2F%2Fpowstaniewielkopolskie.pl%2Fnowa%2F%3Fp%3D5838&title=Obchody+%C5%9Awi%C4%99ta+Niepodleg%C5%82o%C5%9Bci\" data-nid=\"8\" data-name=\"\" data-pid=\"1\" data-post-id=\"5838\" data-url=\"http:\/\/powstaniewielkopolskie.pl\/nowa\/wp-admin\/admin-ajax.php\" data-url=\"http:\/\/powstaniewielkopolskie.pl\/nowa\/wp-admin\/admin-ajax.php\" data-description=\"Obchody \u015awi\u0119ta Niepodleg\u0142o\u015bci\" rel=\"nofollow\"><i class=\"fa fa-fw fa-digg\"><\/i><div class=\"counter-wrap standard\"><span class=\"counter\">0<\/span><\/div><\/a><a class=\"social-sharing-button sharer-flat sharer-flat-2 counter-standard mail\" target=\"_blank\" title=\"Mail\" href=\"#\" data-nid=\"16\" data-name=\"\" data-pid=\"1\" data-post-id=\"5838\" data-url=\"http:\/\/powstaniewielkopolskie.pl\/nowa\/wp-admin\/admin-ajax.php\" data-url=\"http:\/\/powstaniewielkopolskie.pl\/nowa\/wp-admin\/admin-ajax.php\" data-description=\"Obchody \u015awi\u0119ta Niepodleg\u0142o\u015bci\" rel=\"nofollow\"><i class=\"fa fa-fw fa-envelope-o\"><\/i><div class=\"counter-wrap standard\"><span class=\"counter\">0<\/span><\/div><\/a><a class=\"social-sharing-button sharer-flat sharer-flat-2 counter-standard facebook\" target=\"_blank\" title=\"Facebook\" href=\"http:\/\/www.facebook.com\/sharer.php?u=http%3A%2F%2Fpowstaniewielkopolskie.pl%2Fnowa%2F%3Fp%3D5838\" data-nid=\"1\" data-name=\"\" data-pid=\"1\" data-post-id=\"5838\" data-url=\"http:\/\/powstaniewielkopolskie.pl\/nowa\/wp-admin\/admin-ajax.php\" data-url=\"http:\/\/powstaniewielkopolskie.pl\/nowa\/wp-admin\/admin-ajax.php\" data-description=\"Obchody \u015awi\u0119ta Niepodleg\u0142o\u015bci\" rel=\"nofollow\"><i class=\"fa fa-fw fa-facebook\"><\/i><div class=\"counter-wrap standard\"><span class=\"counter\">0<\/span><\/div><\/a><a class=\"social-sharing-button sharer-flat sharer-flat-2 counter-standard whatsapp\" target=\"_blank\" title=\"WhatsApp\" href=\"whatsapp:\/\/send?text=http%3A%2F%2Fpowstaniewielkopolskie.pl%2Fnowa%2F%3Fp%3D5838\" data-nid=\"18\" data-name=\"\" data-pid=\"1\" data-post-id=\"5838\" data-url=\"http:\/\/powstaniewielkopolskie.pl\/nowa\/wp-admin\/admin-ajax.php\" data-url=\"http:\/\/powstaniewielkopolskie.pl\/nowa\/wp-admin\/admin-ajax.php\" data-description=\"Obchody \u015awi\u0119ta Niepodleg\u0142o\u015bci\" rel=\"nofollow\"><i class=\"fa fa-fw fa-whatsapp\"><\/i><div class=\"counter-wrap standard\"><span class=\"counter\">0<\/span><\/div><\/a><a class=\"social-sharing-button sharer-flat sharer-flat-2 counter-standard twitter\" target=\"_blank\" title=\"Twitter\" href=\"https:\/\/twitter.com\/share?url=http%3A%2F%2Fpowstaniewielkopolskie.pl%2Fnowa%2F%3Fp%3D5838&text=Obchody+%C5%9Awi%C4%99ta+Niepodleg%C5%82o%C5%9Bci\" data-nid=\"2\" data-name=\"\" data-pid=\"1\" data-post-id=\"5838\" data-url=\"http:\/\/powstaniewielkopolskie.pl\/nowa\/wp-admin\/admin-ajax.php\" data-url=\"http:\/\/powstaniewielkopolskie.pl\/nowa\/wp-admin\/admin-ajax.php\" data-description=\"Obchody \u015awi\u0119ta Niepodleg\u0142o\u015bci\" rel=\"nofollow\"><i class=\"fa fa-fw fa-twitter\"><\/i><div class=\"counter-wrap standard\"><span class=\"counter\">0<\/span><\/div><\/a><a class=\"social-sharing-button sharer-flat sharer-flat-2 counter-standard googleplus\" target=\"_blank\" title=\"Google+\" href=\"https:\/\/plus.google.com\/share?url=http%3A%2F%2Fpowstaniewielkopolskie.pl%2Fnowa%2F%3Fp%3D5838\" data-nid=\"3\" data-name=\"\" data-pid=\"1\" data-post-id=\"5838\" data-url=\"http:\/\/powstaniewielkopolskie.pl\/nowa\/wp-admin\/admin-ajax.php\" data-url=\"http:\/\/powstaniewielkopolskie.pl\/nowa\/wp-admin\/admin-ajax.php\" data-description=\"Obchody \u015awi\u0119ta Niepodleg\u0142o\u015bci\" rel=\"nofollow\"><i class=\"fa fa-fw fa-google-plus\"><\/i><div class=\"counter-wrap standard\"><span class=\"counter\">0<\/span><\/div><\/a><\/div>","protected":false},"excerpt":{"rendered":"<p>11 listopada 2021 r. &#8211; w Poznaniu celebrowano dwa \u015bwi\u0119ta: obchody 103. rocznicy odzyskania przez Polsk\u0119 niepodleg\u0142o\u015bci oraz imieniny ulicy \u015awi\u0119ty Marcin. Na placu Wolno\u015bci odby\u0142y si\u0119 uroczysto\u015bci, w kt\u00f3rych wzi\u0119li udzia\u0142<a class=\"moretag\" href=\"http:\/\/powstaniewielkopolskie.pl\/nowa\/?p=5838\">Czytaj wi\u0119cej&#8230;<\/a><\/p>\n<div data-animation=\"pulse\" data-icons-animation=\"no-animation\" data-overlay=\"on\" data-change-size=\"\" data-button-size=\"0.7\" style=\"font-size:0.7em;display:none;\" class=\"supsystic-social-sharing supsystic-social-sharing-package-flat supsystic-social-sharing-hide-on-homepage supsystic-social-sharing-content supsystic-social-sharing-content-align-center\" data-text=\"\"><a class=\"social-sharing-button sharer-flat sharer-flat-2 counter-standard digg\" target=\"_blank\" title=\"Digg\" href=\"http:\/\/digg.com\/submit?url=http%3A%2F%2Fpowstaniewielkopolskie.pl%2Fnowa%2F%3Fp%3D5838&title=Obchody+%C5%9Awi%C4%99ta+Niepodleg%C5%82o%C5%9Bci\" data-nid=\"8\" data-name=\"\" data-pid=\"1\" data-post-id=\"5838\" data-url=\"http:\/\/powstaniewielkopolskie.pl\/nowa\/wp-admin\/admin-ajax.php\" data-url=\"http:\/\/powstaniewielkopolskie.pl\/nowa\/wp-admin\/admin-ajax.php\" data-description=\"Obchody \u015awi\u0119ta Niepodleg\u0142o\u015bci\" rel=\"nofollow\"><i class=\"fa fa-fw fa-digg\"><\/i><div class=\"counter-wrap standard\"><span class=\"counter\">0<\/span><\/div><\/a><a class=\"social-sharing-button sharer-flat sharer-flat-2 counter-standard mail\" target=\"_blank\" title=\"Mail\" href=\"#\" data-nid=\"16\" data-name=\"\" data-pid=\"1\" data-post-id=\"5838\" data-url=\"http:\/\/powstaniewielkopolskie.pl\/nowa\/wp-admin\/admin-ajax.php\" data-url=\"http:\/\/powstaniewielkopolskie.pl\/nowa\/wp-admin\/admin-ajax.php\" data-description=\"Obchody \u015awi\u0119ta Niepodleg\u0142o\u015bci\" rel=\"nofollow\"><i class=\"fa fa-fw fa-envelope-o\"><\/i><div class=\"counter-wrap standard\"><span class=\"counter\">0<\/span><\/div><\/a><a class=\"social-sharing-button sharer-flat sharer-flat-2 counter-standard facebook\" target=\"_blank\" title=\"Facebook\" href=\"http:\/\/www.facebook.com\/sharer.php?u=http%3A%2F%2Fpowstaniewielkopolskie.pl%2Fnowa%2F%3Fp%3D5838\" data-nid=\"1\" data-name=\"\" data-pid=\"1\" data-post-id=\"5838\" data-url=\"http:\/\/powstaniewielkopolskie.pl\/nowa\/wp-admin\/admin-ajax.php\" data-url=\"http:\/\/powstaniewielkopolskie.pl\/nowa\/wp-admin\/admin-ajax.php\" data-description=\"Obchody \u015awi\u0119ta Niepodleg\u0142o\u015bci\" rel=\"nofollow\"><i class=\"fa fa-fw fa-facebook\"><\/i><div class=\"counter-wrap standard\"><span class=\"counter\">0<\/span><\/div><\/a><a class=\"social-sharing-button sharer-flat sharer-flat-2 counter-standard whatsapp\" target=\"_blank\" title=\"WhatsApp\" href=\"whatsapp:\/\/send?text=http%3A%2F%2Fpowstaniewielkopolskie.pl%2Fnowa%2F%3Fp%3D5838\" data-nid=\"18\" data-name=\"\" data-pid=\"1\" data-post-id=\"5838\" data-url=\"http:\/\/powstaniewielkopolskie.pl\/nowa\/wp-admin\/admin-ajax.php\" data-url=\"http:\/\/powstaniewielkopolskie.pl\/nowa\/wp-admin\/admin-ajax.php\" data-description=\"Obchody \u015awi\u0119ta Niepodleg\u0142o\u015bci\" rel=\"nofollow\"><i class=\"fa fa-fw fa-whatsapp\"><\/i><div class=\"counter-wrap standard\"><span class=\"counter\">0<\/span><\/div><\/a><a class=\"social-sharing-button sharer-flat sharer-flat-2 counter-standard twitter\" target=\"_blank\" title=\"Twitter\" href=\"https:\/\/twitter.com\/share?url=http%3A%2F%2Fpowstaniewielkopolskie.pl%2Fnowa%2F%3Fp%3D5838&text=Obchody+%C5%9Awi%C4%99ta+Niepodleg%C5%82o%C5%9Bci\" data-nid=\"2\" data-name=\"\" data-pid=\"1\" data-post-id=\"5838\" data-url=\"http:\/\/powstaniewielkopolskie.pl\/nowa\/wp-admin\/admin-ajax.php\" data-url=\"http:\/\/powstaniewielkopolskie.pl\/nowa\/wp-admin\/admin-ajax.php\" data-description=\"Obchody \u015awi\u0119ta Niepodleg\u0142o\u015bci\" rel=\"nofollow\"><i class=\"fa fa-fw fa-twitter\"><\/i><div class=\"counter-wrap standard\"><span class=\"counter\">0<\/span><\/div><\/a><a class=\"social-sharing-button sharer-flat sharer-flat-2 counter-standard googleplus\" target=\"_blank\" title=\"Google+\" href=\"https:\/\/plus.google.com\/share?url=http%3A%2F%2Fpowstaniewielkopolskie.pl%2Fnowa%2F%3Fp%3D5838\" data-nid=\"3\" data-name=\"\" data-pid=\"1\" data-post-id=\"5838\" data-url=\"http:\/\/powstaniewielkopolskie.pl\/nowa\/wp-admin\/admin-ajax.php\" data-url=\"http:\/\/powstaniewielkopolskie.pl\/nowa\/wp-admin\/admin-ajax.php\" data-description=\"Obchody \u015awi\u0119ta Niepodleg\u0142o\u015bci\" rel=\"nofollow\"><i class=\"fa fa-fw fa-google-plus\"><\/i><div class=\"counter-wrap standard\"><span class=\"counter\">0<\/span><\/div><\/a><\/div>","protected":false},"author":4,"featured_media":0,"comment_status":"closed","ping_status":"open","sticky":false,"template":"","format":"standard","meta":{"footnotes":""},"categories":[3],"tags":[],"_links":{"self":[{"href":"http:\/\/powstaniewielkopolskie.pl\/nowa\/index.php?rest_route=\/wp\/v2\/posts\/5838"}],"collection":[{"href":"http:\/\/powstaniewielkopolskie.pl\/nowa\/index.php?rest_route=\/wp\/v2\/posts"}],"about":[{"href":"http:\/\/powstaniewielkopolskie.pl\/nowa\/index.php?rest_route=\/wp\/v2\/types\/post"}],"author":[{"embeddable":true,"href":"http:\/\/powstaniewielkopolskie.pl\/nowa\/index.php?rest_route=\/wp\/v2\/users\/4"}],"replies":[{"embeddable":true,"href":"http:\/\/powstaniewielkopolskie.pl\/nowa\/index.php?rest_route=%2Fwp%2Fv2%2Fcomments&post=5838"}],"version-history":[{"count":4,"href":"http:\/\/powstaniewielkopolskie.pl\/nowa\/index.php?rest_route=\/wp\/v2\/posts\/5838\/revisions"}],"predecessor-version":[{"id":5852,"href":"http:\/\/powstaniewielkopolskie.pl\/nowa\/index.php?rest_route=\/wp\/v2\/posts\/5838\/revisions\/5852"}],"wp:attachment":[{"href":"http:\/\/powstaniewielkopolskie.pl\/nowa\/index.php?rest_route=%2Fwp%2Fv2%2Fmedia&parent=5838"}],"wp:term":[{"taxonomy":"category","embeddable":true,"href":"http:\/\/powstaniewielkopolskie.pl\/nowa\/index.php?rest_route=%2Fwp%2Fv2%2Fcategories&post=5838"},{"taxonomy":"post_tag","embeddable":true,"href":"http:\/\/powstaniewielkopolskie.pl\/nowa\/index.php?rest_route=%2Fwp%2Fv2%2Ftags&post=5838"}],"curies":[{"name":"wp","href":"https:\/\/api.w.org\/{rel}","templated":true}]}}